{"id":239535,"date":"2022-09-09T10:15:22","date_gmt":"2022-09-09T13:15:22","guid":{"rendered":"https:\/\/franciscanos.org.br\/noticias\/?p=239535"},"modified":"2022-09-09T11:41:43","modified_gmt":"2022-09-09T14:41:43","slug":"frades-com-ate-10-anos-de-profissao-solene-se-reunem-em-encontro","status":"publish","type":"post","link":"https:\/\/franciscanos.org.br\/noticias\/frades-com-ate-10-anos-de-profissao-solene-se-reunem-em-encontro.html","title":{"rendered":"Frades com at\u00e9 10 anos de profiss\u00e3o solene se re\u00fanem em encontro"},"content":{"rendered":"<p><img loading=\"lazy\" class=\"alignnone size-full wp-image-239536\" src=\"https:\/\/franciscanos.org.br\/noticias\/wp-content\/uploads\/2022\/09\/underten.png\" alt=\"\" width=\"1280\" height=\"720\" srcset=\"https:\/\/franciscanos.org.br\/noticias\/wp-content\/uploads\/2022\/09\/underten.png 1280w, https:\/\/franciscanos.org.br\/noticias\/wp-content\/uploads\/2022\/09\/underten-450x253.png 450w, https:\/\/franciscanos.org.br\/noticias\/wp-content\/uploads\/2022\/09\/underten-1024x576.png 1024w, https:\/\/franciscanos.org.br\/noticias\/wp-content\/uploads\/2022\/09\/underten-768x432.png 768w, https:\/\/franciscanos.org.br\/noticias\/wp-content\/uploads\/2022\/09\/underten-150x84.png 150w\" sizes=\"(max-width: 1280px) 100vw, 1280px\" \/><\/p>\n<p>Dos dias\u00a0 5 a 8 de setembro, em Guaratinguet\u00e1 (SP), cerca de 19 frades da Prov\u00edncia Franciscana da Imaculada Concei\u00e7\u00e3o do Brasil, se reuniram para o encontro <em>Under Ten, <\/em>per\u00edodo que compreende os religiosos que possuem menos de 10 anos de profiss\u00e3o solene, realizando assim, as suas primeiras transfer\u00eancias depois do per\u00edodo de forma\u00e7\u00e3o inicial, na Ordem dos Frades Menores. Os frades tiveram\u00a0um momento de espiritualidade, forma\u00e7\u00e3o, partilha e retiro.<\/p>\n<p>No primeiro dia, o encontro iniciou com momento de ora\u00e7\u00e3o conduzido por Frei Fid\u00eancio Vanboemmel, definidor e moderador da forma\u00e7\u00e3o permanente. O ministro provincial, Frei Paulo Roberto Pereira fez algumas coloca\u00e7\u00f5es a respeito da forma\u00e7\u00e3o e da Prov\u00edncia.<\/p>\n<p>No segundo dia, Frei Fid\u00eancio tomou como tema a necessidade de retornar o ponto original de nossa identidade franciscana, baseando-se no testamento de S\u00e3o Francisco. Este n\u00e3o \u00e9 uma outra regra, mas uma recorda\u00e7\u00e3o, uma admoesta\u00e7\u00e3o e uma exorta\u00e7\u00e3o sobre nossa vida evang\u00e9lica. Alguns pontos importantes elencados pelo frade foram os seguintes: os irm\u00e3os serem vistos como um dom de Deus; sem projeto de vida e miss\u00e3o n\u00e3o conseguimos caminhar; a grande necessidade de pregar a paz; deixar-se impressionar pelas coisas de Deus para poder impressionar as pessoas pelo an\u00fancio do Reino.<\/p>\n<p><img loading=\"lazy\" class=\"alignnone size-full wp-image-239537\" src=\"https:\/\/franciscanos.org.br\/noticias\/wp-content\/uploads\/2022\/09\/underten1.png\" alt=\"\" width=\"1280\" height=\"720\" srcset=\"https:\/\/franciscanos.org.br\/noticias\/wp-content\/uploads\/2022\/09\/underten1.png 1280w, https:\/\/franciscanos.org.br\/noticias\/wp-content\/uploads\/2022\/09\/underten1-450x253.png 450w, https:\/\/franciscanos.org.br\/noticias\/wp-content\/uploads\/2022\/09\/underten1-1024x576.png 1024w, https:\/\/franciscanos.org.br\/noticias\/wp-content\/uploads\/2022\/09\/underten1-768x432.png 768w, https:\/\/franciscanos.org.br\/noticias\/wp-content\/uploads\/2022\/09\/underten1-150x84.png 150w\" sizes=\"(max-width: 1280px) 100vw, 1280px\" \/><\/p>\n<p>Num segundo momento, tratou-se da ess\u00eancia da voca\u00e7\u00e3o franciscana que tem como ponto de partida as Sagradas Escrituras. Deus Pai \u00e9 nosso primeiro formador e S\u00e3o Francisco n\u00e3o era um surdo ao Evangelho. E se no seguimento de Cristo, na vida do frade acontecer algum momento da aridez espiritual, deve-se encar\u00e1-la como um momento de forma\u00e7\u00e3o, pois tamb\u00e9m nas crises somos formados por Deus. Neste caso, pode ser precioso o pensamento de que \u201cum s\u00f3 \u00e9 nosso Mestre e Ele exige coer\u00eancia de vida\u201d. Por isso, o frade assegurou que \u201cprecisamos olhar o passado com gratid\u00e3o, o presente com paix\u00e3o e abra\u00e7ar o futuro com esperan\u00e7a\u201d. No per\u00edodo da noite, Frei Paulo, Frei Fid\u00eancio e Frei Marcos Ant\u00f4nio de Andrade, definidor e secret\u00e1rio da forma\u00e7\u00e3o e estudos, conversaram com os confrades de primeira transfer\u00eancia.<\/p>\n<p><img loading=\"lazy\" class=\"alignnone size-full wp-image-239539\" src=\"https:\/\/franciscanos.org.br\/noticias\/wp-content\/uploads\/2022\/09\/underten3.png\" alt=\"\" width=\"1280\" height=\"720\" srcset=\"https:\/\/franciscanos.org.br\/noticias\/wp-content\/uploads\/2022\/09\/underten3.png 1280w, https:\/\/franciscanos.org.br\/noticias\/wp-content\/uploads\/2022\/09\/underten3-450x253.png 450w, https:\/\/franciscanos.org.br\/noticias\/wp-content\/uploads\/2022\/09\/underten3-1024x576.png 1024w, https:\/\/franciscanos.org.br\/noticias\/wp-content\/uploads\/2022\/09\/underten3-768x432.png 768w, https:\/\/franciscanos.org.br\/noticias\/wp-content\/uploads\/2022\/09\/underten3-150x84.png 150w\" sizes=\"(max-width: 1280px) 100vw, 1280px\" \/><\/p>\n<p>No terceiro dia, o tema refletido foi sobre a vida de Santo Ant\u00f4nio de Sant\u2019Ana Galv\u00e3o, homem da paz e da caridade. A partir disso e de outras coloca\u00e7\u00f5es, algumas inquieta\u00e7\u00f5es foram apontadas num momento de partilha: assumir aquilo que \u00e9 pr\u00f3prio do nosso carisma; fazer uma ponte entre passado e presente com perspectiva para um futuro de nossas a\u00e7\u00f5es de evangeliza\u00e7\u00e3o; proximidade com o povo, ser pr\u00f3ximo; a proposta de vida franciscana deve ser assumida e difundida por todos os irm\u00e3os; ter a capacidade de articular com as diversas frentes e fraternidades a\u00e7\u00f5es conjuntas de evangeliza\u00e7\u00e3o e de qualidade de vida fraterna; \u00e9 preciso trabalhar nossos s\u00edmbolos e reassumi-los em nossa vida evang\u00e9lica; n\u00e3o esquecer que di\u00e1logo e an\u00fancio \u00e9 essencial para levar nosso carisma adiante para todos, sem exce\u00e7\u00e3o.<\/p>\n<p><img loading=\"lazy\" class=\"alignnone size-full wp-image-239538\" src=\"https:\/\/franciscanos.org.br\/noticias\/wp-content\/uploads\/2022\/09\/underten2.png\" alt=\"\" width=\"1280\" height=\"720\" srcset=\"https:\/\/franciscanos.org.br\/noticias\/wp-content\/uploads\/2022\/09\/underten2.png 1280w, https:\/\/franciscanos.org.br\/noticias\/wp-content\/uploads\/2022\/09\/underten2-450x253.png 450w, https:\/\/franciscanos.org.br\/noticias\/wp-content\/uploads\/2022\/09\/underten2-1024x576.png 1024w, https:\/\/franciscanos.org.br\/noticias\/wp-content\/uploads\/2022\/09\/underten2-768x432.png 768w, https:\/\/franciscanos.org.br\/noticias\/wp-content\/uploads\/2022\/09\/underten2-150x84.png 150w\" sizes=\"(max-width: 1280px) 100vw, 1280px\" \/><\/p>\n<p>No per\u00edodo da tarde, os frades foram visitar o Santu\u00e1rio Frei Galv\u00e3o e celebraram a Eucaristia, presidida pelo definidor Frei Robson Luiz Scudela, , que destacou a necessidade de se trabalhar pela qualifica\u00e7\u00e3o de nossas fraternidades. &#8220;\u00c9 muito bom termos santos, mas \u00e9 importante termos fraternidades santas&#8221; frisou o frade. Depois de um lanche partilhado ap\u00f3s a missa, Frei Diego Atalino de Melo, reitor do Santu\u00e1rio Frei Galv\u00e3o, apresentou todas as instala\u00e7\u00f5es e os projetos do santu\u00e1rio.<\/p>\n\n\t\t<style type=\"text\/css\">\n\t\t\t#gallery-1 {\n\t\t\t\tmargin: auto;\n\t\t\t}\n\t\t\t#gallery-1 .gallery-item {\n\t\t\t\tfloat: left;\n\t\t\t\tmargin-top: 10px;\n\t\t\t\ttext-align: center;\n\t\t\t\twidth: 25%;\n\t\t\t}\n\t\t\t#gallery-1 img {\n\t\t\t\tborder: 2px solid #cfcfcf;\n\t\t\t}\n\t\t\t#gallery-1 .gallery-caption {\n\t\t\t\tmargin-left: 0;\n\t\t\t}\n\t\t\t\/* see gallery_shortcode() in wp-includes\/media.php *\/\n\t\t<\/style>\n\t\t<div id='gallery-1' class='gallery galleryid-239535 gallery-columns-4 gallery-size-thumbnail'><dl class='gallery-item'>\n\t\t\t<dt class='gallery-icon landscape'>\n\t\t\t\t<a href='https:\/\/franciscanos.org.br\/noticias\/wp-content\/uploads\/2022\/09\/IMG_2728-scaled.jpg'><img width=\"300\" height=\"300\" src=\"https:\/\/franciscanos.org.br\/noticias\/wp-content\/uploads\/2022\/09\/IMG_2728-300x300.jpg\" class=\"attachment-thumbnail size-thumbnail\" alt=\"\" loading=\"lazy\" srcset=\"https:\/\/franciscanos.org.br\/noticias\/wp-content\/uploads\/2022\/09\/IMG_2728-300x300.jpg 300w, https:\/\/franciscanos.org.br\/noticias\/wp-content\/uploads\/2022\/09\/IMG_2728-100x100.jpg 100w\" sizes=\"(max-width: 300px) 100vw, 300px\" \/><\/a>\n\t\t\t<\/dt><\/dl><dl class='gallery-item'>\n\t\t\t<dt class='gallery-icon landscape'>\n\t\t\t\t<a href='https:\/\/franciscanos.org.br\/noticias\/wp-content\/uploads\/2022\/09\/IMG_2655-scaled.jpg'><img width=\"300\" height=\"300\" src=\"https:\/\/franciscanos.org.br\/noticias\/wp-content\/uploads\/2022\/09\/IMG_2655-300x300.jpg\" class=\"attachment-thumbnail size-thumbnail\" alt=\"\" loading=\"lazy\" srcset=\"https:\/\/franciscanos.org.br\/noticias\/wp-content\/uploads\/2022\/09\/IMG_2655-300x300.jpg 300w, https:\/\/franciscanos.org.br\/noticias\/wp-content\/uploads\/2022\/09\/IMG_2655-100x100.jpg 100w\" sizes=\"(max-width: 300px) 100vw, 300px\" \/><\/a>\n\t\t\t<\/dt><\/dl><dl class='gallery-item'>\n\t\t\t<dt class='gallery-icon landscape'>\n\t\t\t\t<a href='https:\/\/franciscanos.org.br\/noticias\/wp-content\/uploads\/2022\/09\/IMG_2646-scaled.jpg'><img width=\"300\" height=\"300\" src=\"https:\/\/franciscanos.org.br\/noticias\/wp-content\/uploads\/2022\/09\/IMG_2646-300x300.jpg\" class=\"attachment-thumbnail size-thumbnail\" alt=\"\" loading=\"lazy\" srcset=\"https:\/\/franciscanos.org.br\/noticias\/wp-content\/uploads\/2022\/09\/IMG_2646-300x300.jpg 300w, https:\/\/franciscanos.org.br\/noticias\/wp-content\/uploads\/2022\/09\/IMG_2646-100x100.jpg 100w\" sizes=\"(max-width: 300px) 100vw, 300px\" \/><\/a>\n\t\t\t<\/dt><\/dl><dl class='gallery-item'>\n\t\t\t<dt class='gallery-icon landscape'>\n\t\t\t\t<a href='https:\/\/franciscanos.org.br\/noticias\/wp-content\/uploads\/2022\/09\/IMG_2662-scaled.jpg'><img width=\"300\" height=\"300\" src=\"https:\/\/franciscanos.org.br\/noticias\/wp-content\/uploads\/2022\/09\/IMG_2662-300x300.jpg\" class=\"attachment-thumbnail size-thumbnail\" alt=\"\" loading=\"lazy\" srcset=\"https:\/\/franciscanos.org.br\/noticias\/wp-content\/uploads\/2022\/09\/IMG_2662-300x300.jpg 300w, https:\/\/franciscanos.org.br\/noticias\/wp-content\/uploads\/2022\/09\/IMG_2662-100x100.jpg 100w\" sizes=\"(max-width: 300px) 100vw, 300px\" \/><\/a>\n\t\t\t<\/dt><\/dl><br style=\"clear: both\" \/>\n\t\t<\/div>\n\n<p style=\"text-align: center;\"><em>(Clique nas imagens para ampli\u00e1-las)<\/em><\/p>\n<p>No \u00faltimo dia do encontro, a proposta foi celebrar a festa da Natividade da Virgem Maria na Bas\u00edlica Nacional de Aparecida.<\/p>\n<p><img loading=\"lazy\" class=\"alignnone size-full wp-image-239544\" src=\"https:\/\/franciscanos.org.br\/noticias\/wp-content\/uploads\/2022\/09\/underten4.png\" alt=\"\" width=\"1280\" height=\"720\" srcset=\"https:\/\/franciscanos.org.br\/noticias\/wp-content\/uploads\/2022\/09\/underten4.png 1280w, https:\/\/franciscanos.org.br\/noticias\/wp-content\/uploads\/2022\/09\/underten4-450x253.png 450w, https:\/\/franciscanos.org.br\/noticias\/wp-content\/uploads\/2022\/09\/underten4-1024x576.png 1024w, https:\/\/franciscanos.org.br\/noticias\/wp-content\/uploads\/2022\/09\/underten4-768x432.png 768w, https:\/\/franciscanos.org.br\/noticias\/wp-content\/uploads\/2022\/09\/underten4-150x84.png 150w\" sizes=\"(max-width: 1280px) 100vw, 1280px\" \/><\/p>\n<p>No per\u00edodo da tarde houve um encontro para fazer uma avalia\u00e7\u00e3o do encontro e formar um grupo de irm\u00e3os para ajudar a preparar os pr\u00f3ximos encontros dos frades &#8220;sub 10&#8221;, como foi apelidado o grupo. Depois de uma breve conversa, o Ministro Provincial deu a ben\u00e7\u00e3o e enviou os frades para suas diversas atividades evangelizadoras.<\/p>\n\n\t\t<style type=\"text\/css\">\n\t\t\t#gallery-2 {\n\t\t\t\tmargin: auto;\n\t\t\t}\n\t\t\t#gallery-2 .gallery-item {\n\t\t\t\tfloat: left;\n\t\t\t\tmargin-top: 10px;\n\t\t\t\ttext-align: center;\n\t\t\t\twidth: 25%;\n\t\t\t}\n\t\t\t#gallery-2 img {\n\t\t\t\tborder: 2px solid #cfcfcf;\n\t\t\t}\n\t\t\t#gallery-2 .gallery-caption {\n\t\t\t\tmargin-left: 0;\n\t\t\t}\n\t\t\t\/* see gallery_shortcode() in wp-includes\/media.php *\/\n\t\t<\/style>\n\t\t<div id='gallery-2' class='gallery galleryid-239535 gallery-columns-4 gallery-size-thumbnail'><dl class='gallery-item'>\n\t\t\t<dt class='gallery-icon landscape'>\n\t\t\t\t<a href='https:\/\/franciscanos.org.br\/noticias\/wp-content\/uploads\/2022\/09\/IMG_2853-scaled.jpg'><img width=\"300\" height=\"300\" src=\"https:\/\/franciscanos.org.br\/noticias\/wp-content\/uploads\/2022\/09\/IMG_2853-300x300.jpg\" class=\"attachment-thumbnail size-thumbnail\" alt=\"\" loading=\"lazy\" srcset=\"https:\/\/franciscanos.org.br\/noticias\/wp-content\/uploads\/2022\/09\/IMG_2853-300x300.jpg 300w, https:\/\/franciscanos.org.br\/noticias\/wp-content\/uploads\/2022\/09\/IMG_2853-100x100.jpg 100w\" sizes=\"(max-width: 300px) 100vw, 300px\" \/><\/a>\n\t\t\t<\/dt><\/dl><dl class='gallery-item'>\n\t\t\t<dt class='gallery-icon landscape'>\n\t\t\t\t<a href='https:\/\/franciscanos.org.br\/noticias\/wp-content\/uploads\/2022\/09\/IMG_2919-scaled.jpg'><img width=\"300\" height=\"300\" src=\"https:\/\/franciscanos.org.br\/noticias\/wp-content\/uploads\/2022\/09\/IMG_2919-300x300.jpg\" class=\"attachment-thumbnail size-thumbnail\" alt=\"\" loading=\"lazy\" srcset=\"https:\/\/franciscanos.org.br\/noticias\/wp-content\/uploads\/2022\/09\/IMG_2919-300x300.jpg 300w, https:\/\/franciscanos.org.br\/noticias\/wp-content\/uploads\/2022\/09\/IMG_2919-100x100.jpg 100w\" sizes=\"(max-width: 300px) 100vw, 300px\" \/><\/a>\n\t\t\t<\/dt><\/dl><dl class='gallery-item'>\n\t\t\t<dt class='gallery-icon landscape'>\n\t\t\t\t<a href='https:\/\/franciscanos.org.br\/noticias\/wp-content\/uploads\/2022\/09\/IMG_2972-scaled.jpg'><img width=\"300\" height=\"300\" src=\"https:\/\/franciscanos.org.br\/noticias\/wp-content\/uploads\/2022\/09\/IMG_2972-300x300.jpg\" class=\"attachment-thumbnail size-thumbnail\" alt=\"\" loading=\"lazy\" srcset=\"https:\/\/franciscanos.org.br\/noticias\/wp-content\/uploads\/2022\/09\/IMG_2972-300x300.jpg 300w, https:\/\/franciscanos.org.br\/noticias\/wp-content\/uploads\/2022\/09\/IMG_2972-100x100.jpg 100w\" sizes=\"(max-width: 300px) 100vw, 300px\" \/><\/a>\n\t\t\t<\/dt><\/dl><dl class='gallery-item'>\n\t\t\t<dt class='gallery-icon landscape'>\n\t\t\t\t<a href='https:\/\/franciscanos.org.br\/noticias\/wp-content\/uploads\/2022\/09\/IMG_2997-scaled.jpg'><img width=\"300\" height=\"300\" src=\"https:\/\/franciscanos.org.br\/noticias\/wp-content\/uploads\/2022\/09\/IMG_2997-300x300.jpg\" class=\"attachment-thumbnail size-thumbnail\" alt=\"\" loading=\"lazy\" srcset=\"https:\/\/franciscanos.org.br\/noticias\/wp-content\/uploads\/2022\/09\/IMG_2997-300x300.jpg 300w, https:\/\/franciscanos.org.br\/noticias\/wp-content\/uploads\/2022\/09\/IMG_2997-100x100.jpg 100w\" sizes=\"(max-width: 300px) 100vw, 300px\" \/><\/a>\n\t\t\t<\/dt><\/dl><br style=\"clear: both\" \/>\n\t\t<\/div>\n\n<p style=\"text-align: center;\"><em>(Clique nas imagens para ampli\u00e1-las)<\/em><\/p>\n<hr \/>\n<p><em>Frei Junior Mendes (texto) e Frei Roger Strapazzon (fotos)<\/em><\/p>\n<p><img loading=\"lazy\" class=\"alignnone size-full wp-image-239551\" src=\"https:\/\/franciscanos.org.br\/noticias\/wp-content\/uploads\/2022\/09\/underten5.png\" alt=\"\" width=\"3314\" height=\"4971\" srcset=\"https:\/\/franciscanos.org.br\/noticias\/wp-content\/uploads\/2022\/09\/underten5.png 720w, https:\/\/franciscanos.org.br\/noticias\/wp-content\/uploads\/2022\/09\/underten5-300x450.png 300w, https:\/\/franciscanos.org.br\/noticias\/wp-content\/uploads\/2022\/09\/underten5-683x1024.png 683w, https:\/\/franciscanos.org.br\/noticias\/wp-content\/uploads\/2022\/09\/underten5-768x1152.png 768w, https:\/\/franciscanos.org.br\/noticias\/wp-content\/uploads\/2022\/09\/underten5-1024x1536.png 1024w, https:\/\/franciscanos.org.br\/noticias\/wp-content\/uploads\/2022\/09\/underten5-1365x2048.png 1365w, https:\/\/franciscanos.org.br\/noticias\/wp-content\/uploads\/2022\/09\/underten5-150x225.png 150w\" sizes=\"(max-width: 3314px) 100vw, 3314px\" \/><\/p>\n","protected":false},"excerpt":{"rendered":"<p>Under Ten<\/p>\n","protected":false},"author":1,"featured_media":239552,"comment_status":"open","ping_status":"open","sticky":false,"template":"","format":"standard","meta":[],"categories":[1],"tags":[1422],"acf":[],"yoast_head":"<!-- This site is optimized with the Yoast SEO plugin v19.2 - https:\/\/yoast.com\/wordpress\/plugins\/seo\/ -->\n<title>Frades com at\u00e9 10 anos de profiss\u00e3o solene se re\u00fanem em encontro - Not\u00edcias - Franciscanos<\/title>\n<meta name=\"robots\" content=\"index, follow, max-snippet:-1, max-image-preview:large, max-video-preview:-1\" \/>\n<link rel=\"canonical\" href=\"https:\/\/franciscanos.org.br\/noticias\/frades-com-ate-10-anos-de-profissao-solene-se-reunem-em-encontro.html\" \/>\n<meta property=\"og:locale\" content=\"pt_BR\" \/>\n<meta property=\"og:type\" content=\"article\" \/>\n<meta property=\"og:title\" content=\"Frades com at\u00e9 10 anos de profiss\u00e3o solene se re\u00fanem em encontro - Not\u00edcias - Franciscanos\" \/>\n<meta property=\"og:description\" content=\"Under Ten\" \/>\n<meta property=\"og:url\" content=\"https:\/\/franciscanos.org.br\/noticias\/frades-com-ate-10-anos-de-profissao-solene-se-reunem-em-encontro.html\" \/>\n<meta property=\"og:site_name\" content=\"Not\u00edcias - Franciscanos\" \/>\n<meta property=\"article:published_time\" content=\"2022-09-09T13:15:22+00:00\" \/>\n<meta property=\"article:modified_time\" content=\"2022-09-09T14:41:43+00:00\" \/>\n<meta property=\"og:image\" content=\"https:\/\/franciscanos.org.br\/noticias\/wp-content\/uploads\/2022\/09\/undertend.png\" \/>\n\t<meta property=\"og:image:width\" content=\"800\" \/>\n\t<meta property=\"og:image:height\" content=\"550\" \/>\n\t<meta property=\"og:image:type\" content=\"image\/png\" \/>\n<meta name=\"author\" content=\"admin\" \/>\n<meta name=\"twitter:card\" content=\"summary_large_image\" \/>\n<meta name=\"twitter:label1\" content=\"Escrito por\" \/>\n\t<meta name=\"twitter:data1\" content=\"admin\" \/>\n\t<meta name=\"twitter:label2\" content=\"Est. tempo de leitura\" \/>\n\t<meta name=\"twitter:data2\" content=\"5 minutos\" \/>\n<script type=\"application\/ld+json\" class=\"yoast-schema-graph\">{\"@context\":\"https:\/\/schema.org\",\"@graph\":[{\"@type\":\"WebSite\",\"@id\":\"https:\/\/franciscanos.org.br\/noticias\/#website\",\"url\":\"https:\/\/franciscanos.org.br\/noticias\/\",\"name\":\"Not\u00edcias - Franciscanos\",\"description\":\"Prov\u00edncia Franciscana da Imaculada Concei\u00e7\u00e3o do Brasil - Ordem dos Frades Menores - OFM\",\"potentialAction\":[{\"@type\":\"SearchAction\",\"target\":{\"@type\":\"EntryPoint\",\"urlTemplate\":\"https:\/\/franciscanos.org.br\/noticias\/?s={search_term_string}\"},\"query-input\":\"required name=search_term_string\"}],\"inLanguage\":\"pt-BR\"},{\"@type\":\"ImageObject\",\"inLanguage\":\"pt-BR\",\"@id\":\"https:\/\/franciscanos.org.br\/noticias\/frades-com-ate-10-anos-de-profissao-solene-se-reunem-em-encontro.html#primaryimage\",\"url\":\"https:\/\/franciscanos.org.br\/noticias\/wp-content\/uploads\/2022\/09\/undertend.png\",\"contentUrl\":\"https:\/\/franciscanos.org.br\/noticias\/wp-content\/uploads\/2022\/09\/undertend.png\",\"width\":800,\"height\":550},{\"@type\":\"WebPage\",\"@id\":\"https:\/\/franciscanos.org.br\/noticias\/frades-com-ate-10-anos-de-profissao-solene-se-reunem-em-encontro.html#webpage\",\"url\":\"https:\/\/franciscanos.org.br\/noticias\/frades-com-ate-10-anos-de-profissao-solene-se-reunem-em-encontro.html\",\"name\":\"Frades com at\u00e9 10 anos de profiss\u00e3o solene se re\u00fanem em encontro - Not\u00edcias - Franciscanos\",\"isPartOf\":{\"@id\":\"https:\/\/franciscanos.org.br\/noticias\/#website\"},\"primaryImageOfPage\":{\"@id\":\"https:\/\/franciscanos.org.br\/noticias\/frades-com-ate-10-anos-de-profissao-solene-se-reunem-em-encontro.html#primaryimage\"},\"datePublished\":\"2022-09-09T13:15:22+00:00\",\"dateModified\":\"2022-09-09T14:41:43+00:00\",\"author\":{\"@id\":\"https:\/\/franciscanos.org.br\/noticias\/#\/schema\/person\/b38fbf43118f02820bd932f2e4b14ad3\"},\"breadcrumb\":{\"@id\":\"https:\/\/franciscanos.org.br\/noticias\/frades-com-ate-10-anos-de-profissao-solene-se-reunem-em-encontro.html#breadcrumb\"},\"inLanguage\":\"pt-BR\",\"potentialAction\":[{\"@type\":\"ReadAction\",\"target\":[\"https:\/\/franciscanos.org.br\/noticias\/frades-com-ate-10-anos-de-profissao-solene-se-reunem-em-encontro.html\"]}]},{\"@type\":\"BreadcrumbList\",\"@id\":\"https:\/\/franciscanos.org.br\/noticias\/frades-com-ate-10-anos-de-profissao-solene-se-reunem-em-encontro.html#breadcrumb\",\"itemListElement\":[{\"@type\":\"ListItem\",\"position\":1,\"name\":\"Home\",\"item\":\"https:\/\/franciscanos.org.br\/noticias\"},{\"@type\":\"ListItem\",\"position\":2,\"name\":\"Frades com at\u00e9 10 anos de profiss\u00e3o solene se re\u00fanem em encontro\"}]},{\"@type\":\"Person\",\"@id\":\"https:\/\/franciscanos.org.br\/noticias\/#\/schema\/person\/b38fbf43118f02820bd932f2e4b14ad3\",\"name\":\"admin\",\"image\":{\"@type\":\"ImageObject\",\"inLanguage\":\"pt-BR\",\"@id\":\"https:\/\/franciscanos.org.br\/noticias\/#\/schema\/person\/image\/\",\"url\":\"https:\/\/secure.gravatar.com\/avatar\/e8495742d34d0ba6448ea1c628263b3e?s=96&d=mm&r=g\",\"contentUrl\":\"https:\/\/secure.gravatar.com\/avatar\/e8495742d34d0ba6448ea1c628263b3e?s=96&d=mm&r=g\",\"caption\":\"admin\"},\"url\":\"https:\/\/franciscanos.org.br\/noticias\/author\/admin\"}]}<\/script>\n<!-- \/ Yoast SEO plugin. -->","yoast_head_json":{"title":"Frades com at\u00e9 10 anos de profiss\u00e3o solene se re\u00fanem em encontro - Not\u00edcias - Franciscanos","robots":{"index":"index","follow":"follow","max-snippet":"max-snippet:-1","max-image-preview":"max-image-preview:large","max-video-preview":"max-video-preview:-1"},"canonical":"https:\/\/franciscanos.org.br\/noticias\/frades-com-ate-10-anos-de-profissao-solene-se-reunem-em-encontro.html","og_locale":"pt_BR","og_type":"article","og_title":"Frades com at\u00e9 10 anos de profiss\u00e3o solene se re\u00fanem em encontro - Not\u00edcias - Franciscanos","og_description":"Under Ten","og_url":"https:\/\/franciscanos.org.br\/noticias\/frades-com-ate-10-anos-de-profissao-solene-se-reunem-em-encontro.html","og_site_name":"Not\u00edcias - Franciscanos","article_published_time":"2022-09-09T13:15:22+00:00","article_modified_time":"2022-09-09T14:41:43+00:00","og_image":[{"width":800,"height":550,"url":"https:\/\/franciscanos.org.br\/noticias\/wp-content\/uploads\/2022\/09\/undertend.png","type":"image\/png"}],"author":"admin","twitter_card":"summary_large_image","twitter_misc":{"Escrito por":"admin","Est. tempo de leitura":"5 minutos"},"schema":{"@context":"https:\/\/schema.org","@graph":[{"@type":"WebSite","@id":"https:\/\/franciscanos.org.br\/noticias\/#website","url":"https:\/\/franciscanos.org.br\/noticias\/","name":"Not\u00edcias - Franciscanos","description":"Prov\u00edncia Franciscana da Imaculada Concei\u00e7\u00e3o do Brasil - Ordem dos Frades Menores - OFM","potentialAction":[{"@type":"SearchAction","target":{"@type":"EntryPoint","urlTemplate":"https:\/\/franciscanos.org.br\/noticias\/?s={search_term_string}"},"query-input":"required name=search_term_string"}],"inLanguage":"pt-BR"},{"@type":"ImageObject","inLanguage":"pt-BR","@id":"https:\/\/franciscanos.org.br\/noticias\/frades-com-ate-10-anos-de-profissao-solene-se-reunem-em-encontro.html#primaryimage","url":"https:\/\/franciscanos.org.br\/noticias\/wp-content\/uploads\/2022\/09\/undertend.png","contentUrl":"https:\/\/franciscanos.org.br\/noticias\/wp-content\/uploads\/2022\/09\/undertend.png","width":800,"height":550},{"@type":"WebPage","@id":"https:\/\/franciscanos.org.br\/noticias\/frades-com-ate-10-anos-de-profissao-solene-se-reunem-em-encontro.html#webpage","url":"https:\/\/franciscanos.org.br\/noticias\/frades-com-ate-10-anos-de-profissao-solene-se-reunem-em-encontro.html","name":"Frades com at\u00e9 10 anos de profiss\u00e3o solene se re\u00fanem em encontro - Not\u00edcias - Franciscanos","isPartOf":{"@id":"https:\/\/franciscanos.org.br\/noticias\/#website"},"primaryImageOfPage":{"@id":"https:\/\/franciscanos.org.br\/noticias\/frades-com-ate-10-anos-de-profissao-solene-se-reunem-em-encontro.html#primaryimage"},"datePublished":"2022-09-09T13:15:22+00:00","dateModified":"2022-09-09T14:41:43+00:00","author":{"@id":"https:\/\/franciscanos.org.br\/noticias\/#\/schema\/person\/b38fbf43118f02820bd932f2e4b14ad3"},"breadcrumb":{"@id":"https:\/\/franciscanos.org.br\/noticias\/frades-com-ate-10-anos-de-profissao-solene-se-reunem-em-encontro.html#breadcrumb"},"inLanguage":"pt-BR","potentialAction":[{"@type":"ReadAction","target":["https:\/\/franciscanos.org.br\/noticias\/frades-com-ate-10-anos-de-profissao-solene-se-reunem-em-encontro.html"]}]},{"@type":"BreadcrumbList","@id":"https:\/\/franciscanos.org.br\/noticias\/frades-com-ate-10-anos-de-profissao-solene-se-reunem-em-encontro.html#breadcrumb","itemListElement":[{"@type":"ListItem","position":1,"name":"Home","item":"https:\/\/franciscanos.org.br\/noticias"},{"@type":"ListItem","position":2,"name":"Frades com at\u00e9 10 anos de profiss\u00e3o solene se re\u00fanem em encontro"}]},{"@type":"Person","@id":"https:\/\/franciscanos.org.br\/noticias\/#\/schema\/person\/b38fbf43118f02820bd932f2e4b14ad3","name":"admin","image":{"@type":"ImageObject","inLanguage":"pt-BR","@id":"https:\/\/franciscanos.org.br\/noticias\/#\/schema\/person\/image\/","url":"https:\/\/secure.gravatar.com\/avatar\/e8495742d34d0ba6448ea1c628263b3e?s=96&d=mm&r=g","contentUrl":"https:\/\/secure.gravatar.com\/avatar\/e8495742d34d0ba6448ea1c628263b3e?s=96&d=mm&r=g","caption":"admin"},"url":"https:\/\/franciscanos.org.br\/noticias\/author\/admin"}]}},"_links":{"self":[{"href":"https:\/\/franciscanos.org.br\/noticias\/wp-json\/wp\/v2\/posts\/239535"}],"collection":[{"href":"https:\/\/franciscanos.org.br\/noticias\/wp-json\/wp\/v2\/posts"}],"about":[{"href":"https:\/\/franciscanos.org.br\/noticias\/wp-json\/wp\/v2\/types\/post"}],"author":[{"embeddable":true,"href":"https:\/\/franciscanos.org.br\/noticias\/wp-json\/wp\/v2\/users\/1"}],"replies":[{"embeddable":true,"href":"https:\/\/franciscanos.org.br\/noticias\/wp-json\/wp\/v2\/comments?post=239535"}],"version-history":[{"count":2,"href":"https:\/\/franciscanos.org.br\/noticias\/wp-json\/wp\/v2\/posts\/239535\/revisions"}],"predecessor-version":[{"id":239554,"href":"https:\/\/franciscanos.org.br\/noticias\/wp-json\/wp\/v2\/posts\/239535\/revisions\/239554"}],"wp:featuredmedia":[{"embeddable":true,"href":"https:\/\/franciscanos.org.br\/noticias\/wp-json\/wp\/v2\/media\/239552"}],"wp:attachment":[{"href":"https:\/\/franciscanos.org.br\/noticias\/wp-json\/wp\/v2\/media?parent=239535"}],"wp:term":[{"taxonomy":"category","embeddable":true,"href":"https:\/\/franciscanos.org.br\/noticias\/wp-json\/wp\/v2\/categories?post=239535"},{"taxonomy":"post_tag","embeddable":true,"href":"https:\/\/franciscanos.org.br\/noticias\/wp-json\/wp\/v2\/tags?post=239535"}],"curies":[{"name":"wp","href":"https:\/\/api.w.org\/{rel}","templated":true}]}}