{"id":239491,"date":"2022-09-05T14:50:08","date_gmt":"2022-09-05T17:50:08","guid":{"rendered":"https:\/\/franciscanos.org.br\/noticias\/?p=239491"},"modified":"2022-10-03T23:18:50","modified_gmt":"2022-10-04T02:18:50","slug":"celebrar-o-dom-da-perseveranca","status":"publish","type":"post","link":"https:\/\/franciscanos.org.br\/noticias\/celebrar-o-dom-da-perseveranca.html","title":{"rendered":"Celebrar o dom da perseveran\u00e7a"},"content":{"rendered":"<p><img loading=\"lazy\" class=\"size-full wp-image-239492 alignnone\" src=\"https:\/\/franciscanos.org.br\/noticias\/wp-content\/uploads\/2022\/09\/encerramento.png\" alt=\"\" width=\"1280\" height=\"720\" srcset=\"https:\/\/franciscanos.org.br\/noticias\/wp-content\/uploads\/2022\/09\/encerramento.png 1280w, https:\/\/franciscanos.org.br\/noticias\/wp-content\/uploads\/2022\/09\/encerramento-450x253.png 450w, https:\/\/franciscanos.org.br\/noticias\/wp-content\/uploads\/2022\/09\/encerramento-1024x576.png 1024w, https:\/\/franciscanos.org.br\/noticias\/wp-content\/uploads\/2022\/09\/encerramento-768x432.png 768w, https:\/\/franciscanos.org.br\/noticias\/wp-content\/uploads\/2022\/09\/encerramento-150x84.png 150w\" sizes=\"(max-width: 1280px) 100vw, 1280px\" \/><\/p>\n<p>Na manh\u00e3 do domingo, 4 de setembro, \u00e0s 10h, na Comunidade S\u00e3o Vig\u00edlio, em Rodeio (SC), aconteceu a Celebra\u00e7\u00e3o Eucar\u00edstica, em a\u00e7\u00e3o de gra\u00e7as pela vida religiosa de tr\u00eas frades franciscanos e sete Irm\u00e3s Catequistas Franciscanas \u2013 completando 70 anos de vida religiosa: Irm\u00e3 L\u00eddia Mondini, Irm\u00e3 Cec\u00edlia Venturi, Irm\u00e3 Olga Ferreira, Irm\u00e3 Clementina Fusinato e Irm\u00e3 Martha Fiamoncini; 65 anos de vida religiosa: Frei Jos\u00e9 Bertoldi; 60 anos de vida religiosa: Irm\u00e3 Armide Tomelin e Irm\u00e3 L\u00facia Tambosi; 50 anos de vida religiosa: Frei Claudino Dal\u2019Mago e 25 anos de vida religiosa: Frei Miguel da Cruz. A Missa foi presidida pelo Ministro Provincial, Frei Paulo Pereira.<\/p>\n<p>N\u00e3o faltaram motivos para se alegrar! Irm\u00e3 Ivonete Gardini, Provincial das Irm\u00e3s Catequistas Franciscanas, recebeu a renova\u00e7\u00e3o dos votos das irm\u00e3s que mais uma vez recordou a sua miss\u00e3o de estarem entre os mais pobres, inseridas em comunidades, levando a Palavra e a instru\u00e7\u00e3o. Enquanto elas pediam a renova\u00e7\u00e3o dos votos, elas portavam velas que foram acesas no C\u00edrio Pascal, representando a chama do Esp\u00edrito que carregam.<\/p>\n<div id=\"attachment_239493\" style=\"width: 1290px\" class=\"wp-caption alignnone\"><img aria-describedby=\"caption-attachment-239493\" loading=\"lazy\" class=\"wp-image-239493 size-full\" src=\"https:\/\/franciscanos.org.br\/noticias\/wp-content\/uploads\/2022\/09\/encerramento01.png\" alt=\"\" width=\"1280\" height=\"720\" srcset=\"https:\/\/franciscanos.org.br\/noticias\/wp-content\/uploads\/2022\/09\/encerramento01.png 1280w, https:\/\/franciscanos.org.br\/noticias\/wp-content\/uploads\/2022\/09\/encerramento01-450x253.png 450w, https:\/\/franciscanos.org.br\/noticias\/wp-content\/uploads\/2022\/09\/encerramento01-1024x576.png 1024w, https:\/\/franciscanos.org.br\/noticias\/wp-content\/uploads\/2022\/09\/encerramento01-768x432.png 768w, https:\/\/franciscanos.org.br\/noticias\/wp-content\/uploads\/2022\/09\/encerramento01-150x84.png 150w\" sizes=\"(max-width: 1280px) 100vw, 1280px\" \/><p id=\"caption-attachment-239493\" class=\"wp-caption-text\"><em>Da esq. p\/ dir.: Irm\u00e3 Ivonete, Irm\u00e3 Armide, Irm\u00e3 Cec\u00edlia, Irm\u00e3 Martha, Irm\u00e3 Olga, Irm\u00e3 Clementina, Irm\u00e3 Lucia e Irm\u00e3 L\u00eddia. <\/em><\/p><\/div>\n<p>Em seguida, Frei Paulo Roberto Pereira, Ministro Provincial, recebeu a renova\u00e7\u00e3o dos votos de Frei Jos\u00e9 Bertoldi, Frei Claudino Dal\u2019Mago e Frei Jo\u00e3o Miguel da Cruz. Eles pediram o aux\u00edlio do Alt\u00edssimo para perseverarem at\u00e9 o fim, no santo prop\u00f3sito que firmaram ao abra\u00e7ar a Vida e a Regra dos Frades Menores.<\/p>\n<div id=\"attachment_239494\" style=\"width: 1290px\" class=\"wp-caption alignnone\"><img aria-describedby=\"caption-attachment-239494\" loading=\"lazy\" class=\"wp-image-239494 size-full\" src=\"https:\/\/franciscanos.org.br\/noticias\/wp-content\/uploads\/2022\/09\/encerramento02.png\" alt=\"\" width=\"1280\" height=\"720\" srcset=\"https:\/\/franciscanos.org.br\/noticias\/wp-content\/uploads\/2022\/09\/encerramento02.png 1280w, https:\/\/franciscanos.org.br\/noticias\/wp-content\/uploads\/2022\/09\/encerramento02-450x253.png 450w, https:\/\/franciscanos.org.br\/noticias\/wp-content\/uploads\/2022\/09\/encerramento02-1024x576.png 1024w, https:\/\/franciscanos.org.br\/noticias\/wp-content\/uploads\/2022\/09\/encerramento02-768x432.png 768w, https:\/\/franciscanos.org.br\/noticias\/wp-content\/uploads\/2022\/09\/encerramento02-150x84.png 150w\" sizes=\"(max-width: 1280px) 100vw, 1280px\" \/><p id=\"caption-attachment-239494\" class=\"wp-caption-text\"><em>Da esq. p\/ dir.: Frei Jos\u00e9, Frei Miguel, Frei Claudino, Frei Josemberg, Frei Daniel, Frei Germano, Frei Erick e Frei Paulo.<\/em><\/p><\/div>\n<p>Frei Paulo ressaltou o car\u00e1ter da presen\u00e7a das irm\u00e3s catequistas, que nasceram em Rodeio: \u201cO povo daqui costuma chamar as religiosas de monjas, no dialeto trentino, mas a voc\u00eas, irm\u00e3s, reservaram outro t\u00edtulo, o t\u00edtulo de mestras\u201d. Ele ressaltou ainda a import\u00e2ncia da presen\u00e7a delas nas comunidades mais distantes, promovendo a educa\u00e7\u00e3o.<\/p>\n<p><img loading=\"lazy\" class=\"alignnone size-full wp-image-239495\" src=\"https:\/\/franciscanos.org.br\/noticias\/wp-content\/uploads\/2022\/09\/encerramento03.png\" alt=\"\" width=\"1280\" height=\"720\" srcset=\"https:\/\/franciscanos.org.br\/noticias\/wp-content\/uploads\/2022\/09\/encerramento03.png 1280w, https:\/\/franciscanos.org.br\/noticias\/wp-content\/uploads\/2022\/09\/encerramento03-450x253.png 450w, https:\/\/franciscanos.org.br\/noticias\/wp-content\/uploads\/2022\/09\/encerramento03-1024x576.png 1024w, https:\/\/franciscanos.org.br\/noticias\/wp-content\/uploads\/2022\/09\/encerramento03-768x432.png 768w, https:\/\/franciscanos.org.br\/noticias\/wp-content\/uploads\/2022\/09\/encerramento03-150x84.png 150w\" sizes=\"(max-width: 1280px) 100vw, 1280px\" \/><\/p>\n<p>Voltando-se aos frades jubilandos, lembrou que os tr\u00eas possuem algo em comum, todos passaram pela Terra Santa, l\u00e1 o termo jubileu se aplica \u00e0s trombetas que anunciavam o ano da gra\u00e7a. \u201cO ano da gra\u00e7a \u00e9 proclamar e viver o Reino de Deus j\u00e1 aqui e, hoje, infelizmente, estamos longe disso\u201d, afirmou. Em, latim, no entanto, jubileu vem de j\u00fabilo, alegria. \u201cE qual o motivo da nossa alegria? Servir e seguir a Jesus Cristo, desde novi\u00e7o, desde novi\u00e7a, desde batizados!\u201d<\/p>\n<p>Ao final da celebra\u00e7\u00e3o, depois das homenagens, os religiosos foram conduzidos diante da imagem da Virgem Maria, modelo de Igreja e vida consagrada, e pediram a sua intercess\u00e3o para eles vivam sempre no ardor do Esp\u00edrito que os levou por esse caminho.<\/p>\n<hr \/>\n<p><em>Frei Gilberto Silveira da Costa Junior, OFM.<\/em><\/p>\n<p>&nbsp;<\/p>\n<p><img loading=\"lazy\" class=\"alignnone size-full wp-image-239496\" src=\"https:\/\/franciscanos.org.br\/noticias\/wp-content\/uploads\/2022\/09\/encerramento04.png\" alt=\"\" width=\"1280\" height=\"720\" srcset=\"https:\/\/franciscanos.org.br\/noticias\/wp-content\/uploads\/2022\/09\/encerramento04.png 1280w, https:\/\/franciscanos.org.br\/noticias\/wp-content\/uploads\/2022\/09\/encerramento04-450x253.png 450w, https:\/\/franciscanos.org.br\/noticias\/wp-content\/uploads\/2022\/09\/encerramento04-1024x576.png 1024w, https:\/\/franciscanos.org.br\/noticias\/wp-content\/uploads\/2022\/09\/encerramento04-768x432.png 768w, https:\/\/franciscanos.org.br\/noticias\/wp-content\/uploads\/2022\/09\/encerramento04-150x84.png 150w\" sizes=\"(max-width: 1280px) 100vw, 1280px\" \/><\/p>\n","protected":false},"excerpt":{"rendered":"<p>Jubileus Franciscanos em Rodeio<\/p>\n","protected":false},"author":1,"featured_media":239497,"comment_status":"open","ping_status":"open","sticky":false,"template":"","format":"standard","meta":[],"categories":[1],"tags":[1787,2054],"acf":[],"yoast_head":"<!-- This site is optimized with the Yoast SEO plugin v19.2 - https:\/\/yoast.com\/wordpress\/plugins\/seo\/ -->\n<title>Celebrar o dom da perseveran\u00e7a - Not\u00edcias - Franciscanos<\/title>\n<meta name=\"robots\" content=\"index, follow, max-snippet:-1, max-image-preview:large, max-video-preview:-1\" \/>\n<link rel=\"canonical\" href=\"https:\/\/franciscanos.org.br\/noticias\/celebrar-o-dom-da-perseveranca.html\" \/>\n<meta property=\"og:locale\" content=\"pt_BR\" \/>\n<meta property=\"og:type\" content=\"article\" \/>\n<meta property=\"og:title\" content=\"Celebrar o dom da perseveran\u00e7a - Not\u00edcias - Franciscanos\" \/>\n<meta property=\"og:description\" content=\"Jubileus Franciscanos em Rodeio\" \/>\n<meta property=\"og:url\" content=\"https:\/\/franciscanos.org.br\/noticias\/celebrar-o-dom-da-perseveranca.html\" \/>\n<meta property=\"og:site_name\" content=\"Not\u00edcias - Franciscanos\" \/>\n<meta property=\"article:published_time\" content=\"2022-09-05T17:50:08+00:00\" \/>\n<meta property=\"article:modified_time\" content=\"2022-10-04T02:18:50+00:00\" \/>\n<meta property=\"og:image\" content=\"https:\/\/franciscanos.org.br\/noticias\/wp-content\/uploads\/2022\/09\/encerramentod.png\" \/>\n\t<meta property=\"og:image:width\" content=\"800\" \/>\n\t<meta property=\"og:image:height\" content=\"550\" \/>\n\t<meta property=\"og:image:type\" content=\"image\/png\" \/>\n<meta name=\"author\" content=\"admin\" \/>\n<meta name=\"twitter:card\" content=\"summary_large_image\" \/>\n<meta name=\"twitter:label1\" content=\"Escrito por\" \/>\n\t<meta name=\"twitter:data1\" content=\"admin\" \/>\n\t<meta name=\"twitter:label2\" content=\"Est. tempo de leitura\" \/>\n\t<meta name=\"twitter:data2\" content=\"3 minutos\" \/>\n<script type=\"application\/ld+json\" class=\"yoast-schema-graph\">{\"@context\":\"https:\/\/schema.org\",\"@graph\":[{\"@type\":\"WebSite\",\"@id\":\"https:\/\/franciscanos.org.br\/noticias\/#website\",\"url\":\"https:\/\/franciscanos.org.br\/noticias\/\",\"name\":\"Not\u00edcias - Franciscanos\",\"description\":\"Prov\u00edncia Franciscana da Imaculada Concei\u00e7\u00e3o do Brasil - Ordem dos Frades Menores - OFM\",\"potentialAction\":[{\"@type\":\"SearchAction\",\"target\":{\"@type\":\"EntryPoint\",\"urlTemplate\":\"https:\/\/franciscanos.org.br\/noticias\/?s={search_term_string}\"},\"query-input\":\"required name=search_term_string\"}],\"inLanguage\":\"pt-BR\"},{\"@type\":\"ImageObject\",\"inLanguage\":\"pt-BR\",\"@id\":\"https:\/\/franciscanos.org.br\/noticias\/celebrar-o-dom-da-perseveranca.html#primaryimage\",\"url\":\"https:\/\/franciscanos.org.br\/noticias\/wp-content\/uploads\/2022\/09\/encerramentod.png\",\"contentUrl\":\"https:\/\/franciscanos.org.br\/noticias\/wp-content\/uploads\/2022\/09\/encerramentod.png\",\"width\":800,\"height\":550},{\"@type\":\"WebPage\",\"@id\":\"https:\/\/franciscanos.org.br\/noticias\/celebrar-o-dom-da-perseveranca.html#webpage\",\"url\":\"https:\/\/franciscanos.org.br\/noticias\/celebrar-o-dom-da-perseveranca.html\",\"name\":\"Celebrar o dom da perseveran\u00e7a - Not\u00edcias - Franciscanos\",\"isPartOf\":{\"@id\":\"https:\/\/franciscanos.org.br\/noticias\/#website\"},\"primaryImageOfPage\":{\"@id\":\"https:\/\/franciscanos.org.br\/noticias\/celebrar-o-dom-da-perseveranca.html#primaryimage\"},\"datePublished\":\"2022-09-05T17:50:08+00:00\",\"dateModified\":\"2022-10-04T02:18:50+00:00\",\"author\":{\"@id\":\"https:\/\/franciscanos.org.br\/noticias\/#\/schema\/person\/b38fbf43118f02820bd932f2e4b14ad3\"},\"breadcrumb\":{\"@id\":\"https:\/\/franciscanos.org.br\/noticias\/celebrar-o-dom-da-perseveranca.html#breadcrumb\"},\"inLanguage\":\"pt-BR\",\"potentialAction\":[{\"@type\":\"ReadAction\",\"target\":[\"https:\/\/franciscanos.org.br\/noticias\/celebrar-o-dom-da-perseveranca.html\"]}]},{\"@type\":\"BreadcrumbList\",\"@id\":\"https:\/\/franciscanos.org.br\/noticias\/celebrar-o-dom-da-perseveranca.html#breadcrumb\",\"itemListElement\":[{\"@type\":\"ListItem\",\"position\":1,\"name\":\"Home\",\"item\":\"https:\/\/franciscanos.org.br\/noticias\"},{\"@type\":\"ListItem\",\"position\":2,\"name\":\"Celebrar o dom da perseveran\u00e7a\"}]},{\"@type\":\"Person\",\"@id\":\"https:\/\/franciscanos.org.br\/noticias\/#\/schema\/person\/b38fbf43118f02820bd932f2e4b14ad3\",\"name\":\"admin\",\"image\":{\"@type\":\"ImageObject\",\"inLanguage\":\"pt-BR\",\"@id\":\"https:\/\/franciscanos.org.br\/noticias\/#\/schema\/person\/image\/\",\"url\":\"https:\/\/secure.gravatar.com\/avatar\/e8495742d34d0ba6448ea1c628263b3e?s=96&d=mm&r=g\",\"contentUrl\":\"https:\/\/secure.gravatar.com\/avatar\/e8495742d34d0ba6448ea1c628263b3e?s=96&d=mm&r=g\",\"caption\":\"admin\"},\"url\":\"https:\/\/franciscanos.org.br\/noticias\/author\/admin\"}]}<\/script>\n<!-- \/ Yoast SEO plugin. -->","yoast_head_json":{"title":"Celebrar o dom da perseveran\u00e7a - Not\u00edcias - Franciscanos","robots":{"index":"index","follow":"follow","max-snippet":"max-snippet:-1","max-image-preview":"max-image-preview:large","max-video-preview":"max-video-preview:-1"},"canonical":"https:\/\/franciscanos.org.br\/noticias\/celebrar-o-dom-da-perseveranca.html","og_locale":"pt_BR","og_type":"article","og_title":"Celebrar o dom da perseveran\u00e7a - Not\u00edcias - Franciscanos","og_description":"Jubileus Franciscanos em Rodeio","og_url":"https:\/\/franciscanos.org.br\/noticias\/celebrar-o-dom-da-perseveranca.html","og_site_name":"Not\u00edcias - Franciscanos","article_published_time":"2022-09-05T17:50:08+00:00","article_modified_time":"2022-10-04T02:18:50+00:00","og_image":[{"width":800,"height":550,"url":"https:\/\/franciscanos.org.br\/noticias\/wp-content\/uploads\/2022\/09\/encerramentod.png","type":"image\/png"}],"author":"admin","twitter_card":"summary_large_image","twitter_misc":{"Escrito por":"admin","Est. tempo de leitura":"3 minutos"},"schema":{"@context":"https:\/\/schema.org","@graph":[{"@type":"WebSite","@id":"https:\/\/franciscanos.org.br\/noticias\/#website","url":"https:\/\/franciscanos.org.br\/noticias\/","name":"Not\u00edcias - Franciscanos","description":"Prov\u00edncia Franciscana da Imaculada Concei\u00e7\u00e3o do Brasil - Ordem dos Frades Menores - OFM","potentialAction":[{"@type":"SearchAction","target":{"@type":"EntryPoint","urlTemplate":"https:\/\/franciscanos.org.br\/noticias\/?s={search_term_string}"},"query-input":"required name=search_term_string"}],"inLanguage":"pt-BR"},{"@type":"ImageObject","inLanguage":"pt-BR","@id":"https:\/\/franciscanos.org.br\/noticias\/celebrar-o-dom-da-perseveranca.html#primaryimage","url":"https:\/\/franciscanos.org.br\/noticias\/wp-content\/uploads\/2022\/09\/encerramentod.png","contentUrl":"https:\/\/franciscanos.org.br\/noticias\/wp-content\/uploads\/2022\/09\/encerramentod.png","width":800,"height":550},{"@type":"WebPage","@id":"https:\/\/franciscanos.org.br\/noticias\/celebrar-o-dom-da-perseveranca.html#webpage","url":"https:\/\/franciscanos.org.br\/noticias\/celebrar-o-dom-da-perseveranca.html","name":"Celebrar o dom da perseveran\u00e7a - Not\u00edcias - Franciscanos","isPartOf":{"@id":"https:\/\/franciscanos.org.br\/noticias\/#website"},"primaryImageOfPage":{"@id":"https:\/\/franciscanos.org.br\/noticias\/celebrar-o-dom-da-perseveranca.html#primaryimage"},"datePublished":"2022-09-05T17:50:08+00:00","dateModified":"2022-10-04T02:18:50+00:00","author":{"@id":"https:\/\/franciscanos.org.br\/noticias\/#\/schema\/person\/b38fbf43118f02820bd932f2e4b14ad3"},"breadcrumb":{"@id":"https:\/\/franciscanos.org.br\/noticias\/celebrar-o-dom-da-perseveranca.html#breadcrumb"},"inLanguage":"pt-BR","potentialAction":[{"@type":"ReadAction","target":["https:\/\/franciscanos.org.br\/noticias\/celebrar-o-dom-da-perseveranca.html"]}]},{"@type":"BreadcrumbList","@id":"https:\/\/franciscanos.org.br\/noticias\/celebrar-o-dom-da-perseveranca.html#breadcrumb","itemListElement":[{"@type":"ListItem","position":1,"name":"Home","item":"https:\/\/franciscanos.org.br\/noticias"},{"@type":"ListItem","position":2,"name":"Celebrar o dom da perseveran\u00e7a"}]},{"@type":"Person","@id":"https:\/\/franciscanos.org.br\/noticias\/#\/schema\/person\/b38fbf43118f02820bd932f2e4b14ad3","name":"admin","image":{"@type":"ImageObject","inLanguage":"pt-BR","@id":"https:\/\/franciscanos.org.br\/noticias\/#\/schema\/person\/image\/","url":"https:\/\/secure.gravatar.com\/avatar\/e8495742d34d0ba6448ea1c628263b3e?s=96&d=mm&r=g","contentUrl":"https:\/\/secure.gravatar.com\/avatar\/e8495742d34d0ba6448ea1c628263b3e?s=96&d=mm&r=g","caption":"admin"},"url":"https:\/\/franciscanos.org.br\/noticias\/author\/admin"}]}},"_links":{"self":[{"href":"https:\/\/franciscanos.org.br\/noticias\/wp-json\/wp\/v2\/posts\/239491"}],"collection":[{"href":"https:\/\/franciscanos.org.br\/noticias\/wp-json\/wp\/v2\/posts"}],"about":[{"href":"https:\/\/franciscanos.org.br\/noticias\/wp-json\/wp\/v2\/types\/post"}],"author":[{"embeddable":true,"href":"https:\/\/franciscanos.org.br\/noticias\/wp-json\/wp\/v2\/users\/1"}],"replies":[{"embeddable":true,"href":"https:\/\/franciscanos.org.br\/noticias\/wp-json\/wp\/v2\/comments?post=239491"}],"version-history":[{"count":3,"href":"https:\/\/franciscanos.org.br\/noticias\/wp-json\/wp\/v2\/posts\/239491\/revisions"}],"predecessor-version":[{"id":239500,"href":"https:\/\/franciscanos.org.br\/noticias\/wp-json\/wp\/v2\/posts\/239491\/revisions\/239500"}],"wp:featuredmedia":[{"embeddable":true,"href":"https:\/\/franciscanos.org.br\/noticias\/wp-json\/wp\/v2\/media\/239497"}],"wp:attachment":[{"href":"https:\/\/franciscanos.org.br\/noticias\/wp-json\/wp\/v2\/media?parent=239491"}],"wp:term":[{"taxonomy":"category","embeddable":true,"href":"https:\/\/franciscanos.org.br\/noticias\/wp-json\/wp\/v2\/categories?post=239491"},{"taxonomy":"post_tag","embeddable":true,"href":"https:\/\/franciscanos.org.br\/noticias\/wp-json\/wp\/v2\/tags?post=239491"}],"curies":[{"name":"wp","href":"https:\/\/api.w.org\/{rel}","templated":true}]}}