{"id":239471,"date":"2022-09-03T09:02:05","date_gmt":"2022-09-03T12:02:05","guid":{"rendered":"https:\/\/franciscanos.org.br\/noticias\/?p=239471"},"modified":"2022-09-05T10:04:01","modified_gmt":"2022-09-05T13:04:01","slug":"semana-missionaria-em-rodeio","status":"publish","type":"post","link":"https:\/\/franciscanos.org.br\/noticias\/semana-missionaria-em-rodeio.html","title":{"rendered":"Semana Mission\u00e1ria em Rodeio"},"content":{"rendered":"<div id=\"attachment_239472\" style=\"width: 1290px\" class=\"wp-caption alignnone\"><img aria-describedby=\"caption-attachment-239472\" loading=\"lazy\" class=\"wp-image-239472 size-full\" src=\"https:\/\/franciscanos.org.br\/noticias\/wp-content\/uploads\/2022\/09\/Jubileu_1.jpg\" alt=\"\" width=\"1280\" height=\"720\" srcset=\"https:\/\/franciscanos.org.br\/noticias\/wp-content\/uploads\/2022\/09\/Jubileu_1.jpg 1280w, https:\/\/franciscanos.org.br\/noticias\/wp-content\/uploads\/2022\/09\/Jubileu_1-450x253.jpg 450w, https:\/\/franciscanos.org.br\/noticias\/wp-content\/uploads\/2022\/09\/Jubileu_1-1024x576.jpg 1024w, https:\/\/franciscanos.org.br\/noticias\/wp-content\/uploads\/2022\/09\/Jubileu_1-768x432.jpg 768w, https:\/\/franciscanos.org.br\/noticias\/wp-content\/uploads\/2022\/09\/Jubileu_1-150x84.jpg 150w\" sizes=\"(max-width: 1280px) 100vw, 1280px\" \/><p id=\"caption-attachment-239472\" class=\"wp-caption-text\">Foto: Frei Gilberto Silveira da Costa Junior, OFM<\/p><\/div>\n<p>Por ocasi\u00e3o dos jubileus dos confrades Frei Jo\u00e3o Miguel Silva da Cruz, Frei Claudino Dal\u2019Mago e Frei Jos\u00e9 Bertoldi, que completam, respectivamente, 25, 50 e 65 anos de Vida Religiosa, e de nossas irm\u00e3s catequistas franciscanas, o Servi\u00e7o de Anima\u00e7\u00e3o Vocacional da Prov\u00edncia Franciscana da Imaculada Concei\u00e7\u00e3o do Brasil promoveu uma semana mission\u00e1ria para percorrer as comunidades da cidade de Rodeio (SC), testemunhando e agradecendo ao Senhor pelo testemunho de vida que esses irm\u00e3os nos d\u00e3o e pela perseveran\u00e7a e fidelidade ao compromisso abra\u00e7ado naquela mesma cidade. Na cidade de Rodeio est\u00e1 o Noviciado S\u00e3o Jos\u00e9, lugar onde estes tr\u00eas confrades viveram o ano da gra\u00e7a e prova\u00e7\u00e3o e, ao final deste, fizeram seus primeiros votos na Ordem dos Frades Menores, iniciando assim sua vida religiosa.<\/p>\n<p>Na noite de ter\u00e7a-feira, 30, foi celebrada a missa de envio dos mission\u00e1rios na Par\u00f3quia S\u00e3o Francisco de Assis. As equipes foram compostas pelos frades, pelas irm\u00e3s catequistas franciscanas, pelos vocacionados e pelos leigos da regi\u00e3o, estes \u00faltimos respons\u00e1veis por guiar os demais. Ao todo, mais de 20 mission\u00e1rios estiveram, diariamente, percorrendo as ruas da cidade, propagando a devo\u00e7\u00e3o a Frei Bruno Linden e anunciando a Boa Nova do Reino em cada casa em que entravam.<\/p>\n<p>As visitas \u00e0s fam\u00edlias aconteceram durante tr\u00eas dias, pela manh\u00e3 e \u00e0 tarde, e contemplaram as 16 comunidades que fazem parte do munic\u00edpio. Na quarta-feira, as equipes percorreram as estradas nas comunidades do Kaspereit, do Bairro dos Lagos, da Divisa, do Rodeio 12, do Rodeio 32 e do Rio Belo. Na quinta-feira, foi a vez de visitar o Rodeio 50, a G\u00e1vea, o Pico, o Ipiranga e o Centro. Por fim, na sexta-feira, visitou-se o Gl\u00f3ria, a Nova Bras\u00edlia, o S\u00e3o Pedrinho, o Diamante e o Rio Morto.<\/p>\n<p>Nessas visitas realizadas nos lares priorizou-se os enfermos, os idosos e as pessoas afastadas das comunidades, a fim de reanim\u00e1-los na f\u00e9, apontando a nossa proximidade fraterna e compromisso com os mais fragilizados.<\/p>\n<p>Em cada uma das comunidades foi realizada uma celebra\u00e7\u00e3o vocacional encerrando as atividades do dia com as crian\u00e7as da catequese. Elas puderam conhecer melhor os novi\u00e7os, a vida religiosa consagrada, a hist\u00f3ria de S\u00e3o Francisco de Assis e meditar sobre a sua pr\u00f3pria voca\u00e7\u00e3o.<\/p>\n<p>A gratid\u00e3o foi expressa tanto pelas fam\u00edlias visitadas, quanto pelos mission\u00e1rios que participaram de in\u00fameras realidades vividas pelo povo.<\/p>\n<hr \/>\n<p><em>Frei Gilberto Silveira da Costa Junior, OFM<\/em><\/p>\n","protected":false},"excerpt":{"rendered":"<p>Jubileu<\/p>\n","protected":false},"author":9,"featured_media":239475,"comment_status":"open","ping_status":"open","sticky":false,"template":"","format":"standard","meta":[],"categories":[1],"tags":[1787,2054],"acf":[],"yoast_head":"<!-- This site is optimized with the Yoast SEO plugin v19.2 - https:\/\/yoast.com\/wordpress\/plugins\/seo\/ -->\n<title>Semana Mission\u00e1ria em Rodeio - Not\u00edcias - Franciscanos<\/title>\n<meta name=\"robots\" content=\"index, follow, max-snippet:-1, max-image-preview:large, max-video-preview:-1\" \/>\n<link rel=\"canonical\" href=\"https:\/\/franciscanos.org.br\/noticias\/semana-missionaria-em-rodeio.html\" \/>\n<meta property=\"og:locale\" content=\"pt_BR\" \/>\n<meta property=\"og:type\" content=\"article\" \/>\n<meta property=\"og:title\" content=\"Semana Mission\u00e1ria em Rodeio - Not\u00edcias - Franciscanos\" \/>\n<meta property=\"og:description\" content=\"Jubileu\" \/>\n<meta property=\"og:url\" content=\"https:\/\/franciscanos.org.br\/noticias\/semana-missionaria-em-rodeio.html\" \/>\n<meta property=\"og:site_name\" content=\"Not\u00edcias - Franciscanos\" \/>\n<meta property=\"article:published_time\" content=\"2022-09-03T12:02:05+00:00\" \/>\n<meta property=\"article:modified_time\" content=\"2022-09-05T13:04:01+00:00\" \/>\n<meta property=\"og:image\" content=\"https:\/\/franciscanos.org.br\/noticias\/wp-content\/uploads\/2022\/09\/Jubileu_1D.jpg\" \/>\n\t<meta property=\"og:image:width\" content=\"800\" \/>\n\t<meta property=\"og:image:height\" content=\"550\" \/>\n\t<meta property=\"og:image:type\" content=\"image\/jpeg\" \/>\n<meta name=\"author\" content=\"Frei Rodrigo\" \/>\n<meta name=\"twitter:card\" content=\"summary_large_image\" \/>\n<meta name=\"twitter:label1\" content=\"Escrito por\" \/>\n\t<meta name=\"twitter:data1\" content=\"Frei Rodrigo\" \/>\n\t<meta name=\"twitter:label2\" content=\"Est. tempo de leitura\" \/>\n\t<meta name=\"twitter:data2\" content=\"2 minutos\" \/>\n<script type=\"application\/ld+json\" class=\"yoast-schema-graph\">{\"@context\":\"https:\/\/schema.org\",\"@graph\":[{\"@type\":\"WebSite\",\"@id\":\"https:\/\/franciscanos.org.br\/noticias\/#website\",\"url\":\"https:\/\/franciscanos.org.br\/noticias\/\",\"name\":\"Not\u00edcias - Franciscanos\",\"description\":\"Prov\u00edncia Franciscana da Imaculada Concei\u00e7\u00e3o do Brasil - Ordem dos Frades Menores - OFM\",\"potentialAction\":[{\"@type\":\"SearchAction\",\"target\":{\"@type\":\"EntryPoint\",\"urlTemplate\":\"https:\/\/franciscanos.org.br\/noticias\/?s={search_term_string}\"},\"query-input\":\"required name=search_term_string\"}],\"inLanguage\":\"pt-BR\"},{\"@type\":\"ImageObject\",\"inLanguage\":\"pt-BR\",\"@id\":\"https:\/\/franciscanos.org.br\/noticias\/semana-missionaria-em-rodeio.html#primaryimage\",\"url\":\"https:\/\/franciscanos.org.br\/noticias\/wp-content\/uploads\/2022\/09\/Jubileu_1D.jpg\",\"contentUrl\":\"https:\/\/franciscanos.org.br\/noticias\/wp-content\/uploads\/2022\/09\/Jubileu_1D.jpg\",\"width\":800,\"height\":550},{\"@type\":\"WebPage\",\"@id\":\"https:\/\/franciscanos.org.br\/noticias\/semana-missionaria-em-rodeio.html#webpage\",\"url\":\"https:\/\/franciscanos.org.br\/noticias\/semana-missionaria-em-rodeio.html\",\"name\":\"Semana Mission\u00e1ria em Rodeio - Not\u00edcias - Franciscanos\",\"isPartOf\":{\"@id\":\"https:\/\/franciscanos.org.br\/noticias\/#website\"},\"primaryImageOfPage\":{\"@id\":\"https:\/\/franciscanos.org.br\/noticias\/semana-missionaria-em-rodeio.html#primaryimage\"},\"datePublished\":\"2022-09-03T12:02:05+00:00\",\"dateModified\":\"2022-09-05T13:04:01+00:00\",\"author\":{\"@id\":\"https:\/\/franciscanos.org.br\/noticias\/#\/schema\/person\/6ac38b733f436ae6d03a3a3f87613144\"},\"breadcrumb\":{\"@id\":\"https:\/\/franciscanos.org.br\/noticias\/semana-missionaria-em-rodeio.html#breadcrumb\"},\"inLanguage\":\"pt-BR\",\"potentialAction\":[{\"@type\":\"ReadAction\",\"target\":[\"https:\/\/franciscanos.org.br\/noticias\/semana-missionaria-em-rodeio.html\"]}]},{\"@type\":\"BreadcrumbList\",\"@id\":\"https:\/\/franciscanos.org.br\/noticias\/semana-missionaria-em-rodeio.html#breadcrumb\",\"itemListElement\":[{\"@type\":\"ListItem\",\"position\":1,\"name\":\"Home\",\"item\":\"https:\/\/franciscanos.org.br\/noticias\"},{\"@type\":\"ListItem\",\"position\":2,\"name\":\"Semana Mission\u00e1ria em Rodeio\"}]},{\"@type\":\"Person\",\"@id\":\"https:\/\/franciscanos.org.br\/noticias\/#\/schema\/person\/6ac38b733f436ae6d03a3a3f87613144\",\"name\":\"Frei Rodrigo\",\"image\":{\"@type\":\"ImageObject\",\"inLanguage\":\"pt-BR\",\"@id\":\"https:\/\/franciscanos.org.br\/noticias\/#\/schema\/person\/image\/\",\"url\":\"https:\/\/secure.gravatar.com\/avatar\/e66602ec925709df5bc3ba0b036b93fe?s=96&d=mm&r=g\",\"contentUrl\":\"https:\/\/secure.gravatar.com\/avatar\/e66602ec925709df5bc3ba0b036b93fe?s=96&d=mm&r=g\",\"caption\":\"Frei Rodrigo\"},\"url\":\"https:\/\/franciscanos.org.br\/noticias\/author\/frei-rodrigo\"}]}<\/script>\n<!-- \/ Yoast SEO plugin. -->","yoast_head_json":{"title":"Semana Mission\u00e1ria em Rodeio - Not\u00edcias - Franciscanos","robots":{"index":"index","follow":"follow","max-snippet":"max-snippet:-1","max-image-preview":"max-image-preview:large","max-video-preview":"max-video-preview:-1"},"canonical":"https:\/\/franciscanos.org.br\/noticias\/semana-missionaria-em-rodeio.html","og_locale":"pt_BR","og_type":"article","og_title":"Semana Mission\u00e1ria em Rodeio - Not\u00edcias - Franciscanos","og_description":"Jubileu","og_url":"https:\/\/franciscanos.org.br\/noticias\/semana-missionaria-em-rodeio.html","og_site_name":"Not\u00edcias - Franciscanos","article_published_time":"2022-09-03T12:02:05+00:00","article_modified_time":"2022-09-05T13:04:01+00:00","og_image":[{"width":800,"height":550,"url":"https:\/\/franciscanos.org.br\/noticias\/wp-content\/uploads\/2022\/09\/Jubileu_1D.jpg","type":"image\/jpeg"}],"author":"Frei Rodrigo","twitter_card":"summary_large_image","twitter_misc":{"Escrito por":"Frei Rodrigo","Est. tempo de leitura":"2 minutos"},"schema":{"@context":"https:\/\/schema.org","@graph":[{"@type":"WebSite","@id":"https:\/\/franciscanos.org.br\/noticias\/#website","url":"https:\/\/franciscanos.org.br\/noticias\/","name":"Not\u00edcias - Franciscanos","description":"Prov\u00edncia Franciscana da Imaculada Concei\u00e7\u00e3o do Brasil - Ordem dos Frades Menores - OFM","potentialAction":[{"@type":"SearchAction","target":{"@type":"EntryPoint","urlTemplate":"https:\/\/franciscanos.org.br\/noticias\/?s={search_term_string}"},"query-input":"required name=search_term_string"}],"inLanguage":"pt-BR"},{"@type":"ImageObject","inLanguage":"pt-BR","@id":"https:\/\/franciscanos.org.br\/noticias\/semana-missionaria-em-rodeio.html#primaryimage","url":"https:\/\/franciscanos.org.br\/noticias\/wp-content\/uploads\/2022\/09\/Jubileu_1D.jpg","contentUrl":"https:\/\/franciscanos.org.br\/noticias\/wp-content\/uploads\/2022\/09\/Jubileu_1D.jpg","width":800,"height":550},{"@type":"WebPage","@id":"https:\/\/franciscanos.org.br\/noticias\/semana-missionaria-em-rodeio.html#webpage","url":"https:\/\/franciscanos.org.br\/noticias\/semana-missionaria-em-rodeio.html","name":"Semana Mission\u00e1ria em Rodeio - Not\u00edcias - Franciscanos","isPartOf":{"@id":"https:\/\/franciscanos.org.br\/noticias\/#website"},"primaryImageOfPage":{"@id":"https:\/\/franciscanos.org.br\/noticias\/semana-missionaria-em-rodeio.html#primaryimage"},"datePublished":"2022-09-03T12:02:05+00:00","dateModified":"2022-09-05T13:04:01+00:00","author":{"@id":"https:\/\/franciscanos.org.br\/noticias\/#\/schema\/person\/6ac38b733f436ae6d03a3a3f87613144"},"breadcrumb":{"@id":"https:\/\/franciscanos.org.br\/noticias\/semana-missionaria-em-rodeio.html#breadcrumb"},"inLanguage":"pt-BR","potentialAction":[{"@type":"ReadAction","target":["https:\/\/franciscanos.org.br\/noticias\/semana-missionaria-em-rodeio.html"]}]},{"@type":"BreadcrumbList","@id":"https:\/\/franciscanos.org.br\/noticias\/semana-missionaria-em-rodeio.html#breadcrumb","itemListElement":[{"@type":"ListItem","position":1,"name":"Home","item":"https:\/\/franciscanos.org.br\/noticias"},{"@type":"ListItem","position":2,"name":"Semana Mission\u00e1ria em Rodeio"}]},{"@type":"Person","@id":"https:\/\/franciscanos.org.br\/noticias\/#\/schema\/person\/6ac38b733f436ae6d03a3a3f87613144","name":"Frei Rodrigo","image":{"@type":"ImageObject","inLanguage":"pt-BR","@id":"https:\/\/franciscanos.org.br\/noticias\/#\/schema\/person\/image\/","url":"https:\/\/secure.gravatar.com\/avatar\/e66602ec925709df5bc3ba0b036b93fe?s=96&d=mm&r=g","contentUrl":"https:\/\/secure.gravatar.com\/avatar\/e66602ec925709df5bc3ba0b036b93fe?s=96&d=mm&r=g","caption":"Frei Rodrigo"},"url":"https:\/\/franciscanos.org.br\/noticias\/author\/frei-rodrigo"}]}},"_links":{"self":[{"href":"https:\/\/franciscanos.org.br\/noticias\/wp-json\/wp\/v2\/posts\/239471"}],"collection":[{"href":"https:\/\/franciscanos.org.br\/noticias\/wp-json\/wp\/v2\/posts"}],"about":[{"href":"https:\/\/franciscanos.org.br\/noticias\/wp-json\/wp\/v2\/types\/post"}],"author":[{"embeddable":true,"href":"https:\/\/franciscanos.org.br\/noticias\/wp-json\/wp\/v2\/users\/9"}],"replies":[{"embeddable":true,"href":"https:\/\/franciscanos.org.br\/noticias\/wp-json\/wp\/v2\/comments?post=239471"}],"version-history":[{"count":4,"href":"https:\/\/franciscanos.org.br\/noticias\/wp-json\/wp\/v2\/posts\/239471\/revisions"}],"predecessor-version":[{"id":239490,"href":"https:\/\/franciscanos.org.br\/noticias\/wp-json\/wp\/v2\/posts\/239471\/revisions\/239490"}],"wp:featuredmedia":[{"embeddable":true,"href":"https:\/\/franciscanos.org.br\/noticias\/wp-json\/wp\/v2\/media\/239475"}],"wp:attachment":[{"href":"https:\/\/franciscanos.org.br\/noticias\/wp-json\/wp\/v2\/media?parent=239471"}],"wp:term":[{"taxonomy":"category","embeddable":true,"href":"https:\/\/franciscanos.org.br\/noticias\/wp-json\/wp\/v2\/categories?post=239471"},{"taxonomy":"post_tag","embeddable":true,"href":"https:\/\/franciscanos.org.br\/noticias\/wp-json\/wp\/v2\/tags?post=239471"}],"curies":[{"name":"wp","href":"https:\/\/api.w.org\/{rel}","templated":true}]}}