{"id":239447,"date":"2022-09-02T00:00:58","date_gmt":"2022-09-02T03:00:58","guid":{"rendered":"https:\/\/franciscanos.org.br\/noticias\/?p=239447"},"modified":"2022-09-02T07:13:46","modified_gmt":"2022-09-02T10:13:46","slug":"para-sempre-canarinhos-e-o-novo-album-dos-meninos-cantores-de-petropolis","status":"publish","type":"post","link":"https:\/\/franciscanos.org.br\/noticias\/para-sempre-canarinhos-e-o-novo-album-dos-meninos-cantores-de-petropolis.html","title":{"rendered":"\u201cPara sempre Canarinhos\u201d \u00e9 o novo \u00e1lbum dos Meninos Cantores de Petr\u00f3polis"},"content":{"rendered":"<p><img loading=\"lazy\" class=\"alignnone size-full wp-image-239448\" src=\"https:\/\/franciscanos.org.br\/noticias\/wp-content\/uploads\/2022\/09\/canarinhos_1280\u00d7720.png\" alt=\"\" width=\"1280\" height=\"720\" srcset=\"https:\/\/franciscanos.org.br\/noticias\/wp-content\/uploads\/2022\/09\/canarinhos_1280\u00d7720.png 1280w, https:\/\/franciscanos.org.br\/noticias\/wp-content\/uploads\/2022\/09\/canarinhos_1280\u00d7720-450x253.png 450w, https:\/\/franciscanos.org.br\/noticias\/wp-content\/uploads\/2022\/09\/canarinhos_1280\u00d7720-1024x576.png 1024w, https:\/\/franciscanos.org.br\/noticias\/wp-content\/uploads\/2022\/09\/canarinhos_1280\u00d7720-768x432.png 768w, https:\/\/franciscanos.org.br\/noticias\/wp-content\/uploads\/2022\/09\/canarinhos_1280\u00d7720-150x84.png 150w\" sizes=\"(max-width: 1280px) 100vw, 1280px\" \/><\/p>\n<p><strong>Petr\u00f3polis (RJ) \u2013<\/strong> Com um repert\u00f3rio variado que contempla m\u00fasicas desde o tempo renascentista at\u00e9 o contempor\u00e2neo, incluindo obras brasileiras, o Instituto dos Meninos Cantores de Petr\u00f3polis (IMPC), lan\u00e7a nesta sexta-feira (2\/09), o \u00e1lbum comemorativo \u201cPara sempre Canarinhos\u201d. O projeto faz parte das celebra\u00e7\u00f5es do Ano Jubilar de 80 anos do Coral dos Canarinhos, que teve in\u00edcio no \u00faltimo dia 21 de agosto.<\/p>\n<p>Dispon\u00edvel em todas as plataformas digitais de \u00e1udio, as obras escolhidas apresentam um registro hist\u00f3rico de d\u00e9cadas de dedica\u00e7\u00e3o \u00e0 m\u00fasica coral sacra e tamb\u00e9m popular. Segundo o diretor art\u00edstico e regente do coral dos meninos, Marco Aur\u00e9lio Lischt, o \u00e1lbum apresenta um panorama das v\u00e1rias vertentes interpretativas que o Coral dos Canarinhos, ao longo de seus 80 anos, tem praticado.<\/p>\n<div id=\"attachment_239454\" style=\"width: 335px\" class=\"wp-caption alignright\"><img aria-describedby=\"caption-attachment-239454\" loading=\"lazy\" class=\"wp-image-239454\" src=\"https:\/\/franciscanos.org.br\/noticias\/wp-content\/uploads\/2022\/09\/lischt_020922.png\" alt=\"\" width=\"325\" height=\"488\" srcset=\"https:\/\/franciscanos.org.br\/noticias\/wp-content\/uploads\/2022\/09\/lischt_020922.png 400w, https:\/\/franciscanos.org.br\/noticias\/wp-content\/uploads\/2022\/09\/lischt_020922-300x450.png 300w, https:\/\/franciscanos.org.br\/noticias\/wp-content\/uploads\/2022\/09\/lischt_020922-150x225.png 150w\" sizes=\"(max-width: 325px) 100vw, 325px\" \/><p id=\"caption-attachment-239454\" class=\"wp-caption-text\">Maestro Marco Aur\u00e9lio Lischt<\/p><\/div>\n<p>Lischt explica quais foram os crit\u00e9rios para a escolha das m\u00fasicas. \u201cPrimeiramente, pensou-se em representar esses 80 anos com pelo menos duas faixas de cada d\u00e9cada de exist\u00eancia coral. Mas as primeiras grava\u00e7\u00f5es que temos \u00e0 disposi\u00e7\u00e3o em nossos arquivos, datam dos anos 50. Dentre os muitos LPs e CDs j\u00e1 gravados pelo coral, procuramos trazer ao p\u00fablico um repert\u00f3rio bem variado\u201d, revelou.<\/p>\n<p>A ideia de lan\u00e7ar um \u00e1lbum comemorativo nasceu durante reuni\u00f5es da comiss\u00e3o que prepara as festividades e celebra\u00e7\u00f5es dos 80 anos do Coral dos Canarinhos. \u201cNossos colaboradores, pais e volunt\u00e1rios deram a ideia de criar algo na linha de divulga\u00e7\u00e3o do trabalho dos coralistas na internet\u201d, disse o regente. \u201cO Coral dos Canarinhos tem ao todo 18 \u00e1lbuns gravados e com todo esse material \u00e0 disposi\u00e7\u00e3o, buscamos selecionar algumas faixas que ilustram a vida musical dos mais de 4 mil cantores que j\u00e1 passaram por aqui\u201d, acrescentou.<\/p>\n<p>Entre as 17 m\u00fasicas escolhidas, algumas foram, inclusive, compostas por ex-canarinhos. \u201cIsso me deixa muito orgulhoso por saber que o nosso trabalho rende frutos variados e, dentre eles, aqueles que querem se aventurar no caminho da m\u00fasica. Hoje, temos mais de 40 ex-canarinhos vivendo da m\u00fasica, seja no Brasil ou no exterior\u201d, citou. \u201cSomos uma grande fam\u00edlia musical, que tem em seu meio alguns talentos \u00e0 mais para a m\u00fasica\u201d, sublinhou.<\/p>\n<p>Para o regente titular do coro de meninos mais antigo do pa\u00eds, o p\u00fablico certamente vai gostar. \u201cDesejo que gostem de ouvir e relembrar de nossas grava\u00e7\u00f5es de outrora e tamb\u00e9m, as mais atuais. S\u00e3o m\u00fasicas que fazem mem\u00f3ria de momentos que marcaram as \u00e9pocas desses 80 anos de hist\u00f3ria do Coral dos Canarinhos\u201d, frisou. \u201cQuem sabe faremos o lan\u00e7amento de uma segunda edi\u00e7\u00e3o deste \u00e1lbum\u201d, adiantou Lischt.<\/p>\n<p>O \u00e1lbum \u201cPara sempre Canarinhos\u201d pode ser ouvido atrav\u00e9s das plataformas do Spotify, Deezer, Apple Music, YouTube Music, Amazon Music e muito mais atrav\u00e9s do seu aplicativo de m\u00fasica favorito. Procure por Coral dos Canarinhos de Petr\u00f3polis e prestigie.<\/p>\n<p style=\"text-align: center;\"><strong>OU\u00c7A PELO SPOTIFY:<\/strong><\/p>\n<p><iframe loading=\"lazy\" style=\"border-radius: 12px;\" src=\"https:\/\/open.spotify.com\/embed\/album\/4DrdZ2XcY6qy2e9z2ouyDc?utm_source=generator\" width=\"100%\" height=\"400\" frameborder=\"0\" allowfullscreen=\"allowfullscreen\"><span data-mce-type=\"bookmark\" style=\"display: inline-block; width: 0px; overflow: hidden; line-height: 0;\" class=\"mce_SELRES_start\">\ufeff<\/span><span data-mce-type=\"bookmark\" style=\"display: inline-block; width: 0px; overflow: hidden; line-height: 0;\" class=\"mce_SELRES_start\">\ufeff<\/span><\/iframe><\/p>\n<hr \/>\n<p><em>Frei Augusto Luiz Gabriel<\/em><\/p>\n","protected":false},"excerpt":{"rendered":"<p>Ano Jubilar de 80 anos do Coral dos Canarinhos de Petr\u00f3polis<\/p>\n","protected":false},"author":3,"featured_media":239448,"comment_status":"open","ping_status":"open","sticky":false,"template":"","format":"standard","meta":[],"categories":[1],"tags":[1378,2053],"acf":[],"yoast_head":"<!-- This site is optimized with the Yoast SEO plugin v19.2 - https:\/\/yoast.com\/wordpress\/plugins\/seo\/ -->\n<title>\u201cPara sempre Canarinhos\u201d \u00e9 o novo \u00e1lbum dos Meninos Cantores de Petr\u00f3polis - Not\u00edcias - Franciscanos<\/title>\n<meta name=\"robots\" content=\"index, follow, max-snippet:-1, max-image-preview:large, max-video-preview:-1\" \/>\n<link rel=\"canonical\" href=\"https:\/\/franciscanos.org.br\/noticias\/para-sempre-canarinhos-e-o-novo-album-dos-meninos-cantores-de-petropolis.html\" \/>\n<meta property=\"og:locale\" content=\"pt_BR\" \/>\n<meta property=\"og:type\" content=\"article\" \/>\n<meta property=\"og:title\" content=\"\u201cPara sempre Canarinhos\u201d \u00e9 o novo \u00e1lbum dos Meninos Cantores de Petr\u00f3polis - Not\u00edcias - Franciscanos\" \/>\n<meta property=\"og:description\" content=\"Ano Jubilar de 80 anos do Coral dos Canarinhos de Petr\u00f3polis\" \/>\n<meta property=\"og:url\" content=\"https:\/\/franciscanos.org.br\/noticias\/para-sempre-canarinhos-e-o-novo-album-dos-meninos-cantores-de-petropolis.html\" \/>\n<meta property=\"og:site_name\" content=\"Not\u00edcias - Franciscanos\" \/>\n<meta property=\"article:published_time\" content=\"2022-09-02T03:00:58+00:00\" \/>\n<meta property=\"article:modified_time\" content=\"2022-09-02T10:13:46+00:00\" \/>\n<meta property=\"og:image\" content=\"https:\/\/franciscanos.org.br\/noticias\/wp-content\/uploads\/2022\/09\/canarinhos_1280\u00d7720.png\" \/>\n\t<meta property=\"og:image:width\" content=\"1280\" \/>\n\t<meta property=\"og:image:height\" content=\"720\" \/>\n\t<meta property=\"og:image:type\" content=\"image\/png\" \/>\n<meta name=\"author\" content=\"moacir\" \/>\n<meta name=\"twitter:card\" content=\"summary_large_image\" \/>\n<meta name=\"twitter:label1\" content=\"Escrito por\" \/>\n\t<meta name=\"twitter:data1\" content=\"moacir\" \/>\n\t<meta name=\"twitter:label2\" content=\"Est. tempo de leitura\" \/>\n\t<meta name=\"twitter:data2\" content=\"3 minutos\" \/>\n<script type=\"application\/ld+json\" class=\"yoast-schema-graph\">{\"@context\":\"https:\/\/schema.org\",\"@graph\":[{\"@type\":\"WebSite\",\"@id\":\"https:\/\/franciscanos.org.br\/noticias\/#website\",\"url\":\"https:\/\/franciscanos.org.br\/noticias\/\",\"name\":\"Not\u00edcias - Franciscanos\",\"description\":\"Prov\u00edncia Franciscana da Imaculada Concei\u00e7\u00e3o do Brasil - Ordem dos Frades Menores - OFM\",\"potentialAction\":[{\"@type\":\"SearchAction\",\"target\":{\"@type\":\"EntryPoint\",\"urlTemplate\":\"https:\/\/franciscanos.org.br\/noticias\/?s={search_term_string}\"},\"query-input\":\"required name=search_term_string\"}],\"inLanguage\":\"pt-BR\"},{\"@type\":\"ImageObject\",\"inLanguage\":\"pt-BR\",\"@id\":\"https:\/\/franciscanos.org.br\/noticias\/para-sempre-canarinhos-e-o-novo-album-dos-meninos-cantores-de-petropolis.html#primaryimage\",\"url\":\"https:\/\/franciscanos.org.br\/noticias\/wp-content\/uploads\/2022\/09\/canarinhos_1280\u00d7720.png\",\"contentUrl\":\"https:\/\/franciscanos.org.br\/noticias\/wp-content\/uploads\/2022\/09\/canarinhos_1280\u00d7720.png\",\"width\":1280,\"height\":720},{\"@type\":\"WebPage\",\"@id\":\"https:\/\/franciscanos.org.br\/noticias\/para-sempre-canarinhos-e-o-novo-album-dos-meninos-cantores-de-petropolis.html#webpage\",\"url\":\"https:\/\/franciscanos.org.br\/noticias\/para-sempre-canarinhos-e-o-novo-album-dos-meninos-cantores-de-petropolis.html\",\"name\":\"\u201cPara sempre Canarinhos\u201d \u00e9 o novo \u00e1lbum dos Meninos Cantores de Petr\u00f3polis - Not\u00edcias - Franciscanos\",\"isPartOf\":{\"@id\":\"https:\/\/franciscanos.org.br\/noticias\/#website\"},\"primaryImageOfPage\":{\"@id\":\"https:\/\/franciscanos.org.br\/noticias\/para-sempre-canarinhos-e-o-novo-album-dos-meninos-cantores-de-petropolis.html#primaryimage\"},\"datePublished\":\"2022-09-02T03:00:58+00:00\",\"dateModified\":\"2022-09-02T10:13:46+00:00\",\"author\":{\"@id\":\"https:\/\/franciscanos.org.br\/noticias\/#\/schema\/person\/b5c8cba458c330ccff548b056e95a5d4\"},\"breadcrumb\":{\"@id\":\"https:\/\/franciscanos.org.br\/noticias\/para-sempre-canarinhos-e-o-novo-album-dos-meninos-cantores-de-petropolis.html#breadcrumb\"},\"inLanguage\":\"pt-BR\",\"potentialAction\":[{\"@type\":\"ReadAction\",\"target\":[\"https:\/\/franciscanos.org.br\/noticias\/para-sempre-canarinhos-e-o-novo-album-dos-meninos-cantores-de-petropolis.html\"]}]},{\"@type\":\"BreadcrumbList\",\"@id\":\"https:\/\/franciscanos.org.br\/noticias\/para-sempre-canarinhos-e-o-novo-album-dos-meninos-cantores-de-petropolis.html#breadcrumb\",\"itemListElement\":[{\"@type\":\"ListItem\",\"position\":1,\"name\":\"Home\",\"item\":\"https:\/\/franciscanos.org.br\/noticias\"},{\"@type\":\"ListItem\",\"position\":2,\"name\":\"\u201cPara sempre Canarinhos\u201d \u00e9 o novo \u00e1lbum dos Meninos Cantores de Petr\u00f3polis\"}]},{\"@type\":\"Person\",\"@id\":\"https:\/\/franciscanos.org.br\/noticias\/#\/schema\/person\/b5c8cba458c330ccff548b056e95a5d4\",\"name\":\"moacir\",\"image\":{\"@type\":\"ImageObject\",\"inLanguage\":\"pt-BR\",\"@id\":\"https:\/\/franciscanos.org.br\/noticias\/#\/schema\/person\/image\/\",\"url\":\"https:\/\/secure.gravatar.com\/avatar\/d08aa2ce4c8dd416d4479aa8536fcf64?s=96&d=mm&r=g\",\"contentUrl\":\"https:\/\/secure.gravatar.com\/avatar\/d08aa2ce4c8dd416d4479aa8536fcf64?s=96&d=mm&r=g\",\"caption\":\"moacir\"},\"url\":\"https:\/\/franciscanos.org.br\/noticias\/author\/moacir\"}]}<\/script>\n<!-- \/ Yoast SEO plugin. -->","yoast_head_json":{"title":"\u201cPara sempre Canarinhos\u201d \u00e9 o novo \u00e1lbum dos Meninos Cantores de Petr\u00f3polis - Not\u00edcias - Franciscanos","robots":{"index":"index","follow":"follow","max-snippet":"max-snippet:-1","max-image-preview":"max-image-preview:large","max-video-preview":"max-video-preview:-1"},"canonical":"https:\/\/franciscanos.org.br\/noticias\/para-sempre-canarinhos-e-o-novo-album-dos-meninos-cantores-de-petropolis.html","og_locale":"pt_BR","og_type":"article","og_title":"\u201cPara sempre Canarinhos\u201d \u00e9 o novo \u00e1lbum dos Meninos Cantores de Petr\u00f3polis - Not\u00edcias - Franciscanos","og_description":"Ano Jubilar de 80 anos do Coral dos Canarinhos de Petr\u00f3polis","og_url":"https:\/\/franciscanos.org.br\/noticias\/para-sempre-canarinhos-e-o-novo-album-dos-meninos-cantores-de-petropolis.html","og_site_name":"Not\u00edcias - Franciscanos","article_published_time":"2022-09-02T03:00:58+00:00","article_modified_time":"2022-09-02T10:13:46+00:00","og_image":[{"width":1280,"height":720,"url":"https:\/\/franciscanos.org.br\/noticias\/wp-content\/uploads\/2022\/09\/canarinhos_1280\u00d7720.png","type":"image\/png"}],"author":"moacir","twitter_card":"summary_large_image","twitter_misc":{"Escrito por":"moacir","Est. tempo de leitura":"3 minutos"},"schema":{"@context":"https:\/\/schema.org","@graph":[{"@type":"WebSite","@id":"https:\/\/franciscanos.org.br\/noticias\/#website","url":"https:\/\/franciscanos.org.br\/noticias\/","name":"Not\u00edcias - Franciscanos","description":"Prov\u00edncia Franciscana da Imaculada Concei\u00e7\u00e3o do Brasil - Ordem dos Frades Menores - OFM","potentialAction":[{"@type":"SearchAction","target":{"@type":"EntryPoint","urlTemplate":"https:\/\/franciscanos.org.br\/noticias\/?s={search_term_string}"},"query-input":"required name=search_term_string"}],"inLanguage":"pt-BR"},{"@type":"ImageObject","inLanguage":"pt-BR","@id":"https:\/\/franciscanos.org.br\/noticias\/para-sempre-canarinhos-e-o-novo-album-dos-meninos-cantores-de-petropolis.html#primaryimage","url":"https:\/\/franciscanos.org.br\/noticias\/wp-content\/uploads\/2022\/09\/canarinhos_1280\u00d7720.png","contentUrl":"https:\/\/franciscanos.org.br\/noticias\/wp-content\/uploads\/2022\/09\/canarinhos_1280\u00d7720.png","width":1280,"height":720},{"@type":"WebPage","@id":"https:\/\/franciscanos.org.br\/noticias\/para-sempre-canarinhos-e-o-novo-album-dos-meninos-cantores-de-petropolis.html#webpage","url":"https:\/\/franciscanos.org.br\/noticias\/para-sempre-canarinhos-e-o-novo-album-dos-meninos-cantores-de-petropolis.html","name":"\u201cPara sempre Canarinhos\u201d \u00e9 o novo \u00e1lbum dos Meninos Cantores de Petr\u00f3polis - Not\u00edcias - Franciscanos","isPartOf":{"@id":"https:\/\/franciscanos.org.br\/noticias\/#website"},"primaryImageOfPage":{"@id":"https:\/\/franciscanos.org.br\/noticias\/para-sempre-canarinhos-e-o-novo-album-dos-meninos-cantores-de-petropolis.html#primaryimage"},"datePublished":"2022-09-02T03:00:58+00:00","dateModified":"2022-09-02T10:13:46+00:00","author":{"@id":"https:\/\/franciscanos.org.br\/noticias\/#\/schema\/person\/b5c8cba458c330ccff548b056e95a5d4"},"breadcrumb":{"@id":"https:\/\/franciscanos.org.br\/noticias\/para-sempre-canarinhos-e-o-novo-album-dos-meninos-cantores-de-petropolis.html#breadcrumb"},"inLanguage":"pt-BR","potentialAction":[{"@type":"ReadAction","target":["https:\/\/franciscanos.org.br\/noticias\/para-sempre-canarinhos-e-o-novo-album-dos-meninos-cantores-de-petropolis.html"]}]},{"@type":"BreadcrumbList","@id":"https:\/\/franciscanos.org.br\/noticias\/para-sempre-canarinhos-e-o-novo-album-dos-meninos-cantores-de-petropolis.html#breadcrumb","itemListElement":[{"@type":"ListItem","position":1,"name":"Home","item":"https:\/\/franciscanos.org.br\/noticias"},{"@type":"ListItem","position":2,"name":"\u201cPara sempre Canarinhos\u201d \u00e9 o novo \u00e1lbum dos Meninos Cantores de Petr\u00f3polis"}]},{"@type":"Person","@id":"https:\/\/franciscanos.org.br\/noticias\/#\/schema\/person\/b5c8cba458c330ccff548b056e95a5d4","name":"moacir","image":{"@type":"ImageObject","inLanguage":"pt-BR","@id":"https:\/\/franciscanos.org.br\/noticias\/#\/schema\/person\/image\/","url":"https:\/\/secure.gravatar.com\/avatar\/d08aa2ce4c8dd416d4479aa8536fcf64?s=96&d=mm&r=g","contentUrl":"https:\/\/secure.gravatar.com\/avatar\/d08aa2ce4c8dd416d4479aa8536fcf64?s=96&d=mm&r=g","caption":"moacir"},"url":"https:\/\/franciscanos.org.br\/noticias\/author\/moacir"}]}},"_links":{"self":[{"href":"https:\/\/franciscanos.org.br\/noticias\/wp-json\/wp\/v2\/posts\/239447"}],"collection":[{"href":"https:\/\/franciscanos.org.br\/noticias\/wp-json\/wp\/v2\/posts"}],"about":[{"href":"https:\/\/franciscanos.org.br\/noticias\/wp-json\/wp\/v2\/types\/post"}],"author":[{"embeddable":true,"href":"https:\/\/franciscanos.org.br\/noticias\/wp-json\/wp\/v2\/users\/3"}],"replies":[{"embeddable":true,"href":"https:\/\/franciscanos.org.br\/noticias\/wp-json\/wp\/v2\/comments?post=239447"}],"version-history":[{"count":10,"href":"https:\/\/franciscanos.org.br\/noticias\/wp-json\/wp\/v2\/posts\/239447\/revisions"}],"predecessor-version":[{"id":239459,"href":"https:\/\/franciscanos.org.br\/noticias\/wp-json\/wp\/v2\/posts\/239447\/revisions\/239459"}],"wp:featuredmedia":[{"embeddable":true,"href":"https:\/\/franciscanos.org.br\/noticias\/wp-json\/wp\/v2\/media\/239448"}],"wp:attachment":[{"href":"https:\/\/franciscanos.org.br\/noticias\/wp-json\/wp\/v2\/media?parent=239447"}],"wp:term":[{"taxonomy":"category","embeddable":true,"href":"https:\/\/franciscanos.org.br\/noticias\/wp-json\/wp\/v2\/categories?post=239447"},{"taxonomy":"post_tag","embeddable":true,"href":"https:\/\/franciscanos.org.br\/noticias\/wp-json\/wp\/v2\/tags?post=239447"}],"curies":[{"name":"wp","href":"https:\/\/api.w.org\/{rel}","templated":true}]}}