{"id":239436,"date":"2022-09-01T13:06:48","date_gmt":"2022-09-01T16:06:48","guid":{"rendered":"https:\/\/franciscanos.org.br\/noticias\/?p=239436"},"modified":"2022-09-01T13:06:48","modified_gmt":"2022-09-01T16:06:48","slug":"vozeslivros","status":"publish","type":"post","link":"https:\/\/franciscanos.org.br\/noticias\/vozeslivros.html","title":{"rendered":"&#8220;A liturgia da Igreja: teologia, hist\u00f3ria, espiritualidade e pastoral&#8221; entre os lan\u00e7amentos da Editora Vozes"},"content":{"rendered":"<p><img loading=\"lazy\" class=\"alignnone size-full wp-image-239438\" src=\"https:\/\/franciscanos.org.br\/noticias\/wp-content\/uploads\/2022\/09\/01-Vozes-1280.jpg\" alt=\"\" width=\"1280\" height=\"650\" srcset=\"https:\/\/franciscanos.org.br\/noticias\/wp-content\/uploads\/2022\/09\/01-Vozes-1280.jpg 1280w, https:\/\/franciscanos.org.br\/noticias\/wp-content\/uploads\/2022\/09\/01-Vozes-1280-450x229.jpg 450w, https:\/\/franciscanos.org.br\/noticias\/wp-content\/uploads\/2022\/09\/01-Vozes-1280-1024x520.jpg 1024w, https:\/\/franciscanos.org.br\/noticias\/wp-content\/uploads\/2022\/09\/01-Vozes-1280-768x390.jpg 768w, https:\/\/franciscanos.org.br\/noticias\/wp-content\/uploads\/2022\/09\/01-Vozes-1280-150x76.jpg 150w\" sizes=\"(max-width: 1280px) 100vw, 1280px\" \/><\/p>\n<h3><strong>A liturgia da Igreja: teologia, hist\u00f3ria, espiritualidade e pastoral<\/strong><\/h3>\n<p>Esta obra traz uma s\u00edntese do conhecimento lit\u00fargico atual com base na vis\u00e3o teol\u00f3gica e pastoral dos ensinamentos do Conc\u00edlio Vaticano II e a contribui\u00e7\u00e3o da segunda parte do Catecismo da Igreja Cat\u00f3lica. O trabalho tamb\u00e9m responde \u00e0 Instru\u00e7\u00e3o sobre a forma\u00e7\u00e3o lit\u00fargica nos Semin\u00e1rios da Congrega\u00e7\u00e3o para a Educa\u00e7\u00e3o Cat\u00f3lica (03\/06\/1979), sobre a abordagem, prop\u00f3sitos e conte\u00fados do ensino da liturgia. O livro \u00e9 estruturado em cinco partes, seguindo um cap\u00edtulo introdut\u00f3rio sobre a forma\u00e7\u00e3o lit\u00fargica. A primeira parte estuda o fato lit\u00fargico na economia da salva\u00e7\u00e3o e na hist\u00f3ria. A segunda parte, a celebra\u00e7\u00e3o, com todos os seus componentes. A terceira, a Eucaristia, os sacramentos e os sacramentais. A quarta trata da santifica\u00e7\u00e3o das horas. E a quinta trata da espiritualidade lit\u00fargica e sua rela\u00e7\u00e3o com outros aspectos da vida da Igreja.<\/p>\n<hr \/>\n<h3><strong>Hegel e o poder: um ensaio sobre a amabilidade<\/strong><\/h3>\n<p>A palavra do poder de Hegel \u201ctu \u00e9s carne de minha carne\u201d sela a continuidade do si mesmo. A palavra do poder n\u00e3o \u00e9, contudo, a \u00faltima palavra, nem mesmo a palavra por excel\u00eancia. Contra a palavra do poder hegeliana que aparece como palavra da liberdade ou tamb\u00e9m como palavra do amor, o presente livro procura e ensaia tornar aud\u00edvel uma palavra completamente diferente que brilha, apesar da, atrav\u00e9s da aus\u00eancia de poder. Dedica-se \u00e0 palavra am\u00e1vel.<\/p>\n<hr \/>\n<h3><strong>Atos dos Ap\u00f3stolos e Cartas de S\u00e3o Paulo<\/strong><\/h3>\n<p>Com este livro o autor oferece um instrumento de estudo para aqueles que desejam conhecer mais de perto o Livro dos Atos dos Ap\u00f3stolos e as Cartas de S\u00e3o Paulo, dividindo-o em duas partes. Na primeira parte \u2013 Os Atos dos Ap\u00f3stolos \u2013 o autor brinda o leitor com informa\u00e7\u00f5es deste livro hist\u00f3rico, apresentando dados da difus\u00e3o do Evangelho na Igreja nascente, discorrendo sobre a sua autoria, os tipos e composi\u00e7\u00e3o do texto e suas fontes.<\/p>\n<p>Na segunda parte \u2013 As Cartas de S\u00e3o Paulo \u2013 o autor apresenta seu estudo em ordem cronol\u00f3gica colocando cada uma das cartas no contexto em que foram escritas. Nesta perspectiva, para favorecer a compreens\u00e3o acerca de cada carta, o autor procurou seguir, sempre que poss\u00edvel, o mesmo esquema discorrendo sobre: a cidade, a comunidade \u00e0 qual eram dirigidas a carta e o fato que est\u00e1 na sua origem.<\/p>\n<hr \/>\n<h3><strong>Caderno de exerc\u00edcios para identificar as feridas do cora\u00e7\u00e3o<\/strong><\/h3>\n<p>A dor f\u00edsica \u00e9 geralmente mais aceit\u00e1vel socialmente do que a dor ps\u00edquica. A prova disso \u00e9 que a maioria de n\u00f3s consulta com mais frequ\u00eancia os m\u00e9dicos e naturopatas do que os psicoterapeutas ou os psicanalistas. N\u00e3o que nosso sofrimento afetivo seja menos real, mas, como o aceitamos com dificuldade, tendemos a recalc\u00e1-lo em vez de escut\u00e1-lo. A consequ\u00eancia \u00e9 que nosso pr\u00f3prio mundo interior nos \u00e9 desconhecido. Sendo assim, ele influencia nossas a\u00e7\u00f5es, escolhas, decis\u00f5es e rea\u00e7\u00f5es sem que saibamos. Nosso cora\u00e7\u00e3o sofre em sil\u00eancio e suas feridas crescem a cada dia porque elas n\u00e3o s\u00e3o ouvidas nem identificadas. Como identificar nossas feridas do cora\u00e7\u00e3o nesse magma de transtornos interiores completamente irracionais? Como elas formam um todo complexo no interior de nosso psiquismo, a consci\u00eancia racional precisa identific\u00e1-las para encontrar meios de alivi\u00e1-las.<\/p>\n<hr \/>\n<h3><strong>Ativismos no Brasil: movimentos sociais, coletivos e organiza\u00e7\u00f5es sociais civis: como impactam e por que importam?<\/strong><\/h3>\n<p>Este livro tem um diferencial em rela\u00e7\u00e3o a outros que j\u00e1 escrevi: o tempo hist\u00f3rico em que ele foi escrito e a maioria dos acontecimentos que s\u00e3o narrados e analisados. Um tempo que afetou e impactou de forma diferente todos os seres humanos: o tempo da pandemia da Covid-19. N\u00e3o s\u00f3 tempo de incertezas, medo do presente, mas tamb\u00e9m de busca de caminhos para mudan\u00e7as sociopol\u00edticas e culturais que possam manter viva a esperan\u00e7a para um futuro diferente. Um futuro que nos livre da barb\u00e1rie do presente, que contemple novos horizontes, que reflita as mudan\u00e7as operadas na sociedade, e n\u00e3o simples tentativa de regresso ao passado. Caminhos que iluminem alternativas para um futuro que restitua direitos e dignidades que est\u00e3o sendo usurpados. Ou seja, um futuro com justi\u00e7a social, sem desigualdades socioecon\u00f4micas, que nos d\u00ea esperan\u00e7a e \u201ccalma na alma\u201d, como diria um poeta.<\/p>\n<hr \/>\n<h3><strong>Retorica<\/strong><\/h3>\n<p>A ret\u00f3rica \u00e9 correspondente \u00e0 dial\u00e9tica, pois ambas, de certa maneira, s\u00e3o comuns ao conhecimento de todos e n\u00e3o correspondem a nenhum tipo de ci\u00eancia em particular; eis por que, de certo modo, todos os homens possuem uma parte de ambas; j\u00e1 que, at\u00e9 certo ponto, todos discutem para confrontar e sustentar um argumento, e tamb\u00e9m para se defender e acusar.<\/p>\n<hr \/>\n<h3><strong>Maanuscritos econ\u00f4mico-filos\u00f3ficos de 1844<\/strong><\/h3>\n<p>\u201cNo presente escrito, por essa raz\u00e3o, a rela\u00e7\u00e3o da economia nacional com o Estado, o direito, a moral, a vida civil etc. s\u00f3 se encontra referida justamente at\u00e9 o ponto em que a pr\u00f3pria teoria da economia nacional, ex professo, refere-se a esses objetos.<\/p>\n<p>Ao leitor familiarizado com a economia nacional n\u00e3o tenho de assegurar inicialmente que meus resultados foram obtidos mediante uma an\u00e1lise totalmente emp\u00edrica, fundada em um minucioso estudo cr\u00edtico da economia nacional.\u201d<\/p>\n<hr \/>\n<h3><strong>Escolas e estilos de teoria antropol\u00f3gica<\/strong><\/h3>\n<p>Esta obra apresenta os leitores \u00e0s origens, ao contexto e \u00e0 cont\u00ednua relev\u00e2ncia de um caleidosc\u00f3pio fascinante e instigante de ideias que transformaram as ci\u00eancias humanas e sociais, e a maneira como entendemos n\u00f3s mesmos e as sociedades em que vivemos hoje.<\/p>\n<p>Cada cap\u00edtulo fornece uma introdu\u00e7\u00e3o completa, por\u00e9m envolvente, a uma determinada escola te\u00f3rica, estilo ou quest\u00e3o conceitual. Juntos, eles constroem uma introdu\u00e7\u00e3o cr\u00edtica detalhada e abrangente \u00e0s \u00e1reas mais salientes do campo. A introdu\u00e7\u00e3o reflete sobre os temas substantivos que unem os cap\u00edtulos e sobre o que as<\/p>\n<p>pr\u00f3prias no\u00e7\u00f5es de teoria e escola te\u00f3rica trazem \u00e0 nossa compreens\u00e3o da antropologia como uma disciplina.<\/p>\n<p>O livro acompanha uma s\u00e9rie de palestras ministradas na Universidade de Cambridge e \u00e9 uma leitura essencial para todos os alunos de gradua\u00e7\u00e3o que estejam fazendo algum curso sobre teoria antropol\u00f3gica ou hist\u00f3ria do pensamento antropol\u00f3gico. Tamb\u00e9m ser\u00e1 \u00fatil de forma mais ampla para estudantes de antropologia social e cultural, sociologia, geografia humana e disciplinas cognatas nas ci\u00eancias sociais e humanas.<\/p>\n<hr \/>\n<h3><strong>Antimanual das religi\u00f5es: para acabar com as contraverdades<\/strong><\/h3>\n<p>As ideias equivocadas sobre as religi\u00f5es propagam-se mais rapidamente do que as certezas. Cuidado com os equ\u00edvocos!<\/p>\n<p>Nascidos de informa\u00e7\u00f5es truncadas e \u00e0s vezes de uma estrat\u00e9gia de manipula\u00e7\u00e3o, eles atravessam os s\u00e9culos. Insens\u00edveis \u00e0 raz\u00e3o, carregados de emo\u00e7\u00f5es, invertem os valores. Irredut\u00edvel, esse burburinho agrada a nosso c\u00e9rebro reptiliano e torna plaus\u00edvel o que \u00e9 improv\u00e1vel.<\/p>\n<p>Os estere\u00f3tipos e os preconceitos resultantes s\u00e3o os atalhos que nosso esp\u00edrito encontra para selecionar e classificar o mais rapidamente poss\u00edvel e com o menor esfor\u00e7o os dados que recebemos. Frequentemente, ent\u00e3o, tiramos conclus\u00f5es precipitadas. Assim, o falso que nos assegura se assemelha a uma verossimilhan\u00e7a que nos conv\u00e9m. E, segundo o poeta latino Hor\u00e1cio, tudo o que \u00e9 infinitamente repetido acaba por agradar.<\/p>\n<p>As religi\u00f5es, pela pr\u00f3pria ess\u00eancia de seus prop\u00f3sitos, pela emo\u00e7\u00e3o que suscitam e por seu papel central na organiza\u00e7\u00e3o de nossas sociedades, s\u00e3o o alvo das mais espantosas fantasias.<\/p>\n<hr \/>\n<h3><strong>Voca\u00e7\u00e3o e miss\u00e3o de catequista: por que um minist\u00e9rio?<\/strong><\/h3>\n<p>O minist\u00e9rio \u00e9 um servi\u00e7o oficial que a Igreja entrega a catequistas bem-preparados tanto no conhecimento como no testemunho de vida que s\u00e3o chamados a oferecer. Isto requer a prepara\u00e7\u00e3o e a compreens\u00e3o de que se trata de um caminho permanente de crescimento, de participa\u00e7\u00e3o, de viv\u00eancia tanto dentro quanto fora do espa\u00e7o da comunidade, de comunh\u00e3o fraterna, de testemunho comunicativo da f\u00e9.<\/p>\n<p>Cada cap\u00edtulo desta obra aborda um aspecto dessa miss\u00e3o propondo uma reflex\u00e3o para ajudar o catequista a crescer no conhecimento, mas tamb\u00e9m para olhar melhor a pr\u00f3pria vida, percebendo que, ao ser catequista, educa outros na f\u00e9, mas, igualmente, cresce na caminhada com Jesus e na capacidade de contribuir para colocar em a\u00e7\u00e3o os valores do Reino de Deus.<\/p>\n<p>&nbsp;<\/p>\n<hr \/>\n<p style=\"padding-left: 40px;\">Todos esses produtos podem ser adquiridos pelos sites www.livrariavozes.com.br ou \u00a0site: http:\/\/vozes.com.br<\/p>\n<p style=\"padding-left: 40px;\">E-mail:\u00a0contato@vozes.com.br<br \/>\nTel.\u00a011 3101 8451<\/p>\n<p style=\"padding-left: 40px;\"><strong>Editora Vozes<\/strong><\/p>\n","protected":false},"excerpt":{"rendered":"<p>Editora Vozes<\/p>\n","protected":false},"author":7,"featured_media":239437,"comment_status":"open","ping_status":"open","sticky":false,"template":"","format":"standard","meta":[],"categories":[1],"tags":[238],"acf":[],"yoast_head":"<!-- This site is optimized with the Yoast SEO plugin v19.2 - https:\/\/yoast.com\/wordpress\/plugins\/seo\/ -->\n<title>&quot;A liturgia da Igreja: teologia, hist\u00f3ria, espiritualidade e pastoral&quot; entre os lan\u00e7amentos da Editora Vozes - Not\u00edcias - Franciscanos<\/title>\n<meta name=\"robots\" content=\"index, follow, max-snippet:-1, max-image-preview:large, max-video-preview:-1\" \/>\n<link rel=\"canonical\" href=\"https:\/\/franciscanos.org.br\/noticias\/vozeslivros.html\" \/>\n<meta property=\"og:locale\" content=\"pt_BR\" \/>\n<meta property=\"og:type\" content=\"article\" \/>\n<meta property=\"og:title\" content=\"&quot;A liturgia da Igreja: teologia, hist\u00f3ria, espiritualidade e pastoral&quot; entre os lan\u00e7amentos da Editora Vozes - Not\u00edcias - Franciscanos\" \/>\n<meta property=\"og:description\" content=\"Editora Vozes\" \/>\n<meta property=\"og:url\" content=\"https:\/\/franciscanos.org.br\/noticias\/vozeslivros.html\" \/>\n<meta property=\"og:site_name\" content=\"Not\u00edcias - Franciscanos\" \/>\n<meta property=\"article:published_time\" content=\"2022-09-01T16:06:48+00:00\" \/>\n<meta property=\"og:image\" content=\"https:\/\/franciscanos.org.br\/noticias\/wp-content\/uploads\/2022\/09\/01-Vozes-800.jpg\" \/>\n\t<meta property=\"og:image:width\" content=\"800\" \/>\n\t<meta property=\"og:image:height\" content=\"550\" \/>\n\t<meta property=\"og:image:type\" content=\"image\/jpeg\" \/>\n<meta name=\"author\" content=\"jovenal\" \/>\n<meta name=\"twitter:card\" content=\"summary_large_image\" \/>\n<meta name=\"twitter:label1\" content=\"Escrito por\" \/>\n\t<meta name=\"twitter:data1\" content=\"jovenal\" \/>\n\t<meta name=\"twitter:label2\" content=\"Est. tempo de leitura\" \/>\n\t<meta name=\"twitter:data2\" content=\"7 minutos\" \/>\n<script type=\"application\/ld+json\" class=\"yoast-schema-graph\">{\"@context\":\"https:\/\/schema.org\",\"@graph\":[{\"@type\":\"WebSite\",\"@id\":\"https:\/\/franciscanos.org.br\/noticias\/#website\",\"url\":\"https:\/\/franciscanos.org.br\/noticias\/\",\"name\":\"Not\u00edcias - Franciscanos\",\"description\":\"Prov\u00edncia Franciscana da Imaculada Concei\u00e7\u00e3o do Brasil - Ordem dos Frades Menores - OFM\",\"potentialAction\":[{\"@type\":\"SearchAction\",\"target\":{\"@type\":\"EntryPoint\",\"urlTemplate\":\"https:\/\/franciscanos.org.br\/noticias\/?s={search_term_string}\"},\"query-input\":\"required name=search_term_string\"}],\"inLanguage\":\"pt-BR\"},{\"@type\":\"ImageObject\",\"inLanguage\":\"pt-BR\",\"@id\":\"https:\/\/franciscanos.org.br\/noticias\/vozeslivros.html#primaryimage\",\"url\":\"https:\/\/franciscanos.org.br\/noticias\/wp-content\/uploads\/2022\/09\/01-Vozes-800.jpg\",\"contentUrl\":\"https:\/\/franciscanos.org.br\/noticias\/wp-content\/uploads\/2022\/09\/01-Vozes-800.jpg\",\"width\":800,\"height\":550},{\"@type\":\"WebPage\",\"@id\":\"https:\/\/franciscanos.org.br\/noticias\/vozeslivros.html#webpage\",\"url\":\"https:\/\/franciscanos.org.br\/noticias\/vozeslivros.html\",\"name\":\"\\\"A liturgia da Igreja: teologia, hist\u00f3ria, espiritualidade e pastoral\\\" entre os lan\u00e7amentos da Editora Vozes - Not\u00edcias - Franciscanos\",\"isPartOf\":{\"@id\":\"https:\/\/franciscanos.org.br\/noticias\/#website\"},\"primaryImageOfPage\":{\"@id\":\"https:\/\/franciscanos.org.br\/noticias\/vozeslivros.html#primaryimage\"},\"datePublished\":\"2022-09-01T16:06:48+00:00\",\"dateModified\":\"2022-09-01T16:06:48+00:00\",\"author\":{\"@id\":\"https:\/\/franciscanos.org.br\/noticias\/#\/schema\/person\/c3a26b08313dd1772495ce300ab257cc\"},\"breadcrumb\":{\"@id\":\"https:\/\/franciscanos.org.br\/noticias\/vozeslivros.html#breadcrumb\"},\"inLanguage\":\"pt-BR\",\"potentialAction\":[{\"@type\":\"ReadAction\",\"target\":[\"https:\/\/franciscanos.org.br\/noticias\/vozeslivros.html\"]}]},{\"@type\":\"BreadcrumbList\",\"@id\":\"https:\/\/franciscanos.org.br\/noticias\/vozeslivros.html#breadcrumb\",\"itemListElement\":[{\"@type\":\"ListItem\",\"position\":1,\"name\":\"Home\",\"item\":\"https:\/\/franciscanos.org.br\/noticias\"},{\"@type\":\"ListItem\",\"position\":2,\"name\":\"&#8220;A liturgia da Igreja: teologia, hist\u00f3ria, espiritualidade e pastoral&#8221; entre os lan\u00e7amentos da Editora Vozes\"}]},{\"@type\":\"Person\",\"@id\":\"https:\/\/franciscanos.org.br\/noticias\/#\/schema\/person\/c3a26b08313dd1772495ce300ab257cc\",\"name\":\"jovenal\",\"image\":{\"@type\":\"ImageObject\",\"inLanguage\":\"pt-BR\",\"@id\":\"https:\/\/franciscanos.org.br\/noticias\/#\/schema\/person\/image\/\",\"url\":\"https:\/\/secure.gravatar.com\/avatar\/e94509f531086e2eaf97e72f29ea00f9?s=96&d=mm&r=g\",\"contentUrl\":\"https:\/\/secure.gravatar.com\/avatar\/e94509f531086e2eaf97e72f29ea00f9?s=96&d=mm&r=g\",\"caption\":\"jovenal\"},\"url\":\"https:\/\/franciscanos.org.br\/noticias\/author\/jovenal\"}]}<\/script>\n<!-- \/ Yoast SEO plugin. -->","yoast_head_json":{"title":"\"A liturgia da Igreja: teologia, hist\u00f3ria, espiritualidade e pastoral\" entre os lan\u00e7amentos da Editora Vozes - Not\u00edcias - Franciscanos","robots":{"index":"index","follow":"follow","max-snippet":"max-snippet:-1","max-image-preview":"max-image-preview:large","max-video-preview":"max-video-preview:-1"},"canonical":"https:\/\/franciscanos.org.br\/noticias\/vozeslivros.html","og_locale":"pt_BR","og_type":"article","og_title":"\"A liturgia da Igreja: teologia, hist\u00f3ria, espiritualidade e pastoral\" entre os lan\u00e7amentos da Editora Vozes - Not\u00edcias - Franciscanos","og_description":"Editora Vozes","og_url":"https:\/\/franciscanos.org.br\/noticias\/vozeslivros.html","og_site_name":"Not\u00edcias - Franciscanos","article_published_time":"2022-09-01T16:06:48+00:00","og_image":[{"width":800,"height":550,"url":"https:\/\/franciscanos.org.br\/noticias\/wp-content\/uploads\/2022\/09\/01-Vozes-800.jpg","type":"image\/jpeg"}],"author":"jovenal","twitter_card":"summary_large_image","twitter_misc":{"Escrito por":"jovenal","Est. tempo de leitura":"7 minutos"},"schema":{"@context":"https:\/\/schema.org","@graph":[{"@type":"WebSite","@id":"https:\/\/franciscanos.org.br\/noticias\/#website","url":"https:\/\/franciscanos.org.br\/noticias\/","name":"Not\u00edcias - Franciscanos","description":"Prov\u00edncia Franciscana da Imaculada Concei\u00e7\u00e3o do Brasil - Ordem dos Frades Menores - OFM","potentialAction":[{"@type":"SearchAction","target":{"@type":"EntryPoint","urlTemplate":"https:\/\/franciscanos.org.br\/noticias\/?s={search_term_string}"},"query-input":"required name=search_term_string"}],"inLanguage":"pt-BR"},{"@type":"ImageObject","inLanguage":"pt-BR","@id":"https:\/\/franciscanos.org.br\/noticias\/vozeslivros.html#primaryimage","url":"https:\/\/franciscanos.org.br\/noticias\/wp-content\/uploads\/2022\/09\/01-Vozes-800.jpg","contentUrl":"https:\/\/franciscanos.org.br\/noticias\/wp-content\/uploads\/2022\/09\/01-Vozes-800.jpg","width":800,"height":550},{"@type":"WebPage","@id":"https:\/\/franciscanos.org.br\/noticias\/vozeslivros.html#webpage","url":"https:\/\/franciscanos.org.br\/noticias\/vozeslivros.html","name":"\"A liturgia da Igreja: teologia, hist\u00f3ria, espiritualidade e pastoral\" entre os lan\u00e7amentos da Editora Vozes - Not\u00edcias - Franciscanos","isPartOf":{"@id":"https:\/\/franciscanos.org.br\/noticias\/#website"},"primaryImageOfPage":{"@id":"https:\/\/franciscanos.org.br\/noticias\/vozeslivros.html#primaryimage"},"datePublished":"2022-09-01T16:06:48+00:00","dateModified":"2022-09-01T16:06:48+00:00","author":{"@id":"https:\/\/franciscanos.org.br\/noticias\/#\/schema\/person\/c3a26b08313dd1772495ce300ab257cc"},"breadcrumb":{"@id":"https:\/\/franciscanos.org.br\/noticias\/vozeslivros.html#breadcrumb"},"inLanguage":"pt-BR","potentialAction":[{"@type":"ReadAction","target":["https:\/\/franciscanos.org.br\/noticias\/vozeslivros.html"]}]},{"@type":"BreadcrumbList","@id":"https:\/\/franciscanos.org.br\/noticias\/vozeslivros.html#breadcrumb","itemListElement":[{"@type":"ListItem","position":1,"name":"Home","item":"https:\/\/franciscanos.org.br\/noticias"},{"@type":"ListItem","position":2,"name":"&#8220;A liturgia da Igreja: teologia, hist\u00f3ria, espiritualidade e pastoral&#8221; entre os lan\u00e7amentos da Editora Vozes"}]},{"@type":"Person","@id":"https:\/\/franciscanos.org.br\/noticias\/#\/schema\/person\/c3a26b08313dd1772495ce300ab257cc","name":"jovenal","image":{"@type":"ImageObject","inLanguage":"pt-BR","@id":"https:\/\/franciscanos.org.br\/noticias\/#\/schema\/person\/image\/","url":"https:\/\/secure.gravatar.com\/avatar\/e94509f531086e2eaf97e72f29ea00f9?s=96&d=mm&r=g","contentUrl":"https:\/\/secure.gravatar.com\/avatar\/e94509f531086e2eaf97e72f29ea00f9?s=96&d=mm&r=g","caption":"jovenal"},"url":"https:\/\/franciscanos.org.br\/noticias\/author\/jovenal"}]}},"_links":{"self":[{"href":"https:\/\/franciscanos.org.br\/noticias\/wp-json\/wp\/v2\/posts\/239436"}],"collection":[{"href":"https:\/\/franciscanos.org.br\/noticias\/wp-json\/wp\/v2\/posts"}],"about":[{"href":"https:\/\/franciscanos.org.br\/noticias\/wp-json\/wp\/v2\/types\/post"}],"author":[{"embeddable":true,"href":"https:\/\/franciscanos.org.br\/noticias\/wp-json\/wp\/v2\/users\/7"}],"replies":[{"embeddable":true,"href":"https:\/\/franciscanos.org.br\/noticias\/wp-json\/wp\/v2\/comments?post=239436"}],"version-history":[{"count":1,"href":"https:\/\/franciscanos.org.br\/noticias\/wp-json\/wp\/v2\/posts\/239436\/revisions"}],"predecessor-version":[{"id":239439,"href":"https:\/\/franciscanos.org.br\/noticias\/wp-json\/wp\/v2\/posts\/239436\/revisions\/239439"}],"wp:featuredmedia":[{"embeddable":true,"href":"https:\/\/franciscanos.org.br\/noticias\/wp-json\/wp\/v2\/media\/239437"}],"wp:attachment":[{"href":"https:\/\/franciscanos.org.br\/noticias\/wp-json\/wp\/v2\/media?parent=239436"}],"wp:term":[{"taxonomy":"category","embeddable":true,"href":"https:\/\/franciscanos.org.br\/noticias\/wp-json\/wp\/v2\/categories?post=239436"},{"taxonomy":"post_tag","embeddable":true,"href":"https:\/\/franciscanos.org.br\/noticias\/wp-json\/wp\/v2\/tags?post=239436"}],"curies":[{"name":"wp","href":"https:\/\/api.w.org\/{rel}","templated":true}]}}