{"id":239418,"date":"2022-08-31T10:10:51","date_gmt":"2022-08-31T13:10:51","guid":{"rendered":"https:\/\/franciscanos.org.br\/noticias\/?p=239418"},"modified":"2022-09-05T10:04:51","modified_gmt":"2022-09-05T13:04:51","slug":"celebracoes-preparam-para-os-jubileus-de-tres-frades-em-rodeio","status":"publish","type":"post","link":"https:\/\/franciscanos.org.br\/noticias\/celebracoes-preparam-para-os-jubileus-de-tres-frades-em-rodeio.html","title":{"rendered":"Celebra\u00e7\u00f5es preparam para os Jubileus de tr\u00eas frades em Rodeio"},"content":{"rendered":"<p><img loading=\"lazy\" class=\"size-full wp-image-239419 alignnone\" src=\"https:\/\/franciscanos.org.br\/noticias\/wp-content\/uploads\/2022\/08\/jubileus_02.jpg\" alt=\"\" width=\"1280\" height=\"720\" srcset=\"https:\/\/franciscanos.org.br\/noticias\/wp-content\/uploads\/2022\/08\/jubileus_02.jpg 1280w, https:\/\/franciscanos.org.br\/noticias\/wp-content\/uploads\/2022\/08\/jubileus_02-450x253.jpg 450w, https:\/\/franciscanos.org.br\/noticias\/wp-content\/uploads\/2022\/08\/jubileus_02-1024x576.jpg 1024w, https:\/\/franciscanos.org.br\/noticias\/wp-content\/uploads\/2022\/08\/jubileus_02-768x432.jpg 768w, https:\/\/franciscanos.org.br\/noticias\/wp-content\/uploads\/2022\/08\/jubileus_02-150x84.jpg 150w\" sizes=\"(max-width: 1280px) 100vw, 1280px\" \/><\/p>\n<p>Celebrar um jubileu \u00e9 celebrar a perseveran\u00e7a e a entrega de um irm\u00e3o aos projetos do Alt\u00edssimo. Esse ano, a Fraternidade do Noviciado de Rodeio tem uma grande alegria de poder celebrar n\u00e3o apenas um jubileu, mas tr\u00eas! Frei Jo\u00e3o Miguel da Cruz, Frei Claudino Dal\u2019Mago e Frei Jos\u00e9 Bertoldi celebram respectivamente 25, 50 e 65 anos de vida religiosa consagrada.<\/p>\n<p>Na noite de ter\u00e7a-feira, 30, \u00e0s 19h, Frei Je\u00e2 Paulo Andrade, Animador Vocacional Provincial, presidiu a Celebra\u00e7\u00e3o Eucar\u00edstica que deu in\u00edcio \u00e0 semana de prepara\u00e7\u00e3o aos jubileus na cidade de Rodeio com o envio dos mission\u00e1rios e mission\u00e1rias que visitar\u00e3o as comunidades e as fam\u00edlias da Par\u00f3quia S\u00e3o Francisco de Assis at\u00e9 o domingo, dia 04, quando ser\u00e3o celebrados os jubileus na comunidade do Rodeio 50.<\/p>\n<p>Em sua homilia, Frei Gabriel Dellandrea partilhou um pouco sobre o Evangelho do dia, sobre Aquele que expulsa os maus esp\u00edritos e o faz com autoridade. \u201cN\u00f3s tamb\u00e9m devemos expulsar os maus esp\u00edritos da viol\u00eancia, da intoler\u00e2ncia, do \u00f3dio, do \u2018cada um por si\u2019 em nossas comunidades, e devemos fazer isso com a autoridade de crist\u00e3os, em nome de Jesus\u201d, disse o frade. \u201c\u00c9 necess\u00e1rio, portanto, nos colocarmos em movimento, sermos Igreja em sa\u00edda, para que n\u00f3s os expulsemos com a mesma autoridade que vem de Cristo\u201d, assinalou Frei Gabriel.<\/p>\n\n\t\t<style type=\"text\/css\">\n\t\t\t#gallery-1 {\n\t\t\t\tmargin: auto;\n\t\t\t}\n\t\t\t#gallery-1 .gallery-item {\n\t\t\t\tfloat: left;\n\t\t\t\tmargin-top: 10px;\n\t\t\t\ttext-align: center;\n\t\t\t\twidth: 33%;\n\t\t\t}\n\t\t\t#gallery-1 img {\n\t\t\t\tborder: 2px solid #cfcfcf;\n\t\t\t}\n\t\t\t#gallery-1 .gallery-caption {\n\t\t\t\tmargin-left: 0;\n\t\t\t}\n\t\t\t\/* see gallery_shortcode() in wp-includes\/media.php *\/\n\t\t<\/style>\n\t\t<div id='gallery-1' class='gallery galleryid-239418 gallery-columns-3 gallery-size-thumbnail'><dl class='gallery-item'>\n\t\t\t<dt class='gallery-icon landscape'>\n\t\t\t\t<a href='https:\/\/franciscanos.org.br\/noticias\/wp-content\/uploads\/2022\/08\/jubileus_01.jpg'><img width=\"300\" height=\"300\" src=\"https:\/\/franciscanos.org.br\/noticias\/wp-content\/uploads\/2022\/08\/jubileus_01-300x300.jpg\" class=\"attachment-thumbnail size-thumbnail\" alt=\"\" loading=\"lazy\" srcset=\"https:\/\/franciscanos.org.br\/noticias\/wp-content\/uploads\/2022\/08\/jubileus_01-300x300.jpg 300w, https:\/\/franciscanos.org.br\/noticias\/wp-content\/uploads\/2022\/08\/jubileus_01-100x100.jpg 100w\" sizes=\"(max-width: 300px) 100vw, 300px\" \/><\/a>\n\t\t\t<\/dt><\/dl><dl class='gallery-item'>\n\t\t\t<dt class='gallery-icon landscape'>\n\t\t\t\t<a href='https:\/\/franciscanos.org.br\/noticias\/wp-content\/uploads\/2022\/08\/jubileus_03.jpg'><img width=\"300\" height=\"300\" src=\"https:\/\/franciscanos.org.br\/noticias\/wp-content\/uploads\/2022\/08\/jubileus_03-300x300.jpg\" class=\"attachment-thumbnail size-thumbnail\" alt=\"\" loading=\"lazy\" srcset=\"https:\/\/franciscanos.org.br\/noticias\/wp-content\/uploads\/2022\/08\/jubileus_03-300x300.jpg 300w, https:\/\/franciscanos.org.br\/noticias\/wp-content\/uploads\/2022\/08\/jubileus_03-100x100.jpg 100w\" sizes=\"(max-width: 300px) 100vw, 300px\" \/><\/a>\n\t\t\t<\/dt><\/dl><dl class='gallery-item'>\n\t\t\t<dt class='gallery-icon landscape'>\n\t\t\t\t<a href='https:\/\/franciscanos.org.br\/noticias\/wp-content\/uploads\/2022\/08\/jubileus_04.jpg'><img width=\"300\" height=\"300\" src=\"https:\/\/franciscanos.org.br\/noticias\/wp-content\/uploads\/2022\/08\/jubileus_04-300x300.jpg\" class=\"attachment-thumbnail size-thumbnail\" alt=\"\" loading=\"lazy\" srcset=\"https:\/\/franciscanos.org.br\/noticias\/wp-content\/uploads\/2022\/08\/jubileus_04-300x300.jpg 300w, https:\/\/franciscanos.org.br\/noticias\/wp-content\/uploads\/2022\/08\/jubileus_04-100x100.jpg 100w\" sizes=\"(max-width: 300px) 100vw, 300px\" \/><\/a>\n\t\t\t<\/dt><\/dl><br style=\"clear: both\" \/>\n\t\t<\/div>\n\n<p>Ap\u00f3s a reflex\u00e3o, motivado pelo esp\u00edrito mission\u00e1rio, Frei Je\u00e2 chamou \u00e0 frente do presbit\u00e9rio as Irm\u00e3s Catequistas Franciscanas, que tamb\u00e9m est\u00e3o celebrando os jubileus de suas irm\u00e3s neste domingo, os novi\u00e7os, demais confrades presentes e os leigos que ir\u00e3o compor o time de mission\u00e1rios em terras rodeenses.<\/p>\n<p>E seguindo uma tradi\u00e7\u00e3o antiga da Igreja, na qual os anci\u00e3os colocavam suas m\u00e3os sobre a assembleia, os jubilandos, Frei Jo\u00e3o Miguel da Cruz, Frei Claudino Dal\u2019Mago e Frei Jos\u00e9 Bertoldi, impuseram suas m\u00e3os sobre os mission\u00e1rios em uma prece silenciosa, mas que fala ao cora\u00e7\u00e3o de Deus, pedindo sobre eles o Esp\u00edrito Santo para que os guie na miss\u00e3o.<\/p>\n<div id=\"attachment_239423\" style=\"width: 1290px\" class=\"wp-caption alignnone\"><img aria-describedby=\"caption-attachment-239423\" loading=\"lazy\" class=\"wp-image-239423 size-full\" src=\"https:\/\/franciscanos.org.br\/noticias\/wp-content\/uploads\/2022\/08\/jubileus_05.jpg\" alt=\"\" width=\"1280\" height=\"950\" srcset=\"https:\/\/franciscanos.org.br\/noticias\/wp-content\/uploads\/2022\/08\/jubileus_05.jpg 1280w, https:\/\/franciscanos.org.br\/noticias\/wp-content\/uploads\/2022\/08\/jubileus_05-450x334.jpg 450w, https:\/\/franciscanos.org.br\/noticias\/wp-content\/uploads\/2022\/08\/jubileus_05-1024x760.jpg 1024w, https:\/\/franciscanos.org.br\/noticias\/wp-content\/uploads\/2022\/08\/jubileus_05-768x570.jpg 768w, https:\/\/franciscanos.org.br\/noticias\/wp-content\/uploads\/2022\/08\/jubileus_05-150x111.jpg 150w\" sizes=\"(max-width: 1280px) 100vw, 1280px\" \/><p id=\"caption-attachment-239423\" class=\"wp-caption-text\"><em>Da esq. para dir.: Frei Claudino, Frei Miguel e Frei Jos\u00e9<\/em><\/p><\/div>\n<p>Ao final da celebra\u00e7\u00e3o, todos foram convidados ao p\u00e1tio da Igreja, para, num gesto marcante, aben\u00e7oarem a mesma cidade que um dia Frei Bruno Linden, o frade em processo de beatifica\u00e7\u00e3o, \u00a0aben\u00e7oou. Cada fiel levantou os seus bra\u00e7os em dire\u00e7\u00e3o \u00e0s suas casas, tomando para si o papel de portadores das b\u00ean\u00e7\u00e3os do Senhor e aben\u00e7oou a cidade de Rodeio. Logo ap\u00f3s esse momento, foram enviados de volta \u00e0s suas casas.<\/p>\n<hr \/>\n<p><em>Frei Gilberto Silveira da Costa Junior, OFM.<\/em><\/p>\n","protected":false},"excerpt":{"rendered":"<p>Jubileus franciscanos em Rodeio<\/p>\n","protected":false},"author":3,"featured_media":239419,"comment_status":"open","ping_status":"open","sticky":false,"template":"","format":"standard","meta":[],"categories":[1],"tags":[1787,2054,2050],"acf":[],"yoast_head":"<!-- This site is optimized with the Yoast SEO plugin v19.2 - https:\/\/yoast.com\/wordpress\/plugins\/seo\/ -->\n<title>Celebra\u00e7\u00f5es preparam para os Jubileus de tr\u00eas frades em Rodeio - Not\u00edcias - Franciscanos<\/title>\n<meta name=\"robots\" content=\"index, follow, max-snippet:-1, max-image-preview:large, max-video-preview:-1\" \/>\n<link rel=\"canonical\" href=\"https:\/\/franciscanos.org.br\/noticias\/celebracoes-preparam-para-os-jubileus-de-tres-frades-em-rodeio.html\" \/>\n<meta property=\"og:locale\" content=\"pt_BR\" \/>\n<meta property=\"og:type\" content=\"article\" \/>\n<meta property=\"og:title\" content=\"Celebra\u00e7\u00f5es preparam para os Jubileus de tr\u00eas frades em Rodeio - Not\u00edcias - Franciscanos\" \/>\n<meta property=\"og:description\" content=\"Jubileus franciscanos em Rodeio\" \/>\n<meta property=\"og:url\" content=\"https:\/\/franciscanos.org.br\/noticias\/celebracoes-preparam-para-os-jubileus-de-tres-frades-em-rodeio.html\" \/>\n<meta property=\"og:site_name\" content=\"Not\u00edcias - Franciscanos\" \/>\n<meta property=\"article:published_time\" content=\"2022-08-31T13:10:51+00:00\" \/>\n<meta property=\"article:modified_time\" content=\"2022-09-05T13:04:51+00:00\" \/>\n<meta property=\"og:image\" content=\"https:\/\/franciscanos.org.br\/noticias\/wp-content\/uploads\/2022\/08\/jubileus_02.jpg\" \/>\n\t<meta property=\"og:image:width\" content=\"1280\" \/>\n\t<meta property=\"og:image:height\" content=\"720\" \/>\n\t<meta property=\"og:image:type\" content=\"image\/jpeg\" \/>\n<meta name=\"author\" content=\"moacir\" \/>\n<meta name=\"twitter:card\" content=\"summary_large_image\" \/>\n<meta name=\"twitter:label1\" content=\"Escrito por\" \/>\n\t<meta name=\"twitter:data1\" content=\"moacir\" \/>\n\t<meta name=\"twitter:label2\" content=\"Est. tempo de leitura\" \/>\n\t<meta name=\"twitter:data2\" content=\"2 minutos\" \/>\n<script type=\"application\/ld+json\" class=\"yoast-schema-graph\">{\"@context\":\"https:\/\/schema.org\",\"@graph\":[{\"@type\":\"WebSite\",\"@id\":\"https:\/\/franciscanos.org.br\/noticias\/#website\",\"url\":\"https:\/\/franciscanos.org.br\/noticias\/\",\"name\":\"Not\u00edcias - Franciscanos\",\"description\":\"Prov\u00edncia Franciscana da Imaculada Concei\u00e7\u00e3o do Brasil - Ordem dos Frades Menores - OFM\",\"potentialAction\":[{\"@type\":\"SearchAction\",\"target\":{\"@type\":\"EntryPoint\",\"urlTemplate\":\"https:\/\/franciscanos.org.br\/noticias\/?s={search_term_string}\"},\"query-input\":\"required name=search_term_string\"}],\"inLanguage\":\"pt-BR\"},{\"@type\":\"ImageObject\",\"inLanguage\":\"pt-BR\",\"@id\":\"https:\/\/franciscanos.org.br\/noticias\/celebracoes-preparam-para-os-jubileus-de-tres-frades-em-rodeio.html#primaryimage\",\"url\":\"https:\/\/franciscanos.org.br\/noticias\/wp-content\/uploads\/2022\/08\/jubileus_02.jpg\",\"contentUrl\":\"https:\/\/franciscanos.org.br\/noticias\/wp-content\/uploads\/2022\/08\/jubileus_02.jpg\",\"width\":1280,\"height\":720},{\"@type\":\"WebPage\",\"@id\":\"https:\/\/franciscanos.org.br\/noticias\/celebracoes-preparam-para-os-jubileus-de-tres-frades-em-rodeio.html#webpage\",\"url\":\"https:\/\/franciscanos.org.br\/noticias\/celebracoes-preparam-para-os-jubileus-de-tres-frades-em-rodeio.html\",\"name\":\"Celebra\u00e7\u00f5es preparam para os Jubileus de tr\u00eas frades em Rodeio - Not\u00edcias - Franciscanos\",\"isPartOf\":{\"@id\":\"https:\/\/franciscanos.org.br\/noticias\/#website\"},\"primaryImageOfPage\":{\"@id\":\"https:\/\/franciscanos.org.br\/noticias\/celebracoes-preparam-para-os-jubileus-de-tres-frades-em-rodeio.html#primaryimage\"},\"datePublished\":\"2022-08-31T13:10:51+00:00\",\"dateModified\":\"2022-09-05T13:04:51+00:00\",\"author\":{\"@id\":\"https:\/\/franciscanos.org.br\/noticias\/#\/schema\/person\/b5c8cba458c330ccff548b056e95a5d4\"},\"breadcrumb\":{\"@id\":\"https:\/\/franciscanos.org.br\/noticias\/celebracoes-preparam-para-os-jubileus-de-tres-frades-em-rodeio.html#breadcrumb\"},\"inLanguage\":\"pt-BR\",\"potentialAction\":[{\"@type\":\"ReadAction\",\"target\":[\"https:\/\/franciscanos.org.br\/noticias\/celebracoes-preparam-para-os-jubileus-de-tres-frades-em-rodeio.html\"]}]},{\"@type\":\"BreadcrumbList\",\"@id\":\"https:\/\/franciscanos.org.br\/noticias\/celebracoes-preparam-para-os-jubileus-de-tres-frades-em-rodeio.html#breadcrumb\",\"itemListElement\":[{\"@type\":\"ListItem\",\"position\":1,\"name\":\"Home\",\"item\":\"https:\/\/franciscanos.org.br\/noticias\"},{\"@type\":\"ListItem\",\"position\":2,\"name\":\"Celebra\u00e7\u00f5es preparam para os Jubileus de tr\u00eas frades em Rodeio\"}]},{\"@type\":\"Person\",\"@id\":\"https:\/\/franciscanos.org.br\/noticias\/#\/schema\/person\/b5c8cba458c330ccff548b056e95a5d4\",\"name\":\"moacir\",\"image\":{\"@type\":\"ImageObject\",\"inLanguage\":\"pt-BR\",\"@id\":\"https:\/\/franciscanos.org.br\/noticias\/#\/schema\/person\/image\/\",\"url\":\"https:\/\/secure.gravatar.com\/avatar\/d08aa2ce4c8dd416d4479aa8536fcf64?s=96&d=mm&r=g\",\"contentUrl\":\"https:\/\/secure.gravatar.com\/avatar\/d08aa2ce4c8dd416d4479aa8536fcf64?s=96&d=mm&r=g\",\"caption\":\"moacir\"},\"url\":\"https:\/\/franciscanos.org.br\/noticias\/author\/moacir\"}]}<\/script>\n<!-- \/ Yoast SEO plugin. -->","yoast_head_json":{"title":"Celebra\u00e7\u00f5es preparam para os Jubileus de tr\u00eas frades em Rodeio - Not\u00edcias - Franciscanos","robots":{"index":"index","follow":"follow","max-snippet":"max-snippet:-1","max-image-preview":"max-image-preview:large","max-video-preview":"max-video-preview:-1"},"canonical":"https:\/\/franciscanos.org.br\/noticias\/celebracoes-preparam-para-os-jubileus-de-tres-frades-em-rodeio.html","og_locale":"pt_BR","og_type":"article","og_title":"Celebra\u00e7\u00f5es preparam para os Jubileus de tr\u00eas frades em Rodeio - Not\u00edcias - Franciscanos","og_description":"Jubileus franciscanos em Rodeio","og_url":"https:\/\/franciscanos.org.br\/noticias\/celebracoes-preparam-para-os-jubileus-de-tres-frades-em-rodeio.html","og_site_name":"Not\u00edcias - Franciscanos","article_published_time":"2022-08-31T13:10:51+00:00","article_modified_time":"2022-09-05T13:04:51+00:00","og_image":[{"width":1280,"height":720,"url":"https:\/\/franciscanos.org.br\/noticias\/wp-content\/uploads\/2022\/08\/jubileus_02.jpg","type":"image\/jpeg"}],"author":"moacir","twitter_card":"summary_large_image","twitter_misc":{"Escrito por":"moacir","Est. tempo de leitura":"2 minutos"},"schema":{"@context":"https:\/\/schema.org","@graph":[{"@type":"WebSite","@id":"https:\/\/franciscanos.org.br\/noticias\/#website","url":"https:\/\/franciscanos.org.br\/noticias\/","name":"Not\u00edcias - Franciscanos","description":"Prov\u00edncia Franciscana da Imaculada Concei\u00e7\u00e3o do Brasil - Ordem dos Frades Menores - OFM","potentialAction":[{"@type":"SearchAction","target":{"@type":"EntryPoint","urlTemplate":"https:\/\/franciscanos.org.br\/noticias\/?s={search_term_string}"},"query-input":"required name=search_term_string"}],"inLanguage":"pt-BR"},{"@type":"ImageObject","inLanguage":"pt-BR","@id":"https:\/\/franciscanos.org.br\/noticias\/celebracoes-preparam-para-os-jubileus-de-tres-frades-em-rodeio.html#primaryimage","url":"https:\/\/franciscanos.org.br\/noticias\/wp-content\/uploads\/2022\/08\/jubileus_02.jpg","contentUrl":"https:\/\/franciscanos.org.br\/noticias\/wp-content\/uploads\/2022\/08\/jubileus_02.jpg","width":1280,"height":720},{"@type":"WebPage","@id":"https:\/\/franciscanos.org.br\/noticias\/celebracoes-preparam-para-os-jubileus-de-tres-frades-em-rodeio.html#webpage","url":"https:\/\/franciscanos.org.br\/noticias\/celebracoes-preparam-para-os-jubileus-de-tres-frades-em-rodeio.html","name":"Celebra\u00e7\u00f5es preparam para os Jubileus de tr\u00eas frades em Rodeio - Not\u00edcias - Franciscanos","isPartOf":{"@id":"https:\/\/franciscanos.org.br\/noticias\/#website"},"primaryImageOfPage":{"@id":"https:\/\/franciscanos.org.br\/noticias\/celebracoes-preparam-para-os-jubileus-de-tres-frades-em-rodeio.html#primaryimage"},"datePublished":"2022-08-31T13:10:51+00:00","dateModified":"2022-09-05T13:04:51+00:00","author":{"@id":"https:\/\/franciscanos.org.br\/noticias\/#\/schema\/person\/b5c8cba458c330ccff548b056e95a5d4"},"breadcrumb":{"@id":"https:\/\/franciscanos.org.br\/noticias\/celebracoes-preparam-para-os-jubileus-de-tres-frades-em-rodeio.html#breadcrumb"},"inLanguage":"pt-BR","potentialAction":[{"@type":"ReadAction","target":["https:\/\/franciscanos.org.br\/noticias\/celebracoes-preparam-para-os-jubileus-de-tres-frades-em-rodeio.html"]}]},{"@type":"BreadcrumbList","@id":"https:\/\/franciscanos.org.br\/noticias\/celebracoes-preparam-para-os-jubileus-de-tres-frades-em-rodeio.html#breadcrumb","itemListElement":[{"@type":"ListItem","position":1,"name":"Home","item":"https:\/\/franciscanos.org.br\/noticias"},{"@type":"ListItem","position":2,"name":"Celebra\u00e7\u00f5es preparam para os Jubileus de tr\u00eas frades em Rodeio"}]},{"@type":"Person","@id":"https:\/\/franciscanos.org.br\/noticias\/#\/schema\/person\/b5c8cba458c330ccff548b056e95a5d4","name":"moacir","image":{"@type":"ImageObject","inLanguage":"pt-BR","@id":"https:\/\/franciscanos.org.br\/noticias\/#\/schema\/person\/image\/","url":"https:\/\/secure.gravatar.com\/avatar\/d08aa2ce4c8dd416d4479aa8536fcf64?s=96&d=mm&r=g","contentUrl":"https:\/\/secure.gravatar.com\/avatar\/d08aa2ce4c8dd416d4479aa8536fcf64?s=96&d=mm&r=g","caption":"moacir"},"url":"https:\/\/franciscanos.org.br\/noticias\/author\/moacir"}]}},"_links":{"self":[{"href":"https:\/\/franciscanos.org.br\/noticias\/wp-json\/wp\/v2\/posts\/239418"}],"collection":[{"href":"https:\/\/franciscanos.org.br\/noticias\/wp-json\/wp\/v2\/posts"}],"about":[{"href":"https:\/\/franciscanos.org.br\/noticias\/wp-json\/wp\/v2\/types\/post"}],"author":[{"embeddable":true,"href":"https:\/\/franciscanos.org.br\/noticias\/wp-json\/wp\/v2\/users\/3"}],"replies":[{"embeddable":true,"href":"https:\/\/franciscanos.org.br\/noticias\/wp-json\/wp\/v2\/comments?post=239418"}],"version-history":[{"count":1,"href":"https:\/\/franciscanos.org.br\/noticias\/wp-json\/wp\/v2\/posts\/239418\/revisions"}],"predecessor-version":[{"id":239424,"href":"https:\/\/franciscanos.org.br\/noticias\/wp-json\/wp\/v2\/posts\/239418\/revisions\/239424"}],"wp:featuredmedia":[{"embeddable":true,"href":"https:\/\/franciscanos.org.br\/noticias\/wp-json\/wp\/v2\/media\/239419"}],"wp:attachment":[{"href":"https:\/\/franciscanos.org.br\/noticias\/wp-json\/wp\/v2\/media?parent=239418"}],"wp:term":[{"taxonomy":"category","embeddable":true,"href":"https:\/\/franciscanos.org.br\/noticias\/wp-json\/wp\/v2\/categories?post=239418"},{"taxonomy":"post_tag","embeddable":true,"href":"https:\/\/franciscanos.org.br\/noticias\/wp-json\/wp\/v2\/tags?post=239418"}],"curies":[{"name":"wp","href":"https:\/\/api.w.org\/{rel}","templated":true}]}}