{"id":239408,"date":"2022-08-31T08:53:56","date_gmt":"2022-08-31T11:53:56","guid":{"rendered":"https:\/\/franciscanos.org.br\/noticias\/?p=239408"},"modified":"2023-01-03T11:24:28","modified_gmt":"2023-01-03T14:24:28","slug":"10a-caminhada-franciscana-do-reencontro-da-retomada-e-da-ressignificacao","status":"publish","type":"post","link":"https:\/\/franciscanos.org.br\/noticias\/10a-caminhada-franciscana-do-reencontro-da-retomada-e-da-ressignificacao.html","title":{"rendered":"10\u00aa Caminhada Franciscana do reencontro, da retomada e da ressignifica\u00e7\u00e3o"},"content":{"rendered":"<p><img loading=\"lazy\" src=\"https:\/\/franciscanos.org.br\/noticias\/wp-content\/uploads\/2022\/08\/caminhada-1280.jpg\" alt=\"\" width=\"1280\" height=\"640\" \/><\/p>\n<p>Depois de mais dois anos de pandemia, finalmente a Juventude Franciscana volta a se encontrar e p\u00f4r o p\u00e9 na estrada. Para Frei Gabriel Dellandrea, um dos Animadores da Evangeliza\u00e7\u00e3o com as Juventudes, a d\u00e9cima edi\u00e7\u00e3o da Caminhada Franciscana da Juventude, nos dias 10 e 11 de setembro, em Aparecida e Guaratinguet\u00e1 (SP), tem a marca do reencontro, da retomada e da ressignifica\u00e7\u00e3o.<\/p>\n<p>\u201cMuitos jovens passaram por diversas situa\u00e7\u00f5es complexas durante esse per\u00edodo: crises de ansiedade, depress\u00e3o, incerteza diante do futuro, adapta\u00e7\u00e3o a um novo estilo de estudar, trabalhar, conviver&#8230; Muitos grupos de jovens se desanimaram, outros seguraram as pontas como foi poss\u00edvel, outros at\u00e9 encontraram novos meios para se motivar. O fato \u00e9 que essa retomada ensaia um avan\u00e7ar para \u00e1guas mais profundas\u201d, explica Frei Gabriel.<\/p>\n<p><iframe loading=\"lazy\" title=\"YouTube video player\" src=\"https:\/\/www.youtube.com\/embed\/7iSQ_dWMlxQ\" width=\"100%\" height=\"480\" frameborder=\"0\" allowfullscreen=\"allowfullscreen\"><span data-mce-type=\"bookmark\" style=\"display: inline-block; width: 0px; overflow: hidden; line-height: 0;\" class=\"mce_SELRES_start\">\ufeff<\/span><\/iframe><\/p>\n<p>Para o jovem frade, rec\u00e9m-ordenado di\u00e1cono, \u201cassim como n\u00f3s, frades, no final do ano passado, tivemos a gra\u00e7a de nos reanimarmos com o Cap\u00edtulo Provincial, os jovens agora vivem esse momento de retomada dos encontros provinciais com as juventudes que est\u00e3o ligadas \u00e0s nossas Frentes de Evangeliza\u00e7\u00e3o\u201d.<\/p>\n<p>Segundo o animador vocacional, s\u00e3o esperados 300 jovens. \u201cE toda a hist\u00f3ria que j\u00e1 temos com os eventos provinciais facilitou para que nessa ocasi\u00e3o os jovens nos surpreendam com uma grande participa\u00e7\u00e3o apesar das dificuldades que viveram\u201d, avalia.<\/p>\n<p>Para Frei Gabriel, esses jovens s\u00e3o caminheiros de sempre ou novos irm\u00e3os. \u201cCom eles queremos continuar esse projeto a fim de apresentar, de forma criativa, o carisma franciscano\u201d, indica o frade, agradecendo aos confrades que motivaram os grupos locais, aos jovens participantes, aos confrades que um dia \u201ccaminharam primeiro\u201d e agora oferecem pistas e apoio para essa retomada e, especialmente aos volunt\u00e1rios envolvidos nessa prepara\u00e7\u00e3o em fazer o melhor poss\u00edvel!<\/p>\n<p><strong>COM FREI GALV\u00c3O NO COME\u00c7O E NESTA D\u00c9CIMA EDI\u00c7\u00c3O<\/strong><\/p>\n<p>Para Frei Diego de Atalino Melo, reitor do Santu\u00e1rio Frei Galv\u00e3o, certamente, essa X Caminhada ser\u00e1 muito significativa para toda a Prov\u00edncia, principalmente para os jovens.<\/p>\n<p>Ele lembra que quando foi realizada a primeira CFJ, o grupo tinha apenas 37 \u201caventureiros\u201d. \u201cAinda sem experi\u00eancia e estrutura, nos colocamos a caminho com o desejo de tamb\u00e9m vivenciar um pouco da realidade de Frei Galv\u00e3o, que tantas vezes percorreu esses caminhos do vale do Para\u00edba. Tendo como tema \u2018Nos passos de Frei Galv\u00e3o\u2019, aquela primeira experi\u00eancia de itiner\u00e2ncia foi o g\u00e9rmen de uma bonita realidade que j\u00e1 envolveu centenas de jovens por toda a Prov\u00edncia\u201d, recordou o frade.<\/p>\n<p>Nesses dez anos, percorrendo Estados e cidades no territ\u00f3rio da Prov\u00edncia, a Caminhada Franciscana da Juventude acontece novamente em Guaratinguet\u00e1. Mas Frei Diego lembra que esta d\u00e9cima edi\u00e7\u00e3o acontece num momento novo da Prov\u00edncia, uma vez que agora os frades est\u00e3o presentes no Santu\u00e1rio do primeiro santo brasileiro. \u201cAl\u00e9m disso, nesse ano celebramos os 200 anos de morte de Frei Galv\u00e3o, motivo que tornar\u00e1 essa Caminhada ainda mais marcante. Ao testemunhar tantos jovens se colocando como peregrinos pelos passos de Frei Galv\u00e3o, mostrando que o seu carisma e a sua vida continuam vivo no cora\u00e7\u00e3o do povo brasileiro, iremos tamb\u00e9m mostrar o rosto jovem desse santo que continua espalhando a Paz e o Bem pelas estradas e caminhos\u201d, avalia o Reitor do Santu\u00e1rio.<\/p>\n<p>Para Frei Diego, Frei Galv\u00e3o \u00e9 um Santo do povo, homem da proximidade, da caridade e da paz: \u201cOlhar para Frei Galv\u00e3o \u00e9 perceber que ele tem muito a ensinar aos jovens do dia de hoje\u201d.<\/p>\n<p>\u201cEm um mundo marcado pela indiferen\u00e7a, Frei Galv\u00e3o se apresenta como portador da miseric\u00f3rdia. Em uma sociedade marcada pela viol\u00eancia, Frei Galv\u00e3o se faz arauto da paz e da defesa da dignidade humana. Em um mundo marcado pelo ac\u00famulo e pelo consumismo, Frei Galv\u00e3o nos aponta para uma vida despojada e simples. Enfim, tenho certeza de que \u00e0 medida que os jovens forem conhecendo a vida e os feitos de Frei Galv\u00e3o ir\u00e3o perceber o quanto ele tem a lhes ensinar e o quanto precisamos divulgar esse grande santo da nossa Prov\u00edncia\u201d, ensina Frei Diego.<\/p>\n<p>A Caminhada Franciscana da Juventude (CFJ) \u00e9 um evento promovido pela Prov\u00edncia Franciscana da Imaculada Concei\u00e7\u00e3o do Brasil. A ideia principal \u00e9 oferecer aos participantes uma experi\u00eancia de um retiro itinerante, realizando assim uma experi\u00eancia de encontro m\u00edstico com Deus, com o pr\u00f3ximo, consigo mesmo e com a natureza. Por meio da supera\u00e7\u00e3o dos pr\u00f3prios limites e de momentos de ora\u00e7\u00e3o e espiritualidade, o peregrino pode realizar momentos de reflex\u00e3o, conviv\u00eancia fraterna e alegria.<\/p>\n<p>Durante o itiner\u00e1rio destes dois dias, que se inicia no Porto Itagua\u00e7u, \u00e0s 6h, do dia 10 de setembro, em Aparecida, contempla momentos de devo\u00e7\u00e3o \u00e0 Padroeira do Brasil, passando pelas terras de Frei Galv\u00e3o, visitando espa\u00e7os que fazem aprofundar a experi\u00eancia do contato com o santo e a espiritualidade franciscana. Al\u00e9m disso, a dimens\u00e3o vocacional ser\u00e1 um grande tema: assim como frei Galv\u00e3o deu seu sim a Deus, todos os batizados devem dar o seu sim \u00e0 miss\u00e3o da Igreja.<\/p>\n<hr \/>\n<p><em>Comunica\u00e7\u00e3o da Prov\u00edncia da Imaculada<\/em><\/p>\n<p><img loading=\"lazy\" src=\"https:\/\/franciscanos.org.br\/noticias\/wp-content\/uploads\/2022\/08\/mapa-1280.jpg\" alt=\"\" width=\"1280\" height=\"910\" \/><\/p>\n","protected":false},"excerpt":{"rendered":"<p>10\u00aa CFJ<\/p>\n","protected":false},"author":7,"featured_media":239412,"comment_status":"open","ping_status":"open","sticky":false,"template":"","format":"standard","meta":[],"categories":[1],"tags":[699,2056],"acf":[],"yoast_head":"<!-- This site is optimized with the Yoast SEO plugin v19.2 - https:\/\/yoast.com\/wordpress\/plugins\/seo\/ -->\n<title>10\u00aa Caminhada Franciscana do reencontro, da retomada e da ressignifica\u00e7\u00e3o - Not\u00edcias - Franciscanos<\/title>\n<meta name=\"robots\" content=\"index, follow, max-snippet:-1, max-image-preview:large, max-video-preview:-1\" \/>\n<link rel=\"canonical\" href=\"https:\/\/franciscanos.org.br\/noticias\/10a-caminhada-franciscana-do-reencontro-da-retomada-e-da-ressignificacao.html\" \/>\n<meta property=\"og:locale\" content=\"pt_BR\" \/>\n<meta property=\"og:type\" content=\"article\" \/>\n<meta property=\"og:title\" content=\"10\u00aa Caminhada Franciscana do reencontro, da retomada e da ressignifica\u00e7\u00e3o - Not\u00edcias - Franciscanos\" \/>\n<meta property=\"og:description\" content=\"10\u00aa CFJ\" \/>\n<meta property=\"og:url\" content=\"https:\/\/franciscanos.org.br\/noticias\/10a-caminhada-franciscana-do-reencontro-da-retomada-e-da-ressignificacao.html\" \/>\n<meta property=\"og:site_name\" content=\"Not\u00edcias - Franciscanos\" \/>\n<meta property=\"article:published_time\" content=\"2022-08-31T11:53:56+00:00\" \/>\n<meta property=\"article:modified_time\" content=\"2023-01-03T14:24:28+00:00\" \/>\n<meta property=\"og:image\" content=\"https:\/\/franciscanos.org.br\/noticias\/wp-content\/uploads\/2022\/08\/caminhada-800.jpg\" \/>\n\t<meta property=\"og:image:width\" content=\"800\" \/>\n\t<meta property=\"og:image:height\" content=\"551\" \/>\n\t<meta property=\"og:image:type\" content=\"image\/jpeg\" \/>\n<meta name=\"author\" content=\"jovenal\" \/>\n<meta name=\"twitter:card\" content=\"summary_large_image\" \/>\n<meta name=\"twitter:label1\" content=\"Escrito por\" \/>\n\t<meta name=\"twitter:data1\" content=\"jovenal\" \/>\n\t<meta name=\"twitter:label2\" content=\"Est. tempo de leitura\" \/>\n\t<meta name=\"twitter:data2\" content=\"5 minutos\" \/>\n<script type=\"application\/ld+json\" class=\"yoast-schema-graph\">{\"@context\":\"https:\/\/schema.org\",\"@graph\":[{\"@type\":\"WebSite\",\"@id\":\"https:\/\/franciscanos.org.br\/noticias\/#website\",\"url\":\"https:\/\/franciscanos.org.br\/noticias\/\",\"name\":\"Not\u00edcias - Franciscanos\",\"description\":\"Prov\u00edncia Franciscana da Imaculada Concei\u00e7\u00e3o do Brasil - Ordem dos Frades Menores - OFM\",\"potentialAction\":[{\"@type\":\"SearchAction\",\"target\":{\"@type\":\"EntryPoint\",\"urlTemplate\":\"https:\/\/franciscanos.org.br\/noticias\/?s={search_term_string}\"},\"query-input\":\"required name=search_term_string\"}],\"inLanguage\":\"pt-BR\"},{\"@type\":\"ImageObject\",\"inLanguage\":\"pt-BR\",\"@id\":\"https:\/\/franciscanos.org.br\/noticias\/10a-caminhada-franciscana-do-reencontro-da-retomada-e-da-ressignificacao.html#primaryimage\",\"url\":\"https:\/\/franciscanos.org.br\/noticias\/wp-content\/uploads\/2022\/08\/caminhada-800.jpg\",\"contentUrl\":\"https:\/\/franciscanos.org.br\/noticias\/wp-content\/uploads\/2022\/08\/caminhada-800.jpg\",\"width\":800,\"height\":551},{\"@type\":\"WebPage\",\"@id\":\"https:\/\/franciscanos.org.br\/noticias\/10a-caminhada-franciscana-do-reencontro-da-retomada-e-da-ressignificacao.html#webpage\",\"url\":\"https:\/\/franciscanos.org.br\/noticias\/10a-caminhada-franciscana-do-reencontro-da-retomada-e-da-ressignificacao.html\",\"name\":\"10\u00aa Caminhada Franciscana do reencontro, da retomada e da ressignifica\u00e7\u00e3o - Not\u00edcias - Franciscanos\",\"isPartOf\":{\"@id\":\"https:\/\/franciscanos.org.br\/noticias\/#website\"},\"primaryImageOfPage\":{\"@id\":\"https:\/\/franciscanos.org.br\/noticias\/10a-caminhada-franciscana-do-reencontro-da-retomada-e-da-ressignificacao.html#primaryimage\"},\"datePublished\":\"2022-08-31T11:53:56+00:00\",\"dateModified\":\"2023-01-03T14:24:28+00:00\",\"author\":{\"@id\":\"https:\/\/franciscanos.org.br\/noticias\/#\/schema\/person\/c3a26b08313dd1772495ce300ab257cc\"},\"breadcrumb\":{\"@id\":\"https:\/\/franciscanos.org.br\/noticias\/10a-caminhada-franciscana-do-reencontro-da-retomada-e-da-ressignificacao.html#breadcrumb\"},\"inLanguage\":\"pt-BR\",\"potentialAction\":[{\"@type\":\"ReadAction\",\"target\":[\"https:\/\/franciscanos.org.br\/noticias\/10a-caminhada-franciscana-do-reencontro-da-retomada-e-da-ressignificacao.html\"]}]},{\"@type\":\"BreadcrumbList\",\"@id\":\"https:\/\/franciscanos.org.br\/noticias\/10a-caminhada-franciscana-do-reencontro-da-retomada-e-da-ressignificacao.html#breadcrumb\",\"itemListElement\":[{\"@type\":\"ListItem\",\"position\":1,\"name\":\"Home\",\"item\":\"https:\/\/franciscanos.org.br\/noticias\"},{\"@type\":\"ListItem\",\"position\":2,\"name\":\"10\u00aa Caminhada Franciscana do reencontro, da retomada e da ressignifica\u00e7\u00e3o\"}]},{\"@type\":\"Person\",\"@id\":\"https:\/\/franciscanos.org.br\/noticias\/#\/schema\/person\/c3a26b08313dd1772495ce300ab257cc\",\"name\":\"jovenal\",\"image\":{\"@type\":\"ImageObject\",\"inLanguage\":\"pt-BR\",\"@id\":\"https:\/\/franciscanos.org.br\/noticias\/#\/schema\/person\/image\/\",\"url\":\"https:\/\/secure.gravatar.com\/avatar\/e94509f531086e2eaf97e72f29ea00f9?s=96&d=mm&r=g\",\"contentUrl\":\"https:\/\/secure.gravatar.com\/avatar\/e94509f531086e2eaf97e72f29ea00f9?s=96&d=mm&r=g\",\"caption\":\"jovenal\"},\"url\":\"https:\/\/franciscanos.org.br\/noticias\/author\/jovenal\"}]}<\/script>\n<!-- \/ Yoast SEO plugin. -->","yoast_head_json":{"title":"10\u00aa Caminhada Franciscana do reencontro, da retomada e da ressignifica\u00e7\u00e3o - Not\u00edcias - Franciscanos","robots":{"index":"index","follow":"follow","max-snippet":"max-snippet:-1","max-image-preview":"max-image-preview:large","max-video-preview":"max-video-preview:-1"},"canonical":"https:\/\/franciscanos.org.br\/noticias\/10a-caminhada-franciscana-do-reencontro-da-retomada-e-da-ressignificacao.html","og_locale":"pt_BR","og_type":"article","og_title":"10\u00aa Caminhada Franciscana do reencontro, da retomada e da ressignifica\u00e7\u00e3o - Not\u00edcias - Franciscanos","og_description":"10\u00aa CFJ","og_url":"https:\/\/franciscanos.org.br\/noticias\/10a-caminhada-franciscana-do-reencontro-da-retomada-e-da-ressignificacao.html","og_site_name":"Not\u00edcias - Franciscanos","article_published_time":"2022-08-31T11:53:56+00:00","article_modified_time":"2023-01-03T14:24:28+00:00","og_image":[{"width":800,"height":551,"url":"https:\/\/franciscanos.org.br\/noticias\/wp-content\/uploads\/2022\/08\/caminhada-800.jpg","type":"image\/jpeg"}],"author":"jovenal","twitter_card":"summary_large_image","twitter_misc":{"Escrito por":"jovenal","Est. tempo de leitura":"5 minutos"},"schema":{"@context":"https:\/\/schema.org","@graph":[{"@type":"WebSite","@id":"https:\/\/franciscanos.org.br\/noticias\/#website","url":"https:\/\/franciscanos.org.br\/noticias\/","name":"Not\u00edcias - Franciscanos","description":"Prov\u00edncia Franciscana da Imaculada Concei\u00e7\u00e3o do Brasil - Ordem dos Frades Menores - OFM","potentialAction":[{"@type":"SearchAction","target":{"@type":"EntryPoint","urlTemplate":"https:\/\/franciscanos.org.br\/noticias\/?s={search_term_string}"},"query-input":"required name=search_term_string"}],"inLanguage":"pt-BR"},{"@type":"ImageObject","inLanguage":"pt-BR","@id":"https:\/\/franciscanos.org.br\/noticias\/10a-caminhada-franciscana-do-reencontro-da-retomada-e-da-ressignificacao.html#primaryimage","url":"https:\/\/franciscanos.org.br\/noticias\/wp-content\/uploads\/2022\/08\/caminhada-800.jpg","contentUrl":"https:\/\/franciscanos.org.br\/noticias\/wp-content\/uploads\/2022\/08\/caminhada-800.jpg","width":800,"height":551},{"@type":"WebPage","@id":"https:\/\/franciscanos.org.br\/noticias\/10a-caminhada-franciscana-do-reencontro-da-retomada-e-da-ressignificacao.html#webpage","url":"https:\/\/franciscanos.org.br\/noticias\/10a-caminhada-franciscana-do-reencontro-da-retomada-e-da-ressignificacao.html","name":"10\u00aa Caminhada Franciscana do reencontro, da retomada e da ressignifica\u00e7\u00e3o - Not\u00edcias - Franciscanos","isPartOf":{"@id":"https:\/\/franciscanos.org.br\/noticias\/#website"},"primaryImageOfPage":{"@id":"https:\/\/franciscanos.org.br\/noticias\/10a-caminhada-franciscana-do-reencontro-da-retomada-e-da-ressignificacao.html#primaryimage"},"datePublished":"2022-08-31T11:53:56+00:00","dateModified":"2023-01-03T14:24:28+00:00","author":{"@id":"https:\/\/franciscanos.org.br\/noticias\/#\/schema\/person\/c3a26b08313dd1772495ce300ab257cc"},"breadcrumb":{"@id":"https:\/\/franciscanos.org.br\/noticias\/10a-caminhada-franciscana-do-reencontro-da-retomada-e-da-ressignificacao.html#breadcrumb"},"inLanguage":"pt-BR","potentialAction":[{"@type":"ReadAction","target":["https:\/\/franciscanos.org.br\/noticias\/10a-caminhada-franciscana-do-reencontro-da-retomada-e-da-ressignificacao.html"]}]},{"@type":"BreadcrumbList","@id":"https:\/\/franciscanos.org.br\/noticias\/10a-caminhada-franciscana-do-reencontro-da-retomada-e-da-ressignificacao.html#breadcrumb","itemListElement":[{"@type":"ListItem","position":1,"name":"Home","item":"https:\/\/franciscanos.org.br\/noticias"},{"@type":"ListItem","position":2,"name":"10\u00aa Caminhada Franciscana do reencontro, da retomada e da ressignifica\u00e7\u00e3o"}]},{"@type":"Person","@id":"https:\/\/franciscanos.org.br\/noticias\/#\/schema\/person\/c3a26b08313dd1772495ce300ab257cc","name":"jovenal","image":{"@type":"ImageObject","inLanguage":"pt-BR","@id":"https:\/\/franciscanos.org.br\/noticias\/#\/schema\/person\/image\/","url":"https:\/\/secure.gravatar.com\/avatar\/e94509f531086e2eaf97e72f29ea00f9?s=96&d=mm&r=g","contentUrl":"https:\/\/secure.gravatar.com\/avatar\/e94509f531086e2eaf97e72f29ea00f9?s=96&d=mm&r=g","caption":"jovenal"},"url":"https:\/\/franciscanos.org.br\/noticias\/author\/jovenal"}]}},"_links":{"self":[{"href":"https:\/\/franciscanos.org.br\/noticias\/wp-json\/wp\/v2\/posts\/239408"}],"collection":[{"href":"https:\/\/franciscanos.org.br\/noticias\/wp-json\/wp\/v2\/posts"}],"about":[{"href":"https:\/\/franciscanos.org.br\/noticias\/wp-json\/wp\/v2\/types\/post"}],"author":[{"embeddable":true,"href":"https:\/\/franciscanos.org.br\/noticias\/wp-json\/wp\/v2\/users\/7"}],"replies":[{"embeddable":true,"href":"https:\/\/franciscanos.org.br\/noticias\/wp-json\/wp\/v2\/comments?post=239408"}],"version-history":[{"count":3,"href":"https:\/\/franciscanos.org.br\/noticias\/wp-json\/wp\/v2\/posts\/239408\/revisions"}],"predecessor-version":[{"id":241492,"href":"https:\/\/franciscanos.org.br\/noticias\/wp-json\/wp\/v2\/posts\/239408\/revisions\/241492"}],"wp:featuredmedia":[{"embeddable":true,"href":"https:\/\/franciscanos.org.br\/noticias\/wp-json\/wp\/v2\/media\/239412"}],"wp:attachment":[{"href":"https:\/\/franciscanos.org.br\/noticias\/wp-json\/wp\/v2\/media?parent=239408"}],"wp:term":[{"taxonomy":"category","embeddable":true,"href":"https:\/\/franciscanos.org.br\/noticias\/wp-json\/wp\/v2\/categories?post=239408"},{"taxonomy":"post_tag","embeddable":true,"href":"https:\/\/franciscanos.org.br\/noticias\/wp-json\/wp\/v2\/tags?post=239408"}],"curies":[{"name":"wp","href":"https:\/\/api.w.org\/{rel}","templated":true}]}}