{"id":239405,"date":"2022-08-31T06:57:38","date_gmt":"2022-08-31T09:57:38","guid":{"rendered":"https:\/\/franciscanos.org.br\/noticias\/?p=239405"},"modified":"2022-08-31T06:57:38","modified_gmt":"2022-08-31T09:57:38","slug":"papa-o-discernimento-e-dificil-mas-indispensavel-para-a-vida-de-todos","status":"publish","type":"post","link":"https:\/\/franciscanos.org.br\/noticias\/papa-o-discernimento-e-dificil-mas-indispensavel-para-a-vida-de-todos.html","title":{"rendered":"Papa: o discernimento \u00e9 dif\u00edcil, mas indispens\u00e1vel para a vida de todos"},"content":{"rendered":"<div id=\"attachment_239406\" style=\"width: 990px\" class=\"wp-caption alignnone\"><img aria-describedby=\"caption-attachment-239406\" loading=\"lazy\" class=\"wp-image-239406 size-full\" src=\"https:\/\/franciscanos.org.br\/noticias\/wp-content\/uploads\/2022\/08\/audiencia_31_2.jpg\" alt=\"\" width=\"980\" height=\"653\" srcset=\"https:\/\/franciscanos.org.br\/noticias\/wp-content\/uploads\/2022\/08\/audiencia_31_2.jpg 980w, https:\/\/franciscanos.org.br\/noticias\/wp-content\/uploads\/2022\/08\/audiencia_31_2-450x300.jpg 450w, https:\/\/franciscanos.org.br\/noticias\/wp-content\/uploads\/2022\/08\/audiencia_31_2-768x512.jpg 768w, https:\/\/franciscanos.org.br\/noticias\/wp-content\/uploads\/2022\/08\/audiencia_31_2-150x100.jpg 150w\" sizes=\"(max-width: 980px) 100vw, 980px\" \/><p id=\"caption-attachment-239406\" class=\"wp-caption-text\">\u00a0 \u00a0 \u00a0 \u00a0 \u00a0 \u00a0 \u00a0 \u00a0 \u00a0 \u00a0 \u00a0 \u00a0 \u00a0 \u00a0 \u00a0 \u00a0 \u00a0 \u00a0 \u00a0 \u00a0 \u00a0 \u00a0 \u00a0 \u00a0 \u00a0 \u00a0 \u00a0 \u00a0 \u00a0 \u00a0 \u00a0 \u00a0 \u00a0 \u00a0 \u00a0 \u00a0 \u00a0 \u00a0 \u00a0 \u00a0 \u00a0 \u00a0 \u00a0 \u00a0 \u00a0 \u00a0 \u00a0 \u00a0 \u00a0 \u00a0 \u00a0 \u00a0 \u00a0 \u00a0 \u00a0 \u00a0 <em>\u00a0 \u00a0 \u00a0Imagem: Vatican Media<\/em><\/p><\/div>\n<p>O Papa Francisco iniciou um novo ciclo de catequeses sobre o tema do discernimento na Audi\u00eancia Geral, desta nesta quarta-feira (31\/08), realizada na Sala Paulo VI. &#8220;O que significa discernir&#8221;, foi o tema deste encontro semanal com os fi\u00e9is. Discernir \u00e9 um ato importante que se refere a todos, porque as escolhas constituem uma parte essencial da vida. Discernir as escolhas. Escolhe-se uma comida, uma roupa, um curso de estudos, um emprego, uma rela\u00e7\u00e3o. Em tudo isso se realiza um projeto de vida, e tamb\u00e9m se concretiza a nossa rela\u00e7\u00e3o com Deus.<\/p>\n<p>No Evangelho, Jesus fala do discernimento com imagens tiradas da vida comum; por exemplo, descreve os pescadores que selecionam os peixes bons e descarta os maus; ou o comerciante que sabe identificar, entre muitas p\u00e9rolas, a de maior valor. Ou aquele que, lavrando um campo, se depara com algo que se revela um tesouro.<\/p>\n<p>&#8220;\u00c0 luz destes exemplos, o discernimento se apresenta como um exerc\u00edcio de intelig\u00eancia, de per\u00edcia e inclusive de vontade, para reconhecer o momento favor\u00e1vel: s\u00e3o estas as condi\u00e7\u00f5es para fazer uma boa escolha&#8221;, disse o Papa, acrescentando: &#8220;As decis\u00f5es s\u00e3o tomadas por todas as pessoas. N\u00e3o h\u00e1 quem a tome por n\u00f3s. Podemos pedir um conselho, mas a decis\u00e3o \u00e9 da pessoa. N\u00e3o se pode dizer: &#8220;Eu perdi isso, porque meu marido decidiu, minha esposa decidiu, meu irm\u00e3o decidiu&#8221;: n\u00e3o! Voc\u00ea deve decidir, cada um de n\u00f3s deve decidir. Por isso \u00e9 importante saber discernir: para decidir bem \u00e9 necess\u00e1rio saber discernir&#8221;.<\/p>\n<p>&#8220;O Evangelho sugere outro aspeto importante do discernimento: ele envolve os afetos. Quem encontrou o tesouro n\u00e3o tem dificuldade de vender tudo, t\u00e3o grande \u00e9 a sua alegria. O termo usado pelo evangelista Mateus indica uma alegria totalmente especial, que nenhuma realidade humana pode dar; e com efeito, repete-se em pouqu\u00edssimas outras passagens do Evangelho, todas elas relativas ao encontro com Deus. \u00c9 a alegria dos Magos quando, depois de uma viagem longa e \u00e1rdua, veem de novo a estrela; \u00e9 a alegria das mulheres que regressam do sepulcro vazio, depois de ouvir o an\u00fancio da ressurrei\u00e7\u00e3o, feito pelo anjo. \u00c9 a alegria de quem encontrou o Senhor&#8221;, disse ainda Francisco.<\/p>\n<p>No ju\u00edzo final Deus far\u00e1 um discernimento, o grande discernimento, em rela\u00e7\u00e3o a n\u00f3s&#8221;, frisou o Papa, reiterando que &#8220;\u00e9 muito importante saber discernir: as grandes escolhas podem surgir de circunst\u00e2ncias \u00e0 primeira vista secund\u00e1rias, mas que se revelam decisivas. Numa decis\u00e3o boa, a vontade de Deus se encontra com nossa vontade; se encontra o caminho atual com o eterno. Tomar uma decis\u00e3o justa, depois de um caminho de discernimento, \u00e9 fazer esse encontro: o tempo com o eterno&#8221;.<\/p>\n<p>Conhecimento, experi\u00eancia, afeto e vontade s\u00e3o alguns elementos indispens\u00e1veis para o discernimento, mas o discernimento exige tamb\u00e9m &#8220;esfor\u00e7o&#8221;. &#8220;Segundo a B\u00edblia, n\u00e3o encontramos diante de n\u00f3s, j\u00e1 embalada, a vida que devemos viver. Deus nos convida a avaliar e a escolher: Criou-nos livres e quer que exer\u00e7amos a nossa liberdade. Por isso, discernir \u00e9 dif\u00edcil&#8221;, sublinhou o Pont\u00edfice.<\/p>\n<p>O discernimento \u00e9 aquela reflex\u00e3o da mente, do cora\u00e7\u00e3o que devemos fazer antes de tomar uma decis\u00e3o. O discernimento \u00e9 \u00e1rduo, mas indispens\u00e1vel para viver. Requer que eu me conhe\u00e7a, que saiba o que \u00e9 bom para mim aqui e agora. Exige sobretudo uma rela\u00e7\u00e3o filial com Deus que nunca imp\u00f5e a sua vontade, porque quer ser amado, n\u00e3o temido. E o amor s\u00f3 pode ser vivido na liberdade. Para aprender a viver \u00e9 preciso aprender a amar, e por isso \u00e9 necess\u00e1rio discernir.<\/p>\n<hr \/>\n<p><em>Fonte: Vatican News (texto de Mariangela Jaguraba)<\/em><\/p>\n","protected":false},"excerpt":{"rendered":"<p>Audi\u00eancia Geral<\/p>\n","protected":false},"author":3,"featured_media":239406,"comment_status":"open","ping_status":"open","sticky":false,"template":"","format":"standard","meta":[],"categories":[1428],"tags":[487],"acf":[],"yoast_head":"<!-- This site is optimized with the Yoast SEO plugin v19.2 - https:\/\/yoast.com\/wordpress\/plugins\/seo\/ -->\n<title>Papa: o discernimento \u00e9 dif\u00edcil, mas indispens\u00e1vel para a vida de todos - Not\u00edcias - Franciscanos<\/title>\n<meta name=\"robots\" content=\"index, follow, max-snippet:-1, max-image-preview:large, max-video-preview:-1\" \/>\n<link rel=\"canonical\" href=\"https:\/\/franciscanos.org.br\/noticias\/papa-o-discernimento-e-dificil-mas-indispensavel-para-a-vida-de-todos.html\" \/>\n<meta property=\"og:locale\" content=\"pt_BR\" \/>\n<meta property=\"og:type\" content=\"article\" \/>\n<meta property=\"og:title\" content=\"Papa: o discernimento \u00e9 dif\u00edcil, mas indispens\u00e1vel para a vida de todos - Not\u00edcias - Franciscanos\" \/>\n<meta property=\"og:description\" content=\"Audi\u00eancia Geral\" \/>\n<meta property=\"og:url\" content=\"https:\/\/franciscanos.org.br\/noticias\/papa-o-discernimento-e-dificil-mas-indispensavel-para-a-vida-de-todos.html\" \/>\n<meta property=\"og:site_name\" content=\"Not\u00edcias - Franciscanos\" \/>\n<meta property=\"article:published_time\" content=\"2022-08-31T09:57:38+00:00\" \/>\n<meta property=\"og:image\" content=\"https:\/\/franciscanos.org.br\/noticias\/wp-content\/uploads\/2022\/08\/audiencia_31_2.jpg\" \/>\n\t<meta property=\"og:image:width\" content=\"980\" \/>\n\t<meta property=\"og:image:height\" content=\"653\" \/>\n\t<meta property=\"og:image:type\" content=\"image\/jpeg\" \/>\n<meta name=\"author\" content=\"moacir\" \/>\n<meta name=\"twitter:card\" content=\"summary_large_image\" \/>\n<meta name=\"twitter:label1\" content=\"Escrito por\" \/>\n\t<meta name=\"twitter:data1\" content=\"moacir\" \/>\n\t<meta name=\"twitter:label2\" content=\"Est. tempo de leitura\" \/>\n\t<meta name=\"twitter:data2\" content=\"3 minutos\" \/>\n<script type=\"application\/ld+json\" class=\"yoast-schema-graph\">{\"@context\":\"https:\/\/schema.org\",\"@graph\":[{\"@type\":\"WebSite\",\"@id\":\"https:\/\/franciscanos.org.br\/noticias\/#website\",\"url\":\"https:\/\/franciscanos.org.br\/noticias\/\",\"name\":\"Not\u00edcias - Franciscanos\",\"description\":\"Prov\u00edncia Franciscana da Imaculada Concei\u00e7\u00e3o do Brasil - Ordem dos Frades Menores - OFM\",\"potentialAction\":[{\"@type\":\"SearchAction\",\"target\":{\"@type\":\"EntryPoint\",\"urlTemplate\":\"https:\/\/franciscanos.org.br\/noticias\/?s={search_term_string}\"},\"query-input\":\"required name=search_term_string\"}],\"inLanguage\":\"pt-BR\"},{\"@type\":\"ImageObject\",\"inLanguage\":\"pt-BR\",\"@id\":\"https:\/\/franciscanos.org.br\/noticias\/papa-o-discernimento-e-dificil-mas-indispensavel-para-a-vida-de-todos.html#primaryimage\",\"url\":\"https:\/\/franciscanos.org.br\/noticias\/wp-content\/uploads\/2022\/08\/audiencia_31_2.jpg\",\"contentUrl\":\"https:\/\/franciscanos.org.br\/noticias\/wp-content\/uploads\/2022\/08\/audiencia_31_2.jpg\",\"width\":980,\"height\":653},{\"@type\":\"WebPage\",\"@id\":\"https:\/\/franciscanos.org.br\/noticias\/papa-o-discernimento-e-dificil-mas-indispensavel-para-a-vida-de-todos.html#webpage\",\"url\":\"https:\/\/franciscanos.org.br\/noticias\/papa-o-discernimento-e-dificil-mas-indispensavel-para-a-vida-de-todos.html\",\"name\":\"Papa: o discernimento \u00e9 dif\u00edcil, mas indispens\u00e1vel para a vida de todos - Not\u00edcias - Franciscanos\",\"isPartOf\":{\"@id\":\"https:\/\/franciscanos.org.br\/noticias\/#website\"},\"primaryImageOfPage\":{\"@id\":\"https:\/\/franciscanos.org.br\/noticias\/papa-o-discernimento-e-dificil-mas-indispensavel-para-a-vida-de-todos.html#primaryimage\"},\"datePublished\":\"2022-08-31T09:57:38+00:00\",\"dateModified\":\"2022-08-31T09:57:38+00:00\",\"author\":{\"@id\":\"https:\/\/franciscanos.org.br\/noticias\/#\/schema\/person\/b5c8cba458c330ccff548b056e95a5d4\"},\"breadcrumb\":{\"@id\":\"https:\/\/franciscanos.org.br\/noticias\/papa-o-discernimento-e-dificil-mas-indispensavel-para-a-vida-de-todos.html#breadcrumb\"},\"inLanguage\":\"pt-BR\",\"potentialAction\":[{\"@type\":\"ReadAction\",\"target\":[\"https:\/\/franciscanos.org.br\/noticias\/papa-o-discernimento-e-dificil-mas-indispensavel-para-a-vida-de-todos.html\"]}]},{\"@type\":\"BreadcrumbList\",\"@id\":\"https:\/\/franciscanos.org.br\/noticias\/papa-o-discernimento-e-dificil-mas-indispensavel-para-a-vida-de-todos.html#breadcrumb\",\"itemListElement\":[{\"@type\":\"ListItem\",\"position\":1,\"name\":\"Home\",\"item\":\"https:\/\/franciscanos.org.br\/noticias\"},{\"@type\":\"ListItem\",\"position\":2,\"name\":\"Papa: o discernimento \u00e9 dif\u00edcil, mas indispens\u00e1vel para a vida de todos\"}]},{\"@type\":\"Person\",\"@id\":\"https:\/\/franciscanos.org.br\/noticias\/#\/schema\/person\/b5c8cba458c330ccff548b056e95a5d4\",\"name\":\"moacir\",\"image\":{\"@type\":\"ImageObject\",\"inLanguage\":\"pt-BR\",\"@id\":\"https:\/\/franciscanos.org.br\/noticias\/#\/schema\/person\/image\/\",\"url\":\"https:\/\/secure.gravatar.com\/avatar\/d08aa2ce4c8dd416d4479aa8536fcf64?s=96&d=mm&r=g\",\"contentUrl\":\"https:\/\/secure.gravatar.com\/avatar\/d08aa2ce4c8dd416d4479aa8536fcf64?s=96&d=mm&r=g\",\"caption\":\"moacir\"},\"url\":\"https:\/\/franciscanos.org.br\/noticias\/author\/moacir\"}]}<\/script>\n<!-- \/ Yoast SEO plugin. -->","yoast_head_json":{"title":"Papa: o discernimento \u00e9 dif\u00edcil, mas indispens\u00e1vel para a vida de todos - Not\u00edcias - Franciscanos","robots":{"index":"index","follow":"follow","max-snippet":"max-snippet:-1","max-image-preview":"max-image-preview:large","max-video-preview":"max-video-preview:-1"},"canonical":"https:\/\/franciscanos.org.br\/noticias\/papa-o-discernimento-e-dificil-mas-indispensavel-para-a-vida-de-todos.html","og_locale":"pt_BR","og_type":"article","og_title":"Papa: o discernimento \u00e9 dif\u00edcil, mas indispens\u00e1vel para a vida de todos - Not\u00edcias - Franciscanos","og_description":"Audi\u00eancia Geral","og_url":"https:\/\/franciscanos.org.br\/noticias\/papa-o-discernimento-e-dificil-mas-indispensavel-para-a-vida-de-todos.html","og_site_name":"Not\u00edcias - Franciscanos","article_published_time":"2022-08-31T09:57:38+00:00","og_image":[{"width":980,"height":653,"url":"https:\/\/franciscanos.org.br\/noticias\/wp-content\/uploads\/2022\/08\/audiencia_31_2.jpg","type":"image\/jpeg"}],"author":"moacir","twitter_card":"summary_large_image","twitter_misc":{"Escrito por":"moacir","Est. tempo de leitura":"3 minutos"},"schema":{"@context":"https:\/\/schema.org","@graph":[{"@type":"WebSite","@id":"https:\/\/franciscanos.org.br\/noticias\/#website","url":"https:\/\/franciscanos.org.br\/noticias\/","name":"Not\u00edcias - Franciscanos","description":"Prov\u00edncia Franciscana da Imaculada Concei\u00e7\u00e3o do Brasil - Ordem dos Frades Menores - OFM","potentialAction":[{"@type":"SearchAction","target":{"@type":"EntryPoint","urlTemplate":"https:\/\/franciscanos.org.br\/noticias\/?s={search_term_string}"},"query-input":"required name=search_term_string"}],"inLanguage":"pt-BR"},{"@type":"ImageObject","inLanguage":"pt-BR","@id":"https:\/\/franciscanos.org.br\/noticias\/papa-o-discernimento-e-dificil-mas-indispensavel-para-a-vida-de-todos.html#primaryimage","url":"https:\/\/franciscanos.org.br\/noticias\/wp-content\/uploads\/2022\/08\/audiencia_31_2.jpg","contentUrl":"https:\/\/franciscanos.org.br\/noticias\/wp-content\/uploads\/2022\/08\/audiencia_31_2.jpg","width":980,"height":653},{"@type":"WebPage","@id":"https:\/\/franciscanos.org.br\/noticias\/papa-o-discernimento-e-dificil-mas-indispensavel-para-a-vida-de-todos.html#webpage","url":"https:\/\/franciscanos.org.br\/noticias\/papa-o-discernimento-e-dificil-mas-indispensavel-para-a-vida-de-todos.html","name":"Papa: o discernimento \u00e9 dif\u00edcil, mas indispens\u00e1vel para a vida de todos - Not\u00edcias - Franciscanos","isPartOf":{"@id":"https:\/\/franciscanos.org.br\/noticias\/#website"},"primaryImageOfPage":{"@id":"https:\/\/franciscanos.org.br\/noticias\/papa-o-discernimento-e-dificil-mas-indispensavel-para-a-vida-de-todos.html#primaryimage"},"datePublished":"2022-08-31T09:57:38+00:00","dateModified":"2022-08-31T09:57:38+00:00","author":{"@id":"https:\/\/franciscanos.org.br\/noticias\/#\/schema\/person\/b5c8cba458c330ccff548b056e95a5d4"},"breadcrumb":{"@id":"https:\/\/franciscanos.org.br\/noticias\/papa-o-discernimento-e-dificil-mas-indispensavel-para-a-vida-de-todos.html#breadcrumb"},"inLanguage":"pt-BR","potentialAction":[{"@type":"ReadAction","target":["https:\/\/franciscanos.org.br\/noticias\/papa-o-discernimento-e-dificil-mas-indispensavel-para-a-vida-de-todos.html"]}]},{"@type":"BreadcrumbList","@id":"https:\/\/franciscanos.org.br\/noticias\/papa-o-discernimento-e-dificil-mas-indispensavel-para-a-vida-de-todos.html#breadcrumb","itemListElement":[{"@type":"ListItem","position":1,"name":"Home","item":"https:\/\/franciscanos.org.br\/noticias"},{"@type":"ListItem","position":2,"name":"Papa: o discernimento \u00e9 dif\u00edcil, mas indispens\u00e1vel para a vida de todos"}]},{"@type":"Person","@id":"https:\/\/franciscanos.org.br\/noticias\/#\/schema\/person\/b5c8cba458c330ccff548b056e95a5d4","name":"moacir","image":{"@type":"ImageObject","inLanguage":"pt-BR","@id":"https:\/\/franciscanos.org.br\/noticias\/#\/schema\/person\/image\/","url":"https:\/\/secure.gravatar.com\/avatar\/d08aa2ce4c8dd416d4479aa8536fcf64?s=96&d=mm&r=g","contentUrl":"https:\/\/secure.gravatar.com\/avatar\/d08aa2ce4c8dd416d4479aa8536fcf64?s=96&d=mm&r=g","caption":"moacir"},"url":"https:\/\/franciscanos.org.br\/noticias\/author\/moacir"}]}},"_links":{"self":[{"href":"https:\/\/franciscanos.org.br\/noticias\/wp-json\/wp\/v2\/posts\/239405"}],"collection":[{"href":"https:\/\/franciscanos.org.br\/noticias\/wp-json\/wp\/v2\/posts"}],"about":[{"href":"https:\/\/franciscanos.org.br\/noticias\/wp-json\/wp\/v2\/types\/post"}],"author":[{"embeddable":true,"href":"https:\/\/franciscanos.org.br\/noticias\/wp-json\/wp\/v2\/users\/3"}],"replies":[{"embeddable":true,"href":"https:\/\/franciscanos.org.br\/noticias\/wp-json\/wp\/v2\/comments?post=239405"}],"version-history":[{"count":1,"href":"https:\/\/franciscanos.org.br\/noticias\/wp-json\/wp\/v2\/posts\/239405\/revisions"}],"predecessor-version":[{"id":239407,"href":"https:\/\/franciscanos.org.br\/noticias\/wp-json\/wp\/v2\/posts\/239405\/revisions\/239407"}],"wp:featuredmedia":[{"embeddable":true,"href":"https:\/\/franciscanos.org.br\/noticias\/wp-json\/wp\/v2\/media\/239406"}],"wp:attachment":[{"href":"https:\/\/franciscanos.org.br\/noticias\/wp-json\/wp\/v2\/media?parent=239405"}],"wp:term":[{"taxonomy":"category","embeddable":true,"href":"https:\/\/franciscanos.org.br\/noticias\/wp-json\/wp\/v2\/categories?post=239405"},{"taxonomy":"post_tag","embeddable":true,"href":"https:\/\/franciscanos.org.br\/noticias\/wp-json\/wp\/v2\/tags?post=239405"}],"curies":[{"name":"wp","href":"https:\/\/api.w.org\/{rel}","templated":true}]}}