{"id":239387,"date":"2022-08-29T08:01:51","date_gmt":"2022-08-29T11:01:51","guid":{"rendered":"https:\/\/franciscanos.org.br\/noticias\/?p=239387"},"modified":"2022-08-29T08:01:51","modified_gmt":"2022-08-29T11:01:51","slug":"na-reuniao-sobre-a-praedicate-evangelium-a-presenca-de-197-entre-cardeais-e-patriarcas","status":"publish","type":"post","link":"https:\/\/franciscanos.org.br\/noticias\/na-reuniao-sobre-a-praedicate-evangelium-a-presenca-de-197-entre-cardeais-e-patriarcas.html","title":{"rendered":"Na reuni\u00e3o sobre a &#8220;Praedicate Evangelium&#8221;, a presen\u00e7a de 197 entre cardeais e patriarcas"},"content":{"rendered":"<div id=\"attachment_239388\" style=\"width: 1510px\" class=\"wp-caption alignnone\"><img aria-describedby=\"caption-attachment-239388\" loading=\"lazy\" class=\"wp-image-239388 size-full\" src=\"https:\/\/franciscanos.org.br\/noticias\/wp-content\/uploads\/2022\/08\/consistorio2.jpeg\" alt=\"\" width=\"1500\" height=\"844\" srcset=\"https:\/\/franciscanos.org.br\/noticias\/wp-content\/uploads\/2022\/08\/consistorio2.jpeg 1500w, https:\/\/franciscanos.org.br\/noticias\/wp-content\/uploads\/2022\/08\/consistorio2-450x253.jpeg 450w, https:\/\/franciscanos.org.br\/noticias\/wp-content\/uploads\/2022\/08\/consistorio2-1024x576.jpeg 1024w, https:\/\/franciscanos.org.br\/noticias\/wp-content\/uploads\/2022\/08\/consistorio2-768x432.jpeg 768w, https:\/\/franciscanos.org.br\/noticias\/wp-content\/uploads\/2022\/08\/consistorio2-150x84.jpeg 150w\" sizes=\"(max-width: 1500px) 100vw, 1500px\" \/><p id=\"caption-attachment-239388\" class=\"wp-caption-text\">\u00a0 \u00a0 \u00a0 \u00a0 \u00a0 \u00a0 \u00a0 \u00a0 \u00a0 \u00a0 \u00a0 \u00a0 \u00a0 \u00a0 \u00a0 \u00a0 \u00a0 \u00a0 \u00a0 \u00a0 \u00a0 \u00a0 \u00a0 \u00a0 \u00a0 \u00a0 \u00a0 \u00a0 \u00a0 \u00a0 \u00a0 \u00a0 \u00a0 \u00a0 \u00a0 \u00a0 \u00a0 \u00a0 \u00a0 \u00a0 \u00a0 \u00a0 \u00a0 \u00a0 \u00a0 \u00a0 \u00a0 \u00a0 \u00a0 \u00a0 \u00a0 \u00a0 \u00a0<em> \u00a0 \u00a0 \u00a0 \u00a0 \u00a0Imagem: Vatican Media<\/em><\/p><\/div>\n<p>S\u00e3o 197 os participantes nesta segunda e ter\u00e7a-feira, 29 e 30 de agosto, da reflex\u00e3o sobre a nova Constitui\u00e7\u00e3o Apost\u00f3lica <em>Praedicate Evangelium<\/em> promulgada em 19 de mar\u00e7o passado e que cont\u00e9m e sistematiza muitas reformas j\u00e1 implementadas nos \u00faltimos anos na C\u00faria Romana. O encontro foi anunciado pelo pr\u00f3prio Francisco no final do<em> Regina Coeli,<\/em> em 29 de maio, junto com o an\u00fancio do novo Consist\u00f3rio.<\/p>\n<p>No \u00faltimo s\u00e1bado, a Sala de Imprensa da Santa S\u00e9 havia anunciado os detalhes sobre as participa\u00e7\u00f5es e a organiza\u00e7\u00e3o dos trabalhos, precisando que dos 197 atualmente considerados presentes, al\u00e9m dos cardeais, participam os Patriarcas Orientais e os Superiores da Secretaria de Estado e que as sess\u00f5es s\u00e3o alternadas entre manh\u00e3 e tarde a partir das 09h00 e depois das 16h00, com uma pequena pausa para o almo\u00e7o.<\/p>\n<p>Haver\u00e1 encontros de grupos lingu\u00edsticos sobre diversos aspectos do Documento, bem como debates na Sala. Ao final, na tarde de ter\u00e7a-feira, 30 de agosto, ap\u00f3s os trabalhos da assembleia, \u00e0s 17h30, ser\u00e1 celebrada a Santa Missa em Bas\u00edlica de S\u00e3o Pedro.<\/p>\n<h3>Papa prorroga por um ano a indulg\u00eancia do Perd\u00e3o Celestino<\/h3>\n<p>Na noite desta segunda-feira (29), ser\u00e1 fechada a Porta Santa da Bas\u00edlica de Santa Maria di Collemaggio em L&#8217;Aquila. O fechamento ser\u00e1 ap\u00f3s a celebra\u00e7\u00e3o eucar\u00edstica marcada para as 18h30 pelo Bispo Auxiliar da cidade, Dom Antonio D&#8217;Angelo. A Porta Santa foi aberta ontem pelo Papa Francisco durante sua visita pastoral por ocasi\u00e3o do in\u00edcio da indulg\u00eancia concedida pelo Perd\u00e3o Celestino.<\/p>\n<p><strong>Prorrogada indulg\u00eancia<\/strong><br \/>\nPor\u00e9m, a indulg\u00eancia n\u00e3o terminar\u00e1 esta noite, como estipulado na Bula &#8220;Inter sanctorum solemnia&#8221; do Papa Celestino V, mas poder\u00e1 ser desfrutada at\u00e9 o Perd\u00e3o Celestino de 2023, por concess\u00e3o especial do Papa Francisco. At\u00e9 28 de agosto de 2023, os fi\u00e9is e peregrinos que vierem a L\u2019Aquila poder\u00e3o obter a indulg\u00eancia plen\u00e1ria todos os dias, participando dos ritos em honra de S\u00e3o Celestino V ou rezando &#8220;na presen\u00e7a dos restos mortais do santo por um tempo apropriado&#8221;.<\/p>\n<p><strong>Condi\u00e7\u00f5es para a indulg\u00eancia<\/strong><br \/>\nPara obter a indulg\u00eancia, \u00e9 necess\u00e1rio tamb\u00e9m recitar o Credo, o Pai Nosso e uma ora\u00e7\u00e3o de acordo com as inten\u00e7\u00f5es do Sumo Pont\u00edfice. Por fim, \u00e9 preciso se aproximar da Confiss\u00e3o Sacramental e da Comunh\u00e3o Eucar\u00edstica dentro de oito dias antes ou depois de participar de um rito em honra de Celestine V, ou depois de ter estado em ora\u00e7\u00e3o diante dos restos mortais do Santo Pont\u00edfice.<\/p>\n<p>Os idosos, os doentes e todos aqueles que por motivos graves n\u00e3o podem sair de suas casas, tamb\u00e9m poder\u00e3o obter uma indulg\u00eancia plen\u00e1ria se, arrependidos de cada pecado e com a inten\u00e7\u00e3o de cumprir as tr\u00eas condi\u00e7\u00f5es habituais assim que puderem, participarem espiritualmente das celebra\u00e7\u00f5es diante de uma pequena imagem de S\u00e3o Pedro Celestino, depois de terem oferecido suas ora\u00e7\u00f5es e suas tristezas, ou os sofrimentos de suas vidas, ao Deus misericordioso.<br \/>\nA indulg\u00eancia poder\u00e1 ser aplicada tamb\u00e9m aos fi\u00e9is falecidos.<\/p>\n<hr \/>\n<p><em>Fonte: Vatican News<\/em><\/p>\n","protected":false},"excerpt":{"rendered":"<p>Consist\u00f3rio<\/p>\n","protected":false},"author":3,"featured_media":239388,"comment_status":"open","ping_status":"open","sticky":false,"template":"","format":"standard","meta":[],"categories":[1428],"tags":[575],"acf":[],"yoast_head":"<!-- This site is optimized with the Yoast SEO plugin v19.2 - https:\/\/yoast.com\/wordpress\/plugins\/seo\/ -->\n<title>Na reuni\u00e3o sobre a &quot;Praedicate Evangelium&quot;, a presen\u00e7a de 197 entre cardeais e patriarcas - Not\u00edcias - Franciscanos<\/title>\n<meta name=\"robots\" content=\"index, follow, max-snippet:-1, max-image-preview:large, max-video-preview:-1\" \/>\n<link rel=\"canonical\" href=\"https:\/\/franciscanos.org.br\/noticias\/na-reuniao-sobre-a-praedicate-evangelium-a-presenca-de-197-entre-cardeais-e-patriarcas.html\" \/>\n<meta property=\"og:locale\" content=\"pt_BR\" \/>\n<meta property=\"og:type\" content=\"article\" \/>\n<meta property=\"og:title\" content=\"Na reuni\u00e3o sobre a &quot;Praedicate Evangelium&quot;, a presen\u00e7a de 197 entre cardeais e patriarcas - Not\u00edcias - Franciscanos\" \/>\n<meta property=\"og:description\" content=\"Consist\u00f3rio\" \/>\n<meta property=\"og:url\" content=\"https:\/\/franciscanos.org.br\/noticias\/na-reuniao-sobre-a-praedicate-evangelium-a-presenca-de-197-entre-cardeais-e-patriarcas.html\" \/>\n<meta property=\"og:site_name\" content=\"Not\u00edcias - Franciscanos\" \/>\n<meta property=\"article:published_time\" content=\"2022-08-29T11:01:51+00:00\" \/>\n<meta property=\"og:image\" content=\"https:\/\/franciscanos.org.br\/noticias\/wp-content\/uploads\/2022\/08\/consistorio2.jpeg\" \/>\n\t<meta property=\"og:image:width\" content=\"1500\" \/>\n\t<meta property=\"og:image:height\" content=\"844\" \/>\n\t<meta property=\"og:image:type\" content=\"image\/jpeg\" \/>\n<meta name=\"author\" content=\"moacir\" \/>\n<meta name=\"twitter:card\" content=\"summary_large_image\" \/>\n<meta name=\"twitter:label1\" content=\"Escrito por\" \/>\n\t<meta name=\"twitter:data1\" content=\"moacir\" \/>\n\t<meta name=\"twitter:label2\" content=\"Est. tempo de leitura\" \/>\n\t<meta name=\"twitter:data2\" content=\"3 minutos\" \/>\n<script type=\"application\/ld+json\" class=\"yoast-schema-graph\">{\"@context\":\"https:\/\/schema.org\",\"@graph\":[{\"@type\":\"WebSite\",\"@id\":\"https:\/\/franciscanos.org.br\/noticias\/#website\",\"url\":\"https:\/\/franciscanos.org.br\/noticias\/\",\"name\":\"Not\u00edcias - Franciscanos\",\"description\":\"Prov\u00edncia Franciscana da Imaculada Concei\u00e7\u00e3o do Brasil - Ordem dos Frades Menores - OFM\",\"potentialAction\":[{\"@type\":\"SearchAction\",\"target\":{\"@type\":\"EntryPoint\",\"urlTemplate\":\"https:\/\/franciscanos.org.br\/noticias\/?s={search_term_string}\"},\"query-input\":\"required name=search_term_string\"}],\"inLanguage\":\"pt-BR\"},{\"@type\":\"ImageObject\",\"inLanguage\":\"pt-BR\",\"@id\":\"https:\/\/franciscanos.org.br\/noticias\/na-reuniao-sobre-a-praedicate-evangelium-a-presenca-de-197-entre-cardeais-e-patriarcas.html#primaryimage\",\"url\":\"https:\/\/franciscanos.org.br\/noticias\/wp-content\/uploads\/2022\/08\/consistorio2.jpeg\",\"contentUrl\":\"https:\/\/franciscanos.org.br\/noticias\/wp-content\/uploads\/2022\/08\/consistorio2.jpeg\",\"width\":1500,\"height\":844},{\"@type\":\"WebPage\",\"@id\":\"https:\/\/franciscanos.org.br\/noticias\/na-reuniao-sobre-a-praedicate-evangelium-a-presenca-de-197-entre-cardeais-e-patriarcas.html#webpage\",\"url\":\"https:\/\/franciscanos.org.br\/noticias\/na-reuniao-sobre-a-praedicate-evangelium-a-presenca-de-197-entre-cardeais-e-patriarcas.html\",\"name\":\"Na reuni\u00e3o sobre a \\\"Praedicate Evangelium\\\", a presen\u00e7a de 197 entre cardeais e patriarcas - Not\u00edcias - Franciscanos\",\"isPartOf\":{\"@id\":\"https:\/\/franciscanos.org.br\/noticias\/#website\"},\"primaryImageOfPage\":{\"@id\":\"https:\/\/franciscanos.org.br\/noticias\/na-reuniao-sobre-a-praedicate-evangelium-a-presenca-de-197-entre-cardeais-e-patriarcas.html#primaryimage\"},\"datePublished\":\"2022-08-29T11:01:51+00:00\",\"dateModified\":\"2022-08-29T11:01:51+00:00\",\"author\":{\"@id\":\"https:\/\/franciscanos.org.br\/noticias\/#\/schema\/person\/b5c8cba458c330ccff548b056e95a5d4\"},\"breadcrumb\":{\"@id\":\"https:\/\/franciscanos.org.br\/noticias\/na-reuniao-sobre-a-praedicate-evangelium-a-presenca-de-197-entre-cardeais-e-patriarcas.html#breadcrumb\"},\"inLanguage\":\"pt-BR\",\"potentialAction\":[{\"@type\":\"ReadAction\",\"target\":[\"https:\/\/franciscanos.org.br\/noticias\/na-reuniao-sobre-a-praedicate-evangelium-a-presenca-de-197-entre-cardeais-e-patriarcas.html\"]}]},{\"@type\":\"BreadcrumbList\",\"@id\":\"https:\/\/franciscanos.org.br\/noticias\/na-reuniao-sobre-a-praedicate-evangelium-a-presenca-de-197-entre-cardeais-e-patriarcas.html#breadcrumb\",\"itemListElement\":[{\"@type\":\"ListItem\",\"position\":1,\"name\":\"Home\",\"item\":\"https:\/\/franciscanos.org.br\/noticias\"},{\"@type\":\"ListItem\",\"position\":2,\"name\":\"Na reuni\u00e3o sobre a &#8220;Praedicate Evangelium&#8221;, a presen\u00e7a de 197 entre cardeais e patriarcas\"}]},{\"@type\":\"Person\",\"@id\":\"https:\/\/franciscanos.org.br\/noticias\/#\/schema\/person\/b5c8cba458c330ccff548b056e95a5d4\",\"name\":\"moacir\",\"image\":{\"@type\":\"ImageObject\",\"inLanguage\":\"pt-BR\",\"@id\":\"https:\/\/franciscanos.org.br\/noticias\/#\/schema\/person\/image\/\",\"url\":\"https:\/\/secure.gravatar.com\/avatar\/d08aa2ce4c8dd416d4479aa8536fcf64?s=96&d=mm&r=g\",\"contentUrl\":\"https:\/\/secure.gravatar.com\/avatar\/d08aa2ce4c8dd416d4479aa8536fcf64?s=96&d=mm&r=g\",\"caption\":\"moacir\"},\"url\":\"https:\/\/franciscanos.org.br\/noticias\/author\/moacir\"}]}<\/script>\n<!-- \/ Yoast SEO plugin. -->","yoast_head_json":{"title":"Na reuni\u00e3o sobre a \"Praedicate Evangelium\", a presen\u00e7a de 197 entre cardeais e patriarcas - Not\u00edcias - Franciscanos","robots":{"index":"index","follow":"follow","max-snippet":"max-snippet:-1","max-image-preview":"max-image-preview:large","max-video-preview":"max-video-preview:-1"},"canonical":"https:\/\/franciscanos.org.br\/noticias\/na-reuniao-sobre-a-praedicate-evangelium-a-presenca-de-197-entre-cardeais-e-patriarcas.html","og_locale":"pt_BR","og_type":"article","og_title":"Na reuni\u00e3o sobre a \"Praedicate Evangelium\", a presen\u00e7a de 197 entre cardeais e patriarcas - Not\u00edcias - Franciscanos","og_description":"Consist\u00f3rio","og_url":"https:\/\/franciscanos.org.br\/noticias\/na-reuniao-sobre-a-praedicate-evangelium-a-presenca-de-197-entre-cardeais-e-patriarcas.html","og_site_name":"Not\u00edcias - Franciscanos","article_published_time":"2022-08-29T11:01:51+00:00","og_image":[{"width":1500,"height":844,"url":"https:\/\/franciscanos.org.br\/noticias\/wp-content\/uploads\/2022\/08\/consistorio2.jpeg","type":"image\/jpeg"}],"author":"moacir","twitter_card":"summary_large_image","twitter_misc":{"Escrito por":"moacir","Est. tempo de leitura":"3 minutos"},"schema":{"@context":"https:\/\/schema.org","@graph":[{"@type":"WebSite","@id":"https:\/\/franciscanos.org.br\/noticias\/#website","url":"https:\/\/franciscanos.org.br\/noticias\/","name":"Not\u00edcias - Franciscanos","description":"Prov\u00edncia Franciscana da Imaculada Concei\u00e7\u00e3o do Brasil - Ordem dos Frades Menores - OFM","potentialAction":[{"@type":"SearchAction","target":{"@type":"EntryPoint","urlTemplate":"https:\/\/franciscanos.org.br\/noticias\/?s={search_term_string}"},"query-input":"required name=search_term_string"}],"inLanguage":"pt-BR"},{"@type":"ImageObject","inLanguage":"pt-BR","@id":"https:\/\/franciscanos.org.br\/noticias\/na-reuniao-sobre-a-praedicate-evangelium-a-presenca-de-197-entre-cardeais-e-patriarcas.html#primaryimage","url":"https:\/\/franciscanos.org.br\/noticias\/wp-content\/uploads\/2022\/08\/consistorio2.jpeg","contentUrl":"https:\/\/franciscanos.org.br\/noticias\/wp-content\/uploads\/2022\/08\/consistorio2.jpeg","width":1500,"height":844},{"@type":"WebPage","@id":"https:\/\/franciscanos.org.br\/noticias\/na-reuniao-sobre-a-praedicate-evangelium-a-presenca-de-197-entre-cardeais-e-patriarcas.html#webpage","url":"https:\/\/franciscanos.org.br\/noticias\/na-reuniao-sobre-a-praedicate-evangelium-a-presenca-de-197-entre-cardeais-e-patriarcas.html","name":"Na reuni\u00e3o sobre a \"Praedicate Evangelium\", a presen\u00e7a de 197 entre cardeais e patriarcas - Not\u00edcias - Franciscanos","isPartOf":{"@id":"https:\/\/franciscanos.org.br\/noticias\/#website"},"primaryImageOfPage":{"@id":"https:\/\/franciscanos.org.br\/noticias\/na-reuniao-sobre-a-praedicate-evangelium-a-presenca-de-197-entre-cardeais-e-patriarcas.html#primaryimage"},"datePublished":"2022-08-29T11:01:51+00:00","dateModified":"2022-08-29T11:01:51+00:00","author":{"@id":"https:\/\/franciscanos.org.br\/noticias\/#\/schema\/person\/b5c8cba458c330ccff548b056e95a5d4"},"breadcrumb":{"@id":"https:\/\/franciscanos.org.br\/noticias\/na-reuniao-sobre-a-praedicate-evangelium-a-presenca-de-197-entre-cardeais-e-patriarcas.html#breadcrumb"},"inLanguage":"pt-BR","potentialAction":[{"@type":"ReadAction","target":["https:\/\/franciscanos.org.br\/noticias\/na-reuniao-sobre-a-praedicate-evangelium-a-presenca-de-197-entre-cardeais-e-patriarcas.html"]}]},{"@type":"BreadcrumbList","@id":"https:\/\/franciscanos.org.br\/noticias\/na-reuniao-sobre-a-praedicate-evangelium-a-presenca-de-197-entre-cardeais-e-patriarcas.html#breadcrumb","itemListElement":[{"@type":"ListItem","position":1,"name":"Home","item":"https:\/\/franciscanos.org.br\/noticias"},{"@type":"ListItem","position":2,"name":"Na reuni\u00e3o sobre a &#8220;Praedicate Evangelium&#8221;, a presen\u00e7a de 197 entre cardeais e patriarcas"}]},{"@type":"Person","@id":"https:\/\/franciscanos.org.br\/noticias\/#\/schema\/person\/b5c8cba458c330ccff548b056e95a5d4","name":"moacir","image":{"@type":"ImageObject","inLanguage":"pt-BR","@id":"https:\/\/franciscanos.org.br\/noticias\/#\/schema\/person\/image\/","url":"https:\/\/secure.gravatar.com\/avatar\/d08aa2ce4c8dd416d4479aa8536fcf64?s=96&d=mm&r=g","contentUrl":"https:\/\/secure.gravatar.com\/avatar\/d08aa2ce4c8dd416d4479aa8536fcf64?s=96&d=mm&r=g","caption":"moacir"},"url":"https:\/\/franciscanos.org.br\/noticias\/author\/moacir"}]}},"_links":{"self":[{"href":"https:\/\/franciscanos.org.br\/noticias\/wp-json\/wp\/v2\/posts\/239387"}],"collection":[{"href":"https:\/\/franciscanos.org.br\/noticias\/wp-json\/wp\/v2\/posts"}],"about":[{"href":"https:\/\/franciscanos.org.br\/noticias\/wp-json\/wp\/v2\/types\/post"}],"author":[{"embeddable":true,"href":"https:\/\/franciscanos.org.br\/noticias\/wp-json\/wp\/v2\/users\/3"}],"replies":[{"embeddable":true,"href":"https:\/\/franciscanos.org.br\/noticias\/wp-json\/wp\/v2\/comments?post=239387"}],"version-history":[{"count":1,"href":"https:\/\/franciscanos.org.br\/noticias\/wp-json\/wp\/v2\/posts\/239387\/revisions"}],"predecessor-version":[{"id":239389,"href":"https:\/\/franciscanos.org.br\/noticias\/wp-json\/wp\/v2\/posts\/239387\/revisions\/239389"}],"wp:featuredmedia":[{"embeddable":true,"href":"https:\/\/franciscanos.org.br\/noticias\/wp-json\/wp\/v2\/media\/239388"}],"wp:attachment":[{"href":"https:\/\/franciscanos.org.br\/noticias\/wp-json\/wp\/v2\/media?parent=239387"}],"wp:term":[{"taxonomy":"category","embeddable":true,"href":"https:\/\/franciscanos.org.br\/noticias\/wp-json\/wp\/v2\/categories?post=239387"},{"taxonomy":"post_tag","embeddable":true,"href":"https:\/\/franciscanos.org.br\/noticias\/wp-json\/wp\/v2\/tags?post=239387"}],"curies":[{"name":"wp","href":"https:\/\/api.w.org\/{rel}","templated":true}]}}