{"id":239374,"date":"2022-08-26T09:36:00","date_gmt":"2022-08-26T12:36:00","guid":{"rendered":"https:\/\/franciscanos.org.br\/noticias\/?p=239374"},"modified":"2022-08-26T09:36:00","modified_gmt":"2022-08-26T12:36:00","slug":"ouca-o-album-canto-gregoriano-do-coral-dos-canarinhos-de-petropolis","status":"publish","type":"post","link":"https:\/\/franciscanos.org.br\/noticias\/ouca-o-album-canto-gregoriano-do-coral-dos-canarinhos-de-petropolis.html","title":{"rendered":"Ou\u00e7a o \u00e1lbum \u201cCanto Gregoriano&#8221;, do Coral dos Canarinhos de Petr\u00f3polis"},"content":{"rendered":"<p><img loading=\"lazy\" class=\"alignnone wp-image-239376 size-full\" src=\"https:\/\/franciscanos.org.br\/noticias\/wp-content\/uploads\/2022\/08\/cantogregoriano_260822.jpg\" alt=\"\" width=\"1280\" height=\"720\" srcset=\"https:\/\/franciscanos.org.br\/noticias\/wp-content\/uploads\/2022\/08\/cantogregoriano_260822.jpg 1280w, https:\/\/franciscanos.org.br\/noticias\/wp-content\/uploads\/2022\/08\/cantogregoriano_260822-450x253.jpg 450w, https:\/\/franciscanos.org.br\/noticias\/wp-content\/uploads\/2022\/08\/cantogregoriano_260822-1024x576.jpg 1024w, https:\/\/franciscanos.org.br\/noticias\/wp-content\/uploads\/2022\/08\/cantogregoriano_260822-768x432.jpg 768w, https:\/\/franciscanos.org.br\/noticias\/wp-content\/uploads\/2022\/08\/cantogregoriano_260822-150x84.jpg 150w\" sizes=\"(max-width: 1280px) 100vw, 1280px\" \/><\/p>\n<p style=\"text-align: right;\"><em>Imagem da capa do CD &#8220;Canto Gregoriano&#8221;, do Coral dos Canarinhos de Petr\u00f3polis<\/em><\/p>\n<p style=\"font-weight: 400;\"><strong>Petr\u00f3polis (RJ) &#8211;<\/strong> Dispon\u00edvel nas principais plataformas de \u00e1udio, est\u00e1 no ar o \u00e1lbum \u201cCanto Gregoriano\u201d, lan\u00e7ado originalmente em CD no ano de 1994 pelo Coral dos Canarinhos de Petr\u00f3polis, sob reg\u00eancia do saudoso Frei Jos\u00e9 Luiz Prim, em mem\u00f3ria.<\/p>\n<p style=\"font-weight: 400;\">Frei Prim foi presidente do Instituto dos Meninos Cantores de Petr\u00f3polis, regente do Coral dos Canarinhos e fundador do Coral das Meninas dos Canarinhos. Na ocasi\u00e3o do lan\u00e7amento ressaltou que o Coral dos Canarinhos \u2013 na \u00e9poca com 52 anos -, seguindo a tradi\u00e7\u00e3o da Igreja, sempre cultivou o Canto Gregoriano. \u201cCom isso, participou diretamente da ora\u00e7\u00e3o cantada na Igreja universal. A maior parte das m\u00fasicas da presente grava\u00e7\u00e3o continuam sendo cantadas na \u00e9poca lit\u00fargica apropriada. N\u00e3o se trata, pois, de um artif\u00edcio oportunista para aproveitar certa \u201conda\u201d de mercado. \u00c9 a express\u00e3o aut\u00eantica de uma longa vida de coro\u201d, frisou.<\/p>\n<p style=\"font-weight: 400;\">A grava\u00e7\u00e3o foi realizada na Igreja do Sagrado Cora\u00e7\u00e3o de Jesus, a mesma em que o coro vem cantando todos os domingos, h\u00e1 80 anos. Os trechos em polifonia pretendem ilustrar como o Canto Gregoriano tem inspirado grandes compositores no correr dos tempos.<\/p>\n<p style=\"font-weight: 400;\">\u201cOs \u201cCanarinhos\u201d de Petr\u00f3polis sentir-se-\u00e3o recompensados se a presente grava\u00e7\u00e3o conseguir aproximar as pessoas da bondade e da beleza de Deus, dando-lhes assim o pr\u00eamio da Paz interior\u201d, destacou Frei Prim em 29 de junho de 1994.<\/p>\n<p style=\"font-weight: 400;\"><strong>PORQUE O NOME &#8220;CANTO GREGORIANO&#8221;? <\/strong><\/p>\n<p style=\"font-weight: 400;\">Por causa do Papa S\u00e3o Greg\u00f3rio Magno, que governou a Igreja de 590 a 604. Pessoas pouco informadas chegaram a pensar que o Papa S\u00e3o Greg\u00f3rio houvesse inventado o Canto Gregoriano. Por\u00e9m, a maior parte dos compositores s\u00e3o an\u00f4nimos e o Canto Gregoriano foi se formando no correr de s\u00e9culos. Em meio \u00e0 grande profus\u00e3o de material existente, Greg\u00f3rio Magno desejava organizar a vida lit\u00fargica da Igreja. Por isso, colecionou tudo que lhe foi poss\u00edvel; selecionou o melhor e completou o que faltava, conseguindo \u201ceditar\u201d livros completos para o ciclo lit\u00fargico. O mais famoso de todos foi o Antifon\u00e1rio, que por muitos anos se guardou acorrentado junto \u00e0 S\u00e9 Apost\u00f3lica. Uma vez realizada sua obra de pesquisa e edi\u00e7\u00e3o, Greg\u00f3rio a promulgou como norma e modelo para toda a Igreja Romana Ocidental. Para conseguir seu objetivo, o Papa fundou em Roma a c\u00e9lebre &#8220;Schola Cantorum\u201d, a Escola dos Cantores, onde se ensinava o canto &#8220;t\u00edpico&#8221; de Roma, que dali se irradiava para todas as dioceses da Europa. Foram numerosos os mosteiros e abadias que enviaram a Roma algum &#8220;disc\u00edpulo&#8221;, que ao retornar realizava o trabalho mission\u00e1rio de ensinar o verdadeiro canto romano. Devido aos m\u00e9ritos de Greg\u00f3rio Magno, mais tarde chamou-se de &#8220;Canto Gregoriano&#8221;.<\/p>\n<p><iframe loading=\"lazy\" style=\"border-radius: 12px;\" src=\"https:\/\/open.spotify.com\/embed\/album\/1tw000Xm3ZaXZmgyIM63tP?utm_source=generator\" width=\"100%\" height=\"380\" frameborder=\"0\" allowfullscreen=\"allowfullscreen\"><\/iframe><\/p>\n<hr \/>\n<p style=\"font-weight: 400;\"><em>Frei Augusto Luiz Gabriel<\/em><\/p>\n","protected":false},"excerpt":{"rendered":"<p>Instituto dos Meninos Cantores de Petr\u00f3polis<\/p>\n","protected":false},"author":3,"featured_media":239376,"comment_status":"open","ping_status":"open","sticky":false,"template":"","format":"standard","meta":[],"categories":[1],"tags":[1378,2047],"acf":[],"yoast_head":"<!-- This site is optimized with the Yoast SEO plugin v19.2 - https:\/\/yoast.com\/wordpress\/plugins\/seo\/ -->\n<title>Ou\u00e7a o \u00e1lbum \u201cCanto Gregoriano&quot;, do Coral dos Canarinhos de Petr\u00f3polis - Not\u00edcias - Franciscanos<\/title>\n<meta name=\"robots\" content=\"index, follow, max-snippet:-1, max-image-preview:large, max-video-preview:-1\" \/>\n<link rel=\"canonical\" href=\"https:\/\/franciscanos.org.br\/noticias\/ouca-o-album-canto-gregoriano-do-coral-dos-canarinhos-de-petropolis.html\" \/>\n<meta property=\"og:locale\" content=\"pt_BR\" \/>\n<meta property=\"og:type\" content=\"article\" \/>\n<meta property=\"og:title\" content=\"Ou\u00e7a o \u00e1lbum \u201cCanto Gregoriano&quot;, do Coral dos Canarinhos de Petr\u00f3polis - Not\u00edcias - Franciscanos\" \/>\n<meta property=\"og:description\" content=\"Instituto dos Meninos Cantores de Petr\u00f3polis\" \/>\n<meta property=\"og:url\" content=\"https:\/\/franciscanos.org.br\/noticias\/ouca-o-album-canto-gregoriano-do-coral-dos-canarinhos-de-petropolis.html\" \/>\n<meta property=\"og:site_name\" content=\"Not\u00edcias - Franciscanos\" \/>\n<meta property=\"article:published_time\" content=\"2022-08-26T12:36:00+00:00\" \/>\n<meta property=\"og:image\" content=\"https:\/\/franciscanos.org.br\/noticias\/wp-content\/uploads\/2022\/08\/cantogregoriano_260822.jpg\" \/>\n\t<meta property=\"og:image:width\" content=\"1280\" \/>\n\t<meta property=\"og:image:height\" content=\"720\" \/>\n\t<meta property=\"og:image:type\" content=\"image\/jpeg\" \/>\n<meta name=\"author\" content=\"moacir\" \/>\n<meta name=\"twitter:card\" content=\"summary_large_image\" \/>\n<meta name=\"twitter:label1\" content=\"Escrito por\" \/>\n\t<meta name=\"twitter:data1\" content=\"moacir\" \/>\n\t<meta name=\"twitter:label2\" content=\"Est. tempo de leitura\" \/>\n\t<meta name=\"twitter:data2\" content=\"2 minutos\" \/>\n<script type=\"application\/ld+json\" class=\"yoast-schema-graph\">{\"@context\":\"https:\/\/schema.org\",\"@graph\":[{\"@type\":\"WebSite\",\"@id\":\"https:\/\/franciscanos.org.br\/noticias\/#website\",\"url\":\"https:\/\/franciscanos.org.br\/noticias\/\",\"name\":\"Not\u00edcias - Franciscanos\",\"description\":\"Prov\u00edncia Franciscana da Imaculada Concei\u00e7\u00e3o do Brasil - Ordem dos Frades Menores - OFM\",\"potentialAction\":[{\"@type\":\"SearchAction\",\"target\":{\"@type\":\"EntryPoint\",\"urlTemplate\":\"https:\/\/franciscanos.org.br\/noticias\/?s={search_term_string}\"},\"query-input\":\"required name=search_term_string\"}],\"inLanguage\":\"pt-BR\"},{\"@type\":\"ImageObject\",\"inLanguage\":\"pt-BR\",\"@id\":\"https:\/\/franciscanos.org.br\/noticias\/ouca-o-album-canto-gregoriano-do-coral-dos-canarinhos-de-petropolis.html#primaryimage\",\"url\":\"https:\/\/franciscanos.org.br\/noticias\/wp-content\/uploads\/2022\/08\/cantogregoriano_260822.jpg\",\"contentUrl\":\"https:\/\/franciscanos.org.br\/noticias\/wp-content\/uploads\/2022\/08\/cantogregoriano_260822.jpg\",\"width\":1280,\"height\":720},{\"@type\":\"WebPage\",\"@id\":\"https:\/\/franciscanos.org.br\/noticias\/ouca-o-album-canto-gregoriano-do-coral-dos-canarinhos-de-petropolis.html#webpage\",\"url\":\"https:\/\/franciscanos.org.br\/noticias\/ouca-o-album-canto-gregoriano-do-coral-dos-canarinhos-de-petropolis.html\",\"name\":\"Ou\u00e7a o \u00e1lbum \u201cCanto Gregoriano\\\", do Coral dos Canarinhos de Petr\u00f3polis - Not\u00edcias - Franciscanos\",\"isPartOf\":{\"@id\":\"https:\/\/franciscanos.org.br\/noticias\/#website\"},\"primaryImageOfPage\":{\"@id\":\"https:\/\/franciscanos.org.br\/noticias\/ouca-o-album-canto-gregoriano-do-coral-dos-canarinhos-de-petropolis.html#primaryimage\"},\"datePublished\":\"2022-08-26T12:36:00+00:00\",\"dateModified\":\"2022-08-26T12:36:00+00:00\",\"author\":{\"@id\":\"https:\/\/franciscanos.org.br\/noticias\/#\/schema\/person\/b5c8cba458c330ccff548b056e95a5d4\"},\"breadcrumb\":{\"@id\":\"https:\/\/franciscanos.org.br\/noticias\/ouca-o-album-canto-gregoriano-do-coral-dos-canarinhos-de-petropolis.html#breadcrumb\"},\"inLanguage\":\"pt-BR\",\"potentialAction\":[{\"@type\":\"ReadAction\",\"target\":[\"https:\/\/franciscanos.org.br\/noticias\/ouca-o-album-canto-gregoriano-do-coral-dos-canarinhos-de-petropolis.html\"]}]},{\"@type\":\"BreadcrumbList\",\"@id\":\"https:\/\/franciscanos.org.br\/noticias\/ouca-o-album-canto-gregoriano-do-coral-dos-canarinhos-de-petropolis.html#breadcrumb\",\"itemListElement\":[{\"@type\":\"ListItem\",\"position\":1,\"name\":\"Home\",\"item\":\"https:\/\/franciscanos.org.br\/noticias\"},{\"@type\":\"ListItem\",\"position\":2,\"name\":\"Ou\u00e7a o \u00e1lbum \u201cCanto Gregoriano&#8221;, do Coral dos Canarinhos de Petr\u00f3polis\"}]},{\"@type\":\"Person\",\"@id\":\"https:\/\/franciscanos.org.br\/noticias\/#\/schema\/person\/b5c8cba458c330ccff548b056e95a5d4\",\"name\":\"moacir\",\"image\":{\"@type\":\"ImageObject\",\"inLanguage\":\"pt-BR\",\"@id\":\"https:\/\/franciscanos.org.br\/noticias\/#\/schema\/person\/image\/\",\"url\":\"https:\/\/secure.gravatar.com\/avatar\/d08aa2ce4c8dd416d4479aa8536fcf64?s=96&d=mm&r=g\",\"contentUrl\":\"https:\/\/secure.gravatar.com\/avatar\/d08aa2ce4c8dd416d4479aa8536fcf64?s=96&d=mm&r=g\",\"caption\":\"moacir\"},\"url\":\"https:\/\/franciscanos.org.br\/noticias\/author\/moacir\"}]}<\/script>\n<!-- \/ Yoast SEO plugin. -->","yoast_head_json":{"title":"Ou\u00e7a o \u00e1lbum \u201cCanto Gregoriano\", do Coral dos Canarinhos de Petr\u00f3polis - Not\u00edcias - Franciscanos","robots":{"index":"index","follow":"follow","max-snippet":"max-snippet:-1","max-image-preview":"max-image-preview:large","max-video-preview":"max-video-preview:-1"},"canonical":"https:\/\/franciscanos.org.br\/noticias\/ouca-o-album-canto-gregoriano-do-coral-dos-canarinhos-de-petropolis.html","og_locale":"pt_BR","og_type":"article","og_title":"Ou\u00e7a o \u00e1lbum \u201cCanto Gregoriano\", do Coral dos Canarinhos de Petr\u00f3polis - Not\u00edcias - Franciscanos","og_description":"Instituto dos Meninos Cantores de Petr\u00f3polis","og_url":"https:\/\/franciscanos.org.br\/noticias\/ouca-o-album-canto-gregoriano-do-coral-dos-canarinhos-de-petropolis.html","og_site_name":"Not\u00edcias - Franciscanos","article_published_time":"2022-08-26T12:36:00+00:00","og_image":[{"width":1280,"height":720,"url":"https:\/\/franciscanos.org.br\/noticias\/wp-content\/uploads\/2022\/08\/cantogregoriano_260822.jpg","type":"image\/jpeg"}],"author":"moacir","twitter_card":"summary_large_image","twitter_misc":{"Escrito por":"moacir","Est. tempo de leitura":"2 minutos"},"schema":{"@context":"https:\/\/schema.org","@graph":[{"@type":"WebSite","@id":"https:\/\/franciscanos.org.br\/noticias\/#website","url":"https:\/\/franciscanos.org.br\/noticias\/","name":"Not\u00edcias - Franciscanos","description":"Prov\u00edncia Franciscana da Imaculada Concei\u00e7\u00e3o do Brasil - Ordem dos Frades Menores - OFM","potentialAction":[{"@type":"SearchAction","target":{"@type":"EntryPoint","urlTemplate":"https:\/\/franciscanos.org.br\/noticias\/?s={search_term_string}"},"query-input":"required name=search_term_string"}],"inLanguage":"pt-BR"},{"@type":"ImageObject","inLanguage":"pt-BR","@id":"https:\/\/franciscanos.org.br\/noticias\/ouca-o-album-canto-gregoriano-do-coral-dos-canarinhos-de-petropolis.html#primaryimage","url":"https:\/\/franciscanos.org.br\/noticias\/wp-content\/uploads\/2022\/08\/cantogregoriano_260822.jpg","contentUrl":"https:\/\/franciscanos.org.br\/noticias\/wp-content\/uploads\/2022\/08\/cantogregoriano_260822.jpg","width":1280,"height":720},{"@type":"WebPage","@id":"https:\/\/franciscanos.org.br\/noticias\/ouca-o-album-canto-gregoriano-do-coral-dos-canarinhos-de-petropolis.html#webpage","url":"https:\/\/franciscanos.org.br\/noticias\/ouca-o-album-canto-gregoriano-do-coral-dos-canarinhos-de-petropolis.html","name":"Ou\u00e7a o \u00e1lbum \u201cCanto Gregoriano\", do Coral dos Canarinhos de Petr\u00f3polis - Not\u00edcias - Franciscanos","isPartOf":{"@id":"https:\/\/franciscanos.org.br\/noticias\/#website"},"primaryImageOfPage":{"@id":"https:\/\/franciscanos.org.br\/noticias\/ouca-o-album-canto-gregoriano-do-coral-dos-canarinhos-de-petropolis.html#primaryimage"},"datePublished":"2022-08-26T12:36:00+00:00","dateModified":"2022-08-26T12:36:00+00:00","author":{"@id":"https:\/\/franciscanos.org.br\/noticias\/#\/schema\/person\/b5c8cba458c330ccff548b056e95a5d4"},"breadcrumb":{"@id":"https:\/\/franciscanos.org.br\/noticias\/ouca-o-album-canto-gregoriano-do-coral-dos-canarinhos-de-petropolis.html#breadcrumb"},"inLanguage":"pt-BR","potentialAction":[{"@type":"ReadAction","target":["https:\/\/franciscanos.org.br\/noticias\/ouca-o-album-canto-gregoriano-do-coral-dos-canarinhos-de-petropolis.html"]}]},{"@type":"BreadcrumbList","@id":"https:\/\/franciscanos.org.br\/noticias\/ouca-o-album-canto-gregoriano-do-coral-dos-canarinhos-de-petropolis.html#breadcrumb","itemListElement":[{"@type":"ListItem","position":1,"name":"Home","item":"https:\/\/franciscanos.org.br\/noticias"},{"@type":"ListItem","position":2,"name":"Ou\u00e7a o \u00e1lbum \u201cCanto Gregoriano&#8221;, do Coral dos Canarinhos de Petr\u00f3polis"}]},{"@type":"Person","@id":"https:\/\/franciscanos.org.br\/noticias\/#\/schema\/person\/b5c8cba458c330ccff548b056e95a5d4","name":"moacir","image":{"@type":"ImageObject","inLanguage":"pt-BR","@id":"https:\/\/franciscanos.org.br\/noticias\/#\/schema\/person\/image\/","url":"https:\/\/secure.gravatar.com\/avatar\/d08aa2ce4c8dd416d4479aa8536fcf64?s=96&d=mm&r=g","contentUrl":"https:\/\/secure.gravatar.com\/avatar\/d08aa2ce4c8dd416d4479aa8536fcf64?s=96&d=mm&r=g","caption":"moacir"},"url":"https:\/\/franciscanos.org.br\/noticias\/author\/moacir"}]}},"_links":{"self":[{"href":"https:\/\/franciscanos.org.br\/noticias\/wp-json\/wp\/v2\/posts\/239374"}],"collection":[{"href":"https:\/\/franciscanos.org.br\/noticias\/wp-json\/wp\/v2\/posts"}],"about":[{"href":"https:\/\/franciscanos.org.br\/noticias\/wp-json\/wp\/v2\/types\/post"}],"author":[{"embeddable":true,"href":"https:\/\/franciscanos.org.br\/noticias\/wp-json\/wp\/v2\/users\/3"}],"replies":[{"embeddable":true,"href":"https:\/\/franciscanos.org.br\/noticias\/wp-json\/wp\/v2\/comments?post=239374"}],"version-history":[{"count":2,"href":"https:\/\/franciscanos.org.br\/noticias\/wp-json\/wp\/v2\/posts\/239374\/revisions"}],"predecessor-version":[{"id":239377,"href":"https:\/\/franciscanos.org.br\/noticias\/wp-json\/wp\/v2\/posts\/239374\/revisions\/239377"}],"wp:featuredmedia":[{"embeddable":true,"href":"https:\/\/franciscanos.org.br\/noticias\/wp-json\/wp\/v2\/media\/239376"}],"wp:attachment":[{"href":"https:\/\/franciscanos.org.br\/noticias\/wp-json\/wp\/v2\/media?parent=239374"}],"wp:term":[{"taxonomy":"category","embeddable":true,"href":"https:\/\/franciscanos.org.br\/noticias\/wp-json\/wp\/v2\/categories?post=239374"},{"taxonomy":"post_tag","embeddable":true,"href":"https:\/\/franciscanos.org.br\/noticias\/wp-json\/wp\/v2\/tags?post=239374"}],"curies":[{"name":"wp","href":"https:\/\/api.w.org\/{rel}","templated":true}]}}