{"id":239369,"date":"2022-08-24T09:06:48","date_gmt":"2022-08-24T12:06:48","guid":{"rendered":"https:\/\/franciscanos.org.br\/noticias\/?p=239369"},"modified":"2022-08-24T09:06:48","modified_gmt":"2022-08-24T12:06:48","slug":"papa-a-sabedoria-da-velhice-ilumina-a-vida-das-criancas-dos-jovens-dos-adultos-de-toda-a-comunidade","status":"publish","type":"post","link":"https:\/\/franciscanos.org.br\/noticias\/papa-a-sabedoria-da-velhice-ilumina-a-vida-das-criancas-dos-jovens-dos-adultos-de-toda-a-comunidade.html","title":{"rendered":"Papa: a sabedoria da velhice ilumina a vida das crian\u00e7as, dos jovens, dos adultos, de toda a comunidade"},"content":{"rendered":"<div id=\"attachment_239371\" style=\"width: 1290px\" class=\"wp-caption alignnone\"><img aria-describedby=\"caption-attachment-239371\" loading=\"lazy\" class=\"wp-image-239371 size-full\" src=\"https:\/\/franciscanos.org.br\/noticias\/wp-content\/uploads\/2022\/08\/2022-08-24_audienciageral.png\" alt=\"\" width=\"1280\" height=\"720\" srcset=\"https:\/\/franciscanos.org.br\/noticias\/wp-content\/uploads\/2022\/08\/2022-08-24_audienciageral.png 1280w, https:\/\/franciscanos.org.br\/noticias\/wp-content\/uploads\/2022\/08\/2022-08-24_audienciageral-450x253.png 450w, https:\/\/franciscanos.org.br\/noticias\/wp-content\/uploads\/2022\/08\/2022-08-24_audienciageral-1024x576.png 1024w, https:\/\/franciscanos.org.br\/noticias\/wp-content\/uploads\/2022\/08\/2022-08-24_audienciageral-768x432.png 768w, https:\/\/franciscanos.org.br\/noticias\/wp-content\/uploads\/2022\/08\/2022-08-24_audienciageral-150x84.png 150w\" sizes=\"(max-width: 1280px) 100vw, 1280px\" \/><p id=\"caption-attachment-239371\" class=\"wp-caption-text\"><em>\u00a0 \u00a0 \u00a0 \u00a0 \u00a0 \u00a0 \u00a0 \u00a0 \u00a0 \u00a0 \u00a0 \u00a0 \u00a0 \u00a0 \u00a0 \u00a0 \u00a0 \u00a0 \u00a0 \u00a0 \u00a0 \u00a0 \u00a0 \u00a0 \u00a0 \u00a0 \u00a0 \u00a0 \u00a0 \u00a0 \u00a0 \u00a0 \u00a0 \u00a0 \u00a0 \u00a0 \u00a0 \u00a0 \u00a0 \u00a0 \u00a0 \u00a0 \u00a0 \u00a0 \u00a0 \u00a0 \u00a0 \u00a0 \u00a0 \u00a0 \u00a0 \u00a0 \u00a0 \u00a0 \u00a0 \u00a0 \u00a0 \u00a0 \u00a0 \u00a0 \u00a0 \u00a0 \u00a0 \u00a0 \u00a0 Foto: Vatican Media<\/em><\/p><\/div>\n<p>&#8220;As dores da cria\u00e7\u00e3o. A hist\u00f3ria da criatura como mist\u00e9rio da gesta\u00e7\u00e3o&#8221; foi o tema da \u00faltima catequese do Papa Francisco sobre a velhice na Audi\u00eancia Geral, desta quarta-feira (24\/08), realizada na Sala Paulo VI. Francisco recordou a Solenidade da Assun\u00e7\u00e3o de Nossa Senhora, celebrada h\u00e1 pouco, sublinhando que &#8220;este mist\u00e9rio ilumina o cumprimento da gra\u00e7a que plasmou o destino de Maria e ilumina tamb\u00e9m o nosso&#8221;. Com esta imagem da Virgem que subiu ao C\u00e9u, o Papa concluiu o ciclo de catequeses sobre a velhice.<\/p>\n<p><strong>O nosso destino \u00e9 ressurgir<\/strong><\/p>\n<p>Segundo o Papa, &#8220;a teologia sempre refletiu sobre a rela\u00e7\u00e3o desta singular \u201cassun\u00e7\u00e3o\u201d com a morte, que o dogma n\u00e3o define. Penso que seria ainda mais importante tornar expl\u00edcita a rela\u00e7\u00e3o deste mist\u00e9rio com a ressurrei\u00e7\u00e3o do Filho, que abre a todos n\u00f3s o caminho da gera\u00e7\u00e3o \u00e0 vida&#8221;. &#8220;O Senhor ressuscitado \u00e9 aquele que ressuscitou primeiro. Est\u00e1 em primeiro lugar. Depois, iremos n\u00f3s. O nosso destino \u00e9 ressurgir&#8221;, frisou o Pont\u00edfice.<\/p>\n<p>&#8220;Poder\u00edamos dizer, segundo as palavras de Jesus a Nicodemos, que \u00e9 um pouco como um segundo nascimento&#8221;, disse Francisco, acrescentando: &#8220;Se o primeiro foi um nascimento na terra, o segundo \u00e9 o nascimento no c\u00e9u. N\u00e3o \u00e9 por acaso que o Ap\u00f3stolo Paulo, no texto lido no in\u00edcio, fala de dores de parto. Do mesmo modo que, quando sa\u00edmos do ventre da nossa m\u00e3e, somos sempre n\u00f3s, o mesmo ser humano que estava no ventre, assim, ap\u00f3s a morte, nascemos no c\u00e9u, no espa\u00e7o de Deus, e ainda somos os mesmos que caminh\u00e1vamos nesta terra. Analogamente a quanto aconteceu com Jesus: o Ressuscitado \u00e9 sempre Jesus: Ele n\u00e3o perde a sua humanidade, o que viveu, nem sequer a sua corporeidade, porque sem ela j\u00e1 n\u00e3o seria Ele, n\u00e3o seria Jesus com sua humanidade, com sua experi\u00eancia de vida&#8221;.<\/p>\n<p>Segundo o Pont\u00edfice, isto \u00e9 o que nos diz &#8220;a experi\u00eancia dos disc\u00edpulos, aos quais Ele aparece durante quarenta dias ap\u00f3s a ressurrei\u00e7\u00e3o. O Senhor mostra-lhes as feridas que selaram o seu sacrif\u00edcio, prova indel\u00e9vel do seu amor fiel at\u00e9 o fim&#8221;. &#8220;Jesus Ressuscitado vive com o seu corpo na intimidade trinit\u00e1ria de Deus! E nela n\u00e3o perde a mem\u00f3ria, n\u00e3o abandona a pr\u00f3pria hist\u00f3ria, n\u00e3o dissolve as rela\u00e7\u00f5es nas quais viveu na terra&#8221;, frisou o Papa. &#8220;Aos seus amigos prometeu: \u00abE quando Eu tiver ido e vos tiver preparado um lugar, virei outra vez e levar-vos-ei comigo para que onde Eu estiver, estejais v\u00f3s tamb\u00e9m\u00bb. E Ele vir\u00e1, n\u00e3o s\u00f3 vir\u00e1 no final para todos, ele vir\u00e1 todas as vezes para cada um de n\u00f3s. Ele vir\u00e1 nos procurar para nos levar at\u00e9 Ele. Nesse sentido, a morte \u00e9 um passo para o encontro com Jesus, que est\u00e1 me esperando para me levar at\u00e9 Ele&#8221;, disse ainda Francisco.<\/p>\n<p>&#8220;O Ressuscitado vive no mundo de Deus, onde existe um lugar para todos, onde se forma uma nova terra e onde se constr\u00f3i a cidade celestial, morada definitiva do ser humano. N\u00e3o podemos imaginar esta transfigura\u00e7\u00e3o da nossa corporeidade mortal, mas estamos certos de que ela manter\u00e1 os nossos rostos reconhec\u00edveis e nos consentir\u00e1 permanecer humanos no c\u00e9u de Deus. Nos permitir\u00e1 participar, com sublime emo\u00e7\u00e3o, da infinita e feliz exuber\u00e2ncia do ato criador de Deus, cujas infinitas aventuras experimentaremos pessoalmente&#8221;.<\/p>\n<p>&#8220;Quando Jesus fala do Reino de Deus, descreve-o como um banquete de n\u00fapcias, como uma festa, nos espera uma festa com amigos, o trabalho que torna a casa perfeita, \u00e9 a surpresa que torna a colheita mais rica do que a sementeira&#8221;, disse ainda Francisco, acrescentando que na velhice, &#8220;o essencial da vida, que nos \u00e9 mais caro quando nos aproximamos do nosso adeus, torna-se definitivamente claro para n\u00f3s. Eis, pois, que esta sabedoria da velhice \u00e9 o lugar da nossa gesta\u00e7\u00e3o, que ilumina a vida das crian\u00e7as, dos jovens, dos adultos, de toda a comunidade. Toda a nossa vida se manifesta como uma semente que dever\u00e1 ser enterrada a fim de que a sua flor e o seu fruto possam nascer&#8221;.<\/p>\n<p>Queridos irm\u00e3os e irm\u00e3s, especialmente voc\u00eas, idosos, o melhor da vida ainda deve vir. Que a M\u00e3e do Senhor e nossa M\u00e3e, que nos precedeu no Para\u00edso, nos restitua a trepida\u00e7\u00e3o da expectativa, para que n\u00e3o seja uma expectativa anestesiada, n\u00e3o seja uma expectativa entediada, mas uma expectativa com trepida\u00e7\u00e3o. Ter um pouco de medo \u00e9 normal, &#8220;pois n\u00e3o sabemos o que significa essa passagem significa e passar por aquela porta d\u00e1 um pouco de medo, mas h\u00e1 sempre a m\u00e3o do Senhor que nos leva para frente e depois de passar pela porta que h\u00e1 festa&#8221;.<\/p>\n<hr \/>\n<p><em>Fonte: Vatican News (texto de Mariangela Jaguraba)<\/em><\/p>\n","protected":false},"excerpt":{"rendered":"<p>Audi\u00eancia Geral<\/p>\n","protected":false},"author":1,"featured_media":239372,"comment_status":"open","ping_status":"open","sticky":false,"template":"","format":"standard","meta":[],"categories":[1428],"tags":[487],"acf":[],"yoast_head":"<!-- This site is optimized with the Yoast SEO plugin v19.2 - https:\/\/yoast.com\/wordpress\/plugins\/seo\/ -->\n<title>Papa: a sabedoria da velhice ilumina a vida das crian\u00e7as, dos jovens, dos adultos, de toda a comunidade - Not\u00edcias - Franciscanos<\/title>\n<meta name=\"robots\" content=\"index, follow, max-snippet:-1, max-image-preview:large, max-video-preview:-1\" \/>\n<link rel=\"canonical\" href=\"https:\/\/franciscanos.org.br\/noticias\/papa-a-sabedoria-da-velhice-ilumina-a-vida-das-criancas-dos-jovens-dos-adultos-de-toda-a-comunidade.html\" \/>\n<meta property=\"og:locale\" content=\"pt_BR\" \/>\n<meta property=\"og:type\" content=\"article\" \/>\n<meta property=\"og:title\" content=\"Papa: a sabedoria da velhice ilumina a vida das crian\u00e7as, dos jovens, dos adultos, de toda a comunidade - Not\u00edcias - Franciscanos\" \/>\n<meta property=\"og:description\" content=\"Audi\u00eancia Geral\" \/>\n<meta property=\"og:url\" content=\"https:\/\/franciscanos.org.br\/noticias\/papa-a-sabedoria-da-velhice-ilumina-a-vida-das-criancas-dos-jovens-dos-adultos-de-toda-a-comunidade.html\" \/>\n<meta property=\"og:site_name\" content=\"Not\u00edcias - Franciscanos\" \/>\n<meta property=\"article:published_time\" content=\"2022-08-24T12:06:48+00:00\" \/>\n<meta property=\"og:image\" content=\"https:\/\/franciscanos.org.br\/noticias\/wp-content\/uploads\/2022\/08\/2022-08-24_audienciagerald-1.png\" \/>\n\t<meta property=\"og:image:width\" content=\"800\" \/>\n\t<meta property=\"og:image:height\" content=\"550\" \/>\n\t<meta property=\"og:image:type\" content=\"image\/png\" \/>\n<meta name=\"author\" content=\"admin\" \/>\n<meta name=\"twitter:card\" content=\"summary_large_image\" \/>\n<meta name=\"twitter:label1\" content=\"Escrito por\" \/>\n\t<meta name=\"twitter:data1\" content=\"admin\" \/>\n\t<meta name=\"twitter:label2\" content=\"Est. tempo de leitura\" \/>\n\t<meta name=\"twitter:data2\" content=\"5 minutos\" \/>\n<script type=\"application\/ld+json\" class=\"yoast-schema-graph\">{\"@context\":\"https:\/\/schema.org\",\"@graph\":[{\"@type\":\"WebSite\",\"@id\":\"https:\/\/franciscanos.org.br\/noticias\/#website\",\"url\":\"https:\/\/franciscanos.org.br\/noticias\/\",\"name\":\"Not\u00edcias - Franciscanos\",\"description\":\"Prov\u00edncia Franciscana da Imaculada Concei\u00e7\u00e3o do Brasil - Ordem dos Frades Menores - OFM\",\"potentialAction\":[{\"@type\":\"SearchAction\",\"target\":{\"@type\":\"EntryPoint\",\"urlTemplate\":\"https:\/\/franciscanos.org.br\/noticias\/?s={search_term_string}\"},\"query-input\":\"required name=search_term_string\"}],\"inLanguage\":\"pt-BR\"},{\"@type\":\"ImageObject\",\"inLanguage\":\"pt-BR\",\"@id\":\"https:\/\/franciscanos.org.br\/noticias\/papa-a-sabedoria-da-velhice-ilumina-a-vida-das-criancas-dos-jovens-dos-adultos-de-toda-a-comunidade.html#primaryimage\",\"url\":\"https:\/\/franciscanos.org.br\/noticias\/wp-content\/uploads\/2022\/08\/2022-08-24_audienciagerald-1.png\",\"contentUrl\":\"https:\/\/franciscanos.org.br\/noticias\/wp-content\/uploads\/2022\/08\/2022-08-24_audienciagerald-1.png\",\"width\":800,\"height\":550},{\"@type\":\"WebPage\",\"@id\":\"https:\/\/franciscanos.org.br\/noticias\/papa-a-sabedoria-da-velhice-ilumina-a-vida-das-criancas-dos-jovens-dos-adultos-de-toda-a-comunidade.html#webpage\",\"url\":\"https:\/\/franciscanos.org.br\/noticias\/papa-a-sabedoria-da-velhice-ilumina-a-vida-das-criancas-dos-jovens-dos-adultos-de-toda-a-comunidade.html\",\"name\":\"Papa: a sabedoria da velhice ilumina a vida das crian\u00e7as, dos jovens, dos adultos, de toda a comunidade - Not\u00edcias - Franciscanos\",\"isPartOf\":{\"@id\":\"https:\/\/franciscanos.org.br\/noticias\/#website\"},\"primaryImageOfPage\":{\"@id\":\"https:\/\/franciscanos.org.br\/noticias\/papa-a-sabedoria-da-velhice-ilumina-a-vida-das-criancas-dos-jovens-dos-adultos-de-toda-a-comunidade.html#primaryimage\"},\"datePublished\":\"2022-08-24T12:06:48+00:00\",\"dateModified\":\"2022-08-24T12:06:48+00:00\",\"author\":{\"@id\":\"https:\/\/franciscanos.org.br\/noticias\/#\/schema\/person\/b38fbf43118f02820bd932f2e4b14ad3\"},\"breadcrumb\":{\"@id\":\"https:\/\/franciscanos.org.br\/noticias\/papa-a-sabedoria-da-velhice-ilumina-a-vida-das-criancas-dos-jovens-dos-adultos-de-toda-a-comunidade.html#breadcrumb\"},\"inLanguage\":\"pt-BR\",\"potentialAction\":[{\"@type\":\"ReadAction\",\"target\":[\"https:\/\/franciscanos.org.br\/noticias\/papa-a-sabedoria-da-velhice-ilumina-a-vida-das-criancas-dos-jovens-dos-adultos-de-toda-a-comunidade.html\"]}]},{\"@type\":\"BreadcrumbList\",\"@id\":\"https:\/\/franciscanos.org.br\/noticias\/papa-a-sabedoria-da-velhice-ilumina-a-vida-das-criancas-dos-jovens-dos-adultos-de-toda-a-comunidade.html#breadcrumb\",\"itemListElement\":[{\"@type\":\"ListItem\",\"position\":1,\"name\":\"Home\",\"item\":\"https:\/\/franciscanos.org.br\/noticias\"},{\"@type\":\"ListItem\",\"position\":2,\"name\":\"Papa: a sabedoria da velhice ilumina a vida das crian\u00e7as, dos jovens, dos adultos, de toda a comunidade\"}]},{\"@type\":\"Person\",\"@id\":\"https:\/\/franciscanos.org.br\/noticias\/#\/schema\/person\/b38fbf43118f02820bd932f2e4b14ad3\",\"name\":\"admin\",\"image\":{\"@type\":\"ImageObject\",\"inLanguage\":\"pt-BR\",\"@id\":\"https:\/\/franciscanos.org.br\/noticias\/#\/schema\/person\/image\/\",\"url\":\"https:\/\/secure.gravatar.com\/avatar\/e8495742d34d0ba6448ea1c628263b3e?s=96&d=mm&r=g\",\"contentUrl\":\"https:\/\/secure.gravatar.com\/avatar\/e8495742d34d0ba6448ea1c628263b3e?s=96&d=mm&r=g\",\"caption\":\"admin\"},\"url\":\"https:\/\/franciscanos.org.br\/noticias\/author\/admin\"}]}<\/script>\n<!-- \/ Yoast SEO plugin. -->","yoast_head_json":{"title":"Papa: a sabedoria da velhice ilumina a vida das crian\u00e7as, dos jovens, dos adultos, de toda a comunidade - Not\u00edcias - Franciscanos","robots":{"index":"index","follow":"follow","max-snippet":"max-snippet:-1","max-image-preview":"max-image-preview:large","max-video-preview":"max-video-preview:-1"},"canonical":"https:\/\/franciscanos.org.br\/noticias\/papa-a-sabedoria-da-velhice-ilumina-a-vida-das-criancas-dos-jovens-dos-adultos-de-toda-a-comunidade.html","og_locale":"pt_BR","og_type":"article","og_title":"Papa: a sabedoria da velhice ilumina a vida das crian\u00e7as, dos jovens, dos adultos, de toda a comunidade - Not\u00edcias - Franciscanos","og_description":"Audi\u00eancia Geral","og_url":"https:\/\/franciscanos.org.br\/noticias\/papa-a-sabedoria-da-velhice-ilumina-a-vida-das-criancas-dos-jovens-dos-adultos-de-toda-a-comunidade.html","og_site_name":"Not\u00edcias - Franciscanos","article_published_time":"2022-08-24T12:06:48+00:00","og_image":[{"width":800,"height":550,"url":"https:\/\/franciscanos.org.br\/noticias\/wp-content\/uploads\/2022\/08\/2022-08-24_audienciagerald-1.png","type":"image\/png"}],"author":"admin","twitter_card":"summary_large_image","twitter_misc":{"Escrito por":"admin","Est. tempo de leitura":"5 minutos"},"schema":{"@context":"https:\/\/schema.org","@graph":[{"@type":"WebSite","@id":"https:\/\/franciscanos.org.br\/noticias\/#website","url":"https:\/\/franciscanos.org.br\/noticias\/","name":"Not\u00edcias - Franciscanos","description":"Prov\u00edncia Franciscana da Imaculada Concei\u00e7\u00e3o do Brasil - Ordem dos Frades Menores - OFM","potentialAction":[{"@type":"SearchAction","target":{"@type":"EntryPoint","urlTemplate":"https:\/\/franciscanos.org.br\/noticias\/?s={search_term_string}"},"query-input":"required name=search_term_string"}],"inLanguage":"pt-BR"},{"@type":"ImageObject","inLanguage":"pt-BR","@id":"https:\/\/franciscanos.org.br\/noticias\/papa-a-sabedoria-da-velhice-ilumina-a-vida-das-criancas-dos-jovens-dos-adultos-de-toda-a-comunidade.html#primaryimage","url":"https:\/\/franciscanos.org.br\/noticias\/wp-content\/uploads\/2022\/08\/2022-08-24_audienciagerald-1.png","contentUrl":"https:\/\/franciscanos.org.br\/noticias\/wp-content\/uploads\/2022\/08\/2022-08-24_audienciagerald-1.png","width":800,"height":550},{"@type":"WebPage","@id":"https:\/\/franciscanos.org.br\/noticias\/papa-a-sabedoria-da-velhice-ilumina-a-vida-das-criancas-dos-jovens-dos-adultos-de-toda-a-comunidade.html#webpage","url":"https:\/\/franciscanos.org.br\/noticias\/papa-a-sabedoria-da-velhice-ilumina-a-vida-das-criancas-dos-jovens-dos-adultos-de-toda-a-comunidade.html","name":"Papa: a sabedoria da velhice ilumina a vida das crian\u00e7as, dos jovens, dos adultos, de toda a comunidade - Not\u00edcias - Franciscanos","isPartOf":{"@id":"https:\/\/franciscanos.org.br\/noticias\/#website"},"primaryImageOfPage":{"@id":"https:\/\/franciscanos.org.br\/noticias\/papa-a-sabedoria-da-velhice-ilumina-a-vida-das-criancas-dos-jovens-dos-adultos-de-toda-a-comunidade.html#primaryimage"},"datePublished":"2022-08-24T12:06:48+00:00","dateModified":"2022-08-24T12:06:48+00:00","author":{"@id":"https:\/\/franciscanos.org.br\/noticias\/#\/schema\/person\/b38fbf43118f02820bd932f2e4b14ad3"},"breadcrumb":{"@id":"https:\/\/franciscanos.org.br\/noticias\/papa-a-sabedoria-da-velhice-ilumina-a-vida-das-criancas-dos-jovens-dos-adultos-de-toda-a-comunidade.html#breadcrumb"},"inLanguage":"pt-BR","potentialAction":[{"@type":"ReadAction","target":["https:\/\/franciscanos.org.br\/noticias\/papa-a-sabedoria-da-velhice-ilumina-a-vida-das-criancas-dos-jovens-dos-adultos-de-toda-a-comunidade.html"]}]},{"@type":"BreadcrumbList","@id":"https:\/\/franciscanos.org.br\/noticias\/papa-a-sabedoria-da-velhice-ilumina-a-vida-das-criancas-dos-jovens-dos-adultos-de-toda-a-comunidade.html#breadcrumb","itemListElement":[{"@type":"ListItem","position":1,"name":"Home","item":"https:\/\/franciscanos.org.br\/noticias"},{"@type":"ListItem","position":2,"name":"Papa: a sabedoria da velhice ilumina a vida das crian\u00e7as, dos jovens, dos adultos, de toda a comunidade"}]},{"@type":"Person","@id":"https:\/\/franciscanos.org.br\/noticias\/#\/schema\/person\/b38fbf43118f02820bd932f2e4b14ad3","name":"admin","image":{"@type":"ImageObject","inLanguage":"pt-BR","@id":"https:\/\/franciscanos.org.br\/noticias\/#\/schema\/person\/image\/","url":"https:\/\/secure.gravatar.com\/avatar\/e8495742d34d0ba6448ea1c628263b3e?s=96&d=mm&r=g","contentUrl":"https:\/\/secure.gravatar.com\/avatar\/e8495742d34d0ba6448ea1c628263b3e?s=96&d=mm&r=g","caption":"admin"},"url":"https:\/\/franciscanos.org.br\/noticias\/author\/admin"}]}},"_links":{"self":[{"href":"https:\/\/franciscanos.org.br\/noticias\/wp-json\/wp\/v2\/posts\/239369"}],"collection":[{"href":"https:\/\/franciscanos.org.br\/noticias\/wp-json\/wp\/v2\/posts"}],"about":[{"href":"https:\/\/franciscanos.org.br\/noticias\/wp-json\/wp\/v2\/types\/post"}],"author":[{"embeddable":true,"href":"https:\/\/franciscanos.org.br\/noticias\/wp-json\/wp\/v2\/users\/1"}],"replies":[{"embeddable":true,"href":"https:\/\/franciscanos.org.br\/noticias\/wp-json\/wp\/v2\/comments?post=239369"}],"version-history":[{"count":1,"href":"https:\/\/franciscanos.org.br\/noticias\/wp-json\/wp\/v2\/posts\/239369\/revisions"}],"predecessor-version":[{"id":239373,"href":"https:\/\/franciscanos.org.br\/noticias\/wp-json\/wp\/v2\/posts\/239369\/revisions\/239373"}],"wp:featuredmedia":[{"embeddable":true,"href":"https:\/\/franciscanos.org.br\/noticias\/wp-json\/wp\/v2\/media\/239372"}],"wp:attachment":[{"href":"https:\/\/franciscanos.org.br\/noticias\/wp-json\/wp\/v2\/media?parent=239369"}],"wp:term":[{"taxonomy":"category","embeddable":true,"href":"https:\/\/franciscanos.org.br\/noticias\/wp-json\/wp\/v2\/categories?post=239369"},{"taxonomy":"post_tag","embeddable":true,"href":"https:\/\/franciscanos.org.br\/noticias\/wp-json\/wp\/v2\/tags?post=239369"}],"curies":[{"name":"wp","href":"https:\/\/api.w.org\/{rel}","templated":true}]}}