{"id":239365,"date":"2022-08-23T21:47:11","date_gmt":"2022-08-24T00:47:11","guid":{"rendered":"https:\/\/franciscanos.org.br\/noticias\/?p=239365"},"modified":"2022-08-23T21:54:33","modified_gmt":"2022-08-24T00:54:33","slug":"nota-de-pesar-e-solidariedade-da-provincia-da-imaculada-conceicao","status":"publish","type":"post","link":"https:\/\/franciscanos.org.br\/noticias\/nota-de-pesar-e-solidariedade-da-provincia-da-imaculada-conceicao.html","title":{"rendered":"Nota de pesar e solidariedade da Prov\u00edncia da Imaculada Concei\u00e7\u00e3o"},"content":{"rendered":"<div id=\"attachment_239366\" style=\"width: 1290px\" class=\"wp-caption alignnone\"><img aria-describedby=\"caption-attachment-239366\" loading=\"lazy\" class=\"wp-image-239366 size-full\" src=\"https:\/\/franciscanos.org.br\/noticias\/wp-content\/uploads\/2022\/08\/domluiz.jpg\" alt=\"\" width=\"1280\" height=\"768\" srcset=\"https:\/\/franciscanos.org.br\/noticias\/wp-content\/uploads\/2022\/08\/domluiz.jpg 1280w, https:\/\/franciscanos.org.br\/noticias\/wp-content\/uploads\/2022\/08\/domluiz-450x270.jpg 450w, https:\/\/franciscanos.org.br\/noticias\/wp-content\/uploads\/2022\/08\/domluiz-1024x614.jpg 1024w, https:\/\/franciscanos.org.br\/noticias\/wp-content\/uploads\/2022\/08\/domluiz-768x461.jpg 768w, https:\/\/franciscanos.org.br\/noticias\/wp-content\/uploads\/2022\/08\/domluiz-150x90.jpg 150w\" sizes=\"(max-width: 1280px) 100vw, 1280px\" \/><p id=\"caption-attachment-239366\" class=\"wp-caption-text\">\u00a0 \u00a0 \u00a0 \u00a0 \u00a0 \u00a0 \u00a0 \u00a0 \u00a0 \u00a0 \u00a0 \u00a0 \u00a0 \u00a0 \u00a0 \u00a0 \u00a0 \u00a0 \u00a0 \u00a0 \u00a0 \u00a0 \u00a0 \u00a0 \u00a0 \u00a0 \u00a0 \u00a0 \u00a0 \u00a0 \u00a0 \u00a0 \u00a0 \u00a0 \u00a0 \u00a0 \u00a0 \u00a0 \u00a0 \u00a0 \u00a0 <em>\u00a0 \u00a0Encerramento da Festa da Penha de 2013<\/em><\/p><\/div>\n<h3>\n+Dom Luiz Mancilha Vilela, SSCC \u2013 Arcebispo Em\u00e9rito de Vit\u00f3ria, ES<\/h3>\n<p>A Prov\u00edncia Franciscana de Imaculada Concei\u00e7\u00e3o do Brasil, presente na Arquidiocese de Vit\u00f3ria nas Fraternidades do Convento da Penha e da Par\u00f3quia Nossa Senhora do Ros\u00e1rio e do Divino Esp\u00edrito Santo, em Vila Velha, ES, solidariza-se com o Arcebispo Metropolitano, Dom Frei Dario Campos, OFM, o clero e todo o Povo de Deus desta Igreja Particular, por ocasi\u00e3o do falecimento do Arcebispo Em\u00e9rito Dom Luiz Mancilha Vilela, SSCC, ocorrido nesta ter\u00e7a-feira, dia 23 de agosto. Aproveita ainda para louvar e agradecer a Deus pela vida e miss\u00e3o deste dedicado Pastor que agora, junto de Deus, intercede pelo Povo a quem procurou servir, conforme expresso em seu lema episcopal \u201cQual Pastor que apascenta\u201d (Is 40,11).<\/p>\n<p><em>S\u00e3o Paulo, 23 de agosto de 2022.<\/em><\/p>\n<p><strong>Frei Paulo Roberto Pereira, OFM<\/strong><\/p>\n<p><em>Ministro Provincial<\/em><\/p>\n","protected":false},"excerpt":{"rendered":"<p>Falecimento<\/p>\n","protected":false},"author":3,"featured_media":239366,"comment_status":"open","ping_status":"open","sticky":false,"template":"","format":"standard","meta":[],"categories":[1],"tags":[1160],"acf":[],"yoast_head":"<!-- This site is optimized with the Yoast SEO plugin v19.2 - https:\/\/yoast.com\/wordpress\/plugins\/seo\/ -->\n<title>Nota de pesar e solidariedade da Prov\u00edncia da Imaculada Concei\u00e7\u00e3o - Not\u00edcias - Franciscanos<\/title>\n<meta name=\"robots\" content=\"index, follow, max-snippet:-1, max-image-preview:large, max-video-preview:-1\" \/>\n<link rel=\"canonical\" href=\"https:\/\/franciscanos.org.br\/noticias\/nota-de-pesar-e-solidariedade-da-provincia-da-imaculada-conceicao.html\" \/>\n<meta property=\"og:locale\" content=\"pt_BR\" \/>\n<meta property=\"og:type\" content=\"article\" \/>\n<meta property=\"og:title\" content=\"Nota de pesar e solidariedade da Prov\u00edncia da Imaculada Concei\u00e7\u00e3o - Not\u00edcias - Franciscanos\" \/>\n<meta property=\"og:description\" content=\"Falecimento\" \/>\n<meta property=\"og:url\" content=\"https:\/\/franciscanos.org.br\/noticias\/nota-de-pesar-e-solidariedade-da-provincia-da-imaculada-conceicao.html\" \/>\n<meta property=\"og:site_name\" content=\"Not\u00edcias - Franciscanos\" \/>\n<meta property=\"article:published_time\" content=\"2022-08-24T00:47:11+00:00\" \/>\n<meta property=\"article:modified_time\" content=\"2022-08-24T00:54:33+00:00\" \/>\n<meta property=\"og:image\" content=\"https:\/\/franciscanos.org.br\/noticias\/wp-content\/uploads\/2022\/08\/domluiz.jpg\" \/>\n\t<meta property=\"og:image:width\" content=\"1280\" \/>\n\t<meta property=\"og:image:height\" content=\"768\" \/>\n\t<meta property=\"og:image:type\" content=\"image\/jpeg\" \/>\n<meta name=\"author\" content=\"moacir\" \/>\n<meta name=\"twitter:card\" content=\"summary_large_image\" \/>\n<meta name=\"twitter:label1\" content=\"Escrito por\" \/>\n\t<meta name=\"twitter:data1\" content=\"moacir\" \/>\n\t<meta name=\"twitter:label2\" content=\"Est. tempo de leitura\" \/>\n\t<meta name=\"twitter:data2\" content=\"1 minuto\" \/>\n<script type=\"application\/ld+json\" class=\"yoast-schema-graph\">{\"@context\":\"https:\/\/schema.org\",\"@graph\":[{\"@type\":\"WebSite\",\"@id\":\"https:\/\/franciscanos.org.br\/noticias\/#website\",\"url\":\"https:\/\/franciscanos.org.br\/noticias\/\",\"name\":\"Not\u00edcias - Franciscanos\",\"description\":\"Prov\u00edncia Franciscana da Imaculada Concei\u00e7\u00e3o do Brasil - Ordem dos Frades Menores - OFM\",\"potentialAction\":[{\"@type\":\"SearchAction\",\"target\":{\"@type\":\"EntryPoint\",\"urlTemplate\":\"https:\/\/franciscanos.org.br\/noticias\/?s={search_term_string}\"},\"query-input\":\"required name=search_term_string\"}],\"inLanguage\":\"pt-BR\"},{\"@type\":\"ImageObject\",\"inLanguage\":\"pt-BR\",\"@id\":\"https:\/\/franciscanos.org.br\/noticias\/nota-de-pesar-e-solidariedade-da-provincia-da-imaculada-conceicao.html#primaryimage\",\"url\":\"https:\/\/franciscanos.org.br\/noticias\/wp-content\/uploads\/2022\/08\/domluiz.jpg\",\"contentUrl\":\"https:\/\/franciscanos.org.br\/noticias\/wp-content\/uploads\/2022\/08\/domluiz.jpg\",\"width\":1280,\"height\":768},{\"@type\":\"WebPage\",\"@id\":\"https:\/\/franciscanos.org.br\/noticias\/nota-de-pesar-e-solidariedade-da-provincia-da-imaculada-conceicao.html#webpage\",\"url\":\"https:\/\/franciscanos.org.br\/noticias\/nota-de-pesar-e-solidariedade-da-provincia-da-imaculada-conceicao.html\",\"name\":\"Nota de pesar e solidariedade da Prov\u00edncia da Imaculada Concei\u00e7\u00e3o - Not\u00edcias - Franciscanos\",\"isPartOf\":{\"@id\":\"https:\/\/franciscanos.org.br\/noticias\/#website\"},\"primaryImageOfPage\":{\"@id\":\"https:\/\/franciscanos.org.br\/noticias\/nota-de-pesar-e-solidariedade-da-provincia-da-imaculada-conceicao.html#primaryimage\"},\"datePublished\":\"2022-08-24T00:47:11+00:00\",\"dateModified\":\"2022-08-24T00:54:33+00:00\",\"author\":{\"@id\":\"https:\/\/franciscanos.org.br\/noticias\/#\/schema\/person\/b5c8cba458c330ccff548b056e95a5d4\"},\"breadcrumb\":{\"@id\":\"https:\/\/franciscanos.org.br\/noticias\/nota-de-pesar-e-solidariedade-da-provincia-da-imaculada-conceicao.html#breadcrumb\"},\"inLanguage\":\"pt-BR\",\"potentialAction\":[{\"@type\":\"ReadAction\",\"target\":[\"https:\/\/franciscanos.org.br\/noticias\/nota-de-pesar-e-solidariedade-da-provincia-da-imaculada-conceicao.html\"]}]},{\"@type\":\"BreadcrumbList\",\"@id\":\"https:\/\/franciscanos.org.br\/noticias\/nota-de-pesar-e-solidariedade-da-provincia-da-imaculada-conceicao.html#breadcrumb\",\"itemListElement\":[{\"@type\":\"ListItem\",\"position\":1,\"name\":\"Home\",\"item\":\"https:\/\/franciscanos.org.br\/noticias\"},{\"@type\":\"ListItem\",\"position\":2,\"name\":\"Nota de pesar e solidariedade da Prov\u00edncia da Imaculada Concei\u00e7\u00e3o\"}]},{\"@type\":\"Person\",\"@id\":\"https:\/\/franciscanos.org.br\/noticias\/#\/schema\/person\/b5c8cba458c330ccff548b056e95a5d4\",\"name\":\"moacir\",\"image\":{\"@type\":\"ImageObject\",\"inLanguage\":\"pt-BR\",\"@id\":\"https:\/\/franciscanos.org.br\/noticias\/#\/schema\/person\/image\/\",\"url\":\"https:\/\/secure.gravatar.com\/avatar\/d08aa2ce4c8dd416d4479aa8536fcf64?s=96&d=mm&r=g\",\"contentUrl\":\"https:\/\/secure.gravatar.com\/avatar\/d08aa2ce4c8dd416d4479aa8536fcf64?s=96&d=mm&r=g\",\"caption\":\"moacir\"},\"url\":\"https:\/\/franciscanos.org.br\/noticias\/author\/moacir\"}]}<\/script>\n<!-- \/ Yoast SEO plugin. -->","yoast_head_json":{"title":"Nota de pesar e solidariedade da Prov\u00edncia da Imaculada Concei\u00e7\u00e3o - Not\u00edcias - Franciscanos","robots":{"index":"index","follow":"follow","max-snippet":"max-snippet:-1","max-image-preview":"max-image-preview:large","max-video-preview":"max-video-preview:-1"},"canonical":"https:\/\/franciscanos.org.br\/noticias\/nota-de-pesar-e-solidariedade-da-provincia-da-imaculada-conceicao.html","og_locale":"pt_BR","og_type":"article","og_title":"Nota de pesar e solidariedade da Prov\u00edncia da Imaculada Concei\u00e7\u00e3o - Not\u00edcias - Franciscanos","og_description":"Falecimento","og_url":"https:\/\/franciscanos.org.br\/noticias\/nota-de-pesar-e-solidariedade-da-provincia-da-imaculada-conceicao.html","og_site_name":"Not\u00edcias - Franciscanos","article_published_time":"2022-08-24T00:47:11+00:00","article_modified_time":"2022-08-24T00:54:33+00:00","og_image":[{"width":1280,"height":768,"url":"https:\/\/franciscanos.org.br\/noticias\/wp-content\/uploads\/2022\/08\/domluiz.jpg","type":"image\/jpeg"}],"author":"moacir","twitter_card":"summary_large_image","twitter_misc":{"Escrito por":"moacir","Est. tempo de leitura":"1 minuto"},"schema":{"@context":"https:\/\/schema.org","@graph":[{"@type":"WebSite","@id":"https:\/\/franciscanos.org.br\/noticias\/#website","url":"https:\/\/franciscanos.org.br\/noticias\/","name":"Not\u00edcias - Franciscanos","description":"Prov\u00edncia Franciscana da Imaculada Concei\u00e7\u00e3o do Brasil - Ordem dos Frades Menores - OFM","potentialAction":[{"@type":"SearchAction","target":{"@type":"EntryPoint","urlTemplate":"https:\/\/franciscanos.org.br\/noticias\/?s={search_term_string}"},"query-input":"required name=search_term_string"}],"inLanguage":"pt-BR"},{"@type":"ImageObject","inLanguage":"pt-BR","@id":"https:\/\/franciscanos.org.br\/noticias\/nota-de-pesar-e-solidariedade-da-provincia-da-imaculada-conceicao.html#primaryimage","url":"https:\/\/franciscanos.org.br\/noticias\/wp-content\/uploads\/2022\/08\/domluiz.jpg","contentUrl":"https:\/\/franciscanos.org.br\/noticias\/wp-content\/uploads\/2022\/08\/domluiz.jpg","width":1280,"height":768},{"@type":"WebPage","@id":"https:\/\/franciscanos.org.br\/noticias\/nota-de-pesar-e-solidariedade-da-provincia-da-imaculada-conceicao.html#webpage","url":"https:\/\/franciscanos.org.br\/noticias\/nota-de-pesar-e-solidariedade-da-provincia-da-imaculada-conceicao.html","name":"Nota de pesar e solidariedade da Prov\u00edncia da Imaculada Concei\u00e7\u00e3o - Not\u00edcias - Franciscanos","isPartOf":{"@id":"https:\/\/franciscanos.org.br\/noticias\/#website"},"primaryImageOfPage":{"@id":"https:\/\/franciscanos.org.br\/noticias\/nota-de-pesar-e-solidariedade-da-provincia-da-imaculada-conceicao.html#primaryimage"},"datePublished":"2022-08-24T00:47:11+00:00","dateModified":"2022-08-24T00:54:33+00:00","author":{"@id":"https:\/\/franciscanos.org.br\/noticias\/#\/schema\/person\/b5c8cba458c330ccff548b056e95a5d4"},"breadcrumb":{"@id":"https:\/\/franciscanos.org.br\/noticias\/nota-de-pesar-e-solidariedade-da-provincia-da-imaculada-conceicao.html#breadcrumb"},"inLanguage":"pt-BR","potentialAction":[{"@type":"ReadAction","target":["https:\/\/franciscanos.org.br\/noticias\/nota-de-pesar-e-solidariedade-da-provincia-da-imaculada-conceicao.html"]}]},{"@type":"BreadcrumbList","@id":"https:\/\/franciscanos.org.br\/noticias\/nota-de-pesar-e-solidariedade-da-provincia-da-imaculada-conceicao.html#breadcrumb","itemListElement":[{"@type":"ListItem","position":1,"name":"Home","item":"https:\/\/franciscanos.org.br\/noticias"},{"@type":"ListItem","position":2,"name":"Nota de pesar e solidariedade da Prov\u00edncia da Imaculada Concei\u00e7\u00e3o"}]},{"@type":"Person","@id":"https:\/\/franciscanos.org.br\/noticias\/#\/schema\/person\/b5c8cba458c330ccff548b056e95a5d4","name":"moacir","image":{"@type":"ImageObject","inLanguage":"pt-BR","@id":"https:\/\/franciscanos.org.br\/noticias\/#\/schema\/person\/image\/","url":"https:\/\/secure.gravatar.com\/avatar\/d08aa2ce4c8dd416d4479aa8536fcf64?s=96&d=mm&r=g","contentUrl":"https:\/\/secure.gravatar.com\/avatar\/d08aa2ce4c8dd416d4479aa8536fcf64?s=96&d=mm&r=g","caption":"moacir"},"url":"https:\/\/franciscanos.org.br\/noticias\/author\/moacir"}]}},"_links":{"self":[{"href":"https:\/\/franciscanos.org.br\/noticias\/wp-json\/wp\/v2\/posts\/239365"}],"collection":[{"href":"https:\/\/franciscanos.org.br\/noticias\/wp-json\/wp\/v2\/posts"}],"about":[{"href":"https:\/\/franciscanos.org.br\/noticias\/wp-json\/wp\/v2\/types\/post"}],"author":[{"embeddable":true,"href":"https:\/\/franciscanos.org.br\/noticias\/wp-json\/wp\/v2\/users\/3"}],"replies":[{"embeddable":true,"href":"https:\/\/franciscanos.org.br\/noticias\/wp-json\/wp\/v2\/comments?post=239365"}],"version-history":[{"count":2,"href":"https:\/\/franciscanos.org.br\/noticias\/wp-json\/wp\/v2\/posts\/239365\/revisions"}],"predecessor-version":[{"id":239368,"href":"https:\/\/franciscanos.org.br\/noticias\/wp-json\/wp\/v2\/posts\/239365\/revisions\/239368"}],"wp:featuredmedia":[{"embeddable":true,"href":"https:\/\/franciscanos.org.br\/noticias\/wp-json\/wp\/v2\/media\/239366"}],"wp:attachment":[{"href":"https:\/\/franciscanos.org.br\/noticias\/wp-json\/wp\/v2\/media?parent=239365"}],"wp:term":[{"taxonomy":"category","embeddable":true,"href":"https:\/\/franciscanos.org.br\/noticias\/wp-json\/wp\/v2\/categories?post=239365"},{"taxonomy":"post_tag","embeddable":true,"href":"https:\/\/franciscanos.org.br\/noticias\/wp-json\/wp\/v2\/tags?post=239365"}],"curies":[{"name":"wp","href":"https:\/\/api.w.org\/{rel}","templated":true}]}}