{"id":239357,"date":"2022-08-23T10:52:42","date_gmt":"2022-08-23T13:52:42","guid":{"rendered":"https:\/\/franciscanos.org.br\/noticias\/?p=239357"},"modified":"2022-08-23T10:52:42","modified_gmt":"2022-08-23T13:52:42","slug":"ofs-do-brasil-realiza-capitulo-eletivo-e-renova-seu-conselho-nacional","status":"publish","type":"post","link":"https:\/\/franciscanos.org.br\/noticias\/ofs-do-brasil-realiza-capitulo-eletivo-e-renova-seu-conselho-nacional.html","title":{"rendered":"OFS do Brasil realiza Cap\u00edtulo Eletivo e renova seu Conselho Nacional"},"content":{"rendered":"<p><img loading=\"lazy\" class=\"alignnone size-full wp-image-239358\" src=\"https:\/\/franciscanos.org.br\/noticias\/wp-content\/uploads\/2022\/08\/ofs_2308_1.jpg\" alt=\"\" width=\"1280\" height=\"720\" srcset=\"https:\/\/franciscanos.org.br\/noticias\/wp-content\/uploads\/2022\/08\/ofs_2308_1.jpg 1280w, https:\/\/franciscanos.org.br\/noticias\/wp-content\/uploads\/2022\/08\/ofs_2308_1-450x253.jpg 450w, https:\/\/franciscanos.org.br\/noticias\/wp-content\/uploads\/2022\/08\/ofs_2308_1-1024x576.jpg 1024w, https:\/\/franciscanos.org.br\/noticias\/wp-content\/uploads\/2022\/08\/ofs_2308_1-768x432.jpg 768w, https:\/\/franciscanos.org.br\/noticias\/wp-content\/uploads\/2022\/08\/ofs_2308_1-150x84.jpg 150w\" sizes=\"(max-width: 1280px) 100vw, 1280px\" \/><\/p>\n<p>A Pousada Convento da Concei\u00e7\u00e3o, na cidade de Olinda (PE), acolheu o Cap\u00edtulo Eletivo da Ordem Franciscana Secular do Brasil, realizado entre os dias 18 e 21 de agosto. O Cap\u00edtulo \u00e9 momento profundo de espiritualidade, de alegria pelo encontro de irm\u00e3os e ocasi\u00e3o para avaliar a caminhada e escolher os irm\u00e3os que estar\u00e3o a servi\u00e7o na miss\u00e3o de conduzir a OFS, no esp\u00edrito de convers\u00e3o di\u00e1ria, crescimento fraterno e constru\u00e7\u00e3o do Reino de Deus.<\/p>\n<p>Para isso foram convocados os irm\u00e3os e irm\u00e3s Ministros e Vices de todos os Regionais, Assistentes Espirituais e os membros do Conselho Nacional cessante, que conduziu os trabalhos para o tri\u00eanio 2018-2021 e ficou por mais um ano, prorrogado em virtude da pandemia da Covid-19. Al\u00e9m destes, estiveram presentes o Ministro Geral da OFS, o irm\u00e3o Tibor Kauser, da Hungria, e o Frei Tomas Ginga Panzo Suva, OFMCap, Assistente Espiritual Geral.<\/p>\n<p>Antes do in\u00edcio deste grande encontro, houve, na quinta-feira, uma reuni\u00e3o dos representantes da Ordem Franciscana Secular dos diversos n\u00edveis (Internacional, Nacional, Regional e Local) com Dom Ant\u00f4nio Fernando Saburido, OSB, Arcebispo de Olinda e Recife, e com Dom Limac\u00eado Ant\u00f4nio da Silva, Bispo Auxiliar da referida Arquidiocese. Eles conversaram, dentre outros temas, sobre os caminhos e desafios da OFS e da import\u00e2ncia do Cap\u00edtulo em Olinda, ber\u00e7o do franciscanismo no Brasil, j\u00e1 que ali foi feita a funda\u00e7\u00e3o da primeira OFS e tamb\u00e9m do primeiro convento franciscano em terras brasileiras.<\/p>\n<p>Ainda na quinta-feira, a maior parte dos capitulares j\u00e1 estava presente e havia sido recebida carinhosamente pelos irm\u00e3os e irm\u00e3s da Fraternidade S\u00e3o Roque, a mais antiga do Brasil. Tendo em vista o desgaste da viagem dos participantes, vindos de todos os regionais do Brasil, a programa\u00e7\u00e3o foi reduzida e contou com a Reuni\u00e3o entre Assistentes Espirituais Nacionais e Assistentes Espirituais Regionais e Locais, momento de troca de experi\u00eancia e di\u00e1logo para a constru\u00e7\u00e3o deste importante servi\u00e7o dos irm\u00e3os e irm\u00e3s religiosos\/religiosas junto \u00e0s fraternidades. Nessa ocasi\u00e3o, Frei Francisco Bind\u00e1 Lib\u00f3rio, T.O.R. foi eleito como novo presidente do Colegiado Nacional dos Assistentes Espirituais.<\/p>\n<p><img loading=\"lazy\" class=\"alignnone size-full wp-image-239359\" src=\"https:\/\/franciscanos.org.br\/noticias\/wp-content\/uploads\/2022\/08\/ofs_2308_2.jpg\" alt=\"\" width=\"1280\" height=\"863\" srcset=\"https:\/\/franciscanos.org.br\/noticias\/wp-content\/uploads\/2022\/08\/ofs_2308_2.jpg 1280w, https:\/\/franciscanos.org.br\/noticias\/wp-content\/uploads\/2022\/08\/ofs_2308_2-450x303.jpg 450w, https:\/\/franciscanos.org.br\/noticias\/wp-content\/uploads\/2022\/08\/ofs_2308_2-1024x690.jpg 1024w, https:\/\/franciscanos.org.br\/noticias\/wp-content\/uploads\/2022\/08\/ofs_2308_2-768x518.jpg 768w, https:\/\/franciscanos.org.br\/noticias\/wp-content\/uploads\/2022\/08\/ofs_2308_2-150x101.jpg 150w\" sizes=\"(max-width: 1280px) 100vw, 1280px\" \/><\/p>\n<p>A sexta-feira, dia 20, segundo dia do evento, teve in\u00edcio com a realiza\u00e7\u00e3o da Celebra\u00e7\u00e3o Eucar\u00edstica de Abertura do Cap\u00edtulo, realizada na Catedral de S\u00e3o Salvador do Mundo ou Catedral S\u00e9 de Olinda e presidida por Pe. Jo\u00e3o Bosco, ex-frade menor, que hoje \u00e9 membro da Ordem Franciscana Secular. Em sua homilia, ele refletiu a partir da Leitura da Profecia de Ezequiel (Ez 37,1-14) e do Evangelho de Jesus segundo Mateus (Mt 22,34-40) acerca da necessidade de que os capitulares participassem desse importante momento da vida da Fraternidade Nacional em atitude de invoca\u00e7\u00e3o e escuta ao Esp\u00edrito Santo e no seguimento ao primeiro mandamento, no amor a Deus e aos irm\u00e3os. Segundo ele, este seria o caminho essencial n\u00e3o apenas para a realiza\u00e7\u00e3o do Cap\u00edtulo, mas para a OFS cumprir seu papel de viver e anunciar o Evangelho.<\/p>\n<p>Ap\u00f3s a Missa, os irm\u00e3os e irm\u00e3s retornaram \u00e0 Pousada Convento da Concei\u00e7\u00e3o para dar continuidade aos trabalhos. Para dar oficialmente in\u00edcio ao Cap\u00edtulo, foi feita a composi\u00e7\u00e3o da Mesa, um momento de ora\u00e7\u00e3o e sauda\u00e7\u00e3o aos capitulares, al\u00e9m da designa\u00e7\u00e3o dos secret\u00e1rios, escrutinadores e cronometristas. A seguir foram aprovados o regimento interno e a agenda do Cap\u00edtulo.<\/p>\n<p>Em seguida o Ministro Geral, irm\u00e3o Tibor, proferiu uma mensagem inicial aos presentes. Ele disse que era uma grande alegria estar no Brasil pela segunda vez (havia participado de um evento no pa\u00eds h\u00e1 alguns anos) e que h\u00e1 algum tempo nutria o desejo de estar com os irm\u00e3os e irm\u00e3s da OFS na Am\u00e9rica Latina, especialmente no Brasil. Tibor destacou a import\u00e2ncia de observar de modo especial a presen\u00e7a do Esp\u00edrito Santo nestes dias, pois \u00e9 atrav\u00e9s da a\u00e7\u00e3o Dele que o amor fraterno se torna vis\u00edvel em nossa vida em fraternidade. Desse modo, pediu a todos que estivessem no Cap\u00edtulo de forma orante e buscando atender a vontade de Deus, n\u00e3o os interesses pessoais de cada um. Segundo ele, procedendo desta forma Deus estar\u00e1 feliz e nos tamb\u00e9m estaremos. Por fim, Tibor estimulou os presentes a serem profetas da esperan\u00e7a, que \u00e9 uma face do amor de Deus.<\/p>\n<p><img loading=\"lazy\" class=\"alignnone size-full wp-image-239360\" src=\"https:\/\/franciscanos.org.br\/noticias\/wp-content\/uploads\/2022\/08\/ofs_2308.jpg\" alt=\"\" width=\"1280\" height=\"960\" srcset=\"https:\/\/franciscanos.org.br\/noticias\/wp-content\/uploads\/2022\/08\/ofs_2308.jpg 1280w, https:\/\/franciscanos.org.br\/noticias\/wp-content\/uploads\/2022\/08\/ofs_2308-450x338.jpg 450w, https:\/\/franciscanos.org.br\/noticias\/wp-content\/uploads\/2022\/08\/ofs_2308-1024x768.jpg 1024w, https:\/\/franciscanos.org.br\/noticias\/wp-content\/uploads\/2022\/08\/ofs_2308-768x576.jpg 768w, https:\/\/franciscanos.org.br\/noticias\/wp-content\/uploads\/2022\/08\/ofs_2308-150x113.jpg 150w, https:\/\/franciscanos.org.br\/noticias\/wp-content\/uploads\/2022\/08\/ofs_2308-600x450.jpg 600w\" sizes=\"(max-width: 1280px) 100vw, 1280px\" \/><\/p>\n<p>Na sequ\u00eancia, o irm\u00e3o Jos\u00e9 Fl\u00e1vio Martins, do Regional PE\/AL da OFS, conduziu a reflex\u00e3o sobre o Tema &#8211; \u201cFranciscanas e Franciscanos Seculares: Espelhos de Cristo como Profetas da Esperan\u00e7a\u201d &#8211; e Lema &#8211; \u201cQue os franciscanos seculares sejam espelhos de Cristo no mundo\u201d- do Cap\u00edtulo. A inspira\u00e7\u00e3o para a escolha destes foi a mensagem do Papa Francisco dirigida aos participantes do \u00faltimo Cap\u00edtulo Geral do Conselho Internacional da OFS, realizado em Roma, no ano passado. Em sua fala, Fl\u00e1vio destacou a necessidade de manter a fidelidade ao carisma, cuidando para que as fraternidades e seus irm\u00e3os e irm\u00e3s n\u00e3o caiam na indiferen\u00e7a e para que o seu testemunho com a pr\u00f3pria vida valha mais do que suas palavras, afirmando que as pessoas devem ver a Cristo ao encontrar com um franciscano secular.<\/p>\n<p>Ap\u00f3s o almo\u00e7o e um momento orante conduzido pelo Colegiado Nacional da Assist\u00eancia Espiritual, houve um animado momento de apresenta\u00e7\u00e3o dos participantes, com m\u00fasica e coreografia. Depois disso, os capitulares retomaram seu lugar na assembleia para a apresenta\u00e7\u00e3o de relat\u00f3rios.<\/p>\n<p>Maria Jos\u00e9 Coelho, Ministra Nacional, falou sobre os avan\u00e7os e desafios enfrentados pelo Conselho Nacional durante os \u00faltimos quatro anos e apresentou, de modo geral, um retrato da Ordem no Brasil. Ela iniciou sua fala apresentando os integrantes do Conselho Cessante, apresentando a organiza\u00e7\u00e3o oficial da Fraternidade Nacional, que hoje conta com 18 regionais. A seguir ela apresentou a quantidade de fraternidades por regional e por \u00e1rea, al\u00e9m do n\u00famero de irm\u00e3os e irm\u00e3s por regional e \u00e1rea e seus respectivos tempos de forma\u00e7\u00e3o. O total de membros da OFS no Brasil, segundo o \u00faltimo levantamento \u00e9 de 13.784 pessoas, sendo 10.301 professos definitivos.<\/p>\n<p>Durante sua apresenta\u00e7\u00e3o, Maria Jos\u00e9 relembrou os desafios enfrentados durante a pandemia e a prorroga\u00e7\u00e3o do mandato por mais um ano. Dentre as muitas quest\u00f5es abordadas por ela, destacamos:<\/p>\n<p style=\"padding-left: 40px;\">&#8211; a reorganiza\u00e7\u00e3o e otimiza\u00e7\u00e3o do trabalho dos funcion\u00e1rios da sede do Conselho Nacional, al\u00e9m do retorno para o Edif\u00edcio Darke;<\/p>\n<p style=\"padding-left: 40px;\">&#8211; o avan\u00e7o do cadastramento no Francelo, sistema pr\u00f3prio para a gest\u00e3o da vida fraterna;<\/p>\n<p style=\"padding-left: 40px;\">&#8211; a aprova\u00e7\u00e3o do Estatuto da Fraternidade Nacional;<\/p>\n<p style=\"padding-left: 40px;\">&#8211; o trabalho da Forma\u00e7\u00e3o, com o lan\u00e7amento do Livro Documentos, a reedi\u00e7\u00e3o dos livros de Iniciandos e Forma\u00e7\u00e3o e a atualiza\u00e7\u00e3o e edi\u00e7\u00e3o da Regra e Vida, al\u00e9m da atualiza\u00e7\u00e3o das Diretrizes de Forma\u00e7\u00e3o;<\/p>\n<p style=\"padding-left: 40px;\">&#8211; o avan\u00e7o no servi\u00e7o da Comunica\u00e7\u00e3o, especialmente em tempos de pandemia, com a revis\u00e3o e atualiza\u00e7\u00e3o do site, a amplia\u00e7\u00e3o das redes e a cria\u00e7\u00e3o de <em>whatsapp<\/em> para agilizar contatos;<\/p>\n<p style=\"padding-left: 40px;\">&#8211; a reformula\u00e7\u00e3o e qualidade da Revista Paz e Bem, al\u00e9m do equil\u00edbrio entre as despesas e receitas no gerenciamento da mesma;<\/p>\n<p style=\"padding-left: 40px;\">&#8211; e os Encontros de Forma\u00e7\u00e3o para Assistentes Espirituais Regionais.<\/p>\n<p>A seguir, Felipe Guedes, Tesoureiro do Conselho Nacional, apresentou a presta\u00e7\u00e3o de contas do per\u00edodo. Ap\u00f3s sua apresenta\u00e7\u00e3o, o Conselho Fiscal emitiu seu parecer favor\u00e1vel \u00e0 aprova\u00e7\u00e3o, que foi feita por unanimidade pelos capitulares.<\/p>\n<p><img loading=\"lazy\" class=\"alignnone size-full wp-image-239361\" src=\"https:\/\/franciscanos.org.br\/noticias\/wp-content\/uploads\/2022\/08\/ofs_2308_3.jpg\" alt=\"\" width=\"1280\" height=\"960\" srcset=\"https:\/\/franciscanos.org.br\/noticias\/wp-content\/uploads\/2022\/08\/ofs_2308_3.jpg 1280w, https:\/\/franciscanos.org.br\/noticias\/wp-content\/uploads\/2022\/08\/ofs_2308_3-450x338.jpg 450w, https:\/\/franciscanos.org.br\/noticias\/wp-content\/uploads\/2022\/08\/ofs_2308_3-1024x768.jpg 1024w, https:\/\/franciscanos.org.br\/noticias\/wp-content\/uploads\/2022\/08\/ofs_2308_3-768x576.jpg 768w, https:\/\/franciscanos.org.br\/noticias\/wp-content\/uploads\/2022\/08\/ofs_2308_3-150x113.jpg 150w, https:\/\/franciscanos.org.br\/noticias\/wp-content\/uploads\/2022\/08\/ofs_2308_3-600x450.jpg 600w\" sizes=\"(max-width: 1280px) 100vw, 1280px\" \/><\/p>\n<p>A sexta-feira ainda foi marcada pelas reuni\u00f5es por \u00e1rea para a discuss\u00e3o e o apontamento das prioridades, resolu\u00e7\u00f5es, recomenda\u00e7\u00f5es e mo\u00e7\u00f5es do Cap\u00edtulo, al\u00e9m de um belo momento de espiritualidade com a celebra\u00e7\u00e3o do Of\u00edcio da Tarde e a realiza\u00e7\u00e3o de uma oficina sobre a Anima\u00e7\u00e3o Fraterna, servi\u00e7o desempenhado por um irm\u00e3o ou irm\u00e3 professo da OFS junto \u00e0s fraternidades de JUFRA (Juventude Franciscana). O respons\u00e1vel por esse servi\u00e7o tem a importante miss\u00e3o de, entre outras coisas, estar no Secretariado da JUFRA e no Conselho da OFS, colaborando com o interc\u00e2mbio entre eles; promover e incentivar a forma\u00e7\u00e3o dos jufristas; colaborar para o crescimento da espiritualidade dos jovens franciscanos e incentivar e encorajar os jufristas para a a\u00e7\u00e3o concreta na Igreja e no mundo.<\/p>\n<p>O s\u00e1bado, terceiro dia de Cap\u00edtulo, teve in\u00edcio com a Celebra\u00e7\u00e3o Eucar\u00edstica presidida por Frei Dorvalino Fassini, OFM, presidente do Colegiado da Assist\u00eancia Espiritual no quadri\u00eanio. Ap\u00f3s o caf\u00e9 da manh\u00e3, os participantes retornaram aos seus lugares para um momento de espiritualidade no qual refletiram a partir da mensagem do Papa Francisco durante o Cap\u00edtulo Geral do CIOFS e em seguida foi feita a deposi\u00e7\u00e3o do Conselho Cessante, momento no qual o Ministro Geral agradeceu aos irm\u00e3os e irm\u00e3s pelo \u00e1rduo e produtivo trabalho desenvolvido.<\/p>\n<p>Antes de iniciar o processo de elei\u00e7\u00e3o, o Ministro Geral, Tibor Kauser, solicitou que fosse feita uma leitura das Fontes Franciscanas. Foi lido o texto das Admoesta\u00e7\u00f5es, 4, que segue abaixo:<\/p>\n<p><em>QUE NINGU\u00c9M SE APROPRIE DA PRELATURA<\/em><\/p>\n<p><em>\u201c1 N\u00e3o vim para ser servido mas para ser\u00advir (cf. Mt 20,28), diz o Senhor. 2 Os que est\u00e3o constitu\u00eddos sobre os ou\u00adtros, gloriem-se dessa prelatura como se ti\u00advessem sido encarregados do of\u00edcio de lavar os p\u00e9s dos irm\u00e3os. 3 E quanto mais se pertur\u00adbam por lhes tirarem a prelatura do que por lhes tirarem o of\u00edcio de lavar p\u00e9s, tanto mais acumulam bolsas para o perigo da alma.\u201d<\/em><\/p>\n<p>Em esp\u00edrito de ora\u00e7\u00e3o e atrav\u00e9s de uma organizada vota\u00e7\u00e3o eletr\u00f4nica, foram eleitas as irm\u00e3s e os irm\u00e3os que estar\u00e3o \u00e0 frente do Conselho Nacional da OFS do Brasil durante o tri\u00eanio 2022-2025. S\u00e3o eles:<\/p>\n<p style=\"padding-left: 40px;\"><strong>Ministra:<\/strong> Maria Jos\u00e9 Coelho (reeleita)<\/p>\n<p style=\"padding-left: 40px;\"><strong>Vice-Ministro:<\/strong> Marco Antonio Dias Rodrigues (reeleito)<\/p>\n<p style=\"padding-left: 40px;\"><strong>Secret\u00e1rio.<\/strong> Emanuelson Matias de Lima<\/p>\n<p style=\"padding-left: 40px;\"><strong>Tesoureiro:<\/strong> Felipe Paiva Guedes (reeleito)<\/p>\n<p style=\"padding-left: 40px;\"><strong>Coordenadora de Forma\u00e7\u00e3o:<\/strong> Bernadete de Lourdes Franco Pereira<\/p>\n<p style=\"padding-left: 40px;\"><strong>Assessor Jur\u00eddico:<\/strong> Lourival Godinho da Silva J\u00fanior<\/p>\n<p style=\"padding-left: 40px;\"><strong>Animadora Fraterna para a JUFRA:<\/strong> Juliana Caroline Gon\u00e7alves Almeida<\/p>\n<p style=\"padding-left: 40px;\"><strong>Coordenadora da \u00c1rea Norte:<\/strong> Ailda Roberta Ouriques de Oliveira Gouveia<\/p>\n<p style=\"padding-left: 40px;\"><strong>Coordenadora da \u00c1rea Nordeste<\/strong> A: Iramar de Souza Franco<\/p>\n<p style=\"padding-left: 40px;\"><strong>Coordenador da \u00c1rea Nordeste B:<\/strong> Helmir Jos\u00e9 Soares Silva<\/p>\n<p style=\"padding-left: 40px;\"><strong>Coordenadora da Centro-Oeste<\/strong>: Darilene Pereira da Silva<\/p>\n<p style=\"padding-left: 40px;\"><strong>Coordenadora da \u00c1rea Sudeste:<\/strong> Dirlene Helo\u00edsa Loiola Lima<\/p>\n<p style=\"padding-left: 40px;\"><strong>Coordenadora da \u00c1rea Sul:<\/strong> C\u00e9lia Maria Plentz<\/p>\n<p><img loading=\"lazy\" class=\"alignnone size-full wp-image-239362\" src=\"https:\/\/franciscanos.org.br\/noticias\/wp-content\/uploads\/2022\/08\/ofs_2308_4.jpg\" alt=\"\" width=\"1280\" height=\"699\" srcset=\"https:\/\/franciscanos.org.br\/noticias\/wp-content\/uploads\/2022\/08\/ofs_2308_4.jpg 1280w, https:\/\/franciscanos.org.br\/noticias\/wp-content\/uploads\/2022\/08\/ofs_2308_4-450x246.jpg 450w, https:\/\/franciscanos.org.br\/noticias\/wp-content\/uploads\/2022\/08\/ofs_2308_4-1024x559.jpg 1024w, https:\/\/franciscanos.org.br\/noticias\/wp-content\/uploads\/2022\/08\/ofs_2308_4-768x419.jpg 768w, https:\/\/franciscanos.org.br\/noticias\/wp-content\/uploads\/2022\/08\/ofs_2308_4-150x82.jpg 150w\" sizes=\"(max-width: 1280px) 100vw, 1280px\" \/><\/p>\n<p>Na ocasi\u00e3o tamb\u00e9m foi eleito o Conselho Fiscal, que ficou assim definido: Roseli Aparecida Consolaro Nabozny, Joseval Ferreira Ramos e Maria Izabel Barbosa como titulares e Helio da Costa Gouv\u00eaa, Jos\u00e9 Carlos Dion\u00edzio e Sandra Regina de Oliveira como suplentes.<\/p>\n<p>Encerrados os trabalhos do dia, Tibor parabenizou os eleitos e a todos os que se colocaram \u00e0 disposi\u00e7\u00e3o para o servi\u00e7o \u00e0 OFS. Agradeceu aos escrutinadores, secret\u00e1rios, equipe t\u00e9cnica, tradutores e destacou que a presen\u00e7a dos assistentes neste momento era um grande sinal de comunh\u00e3o da Igreja com o momento vivido ali. Ap\u00f3s isso todos participaram de uma animada confraterniza\u00e7\u00e3o realizada no Convento Santo Ant\u00f4nio, que teve blocos de m\u00fasica, comidas e dan\u00e7as t\u00edpicas e muito mais.<\/p>\n<p>O domingo, dia 21, \u00faltimo dia dos trabalhos, teve in\u00edcio com a Celebra\u00e7\u00e3o Eucar\u00edstica, presidida por Frei Tomas Ginga, na qual os eleitores tomaram posse e receberam os cumprimentos dos demais presentes. Em seguida foram apresentados os relat\u00f3rios da JUFRA e da Anima\u00e7\u00e3o Fraterna.<\/p>\n<p>Por fim foram eleitas as <strong>prioridades<\/strong> que nortear\u00e3o os trabalhos do Conselho Nacional pelos pr\u00f3ximos tr\u00eas anos:<\/p>\n<ol>\n<li><strong>Forma\u00e7\u00e3o de novas lideran\u00e7as:<\/strong> como forma de promover a renova\u00e7\u00e3o dos conselhos e servi\u00e7os, em todos os n\u00edveis, tendo em vista o fortalecimento do carisma e da identidade do Franciscano Secular, de forma cont\u00ednua,<\/li>\n<li><strong>JPIC:<\/strong> sendo o servi\u00e7o uma forma de express\u00e3o do cuidado com a Casa Comum, \u00e9 importante que o trabalho seja implementado de forma efetiva, particularmente em n\u00edvel regional e local;<\/li>\n<li><strong>Promo\u00e7\u00e3o Vocacional:<\/strong> como forma de revitalizar e revigorar as fraternidades, por meio de dois eixos:<\/li>\n<\/ol>\n<p style=\"padding-left: 40px;\">&#8211; Na cria\u00e7\u00e3o e\/ou fortalecimento da JUFRA e INAFRA;<\/p>\n<p style=\"padding-left: 40px;\">&#8211; No despertar e acolhimento de novas voca\u00e7\u00f5es adultas;<\/p>\n<ol start=\"4\">\n<li><strong>Servi\u00e7o aos Enfermos e Idosos (SEI):<\/strong> fortalecimento do servi\u00e7o em todos os n\u00edveis como forma de ampliar a compreens\u00e3o e o cuidado com os irm\u00e3os e irm\u00e3s.<\/li>\n<\/ol>\n<p>Rogamos a Deus para que, definindo novos rumos ao reencontrar com sua pr\u00f3pria origem, a OFS do Brasil consiga tornas concretas as palavras do Papa Francisco, que ajudaram a inspirar o tema e o lema do Cap\u00edtulo: \u201cQue a vossa secularidade seja repleta de proximidade, compaix\u00e3o e ternura. E que possais ser homens e mulheres de esperan\u00e7a, comprometidos em viv\u00ea-la e tamb\u00e9m em \u201corganiz\u00e1-la\u201d, traduzindo-a nas situa\u00e7\u00f5es concretas de cada dia, nos relacionamentos humanos, no compromisso social e pol\u00edtico, alimentando a esperan\u00e7a no amanh\u00e3, aliviando a dor de hoje\u201d.<\/p>\n<hr \/>\n<p><em>Pela Coordena\u00e7\u00e3o Nacional de Comunica\u00e7\u00e3o da OFS do Brasil, M\u00e1rcio Bernardo de Oliveira Ramos.<\/em><\/p>\n","protected":false},"excerpt":{"rendered":"<p>OFS do Brasil<\/p>\n","protected":false},"author":3,"featured_media":239358,"comment_status":"open","ping_status":"open","sticky":false,"template":"","format":"standard","meta":[],"categories":[1],"tags":[60],"acf":[],"yoast_head":"<!-- This site is optimized with the Yoast SEO plugin v19.2 - https:\/\/yoast.com\/wordpress\/plugins\/seo\/ -->\n<title>OFS do Brasil realiza Cap\u00edtulo Eletivo e renova seu Conselho Nacional - Not\u00edcias - Franciscanos<\/title>\n<meta name=\"robots\" content=\"index, follow, max-snippet:-1, max-image-preview:large, max-video-preview:-1\" \/>\n<link rel=\"canonical\" href=\"https:\/\/franciscanos.org.br\/noticias\/ofs-do-brasil-realiza-capitulo-eletivo-e-renova-seu-conselho-nacional.html\" \/>\n<meta property=\"og:locale\" content=\"pt_BR\" \/>\n<meta property=\"og:type\" content=\"article\" \/>\n<meta property=\"og:title\" content=\"OFS do Brasil realiza Cap\u00edtulo Eletivo e renova seu Conselho Nacional - Not\u00edcias - Franciscanos\" \/>\n<meta property=\"og:description\" content=\"OFS do Brasil\" \/>\n<meta property=\"og:url\" content=\"https:\/\/franciscanos.org.br\/noticias\/ofs-do-brasil-realiza-capitulo-eletivo-e-renova-seu-conselho-nacional.html\" \/>\n<meta property=\"og:site_name\" content=\"Not\u00edcias - Franciscanos\" \/>\n<meta property=\"article:published_time\" content=\"2022-08-23T13:52:42+00:00\" \/>\n<meta property=\"og:image\" content=\"https:\/\/franciscanos.org.br\/noticias\/wp-content\/uploads\/2022\/08\/ofs_2308_1.jpg\" \/>\n\t<meta property=\"og:image:width\" content=\"1280\" \/>\n\t<meta property=\"og:image:height\" content=\"720\" \/>\n\t<meta property=\"og:image:type\" content=\"image\/jpeg\" \/>\n<meta name=\"author\" content=\"moacir\" \/>\n<meta name=\"twitter:card\" content=\"summary_large_image\" \/>\n<meta name=\"twitter:label1\" content=\"Escrito por\" \/>\n\t<meta name=\"twitter:data1\" content=\"moacir\" \/>\n\t<meta name=\"twitter:label2\" content=\"Est. tempo de leitura\" \/>\n\t<meta name=\"twitter:data2\" content=\"13 minutos\" \/>\n<script type=\"application\/ld+json\" class=\"yoast-schema-graph\">{\"@context\":\"https:\/\/schema.org\",\"@graph\":[{\"@type\":\"WebSite\",\"@id\":\"https:\/\/franciscanos.org.br\/noticias\/#website\",\"url\":\"https:\/\/franciscanos.org.br\/noticias\/\",\"name\":\"Not\u00edcias - Franciscanos\",\"description\":\"Prov\u00edncia Franciscana da Imaculada Concei\u00e7\u00e3o do Brasil - Ordem dos Frades Menores - OFM\",\"potentialAction\":[{\"@type\":\"SearchAction\",\"target\":{\"@type\":\"EntryPoint\",\"urlTemplate\":\"https:\/\/franciscanos.org.br\/noticias\/?s={search_term_string}\"},\"query-input\":\"required name=search_term_string\"}],\"inLanguage\":\"pt-BR\"},{\"@type\":\"ImageObject\",\"inLanguage\":\"pt-BR\",\"@id\":\"https:\/\/franciscanos.org.br\/noticias\/ofs-do-brasil-realiza-capitulo-eletivo-e-renova-seu-conselho-nacional.html#primaryimage\",\"url\":\"https:\/\/franciscanos.org.br\/noticias\/wp-content\/uploads\/2022\/08\/ofs_2308_1.jpg\",\"contentUrl\":\"https:\/\/franciscanos.org.br\/noticias\/wp-content\/uploads\/2022\/08\/ofs_2308_1.jpg\",\"width\":1280,\"height\":720},{\"@type\":\"WebPage\",\"@id\":\"https:\/\/franciscanos.org.br\/noticias\/ofs-do-brasil-realiza-capitulo-eletivo-e-renova-seu-conselho-nacional.html#webpage\",\"url\":\"https:\/\/franciscanos.org.br\/noticias\/ofs-do-brasil-realiza-capitulo-eletivo-e-renova-seu-conselho-nacional.html\",\"name\":\"OFS do Brasil realiza Cap\u00edtulo Eletivo e renova seu Conselho Nacional - Not\u00edcias - Franciscanos\",\"isPartOf\":{\"@id\":\"https:\/\/franciscanos.org.br\/noticias\/#website\"},\"primaryImageOfPage\":{\"@id\":\"https:\/\/franciscanos.org.br\/noticias\/ofs-do-brasil-realiza-capitulo-eletivo-e-renova-seu-conselho-nacional.html#primaryimage\"},\"datePublished\":\"2022-08-23T13:52:42+00:00\",\"dateModified\":\"2022-08-23T13:52:42+00:00\",\"author\":{\"@id\":\"https:\/\/franciscanos.org.br\/noticias\/#\/schema\/person\/b5c8cba458c330ccff548b056e95a5d4\"},\"breadcrumb\":{\"@id\":\"https:\/\/franciscanos.org.br\/noticias\/ofs-do-brasil-realiza-capitulo-eletivo-e-renova-seu-conselho-nacional.html#breadcrumb\"},\"inLanguage\":\"pt-BR\",\"potentialAction\":[{\"@type\":\"ReadAction\",\"target\":[\"https:\/\/franciscanos.org.br\/noticias\/ofs-do-brasil-realiza-capitulo-eletivo-e-renova-seu-conselho-nacional.html\"]}]},{\"@type\":\"BreadcrumbList\",\"@id\":\"https:\/\/franciscanos.org.br\/noticias\/ofs-do-brasil-realiza-capitulo-eletivo-e-renova-seu-conselho-nacional.html#breadcrumb\",\"itemListElement\":[{\"@type\":\"ListItem\",\"position\":1,\"name\":\"Home\",\"item\":\"https:\/\/franciscanos.org.br\/noticias\"},{\"@type\":\"ListItem\",\"position\":2,\"name\":\"OFS do Brasil realiza Cap\u00edtulo Eletivo e renova seu Conselho Nacional\"}]},{\"@type\":\"Person\",\"@id\":\"https:\/\/franciscanos.org.br\/noticias\/#\/schema\/person\/b5c8cba458c330ccff548b056e95a5d4\",\"name\":\"moacir\",\"image\":{\"@type\":\"ImageObject\",\"inLanguage\":\"pt-BR\",\"@id\":\"https:\/\/franciscanos.org.br\/noticias\/#\/schema\/person\/image\/\",\"url\":\"https:\/\/secure.gravatar.com\/avatar\/d08aa2ce4c8dd416d4479aa8536fcf64?s=96&d=mm&r=g\",\"contentUrl\":\"https:\/\/secure.gravatar.com\/avatar\/d08aa2ce4c8dd416d4479aa8536fcf64?s=96&d=mm&r=g\",\"caption\":\"moacir\"},\"url\":\"https:\/\/franciscanos.org.br\/noticias\/author\/moacir\"}]}<\/script>\n<!-- \/ Yoast SEO plugin. -->","yoast_head_json":{"title":"OFS do Brasil realiza Cap\u00edtulo Eletivo e renova seu Conselho Nacional - Not\u00edcias - Franciscanos","robots":{"index":"index","follow":"follow","max-snippet":"max-snippet:-1","max-image-preview":"max-image-preview:large","max-video-preview":"max-video-preview:-1"},"canonical":"https:\/\/franciscanos.org.br\/noticias\/ofs-do-brasil-realiza-capitulo-eletivo-e-renova-seu-conselho-nacional.html","og_locale":"pt_BR","og_type":"article","og_title":"OFS do Brasil realiza Cap\u00edtulo Eletivo e renova seu Conselho Nacional - Not\u00edcias - Franciscanos","og_description":"OFS do Brasil","og_url":"https:\/\/franciscanos.org.br\/noticias\/ofs-do-brasil-realiza-capitulo-eletivo-e-renova-seu-conselho-nacional.html","og_site_name":"Not\u00edcias - Franciscanos","article_published_time":"2022-08-23T13:52:42+00:00","og_image":[{"width":1280,"height":720,"url":"https:\/\/franciscanos.org.br\/noticias\/wp-content\/uploads\/2022\/08\/ofs_2308_1.jpg","type":"image\/jpeg"}],"author":"moacir","twitter_card":"summary_large_image","twitter_misc":{"Escrito por":"moacir","Est. tempo de leitura":"13 minutos"},"schema":{"@context":"https:\/\/schema.org","@graph":[{"@type":"WebSite","@id":"https:\/\/franciscanos.org.br\/noticias\/#website","url":"https:\/\/franciscanos.org.br\/noticias\/","name":"Not\u00edcias - Franciscanos","description":"Prov\u00edncia Franciscana da Imaculada Concei\u00e7\u00e3o do Brasil - Ordem dos Frades Menores - OFM","potentialAction":[{"@type":"SearchAction","target":{"@type":"EntryPoint","urlTemplate":"https:\/\/franciscanos.org.br\/noticias\/?s={search_term_string}"},"query-input":"required name=search_term_string"}],"inLanguage":"pt-BR"},{"@type":"ImageObject","inLanguage":"pt-BR","@id":"https:\/\/franciscanos.org.br\/noticias\/ofs-do-brasil-realiza-capitulo-eletivo-e-renova-seu-conselho-nacional.html#primaryimage","url":"https:\/\/franciscanos.org.br\/noticias\/wp-content\/uploads\/2022\/08\/ofs_2308_1.jpg","contentUrl":"https:\/\/franciscanos.org.br\/noticias\/wp-content\/uploads\/2022\/08\/ofs_2308_1.jpg","width":1280,"height":720},{"@type":"WebPage","@id":"https:\/\/franciscanos.org.br\/noticias\/ofs-do-brasil-realiza-capitulo-eletivo-e-renova-seu-conselho-nacional.html#webpage","url":"https:\/\/franciscanos.org.br\/noticias\/ofs-do-brasil-realiza-capitulo-eletivo-e-renova-seu-conselho-nacional.html","name":"OFS do Brasil realiza Cap\u00edtulo Eletivo e renova seu Conselho Nacional - Not\u00edcias - Franciscanos","isPartOf":{"@id":"https:\/\/franciscanos.org.br\/noticias\/#website"},"primaryImageOfPage":{"@id":"https:\/\/franciscanos.org.br\/noticias\/ofs-do-brasil-realiza-capitulo-eletivo-e-renova-seu-conselho-nacional.html#primaryimage"},"datePublished":"2022-08-23T13:52:42+00:00","dateModified":"2022-08-23T13:52:42+00:00","author":{"@id":"https:\/\/franciscanos.org.br\/noticias\/#\/schema\/person\/b5c8cba458c330ccff548b056e95a5d4"},"breadcrumb":{"@id":"https:\/\/franciscanos.org.br\/noticias\/ofs-do-brasil-realiza-capitulo-eletivo-e-renova-seu-conselho-nacional.html#breadcrumb"},"inLanguage":"pt-BR","potentialAction":[{"@type":"ReadAction","target":["https:\/\/franciscanos.org.br\/noticias\/ofs-do-brasil-realiza-capitulo-eletivo-e-renova-seu-conselho-nacional.html"]}]},{"@type":"BreadcrumbList","@id":"https:\/\/franciscanos.org.br\/noticias\/ofs-do-brasil-realiza-capitulo-eletivo-e-renova-seu-conselho-nacional.html#breadcrumb","itemListElement":[{"@type":"ListItem","position":1,"name":"Home","item":"https:\/\/franciscanos.org.br\/noticias"},{"@type":"ListItem","position":2,"name":"OFS do Brasil realiza Cap\u00edtulo Eletivo e renova seu Conselho Nacional"}]},{"@type":"Person","@id":"https:\/\/franciscanos.org.br\/noticias\/#\/schema\/person\/b5c8cba458c330ccff548b056e95a5d4","name":"moacir","image":{"@type":"ImageObject","inLanguage":"pt-BR","@id":"https:\/\/franciscanos.org.br\/noticias\/#\/schema\/person\/image\/","url":"https:\/\/secure.gravatar.com\/avatar\/d08aa2ce4c8dd416d4479aa8536fcf64?s=96&d=mm&r=g","contentUrl":"https:\/\/secure.gravatar.com\/avatar\/d08aa2ce4c8dd416d4479aa8536fcf64?s=96&d=mm&r=g","caption":"moacir"},"url":"https:\/\/franciscanos.org.br\/noticias\/author\/moacir"}]}},"_links":{"self":[{"href":"https:\/\/franciscanos.org.br\/noticias\/wp-json\/wp\/v2\/posts\/239357"}],"collection":[{"href":"https:\/\/franciscanos.org.br\/noticias\/wp-json\/wp\/v2\/posts"}],"about":[{"href":"https:\/\/franciscanos.org.br\/noticias\/wp-json\/wp\/v2\/types\/post"}],"author":[{"embeddable":true,"href":"https:\/\/franciscanos.org.br\/noticias\/wp-json\/wp\/v2\/users\/3"}],"replies":[{"embeddable":true,"href":"https:\/\/franciscanos.org.br\/noticias\/wp-json\/wp\/v2\/comments?post=239357"}],"version-history":[{"count":1,"href":"https:\/\/franciscanos.org.br\/noticias\/wp-json\/wp\/v2\/posts\/239357\/revisions"}],"predecessor-version":[{"id":239363,"href":"https:\/\/franciscanos.org.br\/noticias\/wp-json\/wp\/v2\/posts\/239357\/revisions\/239363"}],"wp:featuredmedia":[{"embeddable":true,"href":"https:\/\/franciscanos.org.br\/noticias\/wp-json\/wp\/v2\/media\/239358"}],"wp:attachment":[{"href":"https:\/\/franciscanos.org.br\/noticias\/wp-json\/wp\/v2\/media?parent=239357"}],"wp:term":[{"taxonomy":"category","embeddable":true,"href":"https:\/\/franciscanos.org.br\/noticias\/wp-json\/wp\/v2\/categories?post=239357"},{"taxonomy":"post_tag","embeddable":true,"href":"https:\/\/franciscanos.org.br\/noticias\/wp-json\/wp\/v2\/tags?post=239357"}],"curies":[{"name":"wp","href":"https:\/\/api.w.org\/{rel}","templated":true}]}}