{"id":239350,"date":"2022-08-22T13:56:00","date_gmt":"2022-08-22T16:56:00","guid":{"rendered":"https:\/\/franciscanos.org.br\/noticias\/?p=239350"},"modified":"2022-08-22T13:56:00","modified_gmt":"2022-08-22T16:56:00","slug":"familias-lotam-campinho-do-convento-da-penha-no-encerramento-da-semana-da-familia","status":"publish","type":"post","link":"https:\/\/franciscanos.org.br\/noticias\/familias-lotam-campinho-do-convento-da-penha-no-encerramento-da-semana-da-familia.html","title":{"rendered":"Fam\u00edlias lotam Campinho do Convento da Penha no encerramento da Semana da Fam\u00edlia"},"content":{"rendered":"<p><img loading=\"lazy\" class=\"alignnone wp-image-239351 size-full\" src=\"https:\/\/franciscanos.org.br\/noticias\/wp-content\/uploads\/2022\/08\/penha_22.jpg\" alt=\"\" width=\"1280\" height=\"720\" srcset=\"https:\/\/franciscanos.org.br\/noticias\/wp-content\/uploads\/2022\/08\/penha_22.jpg 1280w, https:\/\/franciscanos.org.br\/noticias\/wp-content\/uploads\/2022\/08\/penha_22-450x253.jpg 450w, https:\/\/franciscanos.org.br\/noticias\/wp-content\/uploads\/2022\/08\/penha_22-1024x576.jpg 1024w, https:\/\/franciscanos.org.br\/noticias\/wp-content\/uploads\/2022\/08\/penha_22-768x432.jpg 768w, https:\/\/franciscanos.org.br\/noticias\/wp-content\/uploads\/2022\/08\/penha_22-150x84.jpg 150w\" sizes=\"(max-width: 1280px) 100vw, 1280px\" \/><\/p>\n<p>Milhares de pessoas subiram ao Campinho do Convento da Penha, na tarde do \u00faltimo s\u00e1bado (20) para o Encerramento da Semana Nacional da Fam\u00edlia. A tradicional Romaria das Fam\u00edlias teve in\u00edcio na Pra\u00e7a Duque de Caxias, no Centro de Vila Velha, na sequ\u00eancia, os fi\u00e9is caminharam at\u00e9 o Santu\u00e1rio de Nossa Senhora da Penha, depois de dois anos sem as atividades presenciais.<\/p>\n<p>A Semana da Fam\u00edlia foi marcada por celebra\u00e7\u00f5es, ora\u00e7\u00f5es e reflex\u00f5es sobre as fam\u00edlias. A casa \u00e9 a extens\u00e3o da Igreja, ou seja, a fam\u00edlia \u00e9 a &#8220;Igreja Dom\u00e9stica&#8221; &#8211; como primeiro chamou o Papa Jo\u00e3o Paulo II -, onde \u00e9 ensinado o caminho de santidade e s\u00e3o cultivados os valores humanos.<\/p>\n<p>Baseada nos quatro pilares das diretrizes de evangeliza\u00e7\u00e3o da Igreja (p\u00e3o, palavra, caridade e miss\u00e3o), a Semana Nacional da Fam\u00edlia \u00e9 uma proposta da Comiss\u00e3o Episcopal Pastoral para a Vida e a Fam\u00edlia da Confer\u00eancia Nacional dos Bispos do Brasil (CNBB). Ela tem in\u00edcio no Dia dos Pais,\u00a0 refletindo a import\u00e2ncia da voca\u00e7\u00e3o paterna e se encerra na Solenidade da Assun\u00e7\u00e3o de Maria, a M\u00e3e das Fam\u00edlias. Com isso, h\u00e1 uma grande mobiliza\u00e7\u00e3o de grupos e comunidades, que desde 1992, ocorre com momentos de ora\u00e7\u00e3o, forma\u00e7\u00e3o, reflex\u00e3o, encontros e celebra\u00e7\u00f5es. Neste ano, o tema foi: &#8220;Amor familiar, voca\u00e7\u00e3o e caminho de santidade&#8221;.<\/p>\n<p><img loading=\"lazy\" class=\"alignnone wp-image-239352 size-full\" src=\"https:\/\/franciscanos.org.br\/noticias\/wp-content\/uploads\/2022\/08\/penha_22_2.jpg\" alt=\"\" width=\"1280\" height=\"853\" srcset=\"https:\/\/franciscanos.org.br\/noticias\/wp-content\/uploads\/2022\/08\/penha_22_2.jpg 1280w, https:\/\/franciscanos.org.br\/noticias\/wp-content\/uploads\/2022\/08\/penha_22_2-450x300.jpg 450w, https:\/\/franciscanos.org.br\/noticias\/wp-content\/uploads\/2022\/08\/penha_22_2-1024x682.jpg 1024w, https:\/\/franciscanos.org.br\/noticias\/wp-content\/uploads\/2022\/08\/penha_22_2-768x512.jpg 768w, https:\/\/franciscanos.org.br\/noticias\/wp-content\/uploads\/2022\/08\/penha_22_2-150x100.jpg 150w\" sizes=\"(max-width: 1280px) 100vw, 1280px\" \/><\/p>\n<p>Ao longo da semana, nas Celebra\u00e7\u00f5es das 15h, os movimentos ligados \u00e0 Pastoral Familiar da Arquidiocese de Vit\u00f3ria, participaram da Liturgia. J\u00e1 no s\u00e1bado, foi o coroamento da Semana. A Missa de Encerramento foi presidida pelo Arcebispo Em\u00e9rito de Mariana (MG), Dom Geraldo Lyrio Rocha, com participa\u00e7\u00e3o do Padre Abel Andrade (coordenador de Pastoral da \u00c1rea de Vila Velha) e do Frei Alessandro Dias do Nascimento, representando a Fraternidade do Franciscana do Convento.<\/p>\n<p>Na homilia, Dom Geraldo destacou a Igreja celebra a realiza\u00e7\u00e3o plena do Mist\u00e9rio Pascal de Cristo na Sant\u00edssima Virgem. Sendo ela a &#8220;cheia de gra\u00e7a&#8221;, o Pai quis associ\u00e1-la definitivamente \u00e0 ressurrei\u00e7\u00e3o de seu Filho Jesus.<\/p>\n<p>&#8220;A leitura, tirada do primeiro livro das Cr\u00f4nicas, fala da Arca da Alian\u00e7a como sinal da presen\u00e7a de Deus no meio do povo de Israel. A liturgia aplica esse texto a Maria, pois ela pode ser considerada a &#8216;Arca da Nova Alian\u00e7a&#8217;, pois acolheu, em seu seio virginal, o Verbo encarnado. Assim como a arca da antiga alian\u00e7a foi transportada para Jerusal\u00e9m, Maria, arca da nova alian\u00e7a, em sua Assun\u00e7\u00e3o, \u00e9 transportada para a gl\u00f3ria do c\u00e9u&#8221;, iniciou Dom Geraldo Lyrio.<\/p>\n<p><img loading=\"lazy\" class=\"alignnone wp-image-239353 size-full\" src=\"https:\/\/franciscanos.org.br\/noticias\/wp-content\/uploads\/2022\/08\/penha_22_1.jpg\" alt=\"\" width=\"1280\" height=\"853\" srcset=\"https:\/\/franciscanos.org.br\/noticias\/wp-content\/uploads\/2022\/08\/penha_22_1.jpg 1280w, https:\/\/franciscanos.org.br\/noticias\/wp-content\/uploads\/2022\/08\/penha_22_1-450x300.jpg 450w, https:\/\/franciscanos.org.br\/noticias\/wp-content\/uploads\/2022\/08\/penha_22_1-1024x682.jpg 1024w, https:\/\/franciscanos.org.br\/noticias\/wp-content\/uploads\/2022\/08\/penha_22_1-768x512.jpg 768w, https:\/\/franciscanos.org.br\/noticias\/wp-content\/uploads\/2022\/08\/penha_22_1-150x100.jpg 150w\" sizes=\"(max-width: 1280px) 100vw, 1280px\" \/><\/p>\n<p>O Arcebispo Em\u00e9rito de Mariana ainda explicou o trecho de Lucas 11, 28: &#8220;feliz o ventre que te trouxe e os seios que te amamentaram! Como a mulher que se encontrava no meio da multid\u00e3o a ouvir o que Jesus dizia ao povo, n\u00f3s clamamos: &#8216;\u00d3 Maria, feliz o ventre que te trouxe e os seios que te amamentaram. Jesus confirma e amplia, tamb\u00e9m hoje para n\u00f3s, estas palavras elogiosas dirigidas \u00e0 sua M\u00e3e, estende essa Bem-Aventuran\u00e7a para al\u00e9m dos la\u00e7os do sangue e a aplica a todos aqueles que acolhem, guardam e praticam a sua palavra&#8221;, disse.<\/p>\n<p>Na sequ\u00eancia, ainda durante a reflex\u00e3o, Dom Geraldo Lyrio relacionou um trecho da homilia do Papa Francisco na Solenidade da Santa M\u00e3e de Deus em 2019, pedindo que &#8220;deixemo-nos olhar, deixemo-nos abra\u00e7ar, deixemo-nos tomar pela m\u00e3o\u2026 por Maria&#8221;:<\/p>\n<p><strong>&#8211; Deixemo-nos olhar.<\/strong> Acontece, sobretudo, nos momentos de necessidade, quando nos encontramos enredados n\u00f3s mais intrincados da vida, que justamente olhemos para\u00a0Nossa Senhora, para a M\u00e3e. Mas \u00e9 lindo, antes de tudo, deixar-se olhar\u00a0por Nossa Senhora. Quando nos olha, ela n\u00e3o v\u00ea pecadores, mas filhos. &#8216;Diz-se que os olhos s\u00e3o o espelho da alma; os olhos da\u00a0Cheia de Gra\u00e7a espelham a beleza de Deus, refletem sobre n\u00f3s o para\u00edso. Jesus disse que os olhos s\u00e3o \u2018a l\u00e2mpada do corpo&#8217; (Mt\u00a06, 22): os olhos de Nossa Senhora sabem iluminar toda a escurid\u00e3o, reacendem por todo o lado a esperan\u00e7a. O seu olhar, voltado para n\u00f3s, diz: \u2018Queridos filhos, coragem! Eu estou aqui, a vossa m\u00e3e\u2019.<\/p>\n<p><img loading=\"lazy\" class=\"alignnone wp-image-239355 size-full\" src=\"https:\/\/franciscanos.org.br\/noticias\/wp-content\/uploads\/2022\/08\/penha_22_4.jpg\" alt=\"\" width=\"1280\" height=\"853\" srcset=\"https:\/\/franciscanos.org.br\/noticias\/wp-content\/uploads\/2022\/08\/penha_22_4.jpg 1280w, https:\/\/franciscanos.org.br\/noticias\/wp-content\/uploads\/2022\/08\/penha_22_4-450x300.jpg 450w, https:\/\/franciscanos.org.br\/noticias\/wp-content\/uploads\/2022\/08\/penha_22_4-1024x682.jpg 1024w, https:\/\/franciscanos.org.br\/noticias\/wp-content\/uploads\/2022\/08\/penha_22_4-768x512.jpg 768w, https:\/\/franciscanos.org.br\/noticias\/wp-content\/uploads\/2022\/08\/penha_22_4-150x100.jpg 150w\" sizes=\"(max-width: 1280px) 100vw, 1280px\" \/><\/p>\n<p><strong>&#8211; Deixemo-nos abra\u00e7ar<\/strong>. Depois do olhar, entra em cena o cora\u00e7\u00e3o, no qual Maria &#8216;conservava todas estas coisas, ponderando-as&#8217; (Lc 2, 19). Por outras palavras, Nossa Senhora tomava tudo a peito, abra\u00e7ava tudo, eventos favor\u00e1veis e contr\u00e1rios. E tudo ponderava, isto \u00e9, levava a Deus. Eis o seu segredo. Da mesma forma, tem a peito a vida de cada um de n\u00f3s: deseja abra\u00e7ar todas as nossas situa\u00e7\u00f5es e apresent\u00e1-las a Deus.<strong><em>\u00a0<\/em><\/strong><\/p>\n<p><strong>&#8211; Deixemo-nos tomar pela m\u00e3o<\/strong>. As m\u00e3es tomam pela m\u00e3o os filhos e introduzem-nos amorosamente na vida. Mas hoje, quantos filhos, seguindo por conta pr\u00f3pria, perdem a dire\u00e7\u00e3o, creem-se fortes e extraviam-se, livres e tornam-se escravos! Quantos, esquecidos do carinho materno, vivem zangados consigo mesmos e indiferentes a tudo! Quantos, infelizmente, reagem a tudo e a todos com veneno e malvadez! A vida \u00e9 assim: Mostrar-se mau, \u00e0s vezes, at\u00e9 parece um sinal de fortaleza; mas \u00e9 s\u00f3 fraqueza!\u00a0 Precisamos aprender com as m\u00e3es que o hero\u00edsmo est\u00e1 em doar-se, a fortaleza em ter piedade, a sabedoria na mansid\u00e3o.<\/p>\n<p>Dom Geraldo encerrou a partilha da Palavra invocando a prote\u00e7\u00e3o de Nossa Senhora da Penha sobre os fi\u00e9is. Ao final, houve homenagens \u00e0s fam\u00edlias e a b\u00ean\u00e7\u00e3o final.<\/p>\n<p><img loading=\"lazy\" class=\"alignnone wp-image-239354 size-full\" src=\"https:\/\/franciscanos.org.br\/noticias\/wp-content\/uploads\/2022\/08\/penha_22_3.jpg\" alt=\"\" width=\"1280\" height=\"853\" srcset=\"https:\/\/franciscanos.org.br\/noticias\/wp-content\/uploads\/2022\/08\/penha_22_3.jpg 1280w, https:\/\/franciscanos.org.br\/noticias\/wp-content\/uploads\/2022\/08\/penha_22_3-450x300.jpg 450w, https:\/\/franciscanos.org.br\/noticias\/wp-content\/uploads\/2022\/08\/penha_22_3-1024x682.jpg 1024w, https:\/\/franciscanos.org.br\/noticias\/wp-content\/uploads\/2022\/08\/penha_22_3-768x512.jpg 768w, https:\/\/franciscanos.org.br\/noticias\/wp-content\/uploads\/2022\/08\/penha_22_3-150x100.jpg 150w\" sizes=\"(max-width: 1280px) 100vw, 1280px\" \/><\/p>\n<p><strong>Semana da Fam\u00edlia em Par\u00f3quia de Aracruz-ES<\/strong><\/p>\n<p>Ainda motivados pela proposta da CNBB de celebrar o amor da fam\u00edlia como um caminho de santidade e voca\u00e7\u00e3o, a Par\u00f3quia S\u00e3o Jo\u00e3o Batista de Aracruz, regi\u00e3o norte do Esp\u00edrito Santo (Diocese de Colatina), realizou a primeira edi\u00e7\u00e3o da &#8220;Romaria das Fam\u00edlias de Aracruz ao Convento da Penha&#8221;. A Missa das 9h no \u00faltimo domingo (21) foi presidida pelo Padre Ant\u00f4nio Luiz Pazolini Pandolfi e concelebrada pelo Guardi\u00e3o e Reitor do Convento, Frei Djalmo Fuck.<\/p>\n<p>Na homilia, Padre Ant\u00f4nio Luiz refletiu sobre a vida e a santidade perfeita de Maria, na Solenidade da Assun\u00e7\u00e3o de Nossa Senhora. &#8220;Estamos aqui hoje para consagrarmos nossas fam\u00edlias a Deus, pedimos a b\u00ean\u00e7\u00e3o de Deus por Nossa Senhora e a Liturgia nos ajuda muito a vivermos este mist\u00e9rio. A primeira leitura (Apocalipse 11,19; 12,1.3-6.10) mostrou o grande sinal de Deus no c\u00e9u. Maria, mulher vitoriosa, gloriosa, rainha, &#8216;tendo a lua debaixo dos p\u00e9s e uma coroa de doze estrelas&#8217;, Maria j\u00e1 vitoriosa. Por isso, suplicamos que nossas fam\u00edlias tamb\u00e9m ven\u00e7am, como Nossa Senhora e Jesus venceram. Que nossas fam\u00edlias ven\u00e7am o pecado, o drag\u00e3o dos v\u00edcios, da infidelidade&#8230;&#8221;, comentou.<\/p>\n<p>Ainda no coment\u00e1rio da Liturgia da Palavra, o sacerdote disse que professar a f\u00e9, como Isabel fez com Maria, \u00e9 essencial para a vida crist\u00e3. &#8220;Queridos, a f\u00e9 \u00e9 um elemento essencial para nossa vida e para nossas fam\u00edlias. Bem-aventuradas nossas fam\u00edlias se acreditarem, se tiverem f\u00e9, se esperarem e confiarem em Deus, nunca se desapegarem das m\u00e3os do Pai e das m\u00e3os de nossa M\u00e3e&#8221;, afirmou.<\/p>\n<hr \/>\n<p><em>Cristian Oliveira<\/em><\/p>\n","protected":false},"excerpt":{"rendered":"<p>Convento da Penha<\/p>\n","protected":false},"author":3,"featured_media":239351,"comment_status":"open","ping_status":"open","sticky":false,"template":"","format":"standard","meta":[],"categories":[1],"tags":[248],"acf":[],"yoast_head":"<!-- This site is optimized with the Yoast SEO plugin v19.2 - https:\/\/yoast.com\/wordpress\/plugins\/seo\/ -->\n<title>Fam\u00edlias lotam Campinho do Convento da Penha no encerramento da Semana da Fam\u00edlia - Not\u00edcias - Franciscanos<\/title>\n<meta name=\"robots\" content=\"index, follow, max-snippet:-1, max-image-preview:large, max-video-preview:-1\" \/>\n<link rel=\"canonical\" href=\"https:\/\/franciscanos.org.br\/noticias\/familias-lotam-campinho-do-convento-da-penha-no-encerramento-da-semana-da-familia.html\" \/>\n<meta property=\"og:locale\" content=\"pt_BR\" \/>\n<meta property=\"og:type\" content=\"article\" \/>\n<meta property=\"og:title\" content=\"Fam\u00edlias lotam Campinho do Convento da Penha no encerramento da Semana da Fam\u00edlia - Not\u00edcias - Franciscanos\" \/>\n<meta property=\"og:description\" content=\"Convento da Penha\" \/>\n<meta property=\"og:url\" content=\"https:\/\/franciscanos.org.br\/noticias\/familias-lotam-campinho-do-convento-da-penha-no-encerramento-da-semana-da-familia.html\" \/>\n<meta property=\"og:site_name\" content=\"Not\u00edcias - Franciscanos\" \/>\n<meta property=\"article:published_time\" content=\"2022-08-22T16:56:00+00:00\" \/>\n<meta property=\"og:image\" content=\"https:\/\/franciscanos.org.br\/noticias\/wp-content\/uploads\/2022\/08\/penha_22.jpg\" \/>\n\t<meta property=\"og:image:width\" content=\"1280\" \/>\n\t<meta property=\"og:image:height\" content=\"720\" \/>\n\t<meta property=\"og:image:type\" content=\"image\/jpeg\" \/>\n<meta name=\"author\" content=\"moacir\" \/>\n<meta name=\"twitter:card\" content=\"summary_large_image\" \/>\n<meta name=\"twitter:label1\" content=\"Escrito por\" \/>\n\t<meta name=\"twitter:data1\" content=\"moacir\" \/>\n\t<meta name=\"twitter:label2\" content=\"Est. tempo de leitura\" \/>\n\t<meta name=\"twitter:data2\" content=\"6 minutos\" \/>\n<script type=\"application\/ld+json\" class=\"yoast-schema-graph\">{\"@context\":\"https:\/\/schema.org\",\"@graph\":[{\"@type\":\"WebSite\",\"@id\":\"https:\/\/franciscanos.org.br\/noticias\/#website\",\"url\":\"https:\/\/franciscanos.org.br\/noticias\/\",\"name\":\"Not\u00edcias - Franciscanos\",\"description\":\"Prov\u00edncia Franciscana da Imaculada Concei\u00e7\u00e3o do Brasil - Ordem dos Frades Menores - OFM\",\"potentialAction\":[{\"@type\":\"SearchAction\",\"target\":{\"@type\":\"EntryPoint\",\"urlTemplate\":\"https:\/\/franciscanos.org.br\/noticias\/?s={search_term_string}\"},\"query-input\":\"required name=search_term_string\"}],\"inLanguage\":\"pt-BR\"},{\"@type\":\"ImageObject\",\"inLanguage\":\"pt-BR\",\"@id\":\"https:\/\/franciscanos.org.br\/noticias\/familias-lotam-campinho-do-convento-da-penha-no-encerramento-da-semana-da-familia.html#primaryimage\",\"url\":\"https:\/\/franciscanos.org.br\/noticias\/wp-content\/uploads\/2022\/08\/penha_22.jpg\",\"contentUrl\":\"https:\/\/franciscanos.org.br\/noticias\/wp-content\/uploads\/2022\/08\/penha_22.jpg\",\"width\":1280,\"height\":720},{\"@type\":\"WebPage\",\"@id\":\"https:\/\/franciscanos.org.br\/noticias\/familias-lotam-campinho-do-convento-da-penha-no-encerramento-da-semana-da-familia.html#webpage\",\"url\":\"https:\/\/franciscanos.org.br\/noticias\/familias-lotam-campinho-do-convento-da-penha-no-encerramento-da-semana-da-familia.html\",\"name\":\"Fam\u00edlias lotam Campinho do Convento da Penha no encerramento da Semana da Fam\u00edlia - Not\u00edcias - Franciscanos\",\"isPartOf\":{\"@id\":\"https:\/\/franciscanos.org.br\/noticias\/#website\"},\"primaryImageOfPage\":{\"@id\":\"https:\/\/franciscanos.org.br\/noticias\/familias-lotam-campinho-do-convento-da-penha-no-encerramento-da-semana-da-familia.html#primaryimage\"},\"datePublished\":\"2022-08-22T16:56:00+00:00\",\"dateModified\":\"2022-08-22T16:56:00+00:00\",\"author\":{\"@id\":\"https:\/\/franciscanos.org.br\/noticias\/#\/schema\/person\/b5c8cba458c330ccff548b056e95a5d4\"},\"breadcrumb\":{\"@id\":\"https:\/\/franciscanos.org.br\/noticias\/familias-lotam-campinho-do-convento-da-penha-no-encerramento-da-semana-da-familia.html#breadcrumb\"},\"inLanguage\":\"pt-BR\",\"potentialAction\":[{\"@type\":\"ReadAction\",\"target\":[\"https:\/\/franciscanos.org.br\/noticias\/familias-lotam-campinho-do-convento-da-penha-no-encerramento-da-semana-da-familia.html\"]}]},{\"@type\":\"BreadcrumbList\",\"@id\":\"https:\/\/franciscanos.org.br\/noticias\/familias-lotam-campinho-do-convento-da-penha-no-encerramento-da-semana-da-familia.html#breadcrumb\",\"itemListElement\":[{\"@type\":\"ListItem\",\"position\":1,\"name\":\"Home\",\"item\":\"https:\/\/franciscanos.org.br\/noticias\"},{\"@type\":\"ListItem\",\"position\":2,\"name\":\"Fam\u00edlias lotam Campinho do Convento da Penha no encerramento da Semana da Fam\u00edlia\"}]},{\"@type\":\"Person\",\"@id\":\"https:\/\/franciscanos.org.br\/noticias\/#\/schema\/person\/b5c8cba458c330ccff548b056e95a5d4\",\"name\":\"moacir\",\"image\":{\"@type\":\"ImageObject\",\"inLanguage\":\"pt-BR\",\"@id\":\"https:\/\/franciscanos.org.br\/noticias\/#\/schema\/person\/image\/\",\"url\":\"https:\/\/secure.gravatar.com\/avatar\/d08aa2ce4c8dd416d4479aa8536fcf64?s=96&d=mm&r=g\",\"contentUrl\":\"https:\/\/secure.gravatar.com\/avatar\/d08aa2ce4c8dd416d4479aa8536fcf64?s=96&d=mm&r=g\",\"caption\":\"moacir\"},\"url\":\"https:\/\/franciscanos.org.br\/noticias\/author\/moacir\"}]}<\/script>\n<!-- \/ Yoast SEO plugin. -->","yoast_head_json":{"title":"Fam\u00edlias lotam Campinho do Convento da Penha no encerramento da Semana da Fam\u00edlia - Not\u00edcias - Franciscanos","robots":{"index":"index","follow":"follow","max-snippet":"max-snippet:-1","max-image-preview":"max-image-preview:large","max-video-preview":"max-video-preview:-1"},"canonical":"https:\/\/franciscanos.org.br\/noticias\/familias-lotam-campinho-do-convento-da-penha-no-encerramento-da-semana-da-familia.html","og_locale":"pt_BR","og_type":"article","og_title":"Fam\u00edlias lotam Campinho do Convento da Penha no encerramento da Semana da Fam\u00edlia - Not\u00edcias - Franciscanos","og_description":"Convento da Penha","og_url":"https:\/\/franciscanos.org.br\/noticias\/familias-lotam-campinho-do-convento-da-penha-no-encerramento-da-semana-da-familia.html","og_site_name":"Not\u00edcias - Franciscanos","article_published_time":"2022-08-22T16:56:00+00:00","og_image":[{"width":1280,"height":720,"url":"https:\/\/franciscanos.org.br\/noticias\/wp-content\/uploads\/2022\/08\/penha_22.jpg","type":"image\/jpeg"}],"author":"moacir","twitter_card":"summary_large_image","twitter_misc":{"Escrito por":"moacir","Est. tempo de leitura":"6 minutos"},"schema":{"@context":"https:\/\/schema.org","@graph":[{"@type":"WebSite","@id":"https:\/\/franciscanos.org.br\/noticias\/#website","url":"https:\/\/franciscanos.org.br\/noticias\/","name":"Not\u00edcias - Franciscanos","description":"Prov\u00edncia Franciscana da Imaculada Concei\u00e7\u00e3o do Brasil - Ordem dos Frades Menores - OFM","potentialAction":[{"@type":"SearchAction","target":{"@type":"EntryPoint","urlTemplate":"https:\/\/franciscanos.org.br\/noticias\/?s={search_term_string}"},"query-input":"required name=search_term_string"}],"inLanguage":"pt-BR"},{"@type":"ImageObject","inLanguage":"pt-BR","@id":"https:\/\/franciscanos.org.br\/noticias\/familias-lotam-campinho-do-convento-da-penha-no-encerramento-da-semana-da-familia.html#primaryimage","url":"https:\/\/franciscanos.org.br\/noticias\/wp-content\/uploads\/2022\/08\/penha_22.jpg","contentUrl":"https:\/\/franciscanos.org.br\/noticias\/wp-content\/uploads\/2022\/08\/penha_22.jpg","width":1280,"height":720},{"@type":"WebPage","@id":"https:\/\/franciscanos.org.br\/noticias\/familias-lotam-campinho-do-convento-da-penha-no-encerramento-da-semana-da-familia.html#webpage","url":"https:\/\/franciscanos.org.br\/noticias\/familias-lotam-campinho-do-convento-da-penha-no-encerramento-da-semana-da-familia.html","name":"Fam\u00edlias lotam Campinho do Convento da Penha no encerramento da Semana da Fam\u00edlia - Not\u00edcias - Franciscanos","isPartOf":{"@id":"https:\/\/franciscanos.org.br\/noticias\/#website"},"primaryImageOfPage":{"@id":"https:\/\/franciscanos.org.br\/noticias\/familias-lotam-campinho-do-convento-da-penha-no-encerramento-da-semana-da-familia.html#primaryimage"},"datePublished":"2022-08-22T16:56:00+00:00","dateModified":"2022-08-22T16:56:00+00:00","author":{"@id":"https:\/\/franciscanos.org.br\/noticias\/#\/schema\/person\/b5c8cba458c330ccff548b056e95a5d4"},"breadcrumb":{"@id":"https:\/\/franciscanos.org.br\/noticias\/familias-lotam-campinho-do-convento-da-penha-no-encerramento-da-semana-da-familia.html#breadcrumb"},"inLanguage":"pt-BR","potentialAction":[{"@type":"ReadAction","target":["https:\/\/franciscanos.org.br\/noticias\/familias-lotam-campinho-do-convento-da-penha-no-encerramento-da-semana-da-familia.html"]}]},{"@type":"BreadcrumbList","@id":"https:\/\/franciscanos.org.br\/noticias\/familias-lotam-campinho-do-convento-da-penha-no-encerramento-da-semana-da-familia.html#breadcrumb","itemListElement":[{"@type":"ListItem","position":1,"name":"Home","item":"https:\/\/franciscanos.org.br\/noticias"},{"@type":"ListItem","position":2,"name":"Fam\u00edlias lotam Campinho do Convento da Penha no encerramento da Semana da Fam\u00edlia"}]},{"@type":"Person","@id":"https:\/\/franciscanos.org.br\/noticias\/#\/schema\/person\/b5c8cba458c330ccff548b056e95a5d4","name":"moacir","image":{"@type":"ImageObject","inLanguage":"pt-BR","@id":"https:\/\/franciscanos.org.br\/noticias\/#\/schema\/person\/image\/","url":"https:\/\/secure.gravatar.com\/avatar\/d08aa2ce4c8dd416d4479aa8536fcf64?s=96&d=mm&r=g","contentUrl":"https:\/\/secure.gravatar.com\/avatar\/d08aa2ce4c8dd416d4479aa8536fcf64?s=96&d=mm&r=g","caption":"moacir"},"url":"https:\/\/franciscanos.org.br\/noticias\/author\/moacir"}]}},"_links":{"self":[{"href":"https:\/\/franciscanos.org.br\/noticias\/wp-json\/wp\/v2\/posts\/239350"}],"collection":[{"href":"https:\/\/franciscanos.org.br\/noticias\/wp-json\/wp\/v2\/posts"}],"about":[{"href":"https:\/\/franciscanos.org.br\/noticias\/wp-json\/wp\/v2\/types\/post"}],"author":[{"embeddable":true,"href":"https:\/\/franciscanos.org.br\/noticias\/wp-json\/wp\/v2\/users\/3"}],"replies":[{"embeddable":true,"href":"https:\/\/franciscanos.org.br\/noticias\/wp-json\/wp\/v2\/comments?post=239350"}],"version-history":[{"count":1,"href":"https:\/\/franciscanos.org.br\/noticias\/wp-json\/wp\/v2\/posts\/239350\/revisions"}],"predecessor-version":[{"id":239356,"href":"https:\/\/franciscanos.org.br\/noticias\/wp-json\/wp\/v2\/posts\/239350\/revisions\/239356"}],"wp:featuredmedia":[{"embeddable":true,"href":"https:\/\/franciscanos.org.br\/noticias\/wp-json\/wp\/v2\/media\/239351"}],"wp:attachment":[{"href":"https:\/\/franciscanos.org.br\/noticias\/wp-json\/wp\/v2\/media?parent=239350"}],"wp:term":[{"taxonomy":"category","embeddable":true,"href":"https:\/\/franciscanos.org.br\/noticias\/wp-json\/wp\/v2\/categories?post=239350"},{"taxonomy":"post_tag","embeddable":true,"href":"https:\/\/franciscanos.org.br\/noticias\/wp-json\/wp\/v2\/tags?post=239350"}],"curies":[{"name":"wp","href":"https:\/\/api.w.org\/{rel}","templated":true}]}}