{"id":239318,"date":"2022-08-21T19:05:24","date_gmt":"2022-08-21T22:05:24","guid":{"rendered":"https:\/\/franciscanos.org.br\/noticias\/?p=239318"},"modified":"2022-08-22T07:36:13","modified_gmt":"2022-08-22T10:36:13","slug":"voces-nos-fazem-experimentar-o-ceu-aqui-na-terra-diz-frei-paulo-nos-80-anos-dos-canarinhos","status":"publish","type":"post","link":"https:\/\/franciscanos.org.br\/noticias\/voces-nos-fazem-experimentar-o-ceu-aqui-na-terra-diz-frei-paulo-nos-80-anos-dos-canarinhos.html","title":{"rendered":"\u201cVoc\u00eas nos fazem experimentar o c\u00e9u aqui na terra\u201d, diz Frei Paulo nos 80 anos dos Canarinhos"},"content":{"rendered":"<p><img loading=\"lazy\" class=\"alignnone wp-image-239328 size-full\" src=\"https:\/\/franciscanos.org.br\/noticias\/wp-content\/uploads\/2022\/08\/canarinhos_210822_10.jpg\" alt=\"\" width=\"1294\" height=\"809\" srcset=\"https:\/\/franciscanos.org.br\/noticias\/wp-content\/uploads\/2022\/08\/canarinhos_210822_10.jpg 1294w, https:\/\/franciscanos.org.br\/noticias\/wp-content\/uploads\/2022\/08\/canarinhos_210822_10-450x281.jpg 450w, https:\/\/franciscanos.org.br\/noticias\/wp-content\/uploads\/2022\/08\/canarinhos_210822_10-1024x640.jpg 1024w, https:\/\/franciscanos.org.br\/noticias\/wp-content\/uploads\/2022\/08\/canarinhos_210822_10-768x480.jpg 768w, https:\/\/franciscanos.org.br\/noticias\/wp-content\/uploads\/2022\/08\/canarinhos_210822_10-150x94.jpg 150w\" sizes=\"(max-width: 1294px) 100vw, 1294px\" \/><\/p>\n<p style=\"font-weight: 400;\"><strong>Petr\u00f3polis (RJ) \u2013<\/strong> Um dia pleno de simbolismos neste 21 de agosto de 2022, Solenidade da Assun\u00e7\u00e3o de Maria. Para os franciscanos, a festa \u00e9 dupla porque Maria Imaculada \u00e9 Padroeira da Ordem Franciscana e desta Prov\u00edncia da Imaculada Concei\u00e7\u00e3o do Brasil. N\u00e3o bastasse isso, hoje, o tom solene subiu ainda mais na Fraternidade Franciscana do Sagrado Cora\u00e7\u00e3o de Jesus, em Petr\u00f3polis (RJ) e em toda Prov\u00edncia, por ocasi\u00e3o da Celebra\u00e7\u00e3o Eucar\u00edstica de abertura do Ano Jubilar dos 80 anos do Coral dos Canarinhos.<\/p>\n<p style=\"font-weight: 400;\">A festa foi completa com a presen\u00e7a em peso dos Canarinhos e do povo que lotou a centen\u00e1ria Igreja do Sagrado. Desde 1942 os coralistas concretizam o sonho de Frei Leto Bienias de ter um grupo coral de meninos para cantar a liturgia das missas dominicais na igreja dos frades franciscanos, e hoje, eles mantiveram a tradi\u00e7\u00e3o e estando \u2018ao redor do altar\u2019 entoaram as maravilhas do Senhor, com a execu\u00e7\u00e3o da solene missa da Assun\u00e7\u00e3o de Nossa Senhora, sob reg\u00eancia do maestro Marco Aur\u00e9lio Lischt.<\/p>\n<p><img loading=\"lazy\" class=\"alignnone wp-image-239319 size-full\" src=\"https:\/\/franciscanos.org.br\/noticias\/wp-content\/uploads\/2022\/08\/canarinhos_210822_1.jpg\" alt=\"\" width=\"1280\" height=\"720\" srcset=\"https:\/\/franciscanos.org.br\/noticias\/wp-content\/uploads\/2022\/08\/canarinhos_210822_1.jpg 1280w, https:\/\/franciscanos.org.br\/noticias\/wp-content\/uploads\/2022\/08\/canarinhos_210822_1-450x253.jpg 450w, https:\/\/franciscanos.org.br\/noticias\/wp-content\/uploads\/2022\/08\/canarinhos_210822_1-1024x576.jpg 1024w, https:\/\/franciscanos.org.br\/noticias\/wp-content\/uploads\/2022\/08\/canarinhos_210822_1-768x432.jpg 768w, https:\/\/franciscanos.org.br\/noticias\/wp-content\/uploads\/2022\/08\/canarinhos_210822_1-150x84.jpg 150w\" sizes=\"(max-width: 1280px) 100vw, 1280px\" \/><\/p>\n<p><em>Frei Leto Bienias (a esquerda) e Frei Jos\u00e9 Luiz Prim (a direita)<\/em><\/p>\n<p style=\"font-weight: 400;\">O Ministro Provincial da Prov\u00edncia da Imaculada Concei\u00e7\u00e3o, Frei Paulo Roberto Pereira, presidiu a Santa Missa das 10 horas. Estiveram presentes tamb\u00e9m o Definidor Geral da Ordem dos Frades Menores (OFM) e ex-presidente do Instituto dos Meninos Cantores (IMCP), Frei C\u00e9sar K\u00fclkamp, o Guardi\u00e3o e P\u00e1roco do Convento e Par\u00f3quia do Sagrado Cora\u00e7\u00e3o de Jesus, Frei Jorge Paulo Schiavini, o atual presidente do IMCP e Definidor Provincial, Frei Marcos Antonio de Andrade e o diretor do Instituto Teol\u00f3gico Franciscano, Frei Sandro Roberto da Costa.<\/p>\n<p style=\"font-weight: 400;\">\u201cOs Canarinhos s\u00e3o do Sagrado, de Petr\u00f3polis e da Prov\u00edncia Franciscana que est\u00e1 em festa hoje. Aqui trago a gratid\u00e3o e,\u00a0 tenho certeza, da alegria de todos os nossos frades espalhados em muitos lugares do Brasil e de Angola. A festa dos Canarinhos \u00e9 a nossa festa! Tenho certeza de que cada petropolitano e, sobretudo, aqueles que frequentam esta celebra\u00e7\u00e3o est\u00e3o hoje muito felizes por esta data. \u00c9 preciso que a gente louve a Deus a todo o tempo e \u00e9 um privil\u00e9gio n\u00f3s celebrarmos a liturgia todos os domingos a partir do convite que essas vozes t\u00e3o bonitas nos fazem\u201d, disse Frei Paulo nos agradecimentos.<\/p>\n<p style=\"font-weight: 400;\">\u201cN\u00f3s temos um compromisso Frei C\u00e9sar, voc\u00ea estava na celebra\u00e7\u00e3o dos 50 anos, estamos agora nos 80 e vamos estar todos aqui para juntos celebrarmos o centen\u00e1rio dos Canarinhos de Petr\u00f3polis\u201d, afirmou o Ministro Provincial.<\/p>\n<p style=\"font-weight: 400;\"><img loading=\"lazy\" class=\"alignnone wp-image-239324 size-full\" src=\"https:\/\/franciscanos.org.br\/noticias\/wp-content\/uploads\/2022\/08\/canarinhos_210822_6.jpg\" alt=\"\" width=\"1280\" height=\"720\" srcset=\"https:\/\/franciscanos.org.br\/noticias\/wp-content\/uploads\/2022\/08\/canarinhos_210822_6.jpg 1280w, https:\/\/franciscanos.org.br\/noticias\/wp-content\/uploads\/2022\/08\/canarinhos_210822_6-450x253.jpg 450w, https:\/\/franciscanos.org.br\/noticias\/wp-content\/uploads\/2022\/08\/canarinhos_210822_6-1024x576.jpg 1024w, https:\/\/franciscanos.org.br\/noticias\/wp-content\/uploads\/2022\/08\/canarinhos_210822_6-768x432.jpg 768w, https:\/\/franciscanos.org.br\/noticias\/wp-content\/uploads\/2022\/08\/canarinhos_210822_6-150x84.jpg 150w\" sizes=\"(max-width: 1280px) 100vw, 1280px\" \/><\/p>\n\n\t\t<style type=\"text\/css\">\n\t\t\t#gallery-1 {\n\t\t\t\tmargin: auto;\n\t\t\t}\n\t\t\t#gallery-1 .gallery-item {\n\t\t\t\tfloat: left;\n\t\t\t\tmargin-top: 10px;\n\t\t\t\ttext-align: center;\n\t\t\t\twidth: 20%;\n\t\t\t}\n\t\t\t#gallery-1 img {\n\t\t\t\tborder: 2px solid #cfcfcf;\n\t\t\t}\n\t\t\t#gallery-1 .gallery-caption {\n\t\t\t\tmargin-left: 0;\n\t\t\t}\n\t\t\t\/* see gallery_shortcode() in wp-includes\/media.php *\/\n\t\t<\/style>\n\t\t<div id='gallery-1' class='gallery galleryid-239318 gallery-columns-5 gallery-size-thumbnail'><dl class='gallery-item'>\n\t\t\t<dt class='gallery-icon landscape'>\n\t\t\t\t<a href='https:\/\/franciscanos.org.br\/noticias\/wp-content\/uploads\/2022\/08\/canarinhos_21082022_4474-Grande.jpeg'><img width=\"300\" height=\"300\" src=\"https:\/\/franciscanos.org.br\/noticias\/wp-content\/uploads\/2022\/08\/canarinhos_21082022_4474-Grande-300x300.jpeg\" class=\"attachment-thumbnail size-thumbnail\" alt=\"\" loading=\"lazy\" srcset=\"https:\/\/franciscanos.org.br\/noticias\/wp-content\/uploads\/2022\/08\/canarinhos_21082022_4474-Grande-300x300.jpeg 300w, https:\/\/franciscanos.org.br\/noticias\/wp-content\/uploads\/2022\/08\/canarinhos_21082022_4474-Grande-100x100.jpeg 100w\" sizes=\"(max-width: 300px) 100vw, 300px\" \/><\/a>\n\t\t\t<\/dt><\/dl><dl class='gallery-item'>\n\t\t\t<dt class='gallery-icon landscape'>\n\t\t\t\t<a href='https:\/\/franciscanos.org.br\/noticias\/wp-content\/uploads\/2022\/08\/canarinhos_21082022_4477-Grande.jpeg'><img width=\"300\" height=\"300\" src=\"https:\/\/franciscanos.org.br\/noticias\/wp-content\/uploads\/2022\/08\/canarinhos_21082022_4477-Grande-300x300.jpeg\" class=\"attachment-thumbnail size-thumbnail\" alt=\"\" loading=\"lazy\" srcset=\"https:\/\/franciscanos.org.br\/noticias\/wp-content\/uploads\/2022\/08\/canarinhos_21082022_4477-Grande-300x300.jpeg 300w, https:\/\/franciscanos.org.br\/noticias\/wp-content\/uploads\/2022\/08\/canarinhos_21082022_4477-Grande-100x100.jpeg 100w\" sizes=\"(max-width: 300px) 100vw, 300px\" \/><\/a>\n\t\t\t<\/dt><\/dl><dl class='gallery-item'>\n\t\t\t<dt class='gallery-icon landscape'>\n\t\t\t\t<a href='https:\/\/franciscanos.org.br\/noticias\/wp-content\/uploads\/2022\/08\/canarinhos_21082022_4495-Grande.jpeg'><img width=\"300\" height=\"300\" src=\"https:\/\/franciscanos.org.br\/noticias\/wp-content\/uploads\/2022\/08\/canarinhos_21082022_4495-Grande-300x300.jpeg\" class=\"attachment-thumbnail size-thumbnail\" alt=\"\" loading=\"lazy\" srcset=\"https:\/\/franciscanos.org.br\/noticias\/wp-content\/uploads\/2022\/08\/canarinhos_21082022_4495-Grande-300x300.jpeg 300w, https:\/\/franciscanos.org.br\/noticias\/wp-content\/uploads\/2022\/08\/canarinhos_21082022_4495-Grande-100x100.jpeg 100w\" sizes=\"(max-width: 300px) 100vw, 300px\" \/><\/a>\n\t\t\t<\/dt><\/dl><dl class='gallery-item'>\n\t\t\t<dt class='gallery-icon landscape'>\n\t\t\t\t<a href='https:\/\/franciscanos.org.br\/noticias\/wp-content\/uploads\/2022\/08\/canarinhos_21082022_4499-Grande.jpeg'><img width=\"300\" height=\"300\" src=\"https:\/\/franciscanos.org.br\/noticias\/wp-content\/uploads\/2022\/08\/canarinhos_21082022_4499-Grande-300x300.jpeg\" class=\"attachment-thumbnail size-thumbnail\" alt=\"\" loading=\"lazy\" srcset=\"https:\/\/franciscanos.org.br\/noticias\/wp-content\/uploads\/2022\/08\/canarinhos_21082022_4499-Grande-300x300.jpeg 300w, https:\/\/franciscanos.org.br\/noticias\/wp-content\/uploads\/2022\/08\/canarinhos_21082022_4499-Grande-100x100.jpeg 100w\" sizes=\"(max-width: 300px) 100vw, 300px\" \/><\/a>\n\t\t\t<\/dt><\/dl><dl class='gallery-item'>\n\t\t\t<dt class='gallery-icon landscape'>\n\t\t\t\t<a href='https:\/\/franciscanos.org.br\/noticias\/wp-content\/uploads\/2022\/08\/canarinhos_21082022_4693-Grande.jpeg'><img width=\"300\" height=\"300\" src=\"https:\/\/franciscanos.org.br\/noticias\/wp-content\/uploads\/2022\/08\/canarinhos_21082022_4693-Grande-300x300.jpeg\" class=\"attachment-thumbnail size-thumbnail\" alt=\"\" loading=\"lazy\" srcset=\"https:\/\/franciscanos.org.br\/noticias\/wp-content\/uploads\/2022\/08\/canarinhos_21082022_4693-Grande-300x300.jpeg 300w, https:\/\/franciscanos.org.br\/noticias\/wp-content\/uploads\/2022\/08\/canarinhos_21082022_4693-Grande-100x100.jpeg 100w\" sizes=\"(max-width: 300px) 100vw, 300px\" \/><\/a>\n\t\t\t<\/dt><\/dl><br style=\"clear: both\" \/>\n\t\t<\/div>\n\n<p><em>(clique nas imagens para ampli\u00e1-las)<\/em><\/p>\n<p style=\"font-weight: 400;\">Ao longo de oito d\u00e9cadas o Coral dos Canarinhos, o mais antigo coro de meninos do pa\u00eds, acumula grandes feitos. Seu servi\u00e7o por excel\u00eancia \u00e9 louvar a Deus pela sensibilidade das vozes de crian\u00e7as e jovens. Mas acima de tudo, desde que foi criado leva em frente e com vivacidade os valores de S\u00e3o Francisco de Assis e da espiritualidade franciscana. Entoam em nome de uma assembleia reunida, suas s\u00faplicas e agradecimentos. E, na celebra\u00e7\u00e3o deste domingo, n\u00e3o foi diferente. Com grande j\u00fabilo os meninos cantores deram in\u00edcio \u00e0 P\u00e1scoa semanal cantando em prociss\u00e3o!<\/p>\n<p style=\"font-weight: 400;\"><strong>CANARINHOS: TESTEMUNHOS DA F\u00c9 E DO LOUVOR A DEUS<\/strong><\/p>\n<p style=\"font-weight: 400;\">\u201cFoi tamb\u00e9m numa manh\u00e3 de Nossa Senhora da Gl\u00f3ria, h\u00e1 80 anos, que os frades, por essa devo\u00e7\u00e3o t\u00e3o grande a m\u00e3e de Deus e ainda antes da proclama\u00e7\u00e3o deste dogma de Maria Assunta aos c\u00e9us, fundaram esta bela obra que n\u00f3s hoje celebramos: o Coral dos Canarinhos nos seus 80 anos\u201d, disse Frei C\u00e9sar na homilia. \u201cA gente vai se assustando com esses n\u00fameros\u201d, brincou. \u201cFrei Marcos me lembrava a pouco que n\u00f3s est\u00e1vamos cantando nas fileiras do coral, h\u00e1 30 anos, na festa do anivers\u00e1rio dos 50 anos! Era essa mesma missa, da exalta\u00e7\u00e3o da M\u00e3e de Deus\u201d, recordou.<\/p>\n<p style=\"font-weight: 400;\">Depois, fez mem\u00f3ria da emblem\u00e1tica figura de Frei Leto Bienias, maestro dos frades estudantes de canto e liturgia e que, por isso, tamb\u00e9m preparou alguns meninos, trazendo a sua experi\u00eancia dos coros da Alemanha, para compor com os frades um pequeno grupo de cantores a fim de entoar os louvores de Deus atrav\u00e9s da boa m\u00fasica, da liturgia, do servi\u00e7o de aten\u00e7\u00e3o aos f\u00e9is da Igreja do Sagrado. \u201cEsta obra nasce ligada a M\u00e3e de Deus, certamente n\u00e3o por outra coisa, mas por este testemunho de entrega, de servi\u00e7o, de f\u00e9 e de louvor a Deus. Maria canta os seus louvores. Todas as gera\u00e7\u00f5es me chamaram bem-aventurada porque o Todo poderoso fez grandes coisas em meu favor\u201d, disse Frei C\u00e9sar.<\/p>\n<p style=\"font-weight: 400;\"><img loading=\"lazy\" class=\"alignnone wp-image-239321 size-full\" src=\"https:\/\/franciscanos.org.br\/noticias\/wp-content\/uploads\/2022\/08\/canarinhos_210822_3.jpg\" alt=\"\" width=\"1280\" height=\"720\" srcset=\"https:\/\/franciscanos.org.br\/noticias\/wp-content\/uploads\/2022\/08\/canarinhos_210822_3.jpg 1280w, https:\/\/franciscanos.org.br\/noticias\/wp-content\/uploads\/2022\/08\/canarinhos_210822_3-450x253.jpg 450w, https:\/\/franciscanos.org.br\/noticias\/wp-content\/uploads\/2022\/08\/canarinhos_210822_3-1024x576.jpg 1024w, https:\/\/franciscanos.org.br\/noticias\/wp-content\/uploads\/2022\/08\/canarinhos_210822_3-768x432.jpg 768w, https:\/\/franciscanos.org.br\/noticias\/wp-content\/uploads\/2022\/08\/canarinhos_210822_3-150x84.jpg 150w\" sizes=\"(max-width: 1280px) 100vw, 1280px\" \/><\/p>\n<p style=\"font-weight: 400;\">\u201cE ao celebrarmos os 80 anos dos Canarinhos queremos render gra\u00e7as a Deus porque realizou grandes coisas em nosso favor, em favor desta comunidade paroquial que p\u00f4de melhor servir a Deus, p\u00f4de melhor louv\u00e1-lo na sua liturgia com a presen\u00e7a deste coral dos meninos cantores e de toda obra que surge daquela bela iniciativa de Frei Leto Bienias e dos frades deste convento que fizeram surgir uma institui\u00e7\u00e3o que se perpetuou, que se tornou vigorosa, que se tornou sinal deste servi\u00e7o a Deus e aos irm\u00e3os\u201d, enfatizou.<\/p>\n<p style=\"font-weight: 400;\">Lembrou tamb\u00e9m de Frei Jos\u00e9 Luiz Prim, continuador da obra de Frei Leto e de muitos outros frades e trabalhadores que fizeram com que os Canarinhos chegassem at\u00e9 os 80 anos. \u201cDestacaria a figura dos nossos pr\u00f3prios cantores, os milhares de cantores desses 80 anos e aqueles que hoje levam adiante essa miss\u00e3o de servir, de louvar a Deus. E para que essa obra continue por muito tempo \u00e9 importante que essa finalidade, raz\u00e3o de ser da exist\u00eancia de todo este trabalho, seja forte, vigoroso, e renovado, assim como nos d\u00e1 o testemunho da M\u00e3e de Deus\u201d, refletiu.<\/p>\n<p style=\"font-weight: 400;\">\u201cDeus aben\u00e7oe esta bela obra do Coral dos Canarinhos, do Instituto dos Meninos Cantores, aben\u00e7oe esta Par\u00f3quia e Fraternidade dedicada ao Sagrado Cora\u00e7\u00e3o e que Maria ela interceda sempre por n\u00f3s, e que sejamos sempre mais parecidos com ela no servi\u00e7o e no louvor a Deus\u201d, concluiu.<\/p>\n<p style=\"font-weight: 400;\"><strong>ASSUN\u00c7\u00c3O DE MARIA<\/strong><\/p>\n<p style=\"font-weight: 400;\">Frei C\u00e9sar iniciou sua homilia discorrendo sobre a Solenidade da Assun\u00e7\u00e3o de Nossa Senhora e explicou que o Dogma da Assun\u00e7\u00e3o foi promulgado pelo Papa Pio XII em 1950, no qual, o epis\u00f3dio da Assun\u00e7\u00e3o de Maria \u00e9 apresentado, segundo ele, como uma prefigura\u00e7\u00e3o de tudo aquilo que n\u00f3s esperamos. \u201c\u00c9 uma grande festa mariana que se cumpre de uma forma maravilhosa na vida da M\u00e3e de Deus\u201d, frisou.<\/p>\n<p><img loading=\"lazy\" class=\"alignnone wp-image-239320 size-full\" src=\"https:\/\/franciscanos.org.br\/noticias\/wp-content\/uploads\/2022\/08\/canarinhos_210822_2.jpg\" alt=\"\" width=\"1280\" height=\"720\" srcset=\"https:\/\/franciscanos.org.br\/noticias\/wp-content\/uploads\/2022\/08\/canarinhos_210822_2.jpg 1280w, https:\/\/franciscanos.org.br\/noticias\/wp-content\/uploads\/2022\/08\/canarinhos_210822_2-450x253.jpg 450w, https:\/\/franciscanos.org.br\/noticias\/wp-content\/uploads\/2022\/08\/canarinhos_210822_2-1024x576.jpg 1024w, https:\/\/franciscanos.org.br\/noticias\/wp-content\/uploads\/2022\/08\/canarinhos_210822_2-768x432.jpg 768w, https:\/\/franciscanos.org.br\/noticias\/wp-content\/uploads\/2022\/08\/canarinhos_210822_2-150x84.jpg 150w\" sizes=\"(max-width: 1280px) 100vw, 1280px\" \/><\/p>\n\n\t\t<style type=\"text\/css\">\n\t\t\t#gallery-2 {\n\t\t\t\tmargin: auto;\n\t\t\t}\n\t\t\t#gallery-2 .gallery-item {\n\t\t\t\tfloat: left;\n\t\t\t\tmargin-top: 10px;\n\t\t\t\ttext-align: center;\n\t\t\t\twidth: 20%;\n\t\t\t}\n\t\t\t#gallery-2 img {\n\t\t\t\tborder: 2px solid #cfcfcf;\n\t\t\t}\n\t\t\t#gallery-2 .gallery-caption {\n\t\t\t\tmargin-left: 0;\n\t\t\t}\n\t\t\t\/* see gallery_shortcode() in wp-includes\/media.php *\/\n\t\t<\/style>\n\t\t<div id='gallery-2' class='gallery galleryid-239318 gallery-columns-5 gallery-size-thumbnail'><dl class='gallery-item'>\n\t\t\t<dt class='gallery-icon landscape'>\n\t\t\t\t<a href='https:\/\/franciscanos.org.br\/noticias\/wp-content\/uploads\/2022\/08\/canarinhos_21082022_4509-Grande.jpeg'><img width=\"300\" height=\"300\" src=\"https:\/\/franciscanos.org.br\/noticias\/wp-content\/uploads\/2022\/08\/canarinhos_21082022_4509-Grande-300x300.jpeg\" class=\"attachment-thumbnail size-thumbnail\" alt=\"\" loading=\"lazy\" srcset=\"https:\/\/franciscanos.org.br\/noticias\/wp-content\/uploads\/2022\/08\/canarinhos_21082022_4509-Grande-300x300.jpeg 300w, https:\/\/franciscanos.org.br\/noticias\/wp-content\/uploads\/2022\/08\/canarinhos_21082022_4509-Grande-100x100.jpeg 100w\" sizes=\"(max-width: 300px) 100vw, 300px\" \/><\/a>\n\t\t\t<\/dt><\/dl><dl class='gallery-item'>\n\t\t\t<dt class='gallery-icon portrait'>\n\t\t\t\t<a href='https:\/\/franciscanos.org.br\/noticias\/wp-content\/uploads\/2022\/08\/canarinhos_21082022_4530-Grande.jpeg'><img width=\"300\" height=\"300\" src=\"https:\/\/franciscanos.org.br\/noticias\/wp-content\/uploads\/2022\/08\/canarinhos_21082022_4530-Grande-300x300.jpeg\" class=\"attachment-thumbnail size-thumbnail\" alt=\"\" loading=\"lazy\" srcset=\"https:\/\/franciscanos.org.br\/noticias\/wp-content\/uploads\/2022\/08\/canarinhos_21082022_4530-Grande-300x300.jpeg 300w, https:\/\/franciscanos.org.br\/noticias\/wp-content\/uploads\/2022\/08\/canarinhos_21082022_4530-Grande-100x100.jpeg 100w\" sizes=\"(max-width: 300px) 100vw, 300px\" \/><\/a>\n\t\t\t<\/dt><\/dl><dl class='gallery-item'>\n\t\t\t<dt class='gallery-icon landscape'>\n\t\t\t\t<a href='https:\/\/franciscanos.org.br\/noticias\/wp-content\/uploads\/2022\/08\/canarinhos_21082022_4540-Grande.jpeg'><img width=\"300\" height=\"300\" src=\"https:\/\/franciscanos.org.br\/noticias\/wp-content\/uploads\/2022\/08\/canarinhos_21082022_4540-Grande-300x300.jpeg\" class=\"attachment-thumbnail size-thumbnail\" alt=\"\" loading=\"lazy\" srcset=\"https:\/\/franciscanos.org.br\/noticias\/wp-content\/uploads\/2022\/08\/canarinhos_21082022_4540-Grande-300x300.jpeg 300w, https:\/\/franciscanos.org.br\/noticias\/wp-content\/uploads\/2022\/08\/canarinhos_21082022_4540-Grande-100x100.jpeg 100w\" sizes=\"(max-width: 300px) 100vw, 300px\" \/><\/a>\n\t\t\t<\/dt><\/dl><dl class='gallery-item'>\n\t\t\t<dt class='gallery-icon landscape'>\n\t\t\t\t<a href='https:\/\/franciscanos.org.br\/noticias\/wp-content\/uploads\/2022\/08\/canarinhos_21082022_4586-Grande.jpeg'><img width=\"300\" height=\"300\" src=\"https:\/\/franciscanos.org.br\/noticias\/wp-content\/uploads\/2022\/08\/canarinhos_21082022_4586-Grande-300x300.jpeg\" class=\"attachment-thumbnail size-thumbnail\" alt=\"\" loading=\"lazy\" srcset=\"https:\/\/franciscanos.org.br\/noticias\/wp-content\/uploads\/2022\/08\/canarinhos_21082022_4586-Grande-300x300.jpeg 300w, https:\/\/franciscanos.org.br\/noticias\/wp-content\/uploads\/2022\/08\/canarinhos_21082022_4586-Grande-100x100.jpeg 100w\" sizes=\"(max-width: 300px) 100vw, 300px\" \/><\/a>\n\t\t\t<\/dt><\/dl><dl class='gallery-item'>\n\t\t\t<dt class='gallery-icon portrait'>\n\t\t\t\t<a href='https:\/\/franciscanos.org.br\/noticias\/wp-content\/uploads\/2022\/08\/canarinhos_21082022_4727-Grande.jpeg'><img width=\"300\" height=\"300\" src=\"https:\/\/franciscanos.org.br\/noticias\/wp-content\/uploads\/2022\/08\/canarinhos_21082022_4727-Grande-300x300.jpeg\" class=\"attachment-thumbnail size-thumbnail\" alt=\"\" loading=\"lazy\" srcset=\"https:\/\/franciscanos.org.br\/noticias\/wp-content\/uploads\/2022\/08\/canarinhos_21082022_4727-Grande-300x300.jpeg 300w, https:\/\/franciscanos.org.br\/noticias\/wp-content\/uploads\/2022\/08\/canarinhos_21082022_4727-Grande-100x100.jpeg 100w\" sizes=\"(max-width: 300px) 100vw, 300px\" \/><\/a>\n\t\t\t<\/dt><\/dl><br style=\"clear: both\" \/>\n\t\t<\/div>\n\n<p style=\"font-weight: 400;\">\u201cToda devo\u00e7\u00e3o mariana \u00e9 diretamente ligada a seu Filho Jesus Cristo, a\u00e7\u00e3o de Deus que se encarna e vem ao encontro da nossa vida e da nossa hist\u00f3ria. Por isso, ela se alegra no seu Senhor. Na sua pessoa as maravilhas de Deus acontecem\u201d, ressaltou.<\/p>\n<p style=\"font-weight: 400;\">Segundo Frei C\u00e9sar, a Assun\u00e7\u00e3o de Maria tamb\u00e9m \u00e9 aclamada com os nomes mais diversos, como Nossa Senhora da Candel\u00e1ria, Nossa Senhora Medianeira, Nossa Senhora das Candeias, Nossa Senhora da Gl\u00f3ria. \u201cEm todas elas vemos sempre Maria assunta aos c\u00e9us, a Maria Imaculada\u201d, ensinou.<\/p>\n<p style=\"font-weight: 400;\">\u201cOs \u00faltimos dois dogmas ligados a m\u00e3e de Deus est\u00e3o diretamente ligados com a fam\u00edlia franciscana. Foi justamente entre os tantos pensadores e m\u00edsticos franciscanos que essas duas devo\u00e7\u00f5es se consolidaram a ponto de se tornarem dogmas, verdades de f\u00e9 para toda a nossa Igreja. Por isso, hoje, queremos tamb\u00e9m, com toda fam\u00edlia franciscana, render gra\u00e7as e buscar este mesmo exemplo de coragem, de servi\u00e7o, de humildade da M\u00e3e de Deus para a vida de cada um de n\u00f3s, para a nossa vida crist\u00e3. E \u00e9 isso que n\u00f3s celebramos acima de tudo nesse mist\u00e9rio que nos apresenta a grande esperan\u00e7a de que S\u00e3o Paulo confirma na 2\u00aa leitura de hoje. Assim como Cristo morreu, foi crucificado, enfrentou a pr\u00f3pria morte, mas ressuscitou, com Ele todos n\u00f3s tamb\u00e9m ressuscitaremos, viveremos\u201d, destacou.<\/p>\n<p><img loading=\"lazy\" class=\"alignnone wp-image-239322 size-full\" src=\"https:\/\/franciscanos.org.br\/noticias\/wp-content\/uploads\/2022\/08\/canarinhos_210822_4.jpg\" alt=\"\" width=\"1280\" height=\"720\" srcset=\"https:\/\/franciscanos.org.br\/noticias\/wp-content\/uploads\/2022\/08\/canarinhos_210822_4.jpg 1280w, https:\/\/franciscanos.org.br\/noticias\/wp-content\/uploads\/2022\/08\/canarinhos_210822_4-450x253.jpg 450w, https:\/\/franciscanos.org.br\/noticias\/wp-content\/uploads\/2022\/08\/canarinhos_210822_4-1024x576.jpg 1024w, https:\/\/franciscanos.org.br\/noticias\/wp-content\/uploads\/2022\/08\/canarinhos_210822_4-768x432.jpg 768w, https:\/\/franciscanos.org.br\/noticias\/wp-content\/uploads\/2022\/08\/canarinhos_210822_4-150x84.jpg 150w\" sizes=\"(max-width: 1280px) 100vw, 1280px\" \/><\/p>\n<p style=\"font-weight: 400;\">Para Frei C\u00e9sar, esta \u00e9 tamb\u00e9m a nossa esperan\u00e7a, que depende da atitude de entrega e servi\u00e7o. \u201cHoje tamb\u00e9m n\u00f3s precisamos redescobrir a dimens\u00e3o da aten\u00e7\u00e3o, do cuidado e do servir\u201d, disse, citando a passagem do Evangelho do dia, que representa Maria se dirigindo, apressadamente, \u00e0 Jud\u00e9ia para servir aquela que precisava dos seus socorros.<\/p>\n<p style=\"font-weight: 400;\"><strong>A FESTA DOS CANARINHOS \u00c9 A NOSSA FESTA<\/strong><\/p>\n<p style=\"font-weight: 400;\">Frei Paulo iniciou os agradecimentos saudando Frei Jorge que tem a honra de acolher diversas iniciativas que a partir do Sagrado, faz com que a presen\u00e7a franciscana seja difundida em Petr\u00f3polis e tamb\u00e9m no mundo inteiro. \u201cFoi aqui que nasceu os Canarinhos, foi aqui que nasceu o Instituto Teol\u00f3gico Franciscano e a Editora Vozes\u201d, lembrou. Saudou tamb\u00e9m Frei Sandro, diretor do ITF e Frei Marcos, presidente do IMCP e mestre dos estudantes. Saudou ainda Frei C\u00e9sar que j\u00e1 foi p\u00e1roco do Sagrado, Ministro Provincial e agora ent\u00e3o faz parte do Governo Geral da Ordem. \u201cSua presen\u00e7a aqui \u00e9 bastante significativa e por isso pedi a ele que exortasse o povo na f\u00e9, na Solenidade de 80 anos dos Canarinhos. Frei C\u00e9sar tamb\u00e9m cantou no Coral e foi diretor da escola e hoje est\u00e1 l\u00e1 em Roma no Governo Geral\u201d, disse o ministro.<\/p>\n<p style=\"font-weight: 400;\">\u201cAqui quero destacar alguns olhares. Os olhares orgulhosos das fam\u00edlias. Gratid\u00e3o aos pa\u00eds e av\u00f3s dos Canarinhos pelo incentivo que fazem. Muito obrigado. \u00c9 necess\u00e1rio que os pais e familiares participem da forma\u00e7\u00e3o dos Canarinhos, sobretudo, semeando desde o in\u00edcio o senso de pertencimento a um povo que quer louvar a Deus porque tem muitas coisas a agradecer. Gratid\u00e3o aos familiares. Tem outros olhares tamb\u00e9m desta turma que est\u00e1 aqui pertinho, dos Aprendizes. Eles e elas ficavam olhando para os coralistas com uma expectativa bonita. Todos n\u00f3s devemos cultivar este olhar. Expectativas da beleza que Deus preparou para n\u00f3s todos\u201d, evidenciou.<\/p>\n<p><img loading=\"lazy\" class=\"alignnone wp-image-239326 size-full\" src=\"https:\/\/franciscanos.org.br\/noticias\/wp-content\/uploads\/2022\/08\/canarinhos_210822_8.jpg\" alt=\"\" width=\"1280\" height=\"720\" srcset=\"https:\/\/franciscanos.org.br\/noticias\/wp-content\/uploads\/2022\/08\/canarinhos_210822_8.jpg 1280w, https:\/\/franciscanos.org.br\/noticias\/wp-content\/uploads\/2022\/08\/canarinhos_210822_8-450x253.jpg 450w, https:\/\/franciscanos.org.br\/noticias\/wp-content\/uploads\/2022\/08\/canarinhos_210822_8-1024x576.jpg 1024w, https:\/\/franciscanos.org.br\/noticias\/wp-content\/uploads\/2022\/08\/canarinhos_210822_8-768x432.jpg 768w, https:\/\/franciscanos.org.br\/noticias\/wp-content\/uploads\/2022\/08\/canarinhos_210822_8-150x84.jpg 150w\" sizes=\"(max-width: 1280px) 100vw, 1280px\" \/><\/p>\n<p style=\"font-weight: 400;\">Depois, Frei Paulo convidou todos os presentes para apreciarem a pintura da Assun\u00e7\u00e3o de Maria do teto da Igreja do Sagrado. \u201cOlhem que beleza, \u00e9 para l\u00e1 que n\u00f3s vamos. Dirijamos o nosso olhar para aquelas coisas que nunca v\u00e3o passar. \u00c9 o mist\u00e9rio que celebramos hoje na Festa de Nossa Senhora da Gl\u00f3ria representado na pintura do teto. Para que n\u00f3s tenhamos sempre a certeza de que \u00e9 para o c\u00e9u que n\u00f3s olhamos e caminhamos. Purificar o nosso olhar. Tem muitas coisas que ofuscam o nosso olhar. Tem muitos sons que atrapalham os nossos ouvidos. Purificar o ouvido, purificar o olhar\u201d, indicou.<\/p>\n<p style=\"font-weight: 400;\">Dirigindo-se ao Frei Marcos, disse: \u201cA m\u00fasica \u00e9 o pressentimento dos dons celestiais\u201d e lembrou que o frade proferiu essa frase em um filme antigo da Prov\u00edncia, ao falar sobre o assunto. \u201cPressentir as coisas do c\u00e9u, o c\u00e9u \u00e9 o nosso desejo\u201d, disse. Ao citar a frase de Beethoven, Frei Paulo falou dos dons que Deus reservou para todos. \u201cEnt\u00e3o voc\u00eas, meninos cantores, meninas cantoras, voc\u00eas nos levam a perceber que o c\u00e9u \u00e9 o nosso lugar. Voc\u00eas nos ajudam a pressentir, a sentir j\u00e1 aqui nesta vida fr\u00e1gil, transit\u00f3ria, ef\u00eamera, que n\u00f3s j\u00e1 somos destinados a gl\u00f3ria, ao c\u00e9u\u201d, revelou. \u201cParab\u00e9ns ao coral e parab\u00e9ns a todos que sustentam esta obra e essa bel\u00edssima miss\u00e3o\u201d, encerrou.<\/p>\n<p><img loading=\"lazy\" class=\"alignnone wp-image-239325 size-full\" src=\"https:\/\/franciscanos.org.br\/noticias\/wp-content\/uploads\/2022\/08\/canarinhos_210822_7.jpg\" alt=\"\" width=\"1278\" height=\"719\" srcset=\"https:\/\/franciscanos.org.br\/noticias\/wp-content\/uploads\/2022\/08\/canarinhos_210822_7.jpg 1278w, https:\/\/franciscanos.org.br\/noticias\/wp-content\/uploads\/2022\/08\/canarinhos_210822_7-450x253.jpg 450w, https:\/\/franciscanos.org.br\/noticias\/wp-content\/uploads\/2022\/08\/canarinhos_210822_7-1024x576.jpg 1024w, https:\/\/franciscanos.org.br\/noticias\/wp-content\/uploads\/2022\/08\/canarinhos_210822_7-768x432.jpg 768w, https:\/\/franciscanos.org.br\/noticias\/wp-content\/uploads\/2022\/08\/canarinhos_210822_7-150x84.jpg 150w\" sizes=\"(max-width: 1278px) 100vw, 1278px\" \/><\/p>\n<p style=\"font-weight: 400;\">Logo na sequ\u00eancia Frei Marcos entregou a Frei Sandro, Frei Jorge, Frei Paulo e Frei C\u00e9sar uma pequena lembran\u00e7a do IMCP. \u201cO coro dos Canarinhos \u00e9 da Prov\u00edncia. O Coral dos Canarinhos \u00e9 nosso, \u00e9 da Par\u00f3quia, de todas as nossas institui\u00e7\u00f5es, mas \u00e9 da Prov\u00edncia. Meninos, todos os frades est\u00e3o em festa hoje. Frei C\u00e9sar, diga ao Frei Massimo Fusarelli que \u00e9 o representante atual de S\u00e3o Francisco de Assis que o coro dos Canarinhos \u00e9 tamb\u00e9m da Ordem, leve o nosso grande abra\u00e7o a ele em nome de todo IMCP\u201d, disse. Depois, Frei Marcos chamou todos os ex-canarinhos presentes para se dirigirem at\u00e9 o presbit\u00e9rio para cantar os parab\u00e9ns, juntamente com os coralistas.<\/p>\n<p style=\"font-weight: 400;\">A Celebra\u00e7\u00e3o que foi transmitida ao vivo e em cadeia pelas redes da TvFranciscanos da Prov\u00edncia da Imaculada, Par\u00f3quia do Sagrado, Canarinhos de Petr\u00f3polis e R\u00e1dio Imperial encerrou com a solene b\u00ean\u00e7\u00e3o final. Depois, j\u00e1 no p\u00e1tio da Igreja, foi distribu\u00eddo uma lembran\u00e7a dos 80 anos dos Canarinhos &#8211; uma gentileza da Editora Vozes -, e bolo para todos os presentes.<\/p>\n<p style=\"font-weight: 400;\"><strong>NOSSO &#8216;CORO&#8217;<\/strong><\/p>\n<p><img loading=\"lazy\" class=\"alignnone wp-image-239327 size-full\" src=\"https:\/\/franciscanos.org.br\/noticias\/wp-content\/uploads\/2022\/08\/canarinhos_210822_9.jpg\" alt=\"\" width=\"1280\" height=\"800\" srcset=\"https:\/\/franciscanos.org.br\/noticias\/wp-content\/uploads\/2022\/08\/canarinhos_210822_9.jpg 1280w, https:\/\/franciscanos.org.br\/noticias\/wp-content\/uploads\/2022\/08\/canarinhos_210822_9-450x281.jpg 450w, https:\/\/franciscanos.org.br\/noticias\/wp-content\/uploads\/2022\/08\/canarinhos_210822_9-1024x640.jpg 1024w, https:\/\/franciscanos.org.br\/noticias\/wp-content\/uploads\/2022\/08\/canarinhos_210822_9-768x480.jpg 768w, https:\/\/franciscanos.org.br\/noticias\/wp-content\/uploads\/2022\/08\/canarinhos_210822_9-150x94.jpg 150w\" sizes=\"(max-width: 1280px) 100vw, 1280px\" \/><\/p>\n\n\t\t<style type=\"text\/css\">\n\t\t\t#gallery-3 {\n\t\t\t\tmargin: auto;\n\t\t\t}\n\t\t\t#gallery-3 .gallery-item {\n\t\t\t\tfloat: left;\n\t\t\t\tmargin-top: 10px;\n\t\t\t\ttext-align: center;\n\t\t\t\twidth: 20%;\n\t\t\t}\n\t\t\t#gallery-3 img {\n\t\t\t\tborder: 2px solid #cfcfcf;\n\t\t\t}\n\t\t\t#gallery-3 .gallery-caption {\n\t\t\t\tmargin-left: 0;\n\t\t\t}\n\t\t\t\/* see gallery_shortcode() in wp-includes\/media.php *\/\n\t\t<\/style>\n\t\t<div id='gallery-3' class='gallery galleryid-239318 gallery-columns-5 gallery-size-thumbnail'><dl class='gallery-item'>\n\t\t\t<dt class='gallery-icon portrait'>\n\t\t\t\t<a href='https:\/\/franciscanos.org.br\/noticias\/wp-content\/uploads\/2022\/08\/canarinhos_21082022_4690-Grande.jpeg'><img width=\"300\" height=\"300\" src=\"https:\/\/franciscanos.org.br\/noticias\/wp-content\/uploads\/2022\/08\/canarinhos_21082022_4690-Grande-300x300.jpeg\" class=\"attachment-thumbnail size-thumbnail\" alt=\"\" loading=\"lazy\" srcset=\"https:\/\/franciscanos.org.br\/noticias\/wp-content\/uploads\/2022\/08\/canarinhos_21082022_4690-Grande-300x300.jpeg 300w, https:\/\/franciscanos.org.br\/noticias\/wp-content\/uploads\/2022\/08\/canarinhos_21082022_4690-Grande-100x100.jpeg 100w\" sizes=\"(max-width: 300px) 100vw, 300px\" \/><\/a>\n\t\t\t<\/dt><\/dl><dl class='gallery-item'>\n\t\t\t<dt class='gallery-icon portrait'>\n\t\t\t\t<a href='https:\/\/franciscanos.org.br\/noticias\/wp-content\/uploads\/2022\/08\/canarinhos_21082022_4717-Grande.jpeg'><img width=\"300\" height=\"300\" src=\"https:\/\/franciscanos.org.br\/noticias\/wp-content\/uploads\/2022\/08\/canarinhos_21082022_4717-Grande-300x300.jpeg\" class=\"attachment-thumbnail size-thumbnail\" alt=\"\" loading=\"lazy\" srcset=\"https:\/\/franciscanos.org.br\/noticias\/wp-content\/uploads\/2022\/08\/canarinhos_21082022_4717-Grande-300x300.jpeg 300w, https:\/\/franciscanos.org.br\/noticias\/wp-content\/uploads\/2022\/08\/canarinhos_21082022_4717-Grande-100x100.jpeg 100w\" sizes=\"(max-width: 300px) 100vw, 300px\" \/><\/a>\n\t\t\t<\/dt><\/dl><dl class='gallery-item'>\n\t\t\t<dt class='gallery-icon portrait'>\n\t\t\t\t<a href='https:\/\/franciscanos.org.br\/noticias\/wp-content\/uploads\/2022\/08\/canarinhos_21082022_4727-Grande.jpeg'><img width=\"300\" height=\"300\" src=\"https:\/\/franciscanos.org.br\/noticias\/wp-content\/uploads\/2022\/08\/canarinhos_21082022_4727-Grande-300x300.jpeg\" class=\"attachment-thumbnail size-thumbnail\" alt=\"\" loading=\"lazy\" srcset=\"https:\/\/franciscanos.org.br\/noticias\/wp-content\/uploads\/2022\/08\/canarinhos_21082022_4727-Grande-300x300.jpeg 300w, https:\/\/franciscanos.org.br\/noticias\/wp-content\/uploads\/2022\/08\/canarinhos_21082022_4727-Grande-100x100.jpeg 100w\" sizes=\"(max-width: 300px) 100vw, 300px\" \/><\/a>\n\t\t\t<\/dt><\/dl><dl class='gallery-item'>\n\t\t\t<dt class='gallery-icon landscape'>\n\t\t\t\t<a href='https:\/\/franciscanos.org.br\/noticias\/wp-content\/uploads\/2022\/08\/canarinhos_21082022_4760-Grande.jpeg'><img width=\"300\" height=\"300\" src=\"https:\/\/franciscanos.org.br\/noticias\/wp-content\/uploads\/2022\/08\/canarinhos_21082022_4760-Grande-300x300.jpeg\" class=\"attachment-thumbnail size-thumbnail\" alt=\"\" loading=\"lazy\" srcset=\"https:\/\/franciscanos.org.br\/noticias\/wp-content\/uploads\/2022\/08\/canarinhos_21082022_4760-Grande-300x300.jpeg 300w, https:\/\/franciscanos.org.br\/noticias\/wp-content\/uploads\/2022\/08\/canarinhos_21082022_4760-Grande-100x100.jpeg 100w\" sizes=\"(max-width: 300px) 100vw, 300px\" \/><\/a>\n\t\t\t<\/dt><\/dl><dl class='gallery-item'>\n\t\t\t<dt class='gallery-icon landscape'>\n\t\t\t\t<a href='https:\/\/franciscanos.org.br\/noticias\/wp-content\/uploads\/2022\/08\/canarinhos_21082022_4773-Grande.jpeg'><img width=\"300\" height=\"300\" src=\"https:\/\/franciscanos.org.br\/noticias\/wp-content\/uploads\/2022\/08\/canarinhos_21082022_4773-Grande-300x300.jpeg\" class=\"attachment-thumbnail size-thumbnail\" alt=\"\" loading=\"lazy\" srcset=\"https:\/\/franciscanos.org.br\/noticias\/wp-content\/uploads\/2022\/08\/canarinhos_21082022_4773-Grande-300x300.jpeg 300w, https:\/\/franciscanos.org.br\/noticias\/wp-content\/uploads\/2022\/08\/canarinhos_21082022_4773-Grande-100x100.jpeg 100w\" sizes=\"(max-width: 300px) 100vw, 300px\" \/><\/a>\n\t\t\t<\/dt><\/dl><br style=\"clear: both\" \/>\n\t\t<\/div>\n\n<p style=\"font-weight: 400;\">Desde 2016, o Instituto dos Meninos Cantores de Petr\u00f3polis tem em sua presid\u00eancia o franciscano Frei Marcos Ant\u00f4nio de Andrade que acumula o servi\u00e7o de Definidor Provincial e Secret\u00e1rio de Forma\u00e7\u00e3o e Estudos da Prov\u00edncia Franciscana da Imaculada Concei\u00e7\u00e3o do Brasil. Frei Marcos conta com o aux\u00edlio de Frei Jo\u00e3o Mannes (vice-presidente), Frei Gustavo Wayand Medella (secret\u00e1rio) e Frei Jorge Paulo Schiavini (tesoureiro). Al\u00e9m de uma equipe de profissionais do IMCP, destacam-se a figura da educadora franciscana e gestora Rose de Mello, do diretor art\u00edstico Marco Aur\u00e9lio Lischt, do regente do Coral das Meninas, Marcelo Vizani, dos secret\u00e1rios (as) Gabrielle Alves Rodrigues, Hugo Rocha de Oliveira e Deisi Zanatta e Maria Aparecida Marques Corr\u00eaa Martins, da zeladoria. Os freis Augusto Luiz Gabriel e Ruan Felipe Sguissardi auxiliam o IMCP na linha de espiritualidade, pastoral e com os trabalhos de comunica\u00e7\u00e3o da institui\u00e7\u00e3o.<\/p>\n<p style=\"font-weight: 400;\">Instrumentos, sons e vidas fizeram esta\u00a0hist\u00f3ria de 80 anos\u00a0chegar at\u00e9 aqui. Neste ano de 2022 se inicia um novo cap\u00edtulo desta trajet\u00f3ria\u00a0que continua a ser escrita atrav\u00e9s de\u00a0muitas m\u00e3os\u00a0e\u00a0cora\u00e7\u00f5es!<\/p>\n<hr \/>\n<p style=\"font-weight: 400;\"><em>Frei Augusto Luiz Gabriel<\/em><\/p>\n","protected":false},"excerpt":{"rendered":"<p>80 anos do Coral dos Canarinhos de Petr\u00f3polis (RJ)<\/p>\n","protected":false},"author":3,"featured_media":239328,"comment_status":"open","ping_status":"open","sticky":false,"template":"","format":"standard","meta":[],"categories":[1],"tags":[1378,1788,366],"acf":[],"yoast_head":"<!-- This site is optimized with the Yoast SEO plugin v19.2 - https:\/\/yoast.com\/wordpress\/plugins\/seo\/ -->\n<title>\u201cVoc\u00eas nos fazem experimentar o c\u00e9u aqui na terra\u201d, diz Frei Paulo nos 80 anos dos Canarinhos - Not\u00edcias - Franciscanos<\/title>\n<meta name=\"robots\" content=\"index, follow, max-snippet:-1, max-image-preview:large, max-video-preview:-1\" \/>\n<link rel=\"canonical\" href=\"https:\/\/franciscanos.org.br\/noticias\/voces-nos-fazem-experimentar-o-ceu-aqui-na-terra-diz-frei-paulo-nos-80-anos-dos-canarinhos.html\" \/>\n<meta property=\"og:locale\" content=\"pt_BR\" \/>\n<meta property=\"og:type\" content=\"article\" \/>\n<meta property=\"og:title\" content=\"\u201cVoc\u00eas nos fazem experimentar o c\u00e9u aqui na terra\u201d, diz Frei Paulo nos 80 anos dos Canarinhos - Not\u00edcias - Franciscanos\" \/>\n<meta property=\"og:description\" content=\"80 anos do Coral dos Canarinhos de Petr\u00f3polis (RJ)\" \/>\n<meta property=\"og:url\" content=\"https:\/\/franciscanos.org.br\/noticias\/voces-nos-fazem-experimentar-o-ceu-aqui-na-terra-diz-frei-paulo-nos-80-anos-dos-canarinhos.html\" \/>\n<meta property=\"og:site_name\" content=\"Not\u00edcias - Franciscanos\" \/>\n<meta property=\"article:published_time\" content=\"2022-08-21T22:05:24+00:00\" \/>\n<meta property=\"article:modified_time\" content=\"2022-08-22T10:36:13+00:00\" \/>\n<meta property=\"og:image\" content=\"https:\/\/franciscanos.org.br\/noticias\/wp-content\/uploads\/2022\/08\/canarinhos_210822_10.jpg\" \/>\n\t<meta property=\"og:image:width\" content=\"1294\" \/>\n\t<meta property=\"og:image:height\" content=\"809\" \/>\n\t<meta property=\"og:image:type\" content=\"image\/jpeg\" \/>\n<meta name=\"author\" content=\"moacir\" \/>\n<meta name=\"twitter:card\" content=\"summary_large_image\" \/>\n<meta name=\"twitter:label1\" content=\"Escrito por\" \/>\n\t<meta name=\"twitter:data1\" content=\"moacir\" \/>\n\t<meta name=\"twitter:label2\" content=\"Est. tempo de leitura\" \/>\n\t<meta name=\"twitter:data2\" content=\"12 minutos\" \/>\n<script type=\"application\/ld+json\" class=\"yoast-schema-graph\">{\"@context\":\"https:\/\/schema.org\",\"@graph\":[{\"@type\":\"WebSite\",\"@id\":\"https:\/\/franciscanos.org.br\/noticias\/#website\",\"url\":\"https:\/\/franciscanos.org.br\/noticias\/\",\"name\":\"Not\u00edcias - Franciscanos\",\"description\":\"Prov\u00edncia Franciscana da Imaculada Concei\u00e7\u00e3o do Brasil - Ordem dos Frades Menores - OFM\",\"potentialAction\":[{\"@type\":\"SearchAction\",\"target\":{\"@type\":\"EntryPoint\",\"urlTemplate\":\"https:\/\/franciscanos.org.br\/noticias\/?s={search_term_string}\"},\"query-input\":\"required name=search_term_string\"}],\"inLanguage\":\"pt-BR\"},{\"@type\":\"ImageObject\",\"inLanguage\":\"pt-BR\",\"@id\":\"https:\/\/franciscanos.org.br\/noticias\/voces-nos-fazem-experimentar-o-ceu-aqui-na-terra-diz-frei-paulo-nos-80-anos-dos-canarinhos.html#primaryimage\",\"url\":\"https:\/\/franciscanos.org.br\/noticias\/wp-content\/uploads\/2022\/08\/canarinhos_210822_10.jpg\",\"contentUrl\":\"https:\/\/franciscanos.org.br\/noticias\/wp-content\/uploads\/2022\/08\/canarinhos_210822_10.jpg\",\"width\":1294,\"height\":809},{\"@type\":\"WebPage\",\"@id\":\"https:\/\/franciscanos.org.br\/noticias\/voces-nos-fazem-experimentar-o-ceu-aqui-na-terra-diz-frei-paulo-nos-80-anos-dos-canarinhos.html#webpage\",\"url\":\"https:\/\/franciscanos.org.br\/noticias\/voces-nos-fazem-experimentar-o-ceu-aqui-na-terra-diz-frei-paulo-nos-80-anos-dos-canarinhos.html\",\"name\":\"\u201cVoc\u00eas nos fazem experimentar o c\u00e9u aqui na terra\u201d, diz Frei Paulo nos 80 anos dos Canarinhos - Not\u00edcias - Franciscanos\",\"isPartOf\":{\"@id\":\"https:\/\/franciscanos.org.br\/noticias\/#website\"},\"primaryImageOfPage\":{\"@id\":\"https:\/\/franciscanos.org.br\/noticias\/voces-nos-fazem-experimentar-o-ceu-aqui-na-terra-diz-frei-paulo-nos-80-anos-dos-canarinhos.html#primaryimage\"},\"datePublished\":\"2022-08-21T22:05:24+00:00\",\"dateModified\":\"2022-08-22T10:36:13+00:00\",\"author\":{\"@id\":\"https:\/\/franciscanos.org.br\/noticias\/#\/schema\/person\/b5c8cba458c330ccff548b056e95a5d4\"},\"breadcrumb\":{\"@id\":\"https:\/\/franciscanos.org.br\/noticias\/voces-nos-fazem-experimentar-o-ceu-aqui-na-terra-diz-frei-paulo-nos-80-anos-dos-canarinhos.html#breadcrumb\"},\"inLanguage\":\"pt-BR\",\"potentialAction\":[{\"@type\":\"ReadAction\",\"target\":[\"https:\/\/franciscanos.org.br\/noticias\/voces-nos-fazem-experimentar-o-ceu-aqui-na-terra-diz-frei-paulo-nos-80-anos-dos-canarinhos.html\"]}]},{\"@type\":\"BreadcrumbList\",\"@id\":\"https:\/\/franciscanos.org.br\/noticias\/voces-nos-fazem-experimentar-o-ceu-aqui-na-terra-diz-frei-paulo-nos-80-anos-dos-canarinhos.html#breadcrumb\",\"itemListElement\":[{\"@type\":\"ListItem\",\"position\":1,\"name\":\"Home\",\"item\":\"https:\/\/franciscanos.org.br\/noticias\"},{\"@type\":\"ListItem\",\"position\":2,\"name\":\"\u201cVoc\u00eas nos fazem experimentar o c\u00e9u aqui na terra\u201d, diz Frei Paulo nos 80 anos dos Canarinhos\"}]},{\"@type\":\"Person\",\"@id\":\"https:\/\/franciscanos.org.br\/noticias\/#\/schema\/person\/b5c8cba458c330ccff548b056e95a5d4\",\"name\":\"moacir\",\"image\":{\"@type\":\"ImageObject\",\"inLanguage\":\"pt-BR\",\"@id\":\"https:\/\/franciscanos.org.br\/noticias\/#\/schema\/person\/image\/\",\"url\":\"https:\/\/secure.gravatar.com\/avatar\/d08aa2ce4c8dd416d4479aa8536fcf64?s=96&d=mm&r=g\",\"contentUrl\":\"https:\/\/secure.gravatar.com\/avatar\/d08aa2ce4c8dd416d4479aa8536fcf64?s=96&d=mm&r=g\",\"caption\":\"moacir\"},\"url\":\"https:\/\/franciscanos.org.br\/noticias\/author\/moacir\"}]}<\/script>\n<!-- \/ Yoast SEO plugin. -->","yoast_head_json":{"title":"\u201cVoc\u00eas nos fazem experimentar o c\u00e9u aqui na terra\u201d, diz Frei Paulo nos 80 anos dos Canarinhos - Not\u00edcias - Franciscanos","robots":{"index":"index","follow":"follow","max-snippet":"max-snippet:-1","max-image-preview":"max-image-preview:large","max-video-preview":"max-video-preview:-1"},"canonical":"https:\/\/franciscanos.org.br\/noticias\/voces-nos-fazem-experimentar-o-ceu-aqui-na-terra-diz-frei-paulo-nos-80-anos-dos-canarinhos.html","og_locale":"pt_BR","og_type":"article","og_title":"\u201cVoc\u00eas nos fazem experimentar o c\u00e9u aqui na terra\u201d, diz Frei Paulo nos 80 anos dos Canarinhos - Not\u00edcias - Franciscanos","og_description":"80 anos do Coral dos Canarinhos de Petr\u00f3polis (RJ)","og_url":"https:\/\/franciscanos.org.br\/noticias\/voces-nos-fazem-experimentar-o-ceu-aqui-na-terra-diz-frei-paulo-nos-80-anos-dos-canarinhos.html","og_site_name":"Not\u00edcias - Franciscanos","article_published_time":"2022-08-21T22:05:24+00:00","article_modified_time":"2022-08-22T10:36:13+00:00","og_image":[{"width":1294,"height":809,"url":"https:\/\/franciscanos.org.br\/noticias\/wp-content\/uploads\/2022\/08\/canarinhos_210822_10.jpg","type":"image\/jpeg"}],"author":"moacir","twitter_card":"summary_large_image","twitter_misc":{"Escrito por":"moacir","Est. tempo de leitura":"12 minutos"},"schema":{"@context":"https:\/\/schema.org","@graph":[{"@type":"WebSite","@id":"https:\/\/franciscanos.org.br\/noticias\/#website","url":"https:\/\/franciscanos.org.br\/noticias\/","name":"Not\u00edcias - Franciscanos","description":"Prov\u00edncia Franciscana da Imaculada Concei\u00e7\u00e3o do Brasil - Ordem dos Frades Menores - OFM","potentialAction":[{"@type":"SearchAction","target":{"@type":"EntryPoint","urlTemplate":"https:\/\/franciscanos.org.br\/noticias\/?s={search_term_string}"},"query-input":"required name=search_term_string"}],"inLanguage":"pt-BR"},{"@type":"ImageObject","inLanguage":"pt-BR","@id":"https:\/\/franciscanos.org.br\/noticias\/voces-nos-fazem-experimentar-o-ceu-aqui-na-terra-diz-frei-paulo-nos-80-anos-dos-canarinhos.html#primaryimage","url":"https:\/\/franciscanos.org.br\/noticias\/wp-content\/uploads\/2022\/08\/canarinhos_210822_10.jpg","contentUrl":"https:\/\/franciscanos.org.br\/noticias\/wp-content\/uploads\/2022\/08\/canarinhos_210822_10.jpg","width":1294,"height":809},{"@type":"WebPage","@id":"https:\/\/franciscanos.org.br\/noticias\/voces-nos-fazem-experimentar-o-ceu-aqui-na-terra-diz-frei-paulo-nos-80-anos-dos-canarinhos.html#webpage","url":"https:\/\/franciscanos.org.br\/noticias\/voces-nos-fazem-experimentar-o-ceu-aqui-na-terra-diz-frei-paulo-nos-80-anos-dos-canarinhos.html","name":"\u201cVoc\u00eas nos fazem experimentar o c\u00e9u aqui na terra\u201d, diz Frei Paulo nos 80 anos dos Canarinhos - Not\u00edcias - Franciscanos","isPartOf":{"@id":"https:\/\/franciscanos.org.br\/noticias\/#website"},"primaryImageOfPage":{"@id":"https:\/\/franciscanos.org.br\/noticias\/voces-nos-fazem-experimentar-o-ceu-aqui-na-terra-diz-frei-paulo-nos-80-anos-dos-canarinhos.html#primaryimage"},"datePublished":"2022-08-21T22:05:24+00:00","dateModified":"2022-08-22T10:36:13+00:00","author":{"@id":"https:\/\/franciscanos.org.br\/noticias\/#\/schema\/person\/b5c8cba458c330ccff548b056e95a5d4"},"breadcrumb":{"@id":"https:\/\/franciscanos.org.br\/noticias\/voces-nos-fazem-experimentar-o-ceu-aqui-na-terra-diz-frei-paulo-nos-80-anos-dos-canarinhos.html#breadcrumb"},"inLanguage":"pt-BR","potentialAction":[{"@type":"ReadAction","target":["https:\/\/franciscanos.org.br\/noticias\/voces-nos-fazem-experimentar-o-ceu-aqui-na-terra-diz-frei-paulo-nos-80-anos-dos-canarinhos.html"]}]},{"@type":"BreadcrumbList","@id":"https:\/\/franciscanos.org.br\/noticias\/voces-nos-fazem-experimentar-o-ceu-aqui-na-terra-diz-frei-paulo-nos-80-anos-dos-canarinhos.html#breadcrumb","itemListElement":[{"@type":"ListItem","position":1,"name":"Home","item":"https:\/\/franciscanos.org.br\/noticias"},{"@type":"ListItem","position":2,"name":"\u201cVoc\u00eas nos fazem experimentar o c\u00e9u aqui na terra\u201d, diz Frei Paulo nos 80 anos dos Canarinhos"}]},{"@type":"Person","@id":"https:\/\/franciscanos.org.br\/noticias\/#\/schema\/person\/b5c8cba458c330ccff548b056e95a5d4","name":"moacir","image":{"@type":"ImageObject","inLanguage":"pt-BR","@id":"https:\/\/franciscanos.org.br\/noticias\/#\/schema\/person\/image\/","url":"https:\/\/secure.gravatar.com\/avatar\/d08aa2ce4c8dd416d4479aa8536fcf64?s=96&d=mm&r=g","contentUrl":"https:\/\/secure.gravatar.com\/avatar\/d08aa2ce4c8dd416d4479aa8536fcf64?s=96&d=mm&r=g","caption":"moacir"},"url":"https:\/\/franciscanos.org.br\/noticias\/author\/moacir"}]}},"_links":{"self":[{"href":"https:\/\/franciscanos.org.br\/noticias\/wp-json\/wp\/v2\/posts\/239318"}],"collection":[{"href":"https:\/\/franciscanos.org.br\/noticias\/wp-json\/wp\/v2\/posts"}],"about":[{"href":"https:\/\/franciscanos.org.br\/noticias\/wp-json\/wp\/v2\/types\/post"}],"author":[{"embeddable":true,"href":"https:\/\/franciscanos.org.br\/noticias\/wp-json\/wp\/v2\/users\/3"}],"replies":[{"embeddable":true,"href":"https:\/\/franciscanos.org.br\/noticias\/wp-json\/wp\/v2\/comments?post=239318"}],"version-history":[{"count":6,"href":"https:\/\/franciscanos.org.br\/noticias\/wp-json\/wp\/v2\/posts\/239318\/revisions"}],"predecessor-version":[{"id":239349,"href":"https:\/\/franciscanos.org.br\/noticias\/wp-json\/wp\/v2\/posts\/239318\/revisions\/239349"}],"wp:featuredmedia":[{"embeddable":true,"href":"https:\/\/franciscanos.org.br\/noticias\/wp-json\/wp\/v2\/media\/239328"}],"wp:attachment":[{"href":"https:\/\/franciscanos.org.br\/noticias\/wp-json\/wp\/v2\/media?parent=239318"}],"wp:term":[{"taxonomy":"category","embeddable":true,"href":"https:\/\/franciscanos.org.br\/noticias\/wp-json\/wp\/v2\/categories?post=239318"},{"taxonomy":"post_tag","embeddable":true,"href":"https:\/\/franciscanos.org.br\/noticias\/wp-json\/wp\/v2\/tags?post=239318"}],"curies":[{"name":"wp","href":"https:\/\/api.w.org\/{rel}","templated":true}]}}