{"id":239308,"date":"2022-08-21T15:01:56","date_gmt":"2022-08-21T18:01:56","guid":{"rendered":"https:\/\/franciscanos.org.br\/noticias\/?p=239308"},"modified":"2022-08-21T15:55:34","modified_gmt":"2022-08-21T18:55:34","slug":"frente-da-educacao-se-reune-em-rondinha","status":"publish","type":"post","link":"https:\/\/franciscanos.org.br\/noticias\/frente-da-educacao-se-reune-em-rondinha.html","title":{"rendered":"Frente da Educa\u00e7\u00e3o se re\u00fane em Rondinha"},"content":{"rendered":"<p>&nbsp;<\/p>\n<p><img loading=\"lazy\" class=\"alignnone size-full wp-image-239310\" src=\"https:\/\/franciscanos.org.br\/noticias\/wp-content\/uploads\/2022\/08\/usf_edc_21_01.jpg\" alt=\"\" width=\"1280\" height=\"720\" srcset=\"https:\/\/franciscanos.org.br\/noticias\/wp-content\/uploads\/2022\/08\/usf_edc_21_01.jpg 1280w, https:\/\/franciscanos.org.br\/noticias\/wp-content\/uploads\/2022\/08\/usf_edc_21_01-450x253.jpg 450w, https:\/\/franciscanos.org.br\/noticias\/wp-content\/uploads\/2022\/08\/usf_edc_21_01-1024x576.jpg 1024w, https:\/\/franciscanos.org.br\/noticias\/wp-content\/uploads\/2022\/08\/usf_edc_21_01-768x432.jpg 768w, https:\/\/franciscanos.org.br\/noticias\/wp-content\/uploads\/2022\/08\/usf_edc_21_01-150x84.jpg 150w\" sizes=\"(max-width: 1280px) 100vw, 1280px\" \/><\/p>\n<p>Representantes da Universidade S\u00e3o Francisco (USF) participaram, nos dias 17 e 18 de agosto, do Encontro da Frente de Evangeliza\u00e7\u00e3o da Educa\u00e7\u00e3o da Prov\u00edncia Franciscana da Imaculada Concei\u00e7\u00e3o do Brasil, na Fraternidade S\u00e3o Boaventura, Campo Largo (PR).<\/p>\n<p>Na ocasi\u00e3o, estiveram reunidos frades e trabalhadores da Casa de Nossa Senhora da Paz &#8211; A\u00e7\u00e3o Social Franciscana (CNSP &#8211; ASF), a reitoria da USF, representantes da UNIFAG, Instituto Teol\u00f3gico Franciscano (ITF), Associa\u00e7\u00e3o Franciscana de Ensino Senhor Bom Jesus (AFESBJ) e Instituto dos Meninos Cantores de Petr\u00f3polis (IMCP). Durante o encontro foram compartilhadas as Diretrizes da Frente de Evangeliza\u00e7\u00e3o da Educa\u00e7\u00e3o (2022-2027). \u201c\u00c9 importante que o conceito de evangeliza\u00e7\u00e3o se renove para que possa dialogar com os diferentes mundos, como o mundo da educa\u00e7\u00e3o: cient\u00edfico e extensionista. A evangeliza\u00e7\u00e3o n\u00e3o deve estar restrita ao mundo religioso. A constru\u00e7\u00e3o do plano de evangeliza\u00e7\u00e3o na educa\u00e7\u00e3o n\u00e3o \u00e9 uma tarefa exclusiva, precisa ser uma tarefa inclusiva\u201d, explicou o reitor da USF, Frei Gilberto Garcia.<\/p>\n<p>O evento \u00e9 continuidade do encontro que foi realizado no 1\u00ba semestre de 2022, no C\u00e2mpus Bragan\u00e7a Paulista da USF, em que estiveram reunidos mais de 80 participantes, entre eles frades, a reitoria, coordenadores de cursos, n\u00facleos e departamentos administrativos da USF. Neste segundo encontro, foi apresentada a metodologia de trabalho desenvolvida pela USF, todos os setores envolvidos, al\u00e9m de todas as potencialidades, desafios e a\u00e7\u00f5es propostas.<\/p>\n<p><img loading=\"lazy\" class=\"alignnone size-full wp-image-239309\" src=\"https:\/\/franciscanos.org.br\/noticias\/wp-content\/uploads\/2022\/08\/frente_educ_21.jpg\" alt=\"\" width=\"1280\" height=\"576\" srcset=\"https:\/\/franciscanos.org.br\/noticias\/wp-content\/uploads\/2022\/08\/frente_educ_21.jpg 1280w, https:\/\/franciscanos.org.br\/noticias\/wp-content\/uploads\/2022\/08\/frente_educ_21-450x203.jpg 450w, https:\/\/franciscanos.org.br\/noticias\/wp-content\/uploads\/2022\/08\/frente_educ_21-1024x461.jpg 1024w, https:\/\/franciscanos.org.br\/noticias\/wp-content\/uploads\/2022\/08\/frente_educ_21-768x346.jpg 768w, https:\/\/franciscanos.org.br\/noticias\/wp-content\/uploads\/2022\/08\/frente_educ_21-150x68.jpg 150w\" sizes=\"(max-width: 1280px) 100vw, 1280px\" \/><\/p>\n<p>Depois das falas de abertura, foram montados grupos de trabalho com o objetivo de desenvolver coletivamente assuntos relacionados ao carisma franciscano, a promo\u00e7\u00e3o da evangeliza\u00e7\u00e3o a partir de sua miss\u00e3o e os principais desafios e as potencialidades evangelizadoras da USF.<\/p>\n<p>No C\u00e2mpus Bragan\u00e7a Paulista foram elaborados grupos de trabalho para a elabora\u00e7\u00e3o do planejamento de a\u00e7\u00f5es da USF a partir das diretrizes da Frente de Evangeliza\u00e7\u00e3o da Educa\u00e7\u00e3o da Prov\u00edncia Franciscana da Imaculada Concei\u00e7\u00e3o do Brasil.<\/p>\n<p>Os pr\u00f3ximos encontros ser\u00e3o realizados ao longo do semestre para dar continuidade \u00e0s contribui\u00e7\u00f5es dos grupos de trabalho.<\/p>\n<hr \/>\n<p><em>Ana Paula Moreira de Souza<\/em><\/p>\n","protected":false},"excerpt":{"rendered":"<p>Frente da Educa\u00e7\u00e3o <\/p>\n","protected":false},"author":3,"featured_media":239310,"comment_status":"open","ping_status":"open","sticky":false,"template":"","format":"standard","meta":[],"categories":[1],"tags":[1117],"acf":[],"yoast_head":"<!-- This site is optimized with the Yoast SEO plugin v19.2 - https:\/\/yoast.com\/wordpress\/plugins\/seo\/ -->\n<title>Frente da Educa\u00e7\u00e3o se re\u00fane em Rondinha - Not\u00edcias - Franciscanos<\/title>\n<meta name=\"robots\" content=\"index, follow, max-snippet:-1, max-image-preview:large, max-video-preview:-1\" \/>\n<link rel=\"canonical\" href=\"https:\/\/franciscanos.org.br\/noticias\/frente-da-educacao-se-reune-em-rondinha.html\" \/>\n<meta property=\"og:locale\" content=\"pt_BR\" \/>\n<meta property=\"og:type\" content=\"article\" \/>\n<meta property=\"og:title\" content=\"Frente da Educa\u00e7\u00e3o se re\u00fane em Rondinha - Not\u00edcias - Franciscanos\" \/>\n<meta property=\"og:description\" content=\"Frente da Educa\u00e7\u00e3o\" \/>\n<meta property=\"og:url\" content=\"https:\/\/franciscanos.org.br\/noticias\/frente-da-educacao-se-reune-em-rondinha.html\" \/>\n<meta property=\"og:site_name\" content=\"Not\u00edcias - Franciscanos\" \/>\n<meta property=\"article:published_time\" content=\"2022-08-21T18:01:56+00:00\" \/>\n<meta property=\"article:modified_time\" content=\"2022-08-21T18:55:34+00:00\" \/>\n<meta property=\"og:image\" content=\"https:\/\/franciscanos.org.br\/noticias\/wp-content\/uploads\/2022\/08\/usf_edc_21_01.jpg\" \/>\n\t<meta property=\"og:image:width\" content=\"1280\" \/>\n\t<meta property=\"og:image:height\" content=\"720\" \/>\n\t<meta property=\"og:image:type\" content=\"image\/jpeg\" \/>\n<meta name=\"author\" content=\"moacir\" \/>\n<meta name=\"twitter:card\" content=\"summary_large_image\" \/>\n<meta name=\"twitter:label1\" content=\"Escrito por\" \/>\n\t<meta name=\"twitter:data1\" content=\"moacir\" \/>\n\t<meta name=\"twitter:label2\" content=\"Est. tempo de leitura\" \/>\n\t<meta name=\"twitter:data2\" content=\"3 minutos\" \/>\n<script type=\"application\/ld+json\" class=\"yoast-schema-graph\">{\"@context\":\"https:\/\/schema.org\",\"@graph\":[{\"@type\":\"WebSite\",\"@id\":\"https:\/\/franciscanos.org.br\/noticias\/#website\",\"url\":\"https:\/\/franciscanos.org.br\/noticias\/\",\"name\":\"Not\u00edcias - Franciscanos\",\"description\":\"Prov\u00edncia Franciscana da Imaculada Concei\u00e7\u00e3o do Brasil - Ordem dos Frades Menores - OFM\",\"potentialAction\":[{\"@type\":\"SearchAction\",\"target\":{\"@type\":\"EntryPoint\",\"urlTemplate\":\"https:\/\/franciscanos.org.br\/noticias\/?s={search_term_string}\"},\"query-input\":\"required name=search_term_string\"}],\"inLanguage\":\"pt-BR\"},{\"@type\":\"ImageObject\",\"inLanguage\":\"pt-BR\",\"@id\":\"https:\/\/franciscanos.org.br\/noticias\/frente-da-educacao-se-reune-em-rondinha.html#primaryimage\",\"url\":\"https:\/\/franciscanos.org.br\/noticias\/wp-content\/uploads\/2022\/08\/usf_edc_21_01.jpg\",\"contentUrl\":\"https:\/\/franciscanos.org.br\/noticias\/wp-content\/uploads\/2022\/08\/usf_edc_21_01.jpg\",\"width\":1280,\"height\":720},{\"@type\":\"WebPage\",\"@id\":\"https:\/\/franciscanos.org.br\/noticias\/frente-da-educacao-se-reune-em-rondinha.html#webpage\",\"url\":\"https:\/\/franciscanos.org.br\/noticias\/frente-da-educacao-se-reune-em-rondinha.html\",\"name\":\"Frente da Educa\u00e7\u00e3o se re\u00fane em Rondinha - Not\u00edcias - Franciscanos\",\"isPartOf\":{\"@id\":\"https:\/\/franciscanos.org.br\/noticias\/#website\"},\"primaryImageOfPage\":{\"@id\":\"https:\/\/franciscanos.org.br\/noticias\/frente-da-educacao-se-reune-em-rondinha.html#primaryimage\"},\"datePublished\":\"2022-08-21T18:01:56+00:00\",\"dateModified\":\"2022-08-21T18:55:34+00:00\",\"author\":{\"@id\":\"https:\/\/franciscanos.org.br\/noticias\/#\/schema\/person\/b5c8cba458c330ccff548b056e95a5d4\"},\"breadcrumb\":{\"@id\":\"https:\/\/franciscanos.org.br\/noticias\/frente-da-educacao-se-reune-em-rondinha.html#breadcrumb\"},\"inLanguage\":\"pt-BR\",\"potentialAction\":[{\"@type\":\"ReadAction\",\"target\":[\"https:\/\/franciscanos.org.br\/noticias\/frente-da-educacao-se-reune-em-rondinha.html\"]}]},{\"@type\":\"BreadcrumbList\",\"@id\":\"https:\/\/franciscanos.org.br\/noticias\/frente-da-educacao-se-reune-em-rondinha.html#breadcrumb\",\"itemListElement\":[{\"@type\":\"ListItem\",\"position\":1,\"name\":\"Home\",\"item\":\"https:\/\/franciscanos.org.br\/noticias\"},{\"@type\":\"ListItem\",\"position\":2,\"name\":\"Frente da Educa\u00e7\u00e3o se re\u00fane em Rondinha\"}]},{\"@type\":\"Person\",\"@id\":\"https:\/\/franciscanos.org.br\/noticias\/#\/schema\/person\/b5c8cba458c330ccff548b056e95a5d4\",\"name\":\"moacir\",\"image\":{\"@type\":\"ImageObject\",\"inLanguage\":\"pt-BR\",\"@id\":\"https:\/\/franciscanos.org.br\/noticias\/#\/schema\/person\/image\/\",\"url\":\"https:\/\/secure.gravatar.com\/avatar\/d08aa2ce4c8dd416d4479aa8536fcf64?s=96&d=mm&r=g\",\"contentUrl\":\"https:\/\/secure.gravatar.com\/avatar\/d08aa2ce4c8dd416d4479aa8536fcf64?s=96&d=mm&r=g\",\"caption\":\"moacir\"},\"url\":\"https:\/\/franciscanos.org.br\/noticias\/author\/moacir\"}]}<\/script>\n<!-- \/ Yoast SEO plugin. -->","yoast_head_json":{"title":"Frente da Educa\u00e7\u00e3o se re\u00fane em Rondinha - Not\u00edcias - Franciscanos","robots":{"index":"index","follow":"follow","max-snippet":"max-snippet:-1","max-image-preview":"max-image-preview:large","max-video-preview":"max-video-preview:-1"},"canonical":"https:\/\/franciscanos.org.br\/noticias\/frente-da-educacao-se-reune-em-rondinha.html","og_locale":"pt_BR","og_type":"article","og_title":"Frente da Educa\u00e7\u00e3o se re\u00fane em Rondinha - Not\u00edcias - Franciscanos","og_description":"Frente da Educa\u00e7\u00e3o","og_url":"https:\/\/franciscanos.org.br\/noticias\/frente-da-educacao-se-reune-em-rondinha.html","og_site_name":"Not\u00edcias - Franciscanos","article_published_time":"2022-08-21T18:01:56+00:00","article_modified_time":"2022-08-21T18:55:34+00:00","og_image":[{"width":1280,"height":720,"url":"https:\/\/franciscanos.org.br\/noticias\/wp-content\/uploads\/2022\/08\/usf_edc_21_01.jpg","type":"image\/jpeg"}],"author":"moacir","twitter_card":"summary_large_image","twitter_misc":{"Escrito por":"moacir","Est. tempo de leitura":"3 minutos"},"schema":{"@context":"https:\/\/schema.org","@graph":[{"@type":"WebSite","@id":"https:\/\/franciscanos.org.br\/noticias\/#website","url":"https:\/\/franciscanos.org.br\/noticias\/","name":"Not\u00edcias - Franciscanos","description":"Prov\u00edncia Franciscana da Imaculada Concei\u00e7\u00e3o do Brasil - Ordem dos Frades Menores - OFM","potentialAction":[{"@type":"SearchAction","target":{"@type":"EntryPoint","urlTemplate":"https:\/\/franciscanos.org.br\/noticias\/?s={search_term_string}"},"query-input":"required name=search_term_string"}],"inLanguage":"pt-BR"},{"@type":"ImageObject","inLanguage":"pt-BR","@id":"https:\/\/franciscanos.org.br\/noticias\/frente-da-educacao-se-reune-em-rondinha.html#primaryimage","url":"https:\/\/franciscanos.org.br\/noticias\/wp-content\/uploads\/2022\/08\/usf_edc_21_01.jpg","contentUrl":"https:\/\/franciscanos.org.br\/noticias\/wp-content\/uploads\/2022\/08\/usf_edc_21_01.jpg","width":1280,"height":720},{"@type":"WebPage","@id":"https:\/\/franciscanos.org.br\/noticias\/frente-da-educacao-se-reune-em-rondinha.html#webpage","url":"https:\/\/franciscanos.org.br\/noticias\/frente-da-educacao-se-reune-em-rondinha.html","name":"Frente da Educa\u00e7\u00e3o se re\u00fane em Rondinha - Not\u00edcias - Franciscanos","isPartOf":{"@id":"https:\/\/franciscanos.org.br\/noticias\/#website"},"primaryImageOfPage":{"@id":"https:\/\/franciscanos.org.br\/noticias\/frente-da-educacao-se-reune-em-rondinha.html#primaryimage"},"datePublished":"2022-08-21T18:01:56+00:00","dateModified":"2022-08-21T18:55:34+00:00","author":{"@id":"https:\/\/franciscanos.org.br\/noticias\/#\/schema\/person\/b5c8cba458c330ccff548b056e95a5d4"},"breadcrumb":{"@id":"https:\/\/franciscanos.org.br\/noticias\/frente-da-educacao-se-reune-em-rondinha.html#breadcrumb"},"inLanguage":"pt-BR","potentialAction":[{"@type":"ReadAction","target":["https:\/\/franciscanos.org.br\/noticias\/frente-da-educacao-se-reune-em-rondinha.html"]}]},{"@type":"BreadcrumbList","@id":"https:\/\/franciscanos.org.br\/noticias\/frente-da-educacao-se-reune-em-rondinha.html#breadcrumb","itemListElement":[{"@type":"ListItem","position":1,"name":"Home","item":"https:\/\/franciscanos.org.br\/noticias"},{"@type":"ListItem","position":2,"name":"Frente da Educa\u00e7\u00e3o se re\u00fane em Rondinha"}]},{"@type":"Person","@id":"https:\/\/franciscanos.org.br\/noticias\/#\/schema\/person\/b5c8cba458c330ccff548b056e95a5d4","name":"moacir","image":{"@type":"ImageObject","inLanguage":"pt-BR","@id":"https:\/\/franciscanos.org.br\/noticias\/#\/schema\/person\/image\/","url":"https:\/\/secure.gravatar.com\/avatar\/d08aa2ce4c8dd416d4479aa8536fcf64?s=96&d=mm&r=g","contentUrl":"https:\/\/secure.gravatar.com\/avatar\/d08aa2ce4c8dd416d4479aa8536fcf64?s=96&d=mm&r=g","caption":"moacir"},"url":"https:\/\/franciscanos.org.br\/noticias\/author\/moacir"}]}},"_links":{"self":[{"href":"https:\/\/franciscanos.org.br\/noticias\/wp-json\/wp\/v2\/posts\/239308"}],"collection":[{"href":"https:\/\/franciscanos.org.br\/noticias\/wp-json\/wp\/v2\/posts"}],"about":[{"href":"https:\/\/franciscanos.org.br\/noticias\/wp-json\/wp\/v2\/types\/post"}],"author":[{"embeddable":true,"href":"https:\/\/franciscanos.org.br\/noticias\/wp-json\/wp\/v2\/users\/3"}],"replies":[{"embeddable":true,"href":"https:\/\/franciscanos.org.br\/noticias\/wp-json\/wp\/v2\/comments?post=239308"}],"version-history":[{"count":5,"href":"https:\/\/franciscanos.org.br\/noticias\/wp-json\/wp\/v2\/posts\/239308\/revisions"}],"predecessor-version":[{"id":239317,"href":"https:\/\/franciscanos.org.br\/noticias\/wp-json\/wp\/v2\/posts\/239308\/revisions\/239317"}],"wp:featuredmedia":[{"embeddable":true,"href":"https:\/\/franciscanos.org.br\/noticias\/wp-json\/wp\/v2\/media\/239310"}],"wp:attachment":[{"href":"https:\/\/franciscanos.org.br\/noticias\/wp-json\/wp\/v2\/media?parent=239308"}],"wp:term":[{"taxonomy":"category","embeddable":true,"href":"https:\/\/franciscanos.org.br\/noticias\/wp-json\/wp\/v2\/categories?post=239308"},{"taxonomy":"post_tag","embeddable":true,"href":"https:\/\/franciscanos.org.br\/noticias\/wp-json\/wp\/v2\/tags?post=239308"}],"curies":[{"name":"wp","href":"https:\/\/api.w.org\/{rel}","templated":true}]}}