{"id":239286,"date":"2022-08-18T13:32:05","date_gmt":"2022-08-18T16:32:05","guid":{"rendered":"https:\/\/franciscanos.org.br\/noticias\/?p=239286"},"modified":"2022-08-21T15:08:07","modified_gmt":"2022-08-21T18:08:07","slug":"usf-lanca-seu-primeiro-curso-de-pos-graduacao-em-teologia","status":"publish","type":"post","link":"https:\/\/franciscanos.org.br\/noticias\/usf-lanca-seu-primeiro-curso-de-pos-graduacao-em-teologia.html","title":{"rendered":"USF lan\u00e7a seu primeiro curso de p\u00f3s-gradua\u00e7\u00e3o em Teologia"},"content":{"rendered":"<p><img loading=\"lazy\" class=\"alignnone size-full wp-image-239287\" src=\"https:\/\/franciscanos.org.br\/noticias\/wp-content\/uploads\/2022\/08\/01.jpg\" alt=\"\" width=\"1280\" height=\"720\" srcset=\"https:\/\/franciscanos.org.br\/noticias\/wp-content\/uploads\/2022\/08\/01.jpg 1280w, https:\/\/franciscanos.org.br\/noticias\/wp-content\/uploads\/2022\/08\/01-450x253.jpg 450w, https:\/\/franciscanos.org.br\/noticias\/wp-content\/uploads\/2022\/08\/01-1024x576.jpg 1024w, https:\/\/franciscanos.org.br\/noticias\/wp-content\/uploads\/2022\/08\/01-768x432.jpg 768w, https:\/\/franciscanos.org.br\/noticias\/wp-content\/uploads\/2022\/08\/01-150x84.jpg 150w\" sizes=\"(max-width: 1280px) 100vw, 1280px\" \/><\/p>\n<p>A Universidade S\u00e3o Francisco (USF) lan\u00e7a neste m\u00eas de setembro seu primeiro curso de p\u00f3s-gradua\u00e7\u00e3o (especializa\u00e7\u00e3o) na \u00e1rea de teologia. Trata-se do curso de Teologia Pastoral, que ser\u00e1 oferecido na modalidade a dist\u00e2ncia (EaD), e ter\u00e1 dura\u00e7\u00e3o de 12 meses. Inscri\u00e7\u00f5es at\u00e9 8 de setembro. <strong><a href=\"https:\/\/pos.usf.edu.br\/ingresso\/cursos\/polos\/707-teologia-pastoral\">Acesse.<\/a><\/strong><\/p>\n<p>O Curso, destinado a diferentes lideran\u00e7as religiosas, agentes de pastorais, religiosos e interessados em conhecer os princ\u00edpios teol\u00f3gicos que fundamentam a a\u00e7\u00e3o pastoral, tem como principais objetivos contribuir com a forma\u00e7\u00e3o de lideran\u00e7as religiosas e agentes de pastorais; discutir os princ\u00edpios teol\u00f3gicos da a\u00e7\u00e3o pastoral; abordar a aplica\u00e7\u00e3o pr\u00e1tico-contextual dos principais conceitos da teologia pastoral em realidades espec\u00edficas.<\/p>\n<p>O coordenador do curso, professor Renato Pezenti, ressalta que o curso est\u00e1 estruturado a partir da concep\u00e7\u00e3o de que a teologia ilumina a pastoral e a pastoral ilumina a teologia. \u201cA Teologia Pastoral \u00e9 entendida como a teologia da pr\u00e1xis, no sentido de que a pr\u00e1tica oferece a mat\u00e9ria-prima da teologia, que por sua vez devolve para o crist\u00e3o e sua comunidade o material pensado pela teologia. Por isto, o estudante da Especializa\u00e7\u00e3o em Teologia Pastoral desenvolver\u00e1 as compet\u00eancias de planejar e animar diferentes iniciativas de evangeliza\u00e7\u00e3o e pastoral na sua comunidade de f\u00e9 e de pensar teologicamente a pr\u00e1tica pastoral nas suas din\u00e2micas de acolhimento, inicia\u00e7\u00e3o crist\u00e3, celebra\u00e7\u00e3o, cuidado, aconselhamento etc\u201d, explicou o coordenador.<\/p>\n<p>A elabora\u00e7\u00e3o do curso contou com a contribui\u00e7\u00e3o dos professores Renato Pezenti, Luiz Carlos Ramos e Welder Lancieri da USF. O material did\u00e1tico das disciplinas est\u00e1 sendo desenvolvido por v\u00e1rios te\u00f3logos e pastoralistas do Brasil.<\/p>\n<p>O modelo da p\u00f3s-gradua\u00e7\u00e3o da USF na modalidade a dist\u00e2ncia re\u00fane a qualidade e a credibilidade do ensino presencial, com mais de 45 anos de tradi\u00e7\u00e3o; e a flexibilidade e o dinamismo do ensino virtual. Entre os diferenciais est\u00e1 a conclus\u00e3o da p\u00f3s-gradua\u00e7\u00e3o em at\u00e9 um ano, professores com ampla experi\u00eancia profissional e acad\u00eamica. \u201cA oferta do Curso de Teologia Pastoral confirma a perspectiva do carisma franciscano da USF, aliada \u00e0 sua miss\u00e3o e origem, envoltos pelos valores franciscanos que fazem parte de nossa hist\u00f3ria\u201d, comentou o Pr\u00f3-Reitor de Ensino, Pesquisa e Extens\u00e3o, professor Dilnei Lorenzi.<\/p>\n<p>Durante o curso o estudante ter\u00e1 oportunidade de cursar as seguintes disciplinas:<\/p>\n<ul>\n<li>Teologia pastoral, miss\u00e3o e evangeliza\u00e7\u00e3o;<\/li>\n<li>Fundamentos b\u00edblicos da evangeliza\u00e7\u00e3o;<\/li>\n<li>Anima\u00e7\u00e3o b\u00edblica da pastoral;<\/li>\n<li>Psicologia da pastoral: acolhimento e aconselhamento;<\/li>\n<li>Pastoral catequ\u00e9tica: inicia\u00e7\u00e3o \u00e0 vida crist\u00e3;<\/li>\n<li>Pastorais sociais: acolhimento e cuidado;<\/li>\n<li>Pastoral lit\u00fargica: inicia\u00e7\u00e3o, celebra\u00e7\u00e3o e an\u00fancio;<\/li>\n<li>Evangeliza\u00e7\u00e3o e pastoral em contextos emergentes;<\/li>\n<li>Pastoral urbana;<\/li>\n<li>An\u00e1lise de conjuntura em contexto.<\/li>\n<\/ul>\n<p>As inscri\u00e7\u00f5es j\u00e1 est\u00e3o abertas pelo site da Universidade S\u00e3o Francisco.\u00a0<a href=\"https:\/\/pos.usf.edu.br\/ingresso\/cursos\/polos\/707-teologia-pastoral\">Acesse.<\/a><\/p>\n<p>D\u00favidas, entre em contato do coordenador:\u00a0<a href=\"mailto:renato.pezenti@usf.edu.br\">renato.pezenti@usf.edu.br<\/a><\/p>\n","protected":false},"excerpt":{"rendered":"<p>Universidade S\u00e3o Francisco<\/p>\n","protected":false},"author":3,"featured_media":239287,"comment_status":"open","ping_status":"open","sticky":false,"template":"","format":"standard","meta":[],"categories":[1],"tags":[354],"acf":[],"yoast_head":"<!-- This site is optimized with the Yoast SEO plugin v19.2 - https:\/\/yoast.com\/wordpress\/plugins\/seo\/ -->\n<title>USF lan\u00e7a seu primeiro curso de p\u00f3s-gradua\u00e7\u00e3o em Teologia - Not\u00edcias - Franciscanos<\/title>\n<meta name=\"robots\" content=\"index, follow, max-snippet:-1, max-image-preview:large, max-video-preview:-1\" \/>\n<link rel=\"canonical\" href=\"https:\/\/franciscanos.org.br\/noticias\/usf-lanca-seu-primeiro-curso-de-pos-graduacao-em-teologia.html\" \/>\n<meta property=\"og:locale\" content=\"pt_BR\" \/>\n<meta property=\"og:type\" content=\"article\" \/>\n<meta property=\"og:title\" content=\"USF lan\u00e7a seu primeiro curso de p\u00f3s-gradua\u00e7\u00e3o em Teologia - Not\u00edcias - Franciscanos\" \/>\n<meta property=\"og:description\" content=\"Universidade S\u00e3o Francisco\" \/>\n<meta property=\"og:url\" content=\"https:\/\/franciscanos.org.br\/noticias\/usf-lanca-seu-primeiro-curso-de-pos-graduacao-em-teologia.html\" \/>\n<meta property=\"og:site_name\" content=\"Not\u00edcias - Franciscanos\" \/>\n<meta property=\"article:published_time\" content=\"2022-08-18T16:32:05+00:00\" \/>\n<meta property=\"article:modified_time\" content=\"2022-08-21T18:08:07+00:00\" \/>\n<meta property=\"og:image\" content=\"https:\/\/franciscanos.org.br\/noticias\/wp-content\/uploads\/2022\/08\/01.jpg\" \/>\n\t<meta property=\"og:image:width\" content=\"1280\" \/>\n\t<meta property=\"og:image:height\" content=\"720\" \/>\n\t<meta property=\"og:image:type\" content=\"image\/jpeg\" \/>\n<meta name=\"author\" content=\"moacir\" \/>\n<meta name=\"twitter:card\" content=\"summary_large_image\" \/>\n<meta name=\"twitter:label1\" content=\"Escrito por\" \/>\n\t<meta name=\"twitter:data1\" content=\"moacir\" \/>\n\t<meta name=\"twitter:label2\" content=\"Est. tempo de leitura\" \/>\n\t<meta name=\"twitter:data2\" content=\"2 minutos\" \/>\n<script type=\"application\/ld+json\" class=\"yoast-schema-graph\">{\"@context\":\"https:\/\/schema.org\",\"@graph\":[{\"@type\":\"WebSite\",\"@id\":\"https:\/\/franciscanos.org.br\/noticias\/#website\",\"url\":\"https:\/\/franciscanos.org.br\/noticias\/\",\"name\":\"Not\u00edcias - Franciscanos\",\"description\":\"Prov\u00edncia Franciscana da Imaculada Concei\u00e7\u00e3o do Brasil - Ordem dos Frades Menores - OFM\",\"potentialAction\":[{\"@type\":\"SearchAction\",\"target\":{\"@type\":\"EntryPoint\",\"urlTemplate\":\"https:\/\/franciscanos.org.br\/noticias\/?s={search_term_string}\"},\"query-input\":\"required name=search_term_string\"}],\"inLanguage\":\"pt-BR\"},{\"@type\":\"ImageObject\",\"inLanguage\":\"pt-BR\",\"@id\":\"https:\/\/franciscanos.org.br\/noticias\/usf-lanca-seu-primeiro-curso-de-pos-graduacao-em-teologia.html#primaryimage\",\"url\":\"https:\/\/franciscanos.org.br\/noticias\/wp-content\/uploads\/2022\/08\/01.jpg\",\"contentUrl\":\"https:\/\/franciscanos.org.br\/noticias\/wp-content\/uploads\/2022\/08\/01.jpg\",\"width\":1280,\"height\":720},{\"@type\":\"WebPage\",\"@id\":\"https:\/\/franciscanos.org.br\/noticias\/usf-lanca-seu-primeiro-curso-de-pos-graduacao-em-teologia.html#webpage\",\"url\":\"https:\/\/franciscanos.org.br\/noticias\/usf-lanca-seu-primeiro-curso-de-pos-graduacao-em-teologia.html\",\"name\":\"USF lan\u00e7a seu primeiro curso de p\u00f3s-gradua\u00e7\u00e3o em Teologia - Not\u00edcias - Franciscanos\",\"isPartOf\":{\"@id\":\"https:\/\/franciscanos.org.br\/noticias\/#website\"},\"primaryImageOfPage\":{\"@id\":\"https:\/\/franciscanos.org.br\/noticias\/usf-lanca-seu-primeiro-curso-de-pos-graduacao-em-teologia.html#primaryimage\"},\"datePublished\":\"2022-08-18T16:32:05+00:00\",\"dateModified\":\"2022-08-21T18:08:07+00:00\",\"author\":{\"@id\":\"https:\/\/franciscanos.org.br\/noticias\/#\/schema\/person\/b5c8cba458c330ccff548b056e95a5d4\"},\"breadcrumb\":{\"@id\":\"https:\/\/franciscanos.org.br\/noticias\/usf-lanca-seu-primeiro-curso-de-pos-graduacao-em-teologia.html#breadcrumb\"},\"inLanguage\":\"pt-BR\",\"potentialAction\":[{\"@type\":\"ReadAction\",\"target\":[\"https:\/\/franciscanos.org.br\/noticias\/usf-lanca-seu-primeiro-curso-de-pos-graduacao-em-teologia.html\"]}]},{\"@type\":\"BreadcrumbList\",\"@id\":\"https:\/\/franciscanos.org.br\/noticias\/usf-lanca-seu-primeiro-curso-de-pos-graduacao-em-teologia.html#breadcrumb\",\"itemListElement\":[{\"@type\":\"ListItem\",\"position\":1,\"name\":\"Home\",\"item\":\"https:\/\/franciscanos.org.br\/noticias\"},{\"@type\":\"ListItem\",\"position\":2,\"name\":\"USF lan\u00e7a seu primeiro curso de p\u00f3s-gradua\u00e7\u00e3o em Teologia\"}]},{\"@type\":\"Person\",\"@id\":\"https:\/\/franciscanos.org.br\/noticias\/#\/schema\/person\/b5c8cba458c330ccff548b056e95a5d4\",\"name\":\"moacir\",\"image\":{\"@type\":\"ImageObject\",\"inLanguage\":\"pt-BR\",\"@id\":\"https:\/\/franciscanos.org.br\/noticias\/#\/schema\/person\/image\/\",\"url\":\"https:\/\/secure.gravatar.com\/avatar\/d08aa2ce4c8dd416d4479aa8536fcf64?s=96&d=mm&r=g\",\"contentUrl\":\"https:\/\/secure.gravatar.com\/avatar\/d08aa2ce4c8dd416d4479aa8536fcf64?s=96&d=mm&r=g\",\"caption\":\"moacir\"},\"url\":\"https:\/\/franciscanos.org.br\/noticias\/author\/moacir\"}]}<\/script>\n<!-- \/ Yoast SEO plugin. -->","yoast_head_json":{"title":"USF lan\u00e7a seu primeiro curso de p\u00f3s-gradua\u00e7\u00e3o em Teologia - Not\u00edcias - Franciscanos","robots":{"index":"index","follow":"follow","max-snippet":"max-snippet:-1","max-image-preview":"max-image-preview:large","max-video-preview":"max-video-preview:-1"},"canonical":"https:\/\/franciscanos.org.br\/noticias\/usf-lanca-seu-primeiro-curso-de-pos-graduacao-em-teologia.html","og_locale":"pt_BR","og_type":"article","og_title":"USF lan\u00e7a seu primeiro curso de p\u00f3s-gradua\u00e7\u00e3o em Teologia - Not\u00edcias - Franciscanos","og_description":"Universidade S\u00e3o Francisco","og_url":"https:\/\/franciscanos.org.br\/noticias\/usf-lanca-seu-primeiro-curso-de-pos-graduacao-em-teologia.html","og_site_name":"Not\u00edcias - Franciscanos","article_published_time":"2022-08-18T16:32:05+00:00","article_modified_time":"2022-08-21T18:08:07+00:00","og_image":[{"width":1280,"height":720,"url":"https:\/\/franciscanos.org.br\/noticias\/wp-content\/uploads\/2022\/08\/01.jpg","type":"image\/jpeg"}],"author":"moacir","twitter_card":"summary_large_image","twitter_misc":{"Escrito por":"moacir","Est. tempo de leitura":"2 minutos"},"schema":{"@context":"https:\/\/schema.org","@graph":[{"@type":"WebSite","@id":"https:\/\/franciscanos.org.br\/noticias\/#website","url":"https:\/\/franciscanos.org.br\/noticias\/","name":"Not\u00edcias - Franciscanos","description":"Prov\u00edncia Franciscana da Imaculada Concei\u00e7\u00e3o do Brasil - Ordem dos Frades Menores - OFM","potentialAction":[{"@type":"SearchAction","target":{"@type":"EntryPoint","urlTemplate":"https:\/\/franciscanos.org.br\/noticias\/?s={search_term_string}"},"query-input":"required name=search_term_string"}],"inLanguage":"pt-BR"},{"@type":"ImageObject","inLanguage":"pt-BR","@id":"https:\/\/franciscanos.org.br\/noticias\/usf-lanca-seu-primeiro-curso-de-pos-graduacao-em-teologia.html#primaryimage","url":"https:\/\/franciscanos.org.br\/noticias\/wp-content\/uploads\/2022\/08\/01.jpg","contentUrl":"https:\/\/franciscanos.org.br\/noticias\/wp-content\/uploads\/2022\/08\/01.jpg","width":1280,"height":720},{"@type":"WebPage","@id":"https:\/\/franciscanos.org.br\/noticias\/usf-lanca-seu-primeiro-curso-de-pos-graduacao-em-teologia.html#webpage","url":"https:\/\/franciscanos.org.br\/noticias\/usf-lanca-seu-primeiro-curso-de-pos-graduacao-em-teologia.html","name":"USF lan\u00e7a seu primeiro curso de p\u00f3s-gradua\u00e7\u00e3o em Teologia - Not\u00edcias - Franciscanos","isPartOf":{"@id":"https:\/\/franciscanos.org.br\/noticias\/#website"},"primaryImageOfPage":{"@id":"https:\/\/franciscanos.org.br\/noticias\/usf-lanca-seu-primeiro-curso-de-pos-graduacao-em-teologia.html#primaryimage"},"datePublished":"2022-08-18T16:32:05+00:00","dateModified":"2022-08-21T18:08:07+00:00","author":{"@id":"https:\/\/franciscanos.org.br\/noticias\/#\/schema\/person\/b5c8cba458c330ccff548b056e95a5d4"},"breadcrumb":{"@id":"https:\/\/franciscanos.org.br\/noticias\/usf-lanca-seu-primeiro-curso-de-pos-graduacao-em-teologia.html#breadcrumb"},"inLanguage":"pt-BR","potentialAction":[{"@type":"ReadAction","target":["https:\/\/franciscanos.org.br\/noticias\/usf-lanca-seu-primeiro-curso-de-pos-graduacao-em-teologia.html"]}]},{"@type":"BreadcrumbList","@id":"https:\/\/franciscanos.org.br\/noticias\/usf-lanca-seu-primeiro-curso-de-pos-graduacao-em-teologia.html#breadcrumb","itemListElement":[{"@type":"ListItem","position":1,"name":"Home","item":"https:\/\/franciscanos.org.br\/noticias"},{"@type":"ListItem","position":2,"name":"USF lan\u00e7a seu primeiro curso de p\u00f3s-gradua\u00e7\u00e3o em Teologia"}]},{"@type":"Person","@id":"https:\/\/franciscanos.org.br\/noticias\/#\/schema\/person\/b5c8cba458c330ccff548b056e95a5d4","name":"moacir","image":{"@type":"ImageObject","inLanguage":"pt-BR","@id":"https:\/\/franciscanos.org.br\/noticias\/#\/schema\/person\/image\/","url":"https:\/\/secure.gravatar.com\/avatar\/d08aa2ce4c8dd416d4479aa8536fcf64?s=96&d=mm&r=g","contentUrl":"https:\/\/secure.gravatar.com\/avatar\/d08aa2ce4c8dd416d4479aa8536fcf64?s=96&d=mm&r=g","caption":"moacir"},"url":"https:\/\/franciscanos.org.br\/noticias\/author\/moacir"}]}},"_links":{"self":[{"href":"https:\/\/franciscanos.org.br\/noticias\/wp-json\/wp\/v2\/posts\/239286"}],"collection":[{"href":"https:\/\/franciscanos.org.br\/noticias\/wp-json\/wp\/v2\/posts"}],"about":[{"href":"https:\/\/franciscanos.org.br\/noticias\/wp-json\/wp\/v2\/types\/post"}],"author":[{"embeddable":true,"href":"https:\/\/franciscanos.org.br\/noticias\/wp-json\/wp\/v2\/users\/3"}],"replies":[{"embeddable":true,"href":"https:\/\/franciscanos.org.br\/noticias\/wp-json\/wp\/v2\/comments?post=239286"}],"version-history":[{"count":2,"href":"https:\/\/franciscanos.org.br\/noticias\/wp-json\/wp\/v2\/posts\/239286\/revisions"}],"predecessor-version":[{"id":239312,"href":"https:\/\/franciscanos.org.br\/noticias\/wp-json\/wp\/v2\/posts\/239286\/revisions\/239312"}],"wp:featuredmedia":[{"embeddable":true,"href":"https:\/\/franciscanos.org.br\/noticias\/wp-json\/wp\/v2\/media\/239287"}],"wp:attachment":[{"href":"https:\/\/franciscanos.org.br\/noticias\/wp-json\/wp\/v2\/media?parent=239286"}],"wp:term":[{"taxonomy":"category","embeddable":true,"href":"https:\/\/franciscanos.org.br\/noticias\/wp-json\/wp\/v2\/categories?post=239286"},{"taxonomy":"post_tag","embeddable":true,"href":"https:\/\/franciscanos.org.br\/noticias\/wp-json\/wp\/v2\/tags?post=239286"}],"curies":[{"name":"wp","href":"https:\/\/api.w.org\/{rel}","templated":true}]}}