{"id":239281,"date":"2022-08-17T10:31:30","date_gmt":"2022-08-17T13:31:30","guid":{"rendered":"https:\/\/franciscanos.org.br\/noticias\/?p=239281"},"modified":"2022-08-17T10:32:36","modified_gmt":"2022-08-17T13:32:36","slug":"ministro-geral-comenta-o-rescrito-do-papa-que-autoriza-irmaos-leigos-serem-superiores","status":"publish","type":"post","link":"https:\/\/franciscanos.org.br\/noticias\/ministro-geral-comenta-o-rescrito-do-papa-que-autoriza-irmaos-leigos-serem-superiores.html","title":{"rendered":"Ministro Geral comenta o rescrito do Papa que autoriza irm\u00e3os leigos serem superiores"},"content":{"rendered":"<div id=\"attachment_239282\" style=\"width: 1162px\" class=\"wp-caption alignnone\"><img aria-describedby=\"caption-attachment-239282\" loading=\"lazy\" class=\"wp-image-239282 size-full\" src=\"https:\/\/franciscanos.org.br\/noticias\/wp-content\/uploads\/2022\/08\/geral_1708.jpg\" alt=\"\" width=\"1152\" height=\"603\" srcset=\"https:\/\/franciscanos.org.br\/noticias\/wp-content\/uploads\/2022\/08\/geral_1708.jpg 1152w, https:\/\/franciscanos.org.br\/noticias\/wp-content\/uploads\/2022\/08\/geral_1708-450x236.jpg 450w, https:\/\/franciscanos.org.br\/noticias\/wp-content\/uploads\/2022\/08\/geral_1708-1024x536.jpg 1024w, https:\/\/franciscanos.org.br\/noticias\/wp-content\/uploads\/2022\/08\/geral_1708-768x402.jpg 768w, https:\/\/franciscanos.org.br\/noticias\/wp-content\/uploads\/2022\/08\/geral_1708-150x79.jpg 150w\" sizes=\"(max-width: 1152px) 100vw, 1152px\" \/><p id=\"caption-attachment-239282\" class=\"wp-caption-text\"><em>\u00a0 \u00a0 \u00a0 \u00a0 Imagem: Reprodu\u00e7\u00e3o do v\u00eddeo da Rome Reports<\/em><\/p><\/div>\n<p>Durante d\u00e9cadas, alguns ramos da Ordem Franciscana trabalharam para restabelecer o sentido original de fraternidade da Ordem.<\/p>\n<p>Em um rescrito do Direito Can\u00f4nico, publicado dia 18 de maio de 2022, o Papa Francisco respondeu aos apelos por maior igualdade entre membros ordenados e n\u00e3o ordenados de institui\u00e7\u00f5es religiosas. O rescrito do c\u00e2non 588, \u00a72, (C\u00f3digo de Direito Can\u00f4nico), que versa sobre a identidade dos institutos clericais de Direito Pontif\u00edcio, entre os quais a Ordem dos Frades Menores est\u00e1 inclusa, concede \u00e0 Congrega\u00e7\u00e3o para os Institutos de Vida Consagrada e Sociedades de Vida Apost\u00f3lica a faculdade de autorizar que os superiores destes institutos possam ser religiosos n\u00e3o-cl\u00e9rigos.<\/p>\n<p>Em entrevista a <strong>Rome Reports<\/strong> (12\/8), uma ag\u00eancia internacional de not\u00edcias especializada na atividade do Papa e do Vaticano, o Ministro Geral da Ordem dos Frades Menores, Frei Massimo Fusarelli, explicou que o Papa Francisco respondeu ao desejo e ao pedido expl\u00edcito de v\u00e1rios institutos religiosos, que era devolver \u00e0 vida religiosa sua dimens\u00e3o carism\u00e1tica. &#8220;Portanto, os irm\u00e3os clericais, n\u00f3s, os sacerdotes, e os irm\u00e3os n\u00e3o-clericais, os leigos, temos os mesmos direitos e deveres. Nossa ordem, como outras, h\u00e1 s\u00e9culos tem irm\u00e3os sacerdotes e irm\u00e3os n\u00e3o ordenados vivendo e trabalhando, juntos sem distin\u00e7\u00e3o&#8221;, disse Frei Massimo.<\/p>\n<p>Este pedido era de unidade e fraternidade, pois reunia os l\u00edderes dos quatro ramos da Fam\u00edlia Franciscana: os Frades Menores, os Capuchinhos, os Franciscanos Conventuais e os Regulares da Ordem Terceira.<\/p>\n<p>Segundo o Ministro geral da Ordem dos Frades Menores, no in\u00edcio da Ordem n\u00e3o havia essa distin\u00e7\u00e3o. &#8220;Tivemos S\u00e3o Francisco. Ele n\u00e3o era um presb\u00edtero. Nem seu sucessor, o irm\u00e3o Elias. Nascemos como fam\u00edlias onde, em primeiro lugar, somos todos irm\u00e3os, professando a mesma Regra e \u00e9 isso que nos une e o que nos permite fazer tudo em fraternidade, explica Frei Massimo.<\/p>\n<p>Todos n\u00f3s, juntamente com outras institui\u00e7\u00f5es, quer\u00edamos esta mudan\u00e7a porque significa ir \u00e0 origem da vida religiosa, lembra o Ministro Geral.<\/p>\n<p>Este rescrito n\u00e3o altera o Direito Can\u00f4nico, mas sim, em casos individuais, permite que membros n\u00e3o-ordenados sejam nomeados superiores locais ou superiores maiores de sua ordem religiosa.<\/p>\n<p>Para Frei Massimo, a mudan\u00e7a &#8220;nos ajudar\u00e1 a reconhecer melhor o fato de que somos realmente uma fraternidade de pessoas iguais entre si e o que nos une, os franciscanos, por exemplo, \u00e9 seguir a Regra franciscana. Esta mudan\u00e7a do Papa nos une. Converte-nos em irm\u00e3os menores e religiosos. Outra coisa \u00e9 que alguns de n\u00f3s s\u00e3o chamados a servir \u00e0 Igreja e o povo de Deus como sacerdotes, mas os demais n\u00e3o. O que nos une \u00e9 ser irm\u00e3os e irm\u00e3os menores.<\/p>\n<p>Segundo Frei Fusarelli, reconhecer que h\u00e1 igualdade entre irm\u00e3os religiosos n\u00e3o s\u00f3 \u00e9 ben\u00e9fico para a vida religiosa, mas para a natureza fraternal de toda a Igreja.<\/p>\n<p>Em linguagem pr\u00f3pria da Ordem dos Frades Menores, o rescrito estabelece que:<\/p>\n<p style=\"text-align: left; padding-left: 40px;\">1. Um frade irm\u00e3o leigo pode ser nomeado Guardi\u00e3o pelo Ministro Provincial com o consentimento de seu Definit\u00f3rio.<\/p>\n<p style=\"text-align: left; padding-left: 40px;\">2. Um frade irm\u00e3o leigo pode ser nomeado Ministro Provincial, ap\u00f3s a licen\u00e7a escrita da Congrega\u00e7\u00e3o para os Institutos de Vida Consagrada e Sociedades de Vida Apost\u00f3lica, solicitada pelo Ministro Geral com o consentimento de seu Definit\u00f3rio.<\/p>\n<p style=\"text-align: left; padding-left: 40px;\">3. Um frade irm\u00e3o leigo que \u00e9 eleito Ministro Geral ou Provincial, de acordo com o estabelecido na lei pr\u00f3pria da Ordem, requer confirma\u00e7\u00e3o \u2013 por licen\u00e7a escrita \u2013 da Congrega\u00e7\u00e3o para os Institutos de Vida Consagrado e Sociedades de Vida Apost\u00f3lica.<\/p>\n<p style=\"text-align: left; padding-left: 40px;\">4. \u00c0 Congrega\u00e7\u00e3o para os Institutos de Vida Consagrada e Sociedades de Vida Apost\u00f3lica se reserva o direito de avaliar cada caso individualmente e as raz\u00f5es apresentadas pelo Ministro Geral ou pelo Cap\u00edtulo Geral.<\/p>\n","protected":false},"excerpt":{"rendered":"<p>Ordem dos Frades Menores<\/p>\n","protected":false},"author":3,"featured_media":239282,"comment_status":"open","ping_status":"open","sticky":false,"template":"","format":"standard","meta":[],"categories":[1],"tags":[397],"acf":[],"yoast_head":"<!-- This site is optimized with the Yoast SEO plugin v19.2 - https:\/\/yoast.com\/wordpress\/plugins\/seo\/ -->\n<title>Ministro Geral comenta o rescrito do Papa que autoriza irm\u00e3os leigos serem superiores - Not\u00edcias - Franciscanos<\/title>\n<meta name=\"robots\" content=\"index, follow, max-snippet:-1, max-image-preview:large, max-video-preview:-1\" \/>\n<link rel=\"canonical\" href=\"https:\/\/franciscanos.org.br\/noticias\/ministro-geral-comenta-o-rescrito-do-papa-que-autoriza-irmaos-leigos-serem-superiores.html\" \/>\n<meta property=\"og:locale\" content=\"pt_BR\" \/>\n<meta property=\"og:type\" content=\"article\" \/>\n<meta property=\"og:title\" content=\"Ministro Geral comenta o rescrito do Papa que autoriza irm\u00e3os leigos serem superiores - Not\u00edcias - Franciscanos\" \/>\n<meta property=\"og:description\" content=\"Ordem dos Frades Menores\" \/>\n<meta property=\"og:url\" content=\"https:\/\/franciscanos.org.br\/noticias\/ministro-geral-comenta-o-rescrito-do-papa-que-autoriza-irmaos-leigos-serem-superiores.html\" \/>\n<meta property=\"og:site_name\" content=\"Not\u00edcias - Franciscanos\" \/>\n<meta property=\"article:published_time\" content=\"2022-08-17T13:31:30+00:00\" \/>\n<meta property=\"article:modified_time\" content=\"2022-08-17T13:32:36+00:00\" \/>\n<meta property=\"og:image\" content=\"https:\/\/franciscanos.org.br\/noticias\/wp-content\/uploads\/2022\/08\/geral_1708.jpg\" \/>\n\t<meta property=\"og:image:width\" content=\"1152\" \/>\n\t<meta property=\"og:image:height\" content=\"603\" \/>\n\t<meta property=\"og:image:type\" content=\"image\/jpeg\" \/>\n<meta name=\"author\" content=\"moacir\" \/>\n<meta name=\"twitter:card\" content=\"summary_large_image\" \/>\n<meta name=\"twitter:label1\" content=\"Escrito por\" \/>\n\t<meta name=\"twitter:data1\" content=\"moacir\" \/>\n\t<meta name=\"twitter:label2\" content=\"Est. tempo de leitura\" \/>\n\t<meta name=\"twitter:data2\" content=\"3 minutos\" \/>\n<script type=\"application\/ld+json\" class=\"yoast-schema-graph\">{\"@context\":\"https:\/\/schema.org\",\"@graph\":[{\"@type\":\"WebSite\",\"@id\":\"https:\/\/franciscanos.org.br\/noticias\/#website\",\"url\":\"https:\/\/franciscanos.org.br\/noticias\/\",\"name\":\"Not\u00edcias - Franciscanos\",\"description\":\"Prov\u00edncia Franciscana da Imaculada Concei\u00e7\u00e3o do Brasil - Ordem dos Frades Menores - OFM\",\"potentialAction\":[{\"@type\":\"SearchAction\",\"target\":{\"@type\":\"EntryPoint\",\"urlTemplate\":\"https:\/\/franciscanos.org.br\/noticias\/?s={search_term_string}\"},\"query-input\":\"required name=search_term_string\"}],\"inLanguage\":\"pt-BR\"},{\"@type\":\"ImageObject\",\"inLanguage\":\"pt-BR\",\"@id\":\"https:\/\/franciscanos.org.br\/noticias\/ministro-geral-comenta-o-rescrito-do-papa-que-autoriza-irmaos-leigos-serem-superiores.html#primaryimage\",\"url\":\"https:\/\/franciscanos.org.br\/noticias\/wp-content\/uploads\/2022\/08\/geral_1708.jpg\",\"contentUrl\":\"https:\/\/franciscanos.org.br\/noticias\/wp-content\/uploads\/2022\/08\/geral_1708.jpg\",\"width\":1152,\"height\":603},{\"@type\":\"WebPage\",\"@id\":\"https:\/\/franciscanos.org.br\/noticias\/ministro-geral-comenta-o-rescrito-do-papa-que-autoriza-irmaos-leigos-serem-superiores.html#webpage\",\"url\":\"https:\/\/franciscanos.org.br\/noticias\/ministro-geral-comenta-o-rescrito-do-papa-que-autoriza-irmaos-leigos-serem-superiores.html\",\"name\":\"Ministro Geral comenta o rescrito do Papa que autoriza irm\u00e3os leigos serem superiores - Not\u00edcias - Franciscanos\",\"isPartOf\":{\"@id\":\"https:\/\/franciscanos.org.br\/noticias\/#website\"},\"primaryImageOfPage\":{\"@id\":\"https:\/\/franciscanos.org.br\/noticias\/ministro-geral-comenta-o-rescrito-do-papa-que-autoriza-irmaos-leigos-serem-superiores.html#primaryimage\"},\"datePublished\":\"2022-08-17T13:31:30+00:00\",\"dateModified\":\"2022-08-17T13:32:36+00:00\",\"author\":{\"@id\":\"https:\/\/franciscanos.org.br\/noticias\/#\/schema\/person\/b5c8cba458c330ccff548b056e95a5d4\"},\"breadcrumb\":{\"@id\":\"https:\/\/franciscanos.org.br\/noticias\/ministro-geral-comenta-o-rescrito-do-papa-que-autoriza-irmaos-leigos-serem-superiores.html#breadcrumb\"},\"inLanguage\":\"pt-BR\",\"potentialAction\":[{\"@type\":\"ReadAction\",\"target\":[\"https:\/\/franciscanos.org.br\/noticias\/ministro-geral-comenta-o-rescrito-do-papa-que-autoriza-irmaos-leigos-serem-superiores.html\"]}]},{\"@type\":\"BreadcrumbList\",\"@id\":\"https:\/\/franciscanos.org.br\/noticias\/ministro-geral-comenta-o-rescrito-do-papa-que-autoriza-irmaos-leigos-serem-superiores.html#breadcrumb\",\"itemListElement\":[{\"@type\":\"ListItem\",\"position\":1,\"name\":\"Home\",\"item\":\"https:\/\/franciscanos.org.br\/noticias\"},{\"@type\":\"ListItem\",\"position\":2,\"name\":\"Ministro Geral comenta o rescrito do Papa que autoriza irm\u00e3os leigos serem superiores\"}]},{\"@type\":\"Person\",\"@id\":\"https:\/\/franciscanos.org.br\/noticias\/#\/schema\/person\/b5c8cba458c330ccff548b056e95a5d4\",\"name\":\"moacir\",\"image\":{\"@type\":\"ImageObject\",\"inLanguage\":\"pt-BR\",\"@id\":\"https:\/\/franciscanos.org.br\/noticias\/#\/schema\/person\/image\/\",\"url\":\"https:\/\/secure.gravatar.com\/avatar\/d08aa2ce4c8dd416d4479aa8536fcf64?s=96&d=mm&r=g\",\"contentUrl\":\"https:\/\/secure.gravatar.com\/avatar\/d08aa2ce4c8dd416d4479aa8536fcf64?s=96&d=mm&r=g\",\"caption\":\"moacir\"},\"url\":\"https:\/\/franciscanos.org.br\/noticias\/author\/moacir\"}]}<\/script>\n<!-- \/ Yoast SEO plugin. -->","yoast_head_json":{"title":"Ministro Geral comenta o rescrito do Papa que autoriza irm\u00e3os leigos serem superiores - Not\u00edcias - Franciscanos","robots":{"index":"index","follow":"follow","max-snippet":"max-snippet:-1","max-image-preview":"max-image-preview:large","max-video-preview":"max-video-preview:-1"},"canonical":"https:\/\/franciscanos.org.br\/noticias\/ministro-geral-comenta-o-rescrito-do-papa-que-autoriza-irmaos-leigos-serem-superiores.html","og_locale":"pt_BR","og_type":"article","og_title":"Ministro Geral comenta o rescrito do Papa que autoriza irm\u00e3os leigos serem superiores - Not\u00edcias - Franciscanos","og_description":"Ordem dos Frades Menores","og_url":"https:\/\/franciscanos.org.br\/noticias\/ministro-geral-comenta-o-rescrito-do-papa-que-autoriza-irmaos-leigos-serem-superiores.html","og_site_name":"Not\u00edcias - Franciscanos","article_published_time":"2022-08-17T13:31:30+00:00","article_modified_time":"2022-08-17T13:32:36+00:00","og_image":[{"width":1152,"height":603,"url":"https:\/\/franciscanos.org.br\/noticias\/wp-content\/uploads\/2022\/08\/geral_1708.jpg","type":"image\/jpeg"}],"author":"moacir","twitter_card":"summary_large_image","twitter_misc":{"Escrito por":"moacir","Est. tempo de leitura":"3 minutos"},"schema":{"@context":"https:\/\/schema.org","@graph":[{"@type":"WebSite","@id":"https:\/\/franciscanos.org.br\/noticias\/#website","url":"https:\/\/franciscanos.org.br\/noticias\/","name":"Not\u00edcias - Franciscanos","description":"Prov\u00edncia Franciscana da Imaculada Concei\u00e7\u00e3o do Brasil - Ordem dos Frades Menores - OFM","potentialAction":[{"@type":"SearchAction","target":{"@type":"EntryPoint","urlTemplate":"https:\/\/franciscanos.org.br\/noticias\/?s={search_term_string}"},"query-input":"required name=search_term_string"}],"inLanguage":"pt-BR"},{"@type":"ImageObject","inLanguage":"pt-BR","@id":"https:\/\/franciscanos.org.br\/noticias\/ministro-geral-comenta-o-rescrito-do-papa-que-autoriza-irmaos-leigos-serem-superiores.html#primaryimage","url":"https:\/\/franciscanos.org.br\/noticias\/wp-content\/uploads\/2022\/08\/geral_1708.jpg","contentUrl":"https:\/\/franciscanos.org.br\/noticias\/wp-content\/uploads\/2022\/08\/geral_1708.jpg","width":1152,"height":603},{"@type":"WebPage","@id":"https:\/\/franciscanos.org.br\/noticias\/ministro-geral-comenta-o-rescrito-do-papa-que-autoriza-irmaos-leigos-serem-superiores.html#webpage","url":"https:\/\/franciscanos.org.br\/noticias\/ministro-geral-comenta-o-rescrito-do-papa-que-autoriza-irmaos-leigos-serem-superiores.html","name":"Ministro Geral comenta o rescrito do Papa que autoriza irm\u00e3os leigos serem superiores - Not\u00edcias - Franciscanos","isPartOf":{"@id":"https:\/\/franciscanos.org.br\/noticias\/#website"},"primaryImageOfPage":{"@id":"https:\/\/franciscanos.org.br\/noticias\/ministro-geral-comenta-o-rescrito-do-papa-que-autoriza-irmaos-leigos-serem-superiores.html#primaryimage"},"datePublished":"2022-08-17T13:31:30+00:00","dateModified":"2022-08-17T13:32:36+00:00","author":{"@id":"https:\/\/franciscanos.org.br\/noticias\/#\/schema\/person\/b5c8cba458c330ccff548b056e95a5d4"},"breadcrumb":{"@id":"https:\/\/franciscanos.org.br\/noticias\/ministro-geral-comenta-o-rescrito-do-papa-que-autoriza-irmaos-leigos-serem-superiores.html#breadcrumb"},"inLanguage":"pt-BR","potentialAction":[{"@type":"ReadAction","target":["https:\/\/franciscanos.org.br\/noticias\/ministro-geral-comenta-o-rescrito-do-papa-que-autoriza-irmaos-leigos-serem-superiores.html"]}]},{"@type":"BreadcrumbList","@id":"https:\/\/franciscanos.org.br\/noticias\/ministro-geral-comenta-o-rescrito-do-papa-que-autoriza-irmaos-leigos-serem-superiores.html#breadcrumb","itemListElement":[{"@type":"ListItem","position":1,"name":"Home","item":"https:\/\/franciscanos.org.br\/noticias"},{"@type":"ListItem","position":2,"name":"Ministro Geral comenta o rescrito do Papa que autoriza irm\u00e3os leigos serem superiores"}]},{"@type":"Person","@id":"https:\/\/franciscanos.org.br\/noticias\/#\/schema\/person\/b5c8cba458c330ccff548b056e95a5d4","name":"moacir","image":{"@type":"ImageObject","inLanguage":"pt-BR","@id":"https:\/\/franciscanos.org.br\/noticias\/#\/schema\/person\/image\/","url":"https:\/\/secure.gravatar.com\/avatar\/d08aa2ce4c8dd416d4479aa8536fcf64?s=96&d=mm&r=g","contentUrl":"https:\/\/secure.gravatar.com\/avatar\/d08aa2ce4c8dd416d4479aa8536fcf64?s=96&d=mm&r=g","caption":"moacir"},"url":"https:\/\/franciscanos.org.br\/noticias\/author\/moacir"}]}},"_links":{"self":[{"href":"https:\/\/franciscanos.org.br\/noticias\/wp-json\/wp\/v2\/posts\/239281"}],"collection":[{"href":"https:\/\/franciscanos.org.br\/noticias\/wp-json\/wp\/v2\/posts"}],"about":[{"href":"https:\/\/franciscanos.org.br\/noticias\/wp-json\/wp\/v2\/types\/post"}],"author":[{"embeddable":true,"href":"https:\/\/franciscanos.org.br\/noticias\/wp-json\/wp\/v2\/users\/3"}],"replies":[{"embeddable":true,"href":"https:\/\/franciscanos.org.br\/noticias\/wp-json\/wp\/v2\/comments?post=239281"}],"version-history":[{"count":3,"href":"https:\/\/franciscanos.org.br\/noticias\/wp-json\/wp\/v2\/posts\/239281\/revisions"}],"predecessor-version":[{"id":239285,"href":"https:\/\/franciscanos.org.br\/noticias\/wp-json\/wp\/v2\/posts\/239281\/revisions\/239285"}],"wp:featuredmedia":[{"embeddable":true,"href":"https:\/\/franciscanos.org.br\/noticias\/wp-json\/wp\/v2\/media\/239282"}],"wp:attachment":[{"href":"https:\/\/franciscanos.org.br\/noticias\/wp-json\/wp\/v2\/media?parent=239281"}],"wp:term":[{"taxonomy":"category","embeddable":true,"href":"https:\/\/franciscanos.org.br\/noticias\/wp-json\/wp\/v2\/categories?post=239281"},{"taxonomy":"post_tag","embeddable":true,"href":"https:\/\/franciscanos.org.br\/noticias\/wp-json\/wp\/v2\/tags?post=239281"}],"curies":[{"name":"wp","href":"https:\/\/api.w.org\/{rel}","templated":true}]}}