{"id":239277,"date":"2022-08-17T07:50:43","date_gmt":"2022-08-17T10:50:43","guid":{"rendered":"https:\/\/franciscanos.org.br\/noticias\/?p=239277"},"modified":"2022-08-17T07:50:43","modified_gmt":"2022-08-17T10:50:43","slug":"papa-a-alianca-das-pessoas-idosas-e-das-criancas-salvara-a-familia-humana","status":"publish","type":"post","link":"https:\/\/franciscanos.org.br\/noticias\/papa-a-alianca-das-pessoas-idosas-e-das-criancas-salvara-a-familia-humana.html","title":{"rendered":"Papa: a alian\u00e7a das pessoas idosas e das crian\u00e7as salvar\u00e1 a fam\u00edlia humana"},"content":{"rendered":"<div id=\"attachment_239279\" style=\"width: 910px\" class=\"wp-caption alignnone\"><img aria-describedby=\"caption-attachment-239279\" loading=\"lazy\" class=\"wp-image-239279 size-full\" src=\"https:\/\/franciscanos.org.br\/noticias\/wp-content\/uploads\/2022\/08\/audiencia_1708.jpg\" alt=\"\" width=\"900\" height=\"506\" srcset=\"https:\/\/franciscanos.org.br\/noticias\/wp-content\/uploads\/2022\/08\/audiencia_1708.jpg 900w, https:\/\/franciscanos.org.br\/noticias\/wp-content\/uploads\/2022\/08\/audiencia_1708-450x253.jpg 450w, https:\/\/franciscanos.org.br\/noticias\/wp-content\/uploads\/2022\/08\/audiencia_1708-768x432.jpg 768w, https:\/\/franciscanos.org.br\/noticias\/wp-content\/uploads\/2022\/08\/audiencia_1708-150x84.jpg 150w\" sizes=\"(max-width: 900px) 100vw, 900px\" \/><p id=\"caption-attachment-239279\" class=\"wp-caption-text\"><em>\u00a0 \u00a0 \u00a0 \u00a0 \u00a0 \u00a0 \u00a0 \u00a0 \u00a0 \u00a0 \u00a0 \u00a0 \u00a0 \u00a0 \u00a0 \u00a0 \u00a0 \u00a0 \u00a0 \u00a0 \u00a0 \u00a0 \u00a0 \u00a0 \u00a0 \u00a0 \u00a0 \u00a0 \u00a0 \u00a0 \u00a0 \u00a0 \u00a0 \u00a0 \u00a0 \u00a0 \u00a0 \u00a0 \u00a0 \u00a0 \u00a0 \u00a0 \u00a0 \u00a0 \u00a0 \u00a0 \u00a0 \u00a0 \u00a0 \u00a0 \u00a0 \u00a0 \u00a0 \u00a0 \u00a0 \u00a0 \u00a0 \u00a0 \u00a0 \u00a0 \u00a0 \u00a0 \u00a0 \u00a0 \u00a0 \u00a0 Imagem: Vatican Media<\/em><\/p><\/div>\n<p>\u201cO testemunho dos idosos \u00e9 cred\u00edvel para as crian\u00e7as: os jovens e os adultos n\u00e3o s\u00e3o capazes de torn\u00e1-lo t\u00e3o aut\u00eantico, t\u00e3o terno, t\u00e3o pungente, como os idosos podem.\u201d<\/p>\n<p>S\u00e3o as \u00faltimas catequeses sobre a velhice, como anunciado pelo Papa na Audi\u00eancia Geral da \u00faltima quarta-feira. E na de hoje, Francisco de uma forma quase po\u00e9tica falou desta alian\u00e7a entre os idosos e as crian\u00e7as, alian\u00e7a esta que salvar\u00e1 a fam\u00edlia humana.<\/p>\n<p>Sua inspira\u00e7\u00e3o s\u00e3o as palavras do sonho prof\u00e9tico de Daniel que evocam uma vis\u00e3o de Deus misteriosa e ao mesmo tempo espl\u00eandida, e que s\u00e3o retomadas no Livro do Apocalipse e se referem a Jesus Ressuscitado, que aparece ao Vidente como Messias, Sacerdote e Rei, eterno, onisciente e imut\u00e1vel e lhe diz: &#8220;N\u00e3o temas! Eu sou o Primeiro e o \u00daltimo, e o que vive. Pois estive morto, e eis-me de novo vivo pelos s\u00e9culos dos s\u00e9culos. &#8221; Assim \u2013 disse o Papa &#8211; a \u00faltima barreira de temor e ang\u00fastia que a teofania sempre despertou desaparece: o que vive nos tranquiliza: &#8220;Neste entrela\u00e7amento de s\u00edmbolos h\u00e1 um aspecto que talvez nos ajude a entender melhor a liga\u00e7\u00e3o desta teofania com o ciclo da vida, o tempo da hist\u00f3ria, o senhorio de Deus sobre o mundo criado. E este aspecto tem a ver precisamente com a velhice&#8221;.<\/p>\n<p>De fato, explicou, &#8220;a vis\u00e3o transmite uma impress\u00e3o de vigor e for\u00e7a, nobreza, beleza e encanto. O vestido, os olhos, a voz, os p\u00e9s, tudo \u00e9 espl\u00eandido. Seus cabelos, por\u00e9m, s\u00e3o c\u00e2ndidos: como a l\u00e3, como a neve. Como os de um idoso&#8221;.<\/p>\n<p>O termo b\u00edblico mais comum para indicar anci\u00e3o \u2013 acrescentou &#8211; \u00e9 &#8220;zaqen&#8221;: de &#8220;zaqan&#8221;, que significa &#8220;barba&#8221;: &#8220;O cabelo branco \u00e9 o s\u00edmbolo antigo de um tempo muito longo, de um passado imemor\u00e1vel, de uma exist\u00eancia eterna. N\u00e3o devemos desmitificar tudo para as crian\u00e7as: a imagem de um Deus idoso com cabelos brancos n\u00e3o \u00e9 um s\u00edmbolo bobo, \u00e9 uma imagem b\u00edblica, nobre e tamb\u00e9m terna. A figura que no Apocalipse est\u00e1 entre os casti\u00e7ais de ouro se sobrep\u00f5e \u00e0 do &#8220;Antigo dos dias&#8221; da profecia de Daniel. \u00c9 velho quanto toda a humanidade, e ainda mais. \u00c9 antigo e novo como a eternidade de Deus&#8221;.<\/p>\n<p>O Santo Padre recorda que nas Igrejas Orientais, a festa da Apresenta\u00e7\u00e3o do Senhor, celebrada em 2 de fevereiro, \u00e9 uma das doze grandes festas do ano lit\u00fargico. Ela destaca o encontro entre a humanidade, representada pelos idosos Sime\u00e3o e Ana, com Cristo, o Senhor, o Filho eterno de Deus feito homem. &#8220;Um belo \u00edcone dele pode ser admirado em Roma nos mosaicos de Santa Maria in Trastevere&#8221;.<\/p>\n<p>Na liturgia bizantina, o bispo reza com Sime\u00e3o: &#8216;Este \u00e9 Aquele que nasceu da Virgem: \u00e9 o Verbo, Deus de Deus, Aquele que se fez carne para n\u00f3s e salvou o homem&#8217;. E continua: &#8220;Que se abra hoje a porta do c\u00e9u: o Verbo eterno do Pai, tendo assumido um princ\u00edpio temporal, sem deixar sua divindade, \u00e9 apresento por sua vontade ao templo da Lei pela Virgem M\u00e3e, e o anci\u00e3o o toma em seus bra\u00e7os&#8221;.<\/p>\n<p>O Papa recorda ainda as palavras que o bispo reza com Sime\u00e3o na liturgia bizantina, palavras que expressam a profiss\u00e3o de f\u00e9 dos quatro primeiros Conc\u00edlios Ecum\u00eanicos, que s\u00e3o sagrados para todas as Igrejas. Mas \u2013 acrescentou &#8211; &#8220;o gesto de Sime\u00e3o \u00e9 tamb\u00e9m o mais belo \u00edcone da especial voca\u00e7\u00e3o da velhice: apresentar as crian\u00e7as que v\u00eam ao mundo como um dom ininterrupto de Deus, sabendo que uma delas \u00e9 o Filho gerado na intimidade mesma de Deus, antes de todos os s\u00e9culos&#8221;: &#8220;Assim, a velhice, encaminhada em dire\u00e7\u00e3o de um mundo no qual finalmente poder\u00e1 irradiar-se, sem obst\u00e1culos, o amor que Deus colocou na Cria\u00e7\u00e3o, deve realizar este gesto de Sime\u00e3o e de Ana, antes de partir: A velhice deve dar testemunho \u00e0s crian\u00e7as da sua b\u00ean\u00e7\u00e3o: ela consiste na sua inicia\u00e7\u00e3o &#8211; bela e dif\u00edcil &#8211; ao mist\u00e9rio de um destino \u00e0 vida que ningu\u00e9m pode aniquilar. Nem mesmo a morte&#8221;.<\/p>\n<p>E o testemunho dos idosos \u2013 salientou &#8211; \u00e9 cred\u00edvel para as crian\u00e7as: &#8220;os jovens e os adultos n\u00e3o s\u00e3o capazes de torn\u00e1-lo t\u00e3o aut\u00eantico, t\u00e3o terno, t\u00e3o pungente, como os idosos podem&#8221;: &#8220;Quando a pessoa idosa aben\u00e7oa a vida que lhe vem ao encontro, deixando de lado todo o ressentimento pela vida que est\u00e1 partindo, \u00e9 irresist\u00edvel. O testemunho dos idosos une as idades da vida e as pr\u00f3prias dimens\u00f5es do tempo: passado, presente e futuro. \u00c9 doloroso &#8211; e prejudicial &#8211; ver que as idades da vida s\u00e3o concebidas como mundos separados, em competi\u00e7\u00e3o entre elas, cada um tentando viver \u00e0s custas do outro. A humanidade \u00e9 antiga, muito antiga, se olharmos para o tempo do rel\u00f3gio. Mas o Filho de Deus, que nasceu de uma mulher, \u00e9 o Primeiro e o \u00daltimo de todos os tempos. Isso significa que ningu\u00e9m fica fora de sua eterna gera\u00e7\u00e3o, fora de sua maravilhosa for\u00e7a, fora de sua proximidade amorosa&#8221;.<\/p>\n<p>Ent\u00e3o, do pr\u00f3prio Francisco, uma afirma\u00e7\u00e3o tamb\u00e9m prof\u00e9tica: &#8220;A alian\u00e7a das pessoas idosas e das crian\u00e7as salvar\u00e1 a fam\u00edlia humana&#8221;: &#8220;Poder\u00edamos, por favor, devolver \u00e0s crian\u00e7as, que devem aprender a nascer, o testemunho terno dos idosos que possuem a sabedoria do morrer? Esta humanidade, que com todo seu progresso nos parece como um adolescente nascido ontem, ser\u00e1 capaz de reavivar a gra\u00e7a de uma velhice que mant\u00e9m firme o horizonte do nosso destino? A morte \u00e9 certamente uma passagem dif\u00edcil na vida: mas tamb\u00e9m a passagem que encerra o tempo da incerteza e joga fora o rel\u00f3gio. Pois a beleza da vida, que n\u00e3o tem mais uma data de expira\u00e7\u00e3o, come\u00e7a precisamente ali&#8221;.<\/p>\n<hr \/>\n<p><em>Fonte: Vatican News<\/em><\/p>\n","protected":false},"excerpt":{"rendered":"<p>Audi\u00eancia Geral<\/p>\n","protected":false},"author":3,"featured_media":239279,"comment_status":"open","ping_status":"open","sticky":false,"template":"","format":"standard","meta":[],"categories":[1428],"tags":[487],"acf":[],"yoast_head":"<!-- This site is optimized with the Yoast SEO plugin v19.2 - https:\/\/yoast.com\/wordpress\/plugins\/seo\/ -->\n<title>Papa: a alian\u00e7a das pessoas idosas e das crian\u00e7as salvar\u00e1 a fam\u00edlia humana - Not\u00edcias - Franciscanos<\/title>\n<meta name=\"robots\" content=\"index, follow, max-snippet:-1, max-image-preview:large, max-video-preview:-1\" \/>\n<link rel=\"canonical\" href=\"https:\/\/franciscanos.org.br\/noticias\/papa-a-alianca-das-pessoas-idosas-e-das-criancas-salvara-a-familia-humana.html\" \/>\n<meta property=\"og:locale\" content=\"pt_BR\" \/>\n<meta property=\"og:type\" content=\"article\" \/>\n<meta property=\"og:title\" content=\"Papa: a alian\u00e7a das pessoas idosas e das crian\u00e7as salvar\u00e1 a fam\u00edlia humana - Not\u00edcias - Franciscanos\" \/>\n<meta property=\"og:description\" content=\"Audi\u00eancia Geral\" \/>\n<meta property=\"og:url\" content=\"https:\/\/franciscanos.org.br\/noticias\/papa-a-alianca-das-pessoas-idosas-e-das-criancas-salvara-a-familia-humana.html\" \/>\n<meta property=\"og:site_name\" content=\"Not\u00edcias - Franciscanos\" \/>\n<meta property=\"article:published_time\" content=\"2022-08-17T10:50:43+00:00\" \/>\n<meta property=\"og:image\" content=\"https:\/\/franciscanos.org.br\/noticias\/wp-content\/uploads\/2022\/08\/audiencia_1708.jpg\" \/>\n\t<meta property=\"og:image:width\" content=\"900\" \/>\n\t<meta property=\"og:image:height\" content=\"506\" \/>\n\t<meta property=\"og:image:type\" content=\"image\/jpeg\" \/>\n<meta name=\"author\" content=\"moacir\" \/>\n<meta name=\"twitter:card\" content=\"summary_large_image\" \/>\n<meta name=\"twitter:label1\" content=\"Escrito por\" \/>\n\t<meta name=\"twitter:data1\" content=\"moacir\" \/>\n\t<meta name=\"twitter:label2\" content=\"Est. tempo de leitura\" \/>\n\t<meta name=\"twitter:data2\" content=\"5 minutos\" \/>\n<script type=\"application\/ld+json\" class=\"yoast-schema-graph\">{\"@context\":\"https:\/\/schema.org\",\"@graph\":[{\"@type\":\"WebSite\",\"@id\":\"https:\/\/franciscanos.org.br\/noticias\/#website\",\"url\":\"https:\/\/franciscanos.org.br\/noticias\/\",\"name\":\"Not\u00edcias - Franciscanos\",\"description\":\"Prov\u00edncia Franciscana da Imaculada Concei\u00e7\u00e3o do Brasil - Ordem dos Frades Menores - OFM\",\"potentialAction\":[{\"@type\":\"SearchAction\",\"target\":{\"@type\":\"EntryPoint\",\"urlTemplate\":\"https:\/\/franciscanos.org.br\/noticias\/?s={search_term_string}\"},\"query-input\":\"required name=search_term_string\"}],\"inLanguage\":\"pt-BR\"},{\"@type\":\"ImageObject\",\"inLanguage\":\"pt-BR\",\"@id\":\"https:\/\/franciscanos.org.br\/noticias\/papa-a-alianca-das-pessoas-idosas-e-das-criancas-salvara-a-familia-humana.html#primaryimage\",\"url\":\"https:\/\/franciscanos.org.br\/noticias\/wp-content\/uploads\/2022\/08\/audiencia_1708.jpg\",\"contentUrl\":\"https:\/\/franciscanos.org.br\/noticias\/wp-content\/uploads\/2022\/08\/audiencia_1708.jpg\",\"width\":900,\"height\":506},{\"@type\":\"WebPage\",\"@id\":\"https:\/\/franciscanos.org.br\/noticias\/papa-a-alianca-das-pessoas-idosas-e-das-criancas-salvara-a-familia-humana.html#webpage\",\"url\":\"https:\/\/franciscanos.org.br\/noticias\/papa-a-alianca-das-pessoas-idosas-e-das-criancas-salvara-a-familia-humana.html\",\"name\":\"Papa: a alian\u00e7a das pessoas idosas e das crian\u00e7as salvar\u00e1 a fam\u00edlia humana - Not\u00edcias - Franciscanos\",\"isPartOf\":{\"@id\":\"https:\/\/franciscanos.org.br\/noticias\/#website\"},\"primaryImageOfPage\":{\"@id\":\"https:\/\/franciscanos.org.br\/noticias\/papa-a-alianca-das-pessoas-idosas-e-das-criancas-salvara-a-familia-humana.html#primaryimage\"},\"datePublished\":\"2022-08-17T10:50:43+00:00\",\"dateModified\":\"2022-08-17T10:50:43+00:00\",\"author\":{\"@id\":\"https:\/\/franciscanos.org.br\/noticias\/#\/schema\/person\/b5c8cba458c330ccff548b056e95a5d4\"},\"breadcrumb\":{\"@id\":\"https:\/\/franciscanos.org.br\/noticias\/papa-a-alianca-das-pessoas-idosas-e-das-criancas-salvara-a-familia-humana.html#breadcrumb\"},\"inLanguage\":\"pt-BR\",\"potentialAction\":[{\"@type\":\"ReadAction\",\"target\":[\"https:\/\/franciscanos.org.br\/noticias\/papa-a-alianca-das-pessoas-idosas-e-das-criancas-salvara-a-familia-humana.html\"]}]},{\"@type\":\"BreadcrumbList\",\"@id\":\"https:\/\/franciscanos.org.br\/noticias\/papa-a-alianca-das-pessoas-idosas-e-das-criancas-salvara-a-familia-humana.html#breadcrumb\",\"itemListElement\":[{\"@type\":\"ListItem\",\"position\":1,\"name\":\"Home\",\"item\":\"https:\/\/franciscanos.org.br\/noticias\"},{\"@type\":\"ListItem\",\"position\":2,\"name\":\"Papa: a alian\u00e7a das pessoas idosas e das crian\u00e7as salvar\u00e1 a fam\u00edlia humana\"}]},{\"@type\":\"Person\",\"@id\":\"https:\/\/franciscanos.org.br\/noticias\/#\/schema\/person\/b5c8cba458c330ccff548b056e95a5d4\",\"name\":\"moacir\",\"image\":{\"@type\":\"ImageObject\",\"inLanguage\":\"pt-BR\",\"@id\":\"https:\/\/franciscanos.org.br\/noticias\/#\/schema\/person\/image\/\",\"url\":\"https:\/\/secure.gravatar.com\/avatar\/d08aa2ce4c8dd416d4479aa8536fcf64?s=96&d=mm&r=g\",\"contentUrl\":\"https:\/\/secure.gravatar.com\/avatar\/d08aa2ce4c8dd416d4479aa8536fcf64?s=96&d=mm&r=g\",\"caption\":\"moacir\"},\"url\":\"https:\/\/franciscanos.org.br\/noticias\/author\/moacir\"}]}<\/script>\n<!-- \/ Yoast SEO plugin. -->","yoast_head_json":{"title":"Papa: a alian\u00e7a das pessoas idosas e das crian\u00e7as salvar\u00e1 a fam\u00edlia humana - Not\u00edcias - Franciscanos","robots":{"index":"index","follow":"follow","max-snippet":"max-snippet:-1","max-image-preview":"max-image-preview:large","max-video-preview":"max-video-preview:-1"},"canonical":"https:\/\/franciscanos.org.br\/noticias\/papa-a-alianca-das-pessoas-idosas-e-das-criancas-salvara-a-familia-humana.html","og_locale":"pt_BR","og_type":"article","og_title":"Papa: a alian\u00e7a das pessoas idosas e das crian\u00e7as salvar\u00e1 a fam\u00edlia humana - Not\u00edcias - Franciscanos","og_description":"Audi\u00eancia Geral","og_url":"https:\/\/franciscanos.org.br\/noticias\/papa-a-alianca-das-pessoas-idosas-e-das-criancas-salvara-a-familia-humana.html","og_site_name":"Not\u00edcias - Franciscanos","article_published_time":"2022-08-17T10:50:43+00:00","og_image":[{"width":900,"height":506,"url":"https:\/\/franciscanos.org.br\/noticias\/wp-content\/uploads\/2022\/08\/audiencia_1708.jpg","type":"image\/jpeg"}],"author":"moacir","twitter_card":"summary_large_image","twitter_misc":{"Escrito por":"moacir","Est. tempo de leitura":"5 minutos"},"schema":{"@context":"https:\/\/schema.org","@graph":[{"@type":"WebSite","@id":"https:\/\/franciscanos.org.br\/noticias\/#website","url":"https:\/\/franciscanos.org.br\/noticias\/","name":"Not\u00edcias - Franciscanos","description":"Prov\u00edncia Franciscana da Imaculada Concei\u00e7\u00e3o do Brasil - Ordem dos Frades Menores - OFM","potentialAction":[{"@type":"SearchAction","target":{"@type":"EntryPoint","urlTemplate":"https:\/\/franciscanos.org.br\/noticias\/?s={search_term_string}"},"query-input":"required name=search_term_string"}],"inLanguage":"pt-BR"},{"@type":"ImageObject","inLanguage":"pt-BR","@id":"https:\/\/franciscanos.org.br\/noticias\/papa-a-alianca-das-pessoas-idosas-e-das-criancas-salvara-a-familia-humana.html#primaryimage","url":"https:\/\/franciscanos.org.br\/noticias\/wp-content\/uploads\/2022\/08\/audiencia_1708.jpg","contentUrl":"https:\/\/franciscanos.org.br\/noticias\/wp-content\/uploads\/2022\/08\/audiencia_1708.jpg","width":900,"height":506},{"@type":"WebPage","@id":"https:\/\/franciscanos.org.br\/noticias\/papa-a-alianca-das-pessoas-idosas-e-das-criancas-salvara-a-familia-humana.html#webpage","url":"https:\/\/franciscanos.org.br\/noticias\/papa-a-alianca-das-pessoas-idosas-e-das-criancas-salvara-a-familia-humana.html","name":"Papa: a alian\u00e7a das pessoas idosas e das crian\u00e7as salvar\u00e1 a fam\u00edlia humana - Not\u00edcias - Franciscanos","isPartOf":{"@id":"https:\/\/franciscanos.org.br\/noticias\/#website"},"primaryImageOfPage":{"@id":"https:\/\/franciscanos.org.br\/noticias\/papa-a-alianca-das-pessoas-idosas-e-das-criancas-salvara-a-familia-humana.html#primaryimage"},"datePublished":"2022-08-17T10:50:43+00:00","dateModified":"2022-08-17T10:50:43+00:00","author":{"@id":"https:\/\/franciscanos.org.br\/noticias\/#\/schema\/person\/b5c8cba458c330ccff548b056e95a5d4"},"breadcrumb":{"@id":"https:\/\/franciscanos.org.br\/noticias\/papa-a-alianca-das-pessoas-idosas-e-das-criancas-salvara-a-familia-humana.html#breadcrumb"},"inLanguage":"pt-BR","potentialAction":[{"@type":"ReadAction","target":["https:\/\/franciscanos.org.br\/noticias\/papa-a-alianca-das-pessoas-idosas-e-das-criancas-salvara-a-familia-humana.html"]}]},{"@type":"BreadcrumbList","@id":"https:\/\/franciscanos.org.br\/noticias\/papa-a-alianca-das-pessoas-idosas-e-das-criancas-salvara-a-familia-humana.html#breadcrumb","itemListElement":[{"@type":"ListItem","position":1,"name":"Home","item":"https:\/\/franciscanos.org.br\/noticias"},{"@type":"ListItem","position":2,"name":"Papa: a alian\u00e7a das pessoas idosas e das crian\u00e7as salvar\u00e1 a fam\u00edlia humana"}]},{"@type":"Person","@id":"https:\/\/franciscanos.org.br\/noticias\/#\/schema\/person\/b5c8cba458c330ccff548b056e95a5d4","name":"moacir","image":{"@type":"ImageObject","inLanguage":"pt-BR","@id":"https:\/\/franciscanos.org.br\/noticias\/#\/schema\/person\/image\/","url":"https:\/\/secure.gravatar.com\/avatar\/d08aa2ce4c8dd416d4479aa8536fcf64?s=96&d=mm&r=g","contentUrl":"https:\/\/secure.gravatar.com\/avatar\/d08aa2ce4c8dd416d4479aa8536fcf64?s=96&d=mm&r=g","caption":"moacir"},"url":"https:\/\/franciscanos.org.br\/noticias\/author\/moacir"}]}},"_links":{"self":[{"href":"https:\/\/franciscanos.org.br\/noticias\/wp-json\/wp\/v2\/posts\/239277"}],"collection":[{"href":"https:\/\/franciscanos.org.br\/noticias\/wp-json\/wp\/v2\/posts"}],"about":[{"href":"https:\/\/franciscanos.org.br\/noticias\/wp-json\/wp\/v2\/types\/post"}],"author":[{"embeddable":true,"href":"https:\/\/franciscanos.org.br\/noticias\/wp-json\/wp\/v2\/users\/3"}],"replies":[{"embeddable":true,"href":"https:\/\/franciscanos.org.br\/noticias\/wp-json\/wp\/v2\/comments?post=239277"}],"version-history":[{"count":1,"href":"https:\/\/franciscanos.org.br\/noticias\/wp-json\/wp\/v2\/posts\/239277\/revisions"}],"predecessor-version":[{"id":239280,"href":"https:\/\/franciscanos.org.br\/noticias\/wp-json\/wp\/v2\/posts\/239277\/revisions\/239280"}],"wp:featuredmedia":[{"embeddable":true,"href":"https:\/\/franciscanos.org.br\/noticias\/wp-json\/wp\/v2\/media\/239279"}],"wp:attachment":[{"href":"https:\/\/franciscanos.org.br\/noticias\/wp-json\/wp\/v2\/media?parent=239277"}],"wp:term":[{"taxonomy":"category","embeddable":true,"href":"https:\/\/franciscanos.org.br\/noticias\/wp-json\/wp\/v2\/categories?post=239277"},{"taxonomy":"post_tag","embeddable":true,"href":"https:\/\/franciscanos.org.br\/noticias\/wp-json\/wp\/v2\/tags?post=239277"}],"curies":[{"name":"wp","href":"https:\/\/api.w.org\/{rel}","templated":true}]}}