{"id":239272,"date":"2022-08-17T07:28:09","date_gmt":"2022-08-17T10:28:09","guid":{"rendered":"https:\/\/franciscanos.org.br\/noticias\/?p=239272"},"modified":"2022-08-17T07:28:22","modified_gmt":"2022-08-17T10:28:22","slug":"usf-celebra-20-anos-do-programa-de-pos-graduacao-de-mestrado-e-doutorado-em-educacao","status":"publish","type":"post","link":"https:\/\/franciscanos.org.br\/noticias\/usf-celebra-20-anos-do-programa-de-pos-graduacao-de-mestrado-e-doutorado-em-educacao.html","title":{"rendered":"USF celebra 20 anos do Programa de P\u00f3s-Gradua\u00e7\u00e3o de Mestrado e Doutorado em Educa\u00e7\u00e3o"},"content":{"rendered":"<p><img loading=\"lazy\" class=\"size-full wp-image-239273 alignnone\" src=\"https:\/\/franciscanos.org.br\/noticias\/wp-content\/uploads\/2022\/08\/usf_1708.jpg\" alt=\"\" width=\"1280\" height=\"720\" srcset=\"https:\/\/franciscanos.org.br\/noticias\/wp-content\/uploads\/2022\/08\/usf_1708.jpg 1280w, https:\/\/franciscanos.org.br\/noticias\/wp-content\/uploads\/2022\/08\/usf_1708-450x253.jpg 450w, https:\/\/franciscanos.org.br\/noticias\/wp-content\/uploads\/2022\/08\/usf_1708-1024x576.jpg 1024w, https:\/\/franciscanos.org.br\/noticias\/wp-content\/uploads\/2022\/08\/usf_1708-768x432.jpg 768w, https:\/\/franciscanos.org.br\/noticias\/wp-content\/uploads\/2022\/08\/usf_1708-150x84.jpg 150w\" sizes=\"(max-width: 1280px) 100vw, 1280px\" \/><\/p>\n<p>O Programa de P\u00f3s-Gradua\u00e7\u00e3o Stricto Sensu em Educa\u00e7\u00e3o (Mestrado e Doutorado) da Universidade S\u00e3o Francisco (USF) promoveu nesta segunda-feira, dia 15 de agosto, o evento \u201cCelebra\u00e7\u00e3o de 20 anos do Programa de P\u00f3s-Gradua\u00e7\u00e3o Stricto Sensu em Educa\u00e7\u00e3o da USF\u201d, no C\u00e2mpus Itatiba.<\/p>\n<p>A abertura contou com a presen\u00e7a de professores do Programa, estudantes e ex-alunos, al\u00e9m da presen\u00e7a do reitor da USF, Frei Gilberto Gon\u00e7alves Garcia; do Pr\u00f3-Reitor de Ensino, Pesquisa e Extens\u00e3o, professor Dilnei Lorenzi; o Pr\u00f3-Reitor de Administra\u00e7\u00e3o e Planejamento, professor Adriel de Moura Cabral; a Diretora do C\u00e2mpus Bragan\u00e7a Paulista, professora Patr\u00edcia Teixeira Costa; professor Rodrigo Ribeiro Paiva, Administrador dos C\u00e2mpus e a coordenadora do Programa, professora Profa. Dra. Ana Paula de Freitas.<\/p>\n<p>Durante a abertura, o Reitor da USF destacou os desafios enfrentados pelo Programa ao longo das duas d\u00e9cadas e suas contribui\u00e7\u00f5es. \u201cNesses 20 anos, podemos atravessar dificuldades de toda sorte, foram momentos de coragem para todos que est\u00e3o no Programa. Em nome da reitoria da USF e da Mantenedora, trago essa mensagem de otimismo e agradecimento pela coragem com a qual todos os docentes t\u00eam levado adiante essa miss\u00e3o. Mantenham o di\u00e1logo com a gradua\u00e7\u00e3o e despertar nos jovens o interesse pela Inicia\u00e7\u00e3o Cient\u00edfica, para o encantamento do jovem com a pesquisa\u201d, ressaltou o reitor.<\/p>\n<p>O Pr\u00f3-Reitor de Ensino, Pesquisa e Extens\u00e3o apresentou as mudan\u00e7as recentes do programa e sua import\u00e2ncia para o cen\u00e1rio regional e nacional. \u201cNos \u00faltimos 4 anos a Universidade vem unindo esfor\u00e7os, principalmente no sentido de situ\u00e1-lo para a educa\u00e7\u00e3o contempor\u00e2nea, nesse ponto o Programa de P\u00f3s-gradua\u00e7\u00e3o Stricto Sensu em Educa\u00e7\u00e3o se faz extremamente importante. Aceita os desafios, tem se reposicionado, a partir de um olhar externo e tamb\u00e9m de um forte processo de autoavalia\u00e7\u00e3o, construindo uma equipe coesa e que possa dar conta dessa realidade. No dia de hoje, tamb\u00e9m quero destacar esse passado pr\u00f3ximo e no empenho para o desenvolvimento regional na forma\u00e7\u00e3o de professores e sua contribui\u00e7\u00e3o interna na forma\u00e7\u00e3o de nossos professores e que isso retorna em nossas salas de aula\u201d, afirmou o pr\u00f3-reitor.<\/p>\n<div id=\"attachment_239275\" style=\"width: 410px\" class=\"wp-caption alignright\"><img aria-describedby=\"caption-attachment-239275\" loading=\"lazy\" class=\"wp-image-239275 size-full\" src=\"https:\/\/franciscanos.org.br\/noticias\/wp-content\/uploads\/2022\/08\/usf_1708_2.jpg\" alt=\"\" width=\"400\" height=\"250\" srcset=\"https:\/\/franciscanos.org.br\/noticias\/wp-content\/uploads\/2022\/08\/usf_1708_2.jpg 400w, https:\/\/franciscanos.org.br\/noticias\/wp-content\/uploads\/2022\/08\/usf_1708_2-150x94.jpg 150w\" sizes=\"(max-width: 400px) 100vw, 400px\" \/><p id=\"caption-attachment-239275\" class=\"wp-caption-text\">Frei Pedro Pinheiro<\/p><\/div>\n<p><em>A coordenadora do dos Programas de Mestrado e Doutorado em Educa\u00e7\u00e3o tamb\u00e9m apresentou a miss\u00e3o que norteia todas as atividades desenvolvidas nesses 20 anos. \u201cEm articula\u00e7\u00e3o com a miss\u00e3o institucional, delineamos a nossa. Promover a forma\u00e7\u00e3o de docentes pesquisadores para atuarem na educa\u00e7\u00e3o, atenta ao outro, com intera\u00e7\u00e3o dial\u00f3gica e potencialidade para projetos coletivos sustent\u00e1veis e inovadores, objetivando a equidade e a transforma\u00e7\u00e3o social. \u00c9 neste sentido que o Programa tem buscado por meio das nossas atividades de ensino, pesquisa e extens\u00e3o, assumir o compromisso de uma educa\u00e7\u00e3o social transformadora e que contribua por meio dessas atividades com o enfrentamento das necessidades sociais, especialmente na cidade de Itatiba e seu entorno, mas tamb\u00e9m abrangendo outras regi\u00f5es do estado e do pa\u00eds\u201d, explicou a professora.<\/em><\/p>\n<p><em>Ao longo do evento foi realizada duas mesas-redondas com egressos e docentes contando suas mem\u00f3rias do Programa. Participaram a Profa. Dra. Sheila Grillo (Universidade de S\u00e3o Paulo), Profa. Dra. Alexandrina Monteiro (Universidade Estadual de Campinas), Profa. Dra. Adair Mendes Nacarato (Universidade S\u00e3o Francisco), Profa. Dra. Marcia Aparecida Amador Mascia, Profa. Dra. Milena Moretto (Universidade S\u00e3o Francisco), Prof. Dr. Daniel Santini (Faculdade Cat\u00f3lica de Pouso Alegre), Profa. Dra. Luciana Aparecida Silva de Azeredo (CEFET- MG) e Profa. Dra. Silvia Maria Medeiros Caporale (Universidade Federal de Lavras).<\/em><\/p>\n<p><em>Ao final do dia foi realizado um coquetel de encerramento, com a exposi\u00e7\u00e3o das obras do Frei Pedro Pinheiro, que utiliza uma s\u00e9rie de materiais recicl\u00e1veis.<\/em><\/p>\n<p><img loading=\"lazy\" class=\"alignnone size-full wp-image-239274\" src=\"https:\/\/franciscanos.org.br\/noticias\/wp-content\/uploads\/2022\/08\/usf_1708_1.jpg\" alt=\"\" width=\"1280\" height=\"728\" srcset=\"https:\/\/franciscanos.org.br\/noticias\/wp-content\/uploads\/2022\/08\/usf_1708_1.jpg 1280w, https:\/\/franciscanos.org.br\/noticias\/wp-content\/uploads\/2022\/08\/usf_1708_1-450x256.jpg 450w, https:\/\/franciscanos.org.br\/noticias\/wp-content\/uploads\/2022\/08\/usf_1708_1-1024x582.jpg 1024w, https:\/\/franciscanos.org.br\/noticias\/wp-content\/uploads\/2022\/08\/usf_1708_1-768x437.jpg 768w, https:\/\/franciscanos.org.br\/noticias\/wp-content\/uploads\/2022\/08\/usf_1708_1-150x85.jpg 150w\" sizes=\"(max-width: 1280px) 100vw, 1280px\" \/><\/p>\n<hr \/>\n<p><em>Ana Paula Moreira de Souza<\/em><\/p>\n","protected":false},"excerpt":{"rendered":"<p>Universidade S\u00e3o Francisco<\/p>\n","protected":false},"author":3,"featured_media":239273,"comment_status":"open","ping_status":"open","sticky":false,"template":"","format":"standard","meta":[],"categories":[1],"tags":[354],"acf":[],"yoast_head":"<!-- This site is optimized with the Yoast SEO plugin v19.2 - https:\/\/yoast.com\/wordpress\/plugins\/seo\/ -->\n<title>USF celebra 20 anos do Programa de P\u00f3s-Gradua\u00e7\u00e3o de Mestrado e Doutorado em Educa\u00e7\u00e3o - Not\u00edcias - Franciscanos<\/title>\n<meta name=\"robots\" content=\"index, follow, max-snippet:-1, max-image-preview:large, max-video-preview:-1\" \/>\n<link rel=\"canonical\" href=\"https:\/\/franciscanos.org.br\/noticias\/usf-celebra-20-anos-do-programa-de-pos-graduacao-de-mestrado-e-doutorado-em-educacao.html\" \/>\n<meta property=\"og:locale\" content=\"pt_BR\" \/>\n<meta property=\"og:type\" content=\"article\" \/>\n<meta property=\"og:title\" content=\"USF celebra 20 anos do Programa de P\u00f3s-Gradua\u00e7\u00e3o de Mestrado e Doutorado em Educa\u00e7\u00e3o - Not\u00edcias - Franciscanos\" \/>\n<meta property=\"og:description\" content=\"Universidade S\u00e3o Francisco\" \/>\n<meta property=\"og:url\" content=\"https:\/\/franciscanos.org.br\/noticias\/usf-celebra-20-anos-do-programa-de-pos-graduacao-de-mestrado-e-doutorado-em-educacao.html\" \/>\n<meta property=\"og:site_name\" content=\"Not\u00edcias - Franciscanos\" \/>\n<meta property=\"article:published_time\" content=\"2022-08-17T10:28:09+00:00\" \/>\n<meta property=\"article:modified_time\" content=\"2022-08-17T10:28:22+00:00\" \/>\n<meta property=\"og:image\" content=\"https:\/\/franciscanos.org.br\/noticias\/wp-content\/uploads\/2022\/08\/usf_1708.jpg\" \/>\n\t<meta property=\"og:image:width\" content=\"1280\" \/>\n\t<meta property=\"og:image:height\" content=\"720\" \/>\n\t<meta property=\"og:image:type\" content=\"image\/jpeg\" \/>\n<meta name=\"author\" content=\"moacir\" \/>\n<meta name=\"twitter:card\" content=\"summary_large_image\" \/>\n<meta name=\"twitter:label1\" content=\"Escrito por\" \/>\n\t<meta name=\"twitter:data1\" content=\"moacir\" \/>\n\t<meta name=\"twitter:label2\" content=\"Est. tempo de leitura\" \/>\n\t<meta name=\"twitter:data2\" content=\"3 minutos\" \/>\n<script type=\"application\/ld+json\" class=\"yoast-schema-graph\">{\"@context\":\"https:\/\/schema.org\",\"@graph\":[{\"@type\":\"WebSite\",\"@id\":\"https:\/\/franciscanos.org.br\/noticias\/#website\",\"url\":\"https:\/\/franciscanos.org.br\/noticias\/\",\"name\":\"Not\u00edcias - Franciscanos\",\"description\":\"Prov\u00edncia Franciscana da Imaculada Concei\u00e7\u00e3o do Brasil - Ordem dos Frades Menores - OFM\",\"potentialAction\":[{\"@type\":\"SearchAction\",\"target\":{\"@type\":\"EntryPoint\",\"urlTemplate\":\"https:\/\/franciscanos.org.br\/noticias\/?s={search_term_string}\"},\"query-input\":\"required name=search_term_string\"}],\"inLanguage\":\"pt-BR\"},{\"@type\":\"ImageObject\",\"inLanguage\":\"pt-BR\",\"@id\":\"https:\/\/franciscanos.org.br\/noticias\/usf-celebra-20-anos-do-programa-de-pos-graduacao-de-mestrado-e-doutorado-em-educacao.html#primaryimage\",\"url\":\"https:\/\/franciscanos.org.br\/noticias\/wp-content\/uploads\/2022\/08\/usf_1708.jpg\",\"contentUrl\":\"https:\/\/franciscanos.org.br\/noticias\/wp-content\/uploads\/2022\/08\/usf_1708.jpg\",\"width\":1280,\"height\":720},{\"@type\":\"WebPage\",\"@id\":\"https:\/\/franciscanos.org.br\/noticias\/usf-celebra-20-anos-do-programa-de-pos-graduacao-de-mestrado-e-doutorado-em-educacao.html#webpage\",\"url\":\"https:\/\/franciscanos.org.br\/noticias\/usf-celebra-20-anos-do-programa-de-pos-graduacao-de-mestrado-e-doutorado-em-educacao.html\",\"name\":\"USF celebra 20 anos do Programa de P\u00f3s-Gradua\u00e7\u00e3o de Mestrado e Doutorado em Educa\u00e7\u00e3o - Not\u00edcias - Franciscanos\",\"isPartOf\":{\"@id\":\"https:\/\/franciscanos.org.br\/noticias\/#website\"},\"primaryImageOfPage\":{\"@id\":\"https:\/\/franciscanos.org.br\/noticias\/usf-celebra-20-anos-do-programa-de-pos-graduacao-de-mestrado-e-doutorado-em-educacao.html#primaryimage\"},\"datePublished\":\"2022-08-17T10:28:09+00:00\",\"dateModified\":\"2022-08-17T10:28:22+00:00\",\"author\":{\"@id\":\"https:\/\/franciscanos.org.br\/noticias\/#\/schema\/person\/b5c8cba458c330ccff548b056e95a5d4\"},\"breadcrumb\":{\"@id\":\"https:\/\/franciscanos.org.br\/noticias\/usf-celebra-20-anos-do-programa-de-pos-graduacao-de-mestrado-e-doutorado-em-educacao.html#breadcrumb\"},\"inLanguage\":\"pt-BR\",\"potentialAction\":[{\"@type\":\"ReadAction\",\"target\":[\"https:\/\/franciscanos.org.br\/noticias\/usf-celebra-20-anos-do-programa-de-pos-graduacao-de-mestrado-e-doutorado-em-educacao.html\"]}]},{\"@type\":\"BreadcrumbList\",\"@id\":\"https:\/\/franciscanos.org.br\/noticias\/usf-celebra-20-anos-do-programa-de-pos-graduacao-de-mestrado-e-doutorado-em-educacao.html#breadcrumb\",\"itemListElement\":[{\"@type\":\"ListItem\",\"position\":1,\"name\":\"Home\",\"item\":\"https:\/\/franciscanos.org.br\/noticias\"},{\"@type\":\"ListItem\",\"position\":2,\"name\":\"USF celebra 20 anos do Programa de P\u00f3s-Gradua\u00e7\u00e3o de Mestrado e Doutorado em Educa\u00e7\u00e3o\"}]},{\"@type\":\"Person\",\"@id\":\"https:\/\/franciscanos.org.br\/noticias\/#\/schema\/person\/b5c8cba458c330ccff548b056e95a5d4\",\"name\":\"moacir\",\"image\":{\"@type\":\"ImageObject\",\"inLanguage\":\"pt-BR\",\"@id\":\"https:\/\/franciscanos.org.br\/noticias\/#\/schema\/person\/image\/\",\"url\":\"https:\/\/secure.gravatar.com\/avatar\/d08aa2ce4c8dd416d4479aa8536fcf64?s=96&d=mm&r=g\",\"contentUrl\":\"https:\/\/secure.gravatar.com\/avatar\/d08aa2ce4c8dd416d4479aa8536fcf64?s=96&d=mm&r=g\",\"caption\":\"moacir\"},\"url\":\"https:\/\/franciscanos.org.br\/noticias\/author\/moacir\"}]}<\/script>\n<!-- \/ Yoast SEO plugin. -->","yoast_head_json":{"title":"USF celebra 20 anos do Programa de P\u00f3s-Gradua\u00e7\u00e3o de Mestrado e Doutorado em Educa\u00e7\u00e3o - Not\u00edcias - Franciscanos","robots":{"index":"index","follow":"follow","max-snippet":"max-snippet:-1","max-image-preview":"max-image-preview:large","max-video-preview":"max-video-preview:-1"},"canonical":"https:\/\/franciscanos.org.br\/noticias\/usf-celebra-20-anos-do-programa-de-pos-graduacao-de-mestrado-e-doutorado-em-educacao.html","og_locale":"pt_BR","og_type":"article","og_title":"USF celebra 20 anos do Programa de P\u00f3s-Gradua\u00e7\u00e3o de Mestrado e Doutorado em Educa\u00e7\u00e3o - Not\u00edcias - Franciscanos","og_description":"Universidade S\u00e3o Francisco","og_url":"https:\/\/franciscanos.org.br\/noticias\/usf-celebra-20-anos-do-programa-de-pos-graduacao-de-mestrado-e-doutorado-em-educacao.html","og_site_name":"Not\u00edcias - Franciscanos","article_published_time":"2022-08-17T10:28:09+00:00","article_modified_time":"2022-08-17T10:28:22+00:00","og_image":[{"width":1280,"height":720,"url":"https:\/\/franciscanos.org.br\/noticias\/wp-content\/uploads\/2022\/08\/usf_1708.jpg","type":"image\/jpeg"}],"author":"moacir","twitter_card":"summary_large_image","twitter_misc":{"Escrito por":"moacir","Est. tempo de leitura":"3 minutos"},"schema":{"@context":"https:\/\/schema.org","@graph":[{"@type":"WebSite","@id":"https:\/\/franciscanos.org.br\/noticias\/#website","url":"https:\/\/franciscanos.org.br\/noticias\/","name":"Not\u00edcias - Franciscanos","description":"Prov\u00edncia Franciscana da Imaculada Concei\u00e7\u00e3o do Brasil - Ordem dos Frades Menores - OFM","potentialAction":[{"@type":"SearchAction","target":{"@type":"EntryPoint","urlTemplate":"https:\/\/franciscanos.org.br\/noticias\/?s={search_term_string}"},"query-input":"required name=search_term_string"}],"inLanguage":"pt-BR"},{"@type":"ImageObject","inLanguage":"pt-BR","@id":"https:\/\/franciscanos.org.br\/noticias\/usf-celebra-20-anos-do-programa-de-pos-graduacao-de-mestrado-e-doutorado-em-educacao.html#primaryimage","url":"https:\/\/franciscanos.org.br\/noticias\/wp-content\/uploads\/2022\/08\/usf_1708.jpg","contentUrl":"https:\/\/franciscanos.org.br\/noticias\/wp-content\/uploads\/2022\/08\/usf_1708.jpg","width":1280,"height":720},{"@type":"WebPage","@id":"https:\/\/franciscanos.org.br\/noticias\/usf-celebra-20-anos-do-programa-de-pos-graduacao-de-mestrado-e-doutorado-em-educacao.html#webpage","url":"https:\/\/franciscanos.org.br\/noticias\/usf-celebra-20-anos-do-programa-de-pos-graduacao-de-mestrado-e-doutorado-em-educacao.html","name":"USF celebra 20 anos do Programa de P\u00f3s-Gradua\u00e7\u00e3o de Mestrado e Doutorado em Educa\u00e7\u00e3o - Not\u00edcias - Franciscanos","isPartOf":{"@id":"https:\/\/franciscanos.org.br\/noticias\/#website"},"primaryImageOfPage":{"@id":"https:\/\/franciscanos.org.br\/noticias\/usf-celebra-20-anos-do-programa-de-pos-graduacao-de-mestrado-e-doutorado-em-educacao.html#primaryimage"},"datePublished":"2022-08-17T10:28:09+00:00","dateModified":"2022-08-17T10:28:22+00:00","author":{"@id":"https:\/\/franciscanos.org.br\/noticias\/#\/schema\/person\/b5c8cba458c330ccff548b056e95a5d4"},"breadcrumb":{"@id":"https:\/\/franciscanos.org.br\/noticias\/usf-celebra-20-anos-do-programa-de-pos-graduacao-de-mestrado-e-doutorado-em-educacao.html#breadcrumb"},"inLanguage":"pt-BR","potentialAction":[{"@type":"ReadAction","target":["https:\/\/franciscanos.org.br\/noticias\/usf-celebra-20-anos-do-programa-de-pos-graduacao-de-mestrado-e-doutorado-em-educacao.html"]}]},{"@type":"BreadcrumbList","@id":"https:\/\/franciscanos.org.br\/noticias\/usf-celebra-20-anos-do-programa-de-pos-graduacao-de-mestrado-e-doutorado-em-educacao.html#breadcrumb","itemListElement":[{"@type":"ListItem","position":1,"name":"Home","item":"https:\/\/franciscanos.org.br\/noticias"},{"@type":"ListItem","position":2,"name":"USF celebra 20 anos do Programa de P\u00f3s-Gradua\u00e7\u00e3o de Mestrado e Doutorado em Educa\u00e7\u00e3o"}]},{"@type":"Person","@id":"https:\/\/franciscanos.org.br\/noticias\/#\/schema\/person\/b5c8cba458c330ccff548b056e95a5d4","name":"moacir","image":{"@type":"ImageObject","inLanguage":"pt-BR","@id":"https:\/\/franciscanos.org.br\/noticias\/#\/schema\/person\/image\/","url":"https:\/\/secure.gravatar.com\/avatar\/d08aa2ce4c8dd416d4479aa8536fcf64?s=96&d=mm&r=g","contentUrl":"https:\/\/secure.gravatar.com\/avatar\/d08aa2ce4c8dd416d4479aa8536fcf64?s=96&d=mm&r=g","caption":"moacir"},"url":"https:\/\/franciscanos.org.br\/noticias\/author\/moacir"}]}},"_links":{"self":[{"href":"https:\/\/franciscanos.org.br\/noticias\/wp-json\/wp\/v2\/posts\/239272"}],"collection":[{"href":"https:\/\/franciscanos.org.br\/noticias\/wp-json\/wp\/v2\/posts"}],"about":[{"href":"https:\/\/franciscanos.org.br\/noticias\/wp-json\/wp\/v2\/types\/post"}],"author":[{"embeddable":true,"href":"https:\/\/franciscanos.org.br\/noticias\/wp-json\/wp\/v2\/users\/3"}],"replies":[{"embeddable":true,"href":"https:\/\/franciscanos.org.br\/noticias\/wp-json\/wp\/v2\/comments?post=239272"}],"version-history":[{"count":1,"href":"https:\/\/franciscanos.org.br\/noticias\/wp-json\/wp\/v2\/posts\/239272\/revisions"}],"predecessor-version":[{"id":239276,"href":"https:\/\/franciscanos.org.br\/noticias\/wp-json\/wp\/v2\/posts\/239272\/revisions\/239276"}],"wp:featuredmedia":[{"embeddable":true,"href":"https:\/\/franciscanos.org.br\/noticias\/wp-json\/wp\/v2\/media\/239273"}],"wp:attachment":[{"href":"https:\/\/franciscanos.org.br\/noticias\/wp-json\/wp\/v2\/media?parent=239272"}],"wp:term":[{"taxonomy":"category","embeddable":true,"href":"https:\/\/franciscanos.org.br\/noticias\/wp-json\/wp\/v2\/categories?post=239272"},{"taxonomy":"post_tag","embeddable":true,"href":"https:\/\/franciscanos.org.br\/noticias\/wp-json\/wp\/v2\/tags?post=239272"}],"curies":[{"name":"wp","href":"https:\/\/api.w.org\/{rel}","templated":true}]}}