{"id":239266,"date":"2022-08-16T10:31:18","date_gmt":"2022-08-16T13:31:18","guid":{"rendered":"https:\/\/franciscanos.org.br\/noticias\/?p=239266"},"modified":"2022-08-16T10:31:18","modified_gmt":"2022-08-16T13:31:18","slug":"ii-acampamento-vocacional-frei-carlos-pierezan","status":"publish","type":"post","link":"https:\/\/franciscanos.org.br\/noticias\/ii-acampamento-vocacional-frei-carlos-pierezan.html","title":{"rendered":"II Acampamento Vocacional Frei Carlos Pierezan"},"content":{"rendered":"<p><img loading=\"lazy\" class=\"alignright size-full wp-image-239267\" src=\"https:\/\/franciscanos.org.br\/noticias\/wp-content\/uploads\/2022\/08\/acampamento_agudos_16.jpg\" alt=\"\" width=\"1280\" height=\"720\" srcset=\"https:\/\/franciscanos.org.br\/noticias\/wp-content\/uploads\/2022\/08\/acampamento_agudos_16.jpg 1280w, https:\/\/franciscanos.org.br\/noticias\/wp-content\/uploads\/2022\/08\/acampamento_agudos_16-450x253.jpg 450w, https:\/\/franciscanos.org.br\/noticias\/wp-content\/uploads\/2022\/08\/acampamento_agudos_16-1024x576.jpg 1024w, https:\/\/franciscanos.org.br\/noticias\/wp-content\/uploads\/2022\/08\/acampamento_agudos_16-768x432.jpg 768w, https:\/\/franciscanos.org.br\/noticias\/wp-content\/uploads\/2022\/08\/acampamento_agudos_16-150x84.jpg 150w\" sizes=\"(max-width: 1280px) 100vw, 1280px\" \/><\/p>\n<p><strong>Agudos (SP)<\/strong> &#8211; No \u00faltimo final de semana, 13 e 14 de agosto, a juventude de Agudos foi convidada a meditar sobre o seu chamado no segundo Acampamento Vocacional Frei Carlos Pierezan. O evento come\u00e7ou por volta das 14h no s\u00e1bado com uma caminhada da comunidade S\u00e3o Francisco de Assis at\u00e9 o Semin\u00e1rio Santo Ant\u00f4nio, e encerrou com a Celebra\u00e7\u00e3o Eucar\u00edstica na manh\u00e3 do domingo \u00e0s 10h, reunindo cerca de 50 jovens de toda a regi\u00e3o.<\/p>\n<p>Durante a caminhada os jovens fizeram tr\u00eas paradas para refletir a sua rela\u00e7\u00e3o com Deus e o seu chamado na sociedade e na Igreja. Na Par\u00f3quia S\u00e3o Paulo Ap\u00f3stolo foi realizada a primeira parada, quando se refletiu sobre a voca\u00e7\u00e3o \u00e0 vida, um chamado comum a todos, e a motiva\u00e7\u00e3o foi feita pela Rosana Padial e pelo Frei Andr\u00e9 Gurzynski, da pastoral da Ecologia Integral.<\/p>\n<p>J\u00e1 mais \u00e0 frente, na Par\u00f3quia Santo Ant\u00f4nio, uma outra voca\u00e7\u00e3o, tamb\u00e9m universal, foi apresentada aos jovens: a voca\u00e7\u00e3o \u00e0 santidade. A anima\u00e7\u00e3o e a motiva\u00e7\u00e3o dessa parada foi do Padre Felipe Gomes, vig\u00e1rio, e do seminarista Gabriel Fantinati, da diocese de Bauru.<\/p>\n\n\t\t<style type=\"text\/css\">\n\t\t\t#gallery-1 {\n\t\t\t\tmargin: auto;\n\t\t\t}\n\t\t\t#gallery-1 .gallery-item {\n\t\t\t\tfloat: left;\n\t\t\t\tmargin-top: 10px;\n\t\t\t\ttext-align: center;\n\t\t\t\twidth: 33%;\n\t\t\t}\n\t\t\t#gallery-1 img {\n\t\t\t\tborder: 2px solid #cfcfcf;\n\t\t\t}\n\t\t\t#gallery-1 .gallery-caption {\n\t\t\t\tmargin-left: 0;\n\t\t\t}\n\t\t\t\/* see gallery_shortcode() in wp-includes\/media.php *\/\n\t\t<\/style>\n\t\t<div id='gallery-1' class='gallery galleryid-239266 gallery-columns-3 gallery-size-thumbnail'><dl class='gallery-item'>\n\t\t\t<dt class='gallery-icon portrait'>\n\t\t\t\t<a href='https:\/\/franciscanos.org.br\/noticias\/wp-content\/uploads\/2022\/08\/acampamento_01.jpg'><img width=\"300\" height=\"300\" src=\"https:\/\/franciscanos.org.br\/noticias\/wp-content\/uploads\/2022\/08\/acampamento_01-300x300.jpg\" class=\"attachment-thumbnail size-thumbnail\" alt=\"\" loading=\"lazy\" srcset=\"https:\/\/franciscanos.org.br\/noticias\/wp-content\/uploads\/2022\/08\/acampamento_01-300x300.jpg 300w, https:\/\/franciscanos.org.br\/noticias\/wp-content\/uploads\/2022\/08\/acampamento_01-100x100.jpg 100w\" sizes=\"(max-width: 300px) 100vw, 300px\" \/><\/a>\n\t\t\t<\/dt><\/dl><dl class='gallery-item'>\n\t\t\t<dt class='gallery-icon portrait'>\n\t\t\t\t<a href='https:\/\/franciscanos.org.br\/noticias\/wp-content\/uploads\/2022\/08\/acampamento_02.jpg'><img width=\"300\" height=\"300\" src=\"https:\/\/franciscanos.org.br\/noticias\/wp-content\/uploads\/2022\/08\/acampamento_02-300x300.jpg\" class=\"attachment-thumbnail size-thumbnail\" alt=\"\" loading=\"lazy\" srcset=\"https:\/\/franciscanos.org.br\/noticias\/wp-content\/uploads\/2022\/08\/acampamento_02-300x300.jpg 300w, https:\/\/franciscanos.org.br\/noticias\/wp-content\/uploads\/2022\/08\/acampamento_02-100x100.jpg 100w\" sizes=\"(max-width: 300px) 100vw, 300px\" \/><\/a>\n\t\t\t<\/dt><\/dl><dl class='gallery-item'>\n\t\t\t<dt class='gallery-icon portrait'>\n\t\t\t\t<a href='https:\/\/franciscanos.org.br\/noticias\/wp-content\/uploads\/2022\/08\/acampamento_03.jpg'><img width=\"300\" height=\"300\" src=\"https:\/\/franciscanos.org.br\/noticias\/wp-content\/uploads\/2022\/08\/acampamento_03-300x300.jpg\" class=\"attachment-thumbnail size-thumbnail\" alt=\"\" loading=\"lazy\" srcset=\"https:\/\/franciscanos.org.br\/noticias\/wp-content\/uploads\/2022\/08\/acampamento_03-300x300.jpg 300w, https:\/\/franciscanos.org.br\/noticias\/wp-content\/uploads\/2022\/08\/acampamento_03-100x100.jpg 100w\" sizes=\"(max-width: 300px) 100vw, 300px\" \/><\/a>\n\t\t\t<\/dt><\/dl><br style=\"clear: both\" \/>\n\t\t<\/div>\n\n<p><em> \u00a0 \u00a0 \u00a0(toque nas imagens para ampli\u00e1-las)<\/em><\/p>\n<p>A \u00faltima parada antes do Semin\u00e1rio aconteceu na pra\u00e7a do sol, e nessa todos tiveram a oportunidade de refletir sobre suas escolhas e os caminhos que t\u00eam seguido, foi tamb\u00e9m nessa parada que se apresentou as voca\u00e7\u00f5es espec\u00edficas da Igreja.<\/p>\n<p>No Semin\u00e1rio, eles tiveram momentos privilegiados para estar diante do Sant\u00edssimo, momentos de m\u00edstica e espiritualidade, al\u00e9m dos momentos de partilha e de forma\u00e7\u00e3o. Nessa \u00faltima eles puderam escolher uma entre as cinco voca\u00e7\u00f5es apresentadas para participar de uma oficina. Foram elas: Vida religiosa consagrada, apresentada pelas Irm\u00e3s Ap\u00f3stolas do Sagrado Cora\u00e7\u00e3o de Bauru; Voca\u00e7\u00e3o Familiar, apresentada pelo Gustavo e a Daniela, casal de ministros na Par\u00f3quia; Voca\u00e7\u00e3o Sacerdotal, apresentada pelo Frei Lad\u00ed Antoniazzi; Voca\u00e7\u00e3o do leigo, apresentada pela Isabela Gaspar, Pascom da par\u00f3quia; e a voca\u00e7\u00e3o mission\u00e1ria, apresentada pelo Frei Andr\u00e9 Gurzynski.<\/p>\n<p>Na manh\u00e3 de domingo, dia dos pais, o acampamento aconteceu tamb\u00e9m para os pais, que levaram do Semin\u00e1rio o trabalho de cultivar a semente que foi plantada no cora\u00e7\u00e3o de cada um, com obras e palavras. A missa de encerramento foi presidida pelo guardi\u00e3o do Semin\u00e1rio, Frei Ademir Sanquetti, que manifestou o seu entusiasmo pela juventude reunida e recordou-lhes que n\u00e3o h\u00e1 outro caminho sen\u00e3o seguir a Cristo.<\/p>\n<p>Essa foi a segunda edi\u00e7\u00e3o do Acampamento que leva o nome de Frei Carlos Pierezan, homenagem singela ao confrade que faleceu em 2019 e que, em seus anos em Agudos, esteve muito pr\u00f3ximo da juventude, sempre trazendo questionamentos oportunos sobre as voca\u00e7\u00f5es em suas homilias e rodas de conversa.<\/p>\n<hr \/>\n<p><em>Frei Gilberto Silveira da Costa Junior, OFM.<\/em><\/p>\n","protected":false},"excerpt":{"rendered":"<p>Juventudes<\/p>\n","protected":false},"author":3,"featured_media":239267,"comment_status":"open","ping_status":"open","sticky":false,"template":"","format":"standard","meta":[],"categories":[1],"tags":[1420],"acf":[],"yoast_head":"<!-- This site is optimized with the Yoast SEO plugin v19.2 - https:\/\/yoast.com\/wordpress\/plugins\/seo\/ -->\n<title>II Acampamento Vocacional Frei Carlos Pierezan - Not\u00edcias - Franciscanos<\/title>\n<meta name=\"robots\" content=\"index, follow, max-snippet:-1, max-image-preview:large, max-video-preview:-1\" \/>\n<link rel=\"canonical\" href=\"https:\/\/franciscanos.org.br\/noticias\/ii-acampamento-vocacional-frei-carlos-pierezan.html\" \/>\n<meta property=\"og:locale\" content=\"pt_BR\" \/>\n<meta property=\"og:type\" content=\"article\" \/>\n<meta property=\"og:title\" content=\"II Acampamento Vocacional Frei Carlos Pierezan - Not\u00edcias - Franciscanos\" \/>\n<meta property=\"og:description\" content=\"Juventudes\" \/>\n<meta property=\"og:url\" content=\"https:\/\/franciscanos.org.br\/noticias\/ii-acampamento-vocacional-frei-carlos-pierezan.html\" \/>\n<meta property=\"og:site_name\" content=\"Not\u00edcias - Franciscanos\" \/>\n<meta property=\"article:published_time\" content=\"2022-08-16T13:31:18+00:00\" \/>\n<meta property=\"og:image\" content=\"https:\/\/franciscanos.org.br\/noticias\/wp-content\/uploads\/2022\/08\/acampamento_agudos_16.jpg\" \/>\n\t<meta property=\"og:image:width\" content=\"1280\" \/>\n\t<meta property=\"og:image:height\" content=\"720\" \/>\n\t<meta property=\"og:image:type\" content=\"image\/jpeg\" \/>\n<meta name=\"author\" content=\"moacir\" \/>\n<meta name=\"twitter:card\" content=\"summary_large_image\" \/>\n<meta name=\"twitter:label1\" content=\"Escrito por\" \/>\n\t<meta name=\"twitter:data1\" content=\"moacir\" \/>\n\t<meta name=\"twitter:label2\" content=\"Est. tempo de leitura\" \/>\n\t<meta name=\"twitter:data2\" content=\"2 minutos\" \/>\n<script type=\"application\/ld+json\" class=\"yoast-schema-graph\">{\"@context\":\"https:\/\/schema.org\",\"@graph\":[{\"@type\":\"WebSite\",\"@id\":\"https:\/\/franciscanos.org.br\/noticias\/#website\",\"url\":\"https:\/\/franciscanos.org.br\/noticias\/\",\"name\":\"Not\u00edcias - Franciscanos\",\"description\":\"Prov\u00edncia Franciscana da Imaculada Concei\u00e7\u00e3o do Brasil - Ordem dos Frades Menores - OFM\",\"potentialAction\":[{\"@type\":\"SearchAction\",\"target\":{\"@type\":\"EntryPoint\",\"urlTemplate\":\"https:\/\/franciscanos.org.br\/noticias\/?s={search_term_string}\"},\"query-input\":\"required name=search_term_string\"}],\"inLanguage\":\"pt-BR\"},{\"@type\":\"ImageObject\",\"inLanguage\":\"pt-BR\",\"@id\":\"https:\/\/franciscanos.org.br\/noticias\/ii-acampamento-vocacional-frei-carlos-pierezan.html#primaryimage\",\"url\":\"https:\/\/franciscanos.org.br\/noticias\/wp-content\/uploads\/2022\/08\/acampamento_agudos_16.jpg\",\"contentUrl\":\"https:\/\/franciscanos.org.br\/noticias\/wp-content\/uploads\/2022\/08\/acampamento_agudos_16.jpg\",\"width\":1280,\"height\":720},{\"@type\":\"WebPage\",\"@id\":\"https:\/\/franciscanos.org.br\/noticias\/ii-acampamento-vocacional-frei-carlos-pierezan.html#webpage\",\"url\":\"https:\/\/franciscanos.org.br\/noticias\/ii-acampamento-vocacional-frei-carlos-pierezan.html\",\"name\":\"II Acampamento Vocacional Frei Carlos Pierezan - Not\u00edcias - Franciscanos\",\"isPartOf\":{\"@id\":\"https:\/\/franciscanos.org.br\/noticias\/#website\"},\"primaryImageOfPage\":{\"@id\":\"https:\/\/franciscanos.org.br\/noticias\/ii-acampamento-vocacional-frei-carlos-pierezan.html#primaryimage\"},\"datePublished\":\"2022-08-16T13:31:18+00:00\",\"dateModified\":\"2022-08-16T13:31:18+00:00\",\"author\":{\"@id\":\"https:\/\/franciscanos.org.br\/noticias\/#\/schema\/person\/b5c8cba458c330ccff548b056e95a5d4\"},\"breadcrumb\":{\"@id\":\"https:\/\/franciscanos.org.br\/noticias\/ii-acampamento-vocacional-frei-carlos-pierezan.html#breadcrumb\"},\"inLanguage\":\"pt-BR\",\"potentialAction\":[{\"@type\":\"ReadAction\",\"target\":[\"https:\/\/franciscanos.org.br\/noticias\/ii-acampamento-vocacional-frei-carlos-pierezan.html\"]}]},{\"@type\":\"BreadcrumbList\",\"@id\":\"https:\/\/franciscanos.org.br\/noticias\/ii-acampamento-vocacional-frei-carlos-pierezan.html#breadcrumb\",\"itemListElement\":[{\"@type\":\"ListItem\",\"position\":1,\"name\":\"Home\",\"item\":\"https:\/\/franciscanos.org.br\/noticias\"},{\"@type\":\"ListItem\",\"position\":2,\"name\":\"II Acampamento Vocacional Frei Carlos Pierezan\"}]},{\"@type\":\"Person\",\"@id\":\"https:\/\/franciscanos.org.br\/noticias\/#\/schema\/person\/b5c8cba458c330ccff548b056e95a5d4\",\"name\":\"moacir\",\"image\":{\"@type\":\"ImageObject\",\"inLanguage\":\"pt-BR\",\"@id\":\"https:\/\/franciscanos.org.br\/noticias\/#\/schema\/person\/image\/\",\"url\":\"https:\/\/secure.gravatar.com\/avatar\/d08aa2ce4c8dd416d4479aa8536fcf64?s=96&d=mm&r=g\",\"contentUrl\":\"https:\/\/secure.gravatar.com\/avatar\/d08aa2ce4c8dd416d4479aa8536fcf64?s=96&d=mm&r=g\",\"caption\":\"moacir\"},\"url\":\"https:\/\/franciscanos.org.br\/noticias\/author\/moacir\"}]}<\/script>\n<!-- \/ Yoast SEO plugin. -->","yoast_head_json":{"title":"II Acampamento Vocacional Frei Carlos Pierezan - Not\u00edcias - Franciscanos","robots":{"index":"index","follow":"follow","max-snippet":"max-snippet:-1","max-image-preview":"max-image-preview:large","max-video-preview":"max-video-preview:-1"},"canonical":"https:\/\/franciscanos.org.br\/noticias\/ii-acampamento-vocacional-frei-carlos-pierezan.html","og_locale":"pt_BR","og_type":"article","og_title":"II Acampamento Vocacional Frei Carlos Pierezan - Not\u00edcias - Franciscanos","og_description":"Juventudes","og_url":"https:\/\/franciscanos.org.br\/noticias\/ii-acampamento-vocacional-frei-carlos-pierezan.html","og_site_name":"Not\u00edcias - Franciscanos","article_published_time":"2022-08-16T13:31:18+00:00","og_image":[{"width":1280,"height":720,"url":"https:\/\/franciscanos.org.br\/noticias\/wp-content\/uploads\/2022\/08\/acampamento_agudos_16.jpg","type":"image\/jpeg"}],"author":"moacir","twitter_card":"summary_large_image","twitter_misc":{"Escrito por":"moacir","Est. tempo de leitura":"2 minutos"},"schema":{"@context":"https:\/\/schema.org","@graph":[{"@type":"WebSite","@id":"https:\/\/franciscanos.org.br\/noticias\/#website","url":"https:\/\/franciscanos.org.br\/noticias\/","name":"Not\u00edcias - Franciscanos","description":"Prov\u00edncia Franciscana da Imaculada Concei\u00e7\u00e3o do Brasil - Ordem dos Frades Menores - OFM","potentialAction":[{"@type":"SearchAction","target":{"@type":"EntryPoint","urlTemplate":"https:\/\/franciscanos.org.br\/noticias\/?s={search_term_string}"},"query-input":"required name=search_term_string"}],"inLanguage":"pt-BR"},{"@type":"ImageObject","inLanguage":"pt-BR","@id":"https:\/\/franciscanos.org.br\/noticias\/ii-acampamento-vocacional-frei-carlos-pierezan.html#primaryimage","url":"https:\/\/franciscanos.org.br\/noticias\/wp-content\/uploads\/2022\/08\/acampamento_agudos_16.jpg","contentUrl":"https:\/\/franciscanos.org.br\/noticias\/wp-content\/uploads\/2022\/08\/acampamento_agudos_16.jpg","width":1280,"height":720},{"@type":"WebPage","@id":"https:\/\/franciscanos.org.br\/noticias\/ii-acampamento-vocacional-frei-carlos-pierezan.html#webpage","url":"https:\/\/franciscanos.org.br\/noticias\/ii-acampamento-vocacional-frei-carlos-pierezan.html","name":"II Acampamento Vocacional Frei Carlos Pierezan - Not\u00edcias - Franciscanos","isPartOf":{"@id":"https:\/\/franciscanos.org.br\/noticias\/#website"},"primaryImageOfPage":{"@id":"https:\/\/franciscanos.org.br\/noticias\/ii-acampamento-vocacional-frei-carlos-pierezan.html#primaryimage"},"datePublished":"2022-08-16T13:31:18+00:00","dateModified":"2022-08-16T13:31:18+00:00","author":{"@id":"https:\/\/franciscanos.org.br\/noticias\/#\/schema\/person\/b5c8cba458c330ccff548b056e95a5d4"},"breadcrumb":{"@id":"https:\/\/franciscanos.org.br\/noticias\/ii-acampamento-vocacional-frei-carlos-pierezan.html#breadcrumb"},"inLanguage":"pt-BR","potentialAction":[{"@type":"ReadAction","target":["https:\/\/franciscanos.org.br\/noticias\/ii-acampamento-vocacional-frei-carlos-pierezan.html"]}]},{"@type":"BreadcrumbList","@id":"https:\/\/franciscanos.org.br\/noticias\/ii-acampamento-vocacional-frei-carlos-pierezan.html#breadcrumb","itemListElement":[{"@type":"ListItem","position":1,"name":"Home","item":"https:\/\/franciscanos.org.br\/noticias"},{"@type":"ListItem","position":2,"name":"II Acampamento Vocacional Frei Carlos Pierezan"}]},{"@type":"Person","@id":"https:\/\/franciscanos.org.br\/noticias\/#\/schema\/person\/b5c8cba458c330ccff548b056e95a5d4","name":"moacir","image":{"@type":"ImageObject","inLanguage":"pt-BR","@id":"https:\/\/franciscanos.org.br\/noticias\/#\/schema\/person\/image\/","url":"https:\/\/secure.gravatar.com\/avatar\/d08aa2ce4c8dd416d4479aa8536fcf64?s=96&d=mm&r=g","contentUrl":"https:\/\/secure.gravatar.com\/avatar\/d08aa2ce4c8dd416d4479aa8536fcf64?s=96&d=mm&r=g","caption":"moacir"},"url":"https:\/\/franciscanos.org.br\/noticias\/author\/moacir"}]}},"_links":{"self":[{"href":"https:\/\/franciscanos.org.br\/noticias\/wp-json\/wp\/v2\/posts\/239266"}],"collection":[{"href":"https:\/\/franciscanos.org.br\/noticias\/wp-json\/wp\/v2\/posts"}],"about":[{"href":"https:\/\/franciscanos.org.br\/noticias\/wp-json\/wp\/v2\/types\/post"}],"author":[{"embeddable":true,"href":"https:\/\/franciscanos.org.br\/noticias\/wp-json\/wp\/v2\/users\/3"}],"replies":[{"embeddable":true,"href":"https:\/\/franciscanos.org.br\/noticias\/wp-json\/wp\/v2\/comments?post=239266"}],"version-history":[{"count":1,"href":"https:\/\/franciscanos.org.br\/noticias\/wp-json\/wp\/v2\/posts\/239266\/revisions"}],"predecessor-version":[{"id":239271,"href":"https:\/\/franciscanos.org.br\/noticias\/wp-json\/wp\/v2\/posts\/239266\/revisions\/239271"}],"wp:featuredmedia":[{"embeddable":true,"href":"https:\/\/franciscanos.org.br\/noticias\/wp-json\/wp\/v2\/media\/239267"}],"wp:attachment":[{"href":"https:\/\/franciscanos.org.br\/noticias\/wp-json\/wp\/v2\/media?parent=239266"}],"wp:term":[{"taxonomy":"category","embeddable":true,"href":"https:\/\/franciscanos.org.br\/noticias\/wp-json\/wp\/v2\/categories?post=239266"},{"taxonomy":"post_tag","embeddable":true,"href":"https:\/\/franciscanos.org.br\/noticias\/wp-json\/wp\/v2\/tags?post=239266"}],"curies":[{"name":"wp","href":"https:\/\/api.w.org\/{rel}","templated":true}]}}