{"id":239256,"date":"2022-08-15T10:47:10","date_gmt":"2022-08-15T13:47:10","guid":{"rendered":"https:\/\/franciscanos.org.br\/noticias\/?p=239256"},"modified":"2022-08-15T11:28:08","modified_gmt":"2022-08-15T14:28:08","slug":"convento-da-penha-celebra-o-mes-vocacional","status":"publish","type":"post","link":"https:\/\/franciscanos.org.br\/noticias\/convento-da-penha-celebra-o-mes-vocacional.html","title":{"rendered":"Convento da Penha celebra o M\u00eas Vocacional"},"content":{"rendered":"<p><img loading=\"lazy\" class=\"alignright size-full wp-image-239257\" src=\"https:\/\/franciscanos.org.br\/noticias\/wp-content\/uploads\/2022\/08\/vocacional_1508.jpg\" alt=\"\" width=\"1280\" height=\"720\" srcset=\"https:\/\/franciscanos.org.br\/noticias\/wp-content\/uploads\/2022\/08\/vocacional_1508.jpg 1280w, https:\/\/franciscanos.org.br\/noticias\/wp-content\/uploads\/2022\/08\/vocacional_1508-450x253.jpg 450w, https:\/\/franciscanos.org.br\/noticias\/wp-content\/uploads\/2022\/08\/vocacional_1508-1024x576.jpg 1024w, https:\/\/franciscanos.org.br\/noticias\/wp-content\/uploads\/2022\/08\/vocacional_1508-768x432.jpg 768w, https:\/\/franciscanos.org.br\/noticias\/wp-content\/uploads\/2022\/08\/vocacional_1508-150x84.jpg 150w\" sizes=\"(max-width: 1280px) 100vw, 1280px\" \/><\/p>\n<p>A Igreja no Brasil reserva o m\u00eas de agosto para as ora\u00e7\u00f5es e preces pelas voca\u00e7\u00f5es, \u00e9 o conhecido \u201cM\u00eas Vocacional\u201d. A Missa das 11h deste s\u00e1bado (13\/8), teve como motiva\u00e7\u00e3o a ora\u00e7\u00e3o pelas muitas voca\u00e7\u00f5es. Frei Alessandro Dias \u00e9 animador vocacional do Convento e por isso conduziu a celebra\u00e7\u00e3o como uma conversa, explicando principalmente que voca\u00e7\u00e3o n\u00e3o \u00e9 apenas dos religiosos, dos sacerdotes. A liturgia tamb\u00e9m foi com leituras pr\u00f3prias que falam de voca\u00e7\u00e3o bem como as ora\u00e7\u00f5es.<\/p>\n<p>Ao iniciar a partilha da Palavra e da experi\u00eancia vocacional, Frei Alessandro lembrou que a voca\u00e7\u00e3o \u00e9 dom de Deus, portanto, todos n\u00f3s somos chamados. \u201cEstamos vivendo o m\u00eas vocacional e quando falamos de voca\u00e7\u00e3o, n\u00e3o podemos pensar apenas nos padres ou nos religiosos. No pr\u00f3prio Evangelho Jesus diz: &#8216;A messe \u00e9 grande mas poucos os oper\u00e1rios, pedi ao Senhor da messe que envie oper\u00e1rios para a messe&#8217; (Mt 9, 38), ou seja, Jesus chama a todos n\u00f3s. Nossa voca\u00e7\u00e3o, primeiramente \u00e9 um dom de Deus. Voca\u00e7\u00e3o \u00e9 uma resposta de f\u00e9 ao chamado de Deus! Nossa voca\u00e7\u00e3o n\u00e3o \u00e9 a gente que escolhe, \u00e9 Deus que nos escolheu, escolheu a cada um de n\u00f3s. Voc\u00ea que \u00e9 casado ou voc\u00ea que \u00e9 solteiro, a gente sente aquela \u2018inclina\u00e7\u00e3o\u2019, a gente sente e se identifica com aquele modo de vida, \u00e9 Deus que fala ao nosso cora\u00e7\u00e3o\u201d, explicou.<\/p>\n<p>Por fim, Frei Alessandro animou a todos para que n\u00e3o desanimemos mesmo com as dificuldades, lembrando o exemplo de Santa Dulce dos Pobres (mem\u00f3ria deste dia). \u201cTodos n\u00f3s temos falhas e vamos enfrentar as dificuldades, mas n\u00e3o podemos desanimar. A gente precisa ter essa generosidade de ouvir o chamado de Deus, precisamos de muita f\u00e9, de muito amor, e obedi\u00eancia ao chamado de Deus. Temos hoje o exemplo de Santa Dulce dos Pobres, uma pessoa que se voltou para os necessitados, se entregou em prol dos necessitados. N\u00f3s temos, como ela, a fun\u00e7\u00e3o de rezar e cuidar do outro. O sacerdote \u00e9 algu\u00e9m que vai dedicar sua vida no servi\u00e7o para o outro\u201d, lembrou.<\/p>\n<p>Ao final da Missa, Frei Alessandro fez uma ora\u00e7\u00e3o pelos vocacionados, para que encontrem respostas para o chamado de Deus e sejam obedientes.<\/p>\n<hr \/>\n<p><em>Quero conversar sobre voca\u00e7\u00e3o. O que fazer? Mandar uma mensagem para o WhatsApp (27) 99919-4997 ou ainda para o Franciszap (11) 5576-7929.<\/em><\/p>\n","protected":false},"excerpt":{"rendered":"<p>M\u00eas das Voca\u00e7\u00f5es<\/p>\n","protected":false},"author":3,"featured_media":239257,"comment_status":"open","ping_status":"open","sticky":false,"template":"","format":"standard","meta":[],"categories":[1],"tags":[248],"acf":[],"yoast_head":"<!-- This site is optimized with the Yoast SEO plugin v19.2 - https:\/\/yoast.com\/wordpress\/plugins\/seo\/ -->\n<title>Convento da Penha celebra o M\u00eas Vocacional - Not\u00edcias - Franciscanos<\/title>\n<meta name=\"robots\" content=\"index, follow, max-snippet:-1, max-image-preview:large, max-video-preview:-1\" \/>\n<link rel=\"canonical\" href=\"https:\/\/franciscanos.org.br\/noticias\/convento-da-penha-celebra-o-mes-vocacional.html\" \/>\n<meta property=\"og:locale\" content=\"pt_BR\" \/>\n<meta property=\"og:type\" content=\"article\" \/>\n<meta property=\"og:title\" content=\"Convento da Penha celebra o M\u00eas Vocacional - Not\u00edcias - Franciscanos\" \/>\n<meta property=\"og:description\" content=\"M\u00eas das Voca\u00e7\u00f5es\" \/>\n<meta property=\"og:url\" content=\"https:\/\/franciscanos.org.br\/noticias\/convento-da-penha-celebra-o-mes-vocacional.html\" \/>\n<meta property=\"og:site_name\" content=\"Not\u00edcias - Franciscanos\" \/>\n<meta property=\"article:published_time\" content=\"2022-08-15T13:47:10+00:00\" \/>\n<meta property=\"article:modified_time\" content=\"2022-08-15T14:28:08+00:00\" \/>\n<meta property=\"og:image\" content=\"https:\/\/franciscanos.org.br\/noticias\/wp-content\/uploads\/2022\/08\/vocacional_1508.jpg\" \/>\n\t<meta property=\"og:image:width\" content=\"1280\" \/>\n\t<meta property=\"og:image:height\" content=\"720\" \/>\n\t<meta property=\"og:image:type\" content=\"image\/jpeg\" \/>\n<meta name=\"author\" content=\"moacir\" \/>\n<meta name=\"twitter:card\" content=\"summary_large_image\" \/>\n<meta name=\"twitter:label1\" content=\"Escrito por\" \/>\n\t<meta name=\"twitter:data1\" content=\"moacir\" \/>\n\t<meta name=\"twitter:label2\" content=\"Est. tempo de leitura\" \/>\n\t<meta name=\"twitter:data2\" content=\"3 minutos\" \/>\n<script type=\"application\/ld+json\" class=\"yoast-schema-graph\">{\"@context\":\"https:\/\/schema.org\",\"@graph\":[{\"@type\":\"WebSite\",\"@id\":\"https:\/\/franciscanos.org.br\/noticias\/#website\",\"url\":\"https:\/\/franciscanos.org.br\/noticias\/\",\"name\":\"Not\u00edcias - Franciscanos\",\"description\":\"Prov\u00edncia Franciscana da Imaculada Concei\u00e7\u00e3o do Brasil - Ordem dos Frades Menores - OFM\",\"potentialAction\":[{\"@type\":\"SearchAction\",\"target\":{\"@type\":\"EntryPoint\",\"urlTemplate\":\"https:\/\/franciscanos.org.br\/noticias\/?s={search_term_string}\"},\"query-input\":\"required name=search_term_string\"}],\"inLanguage\":\"pt-BR\"},{\"@type\":\"ImageObject\",\"inLanguage\":\"pt-BR\",\"@id\":\"https:\/\/franciscanos.org.br\/noticias\/convento-da-penha-celebra-o-mes-vocacional.html#primaryimage\",\"url\":\"https:\/\/franciscanos.org.br\/noticias\/wp-content\/uploads\/2022\/08\/vocacional_1508.jpg\",\"contentUrl\":\"https:\/\/franciscanos.org.br\/noticias\/wp-content\/uploads\/2022\/08\/vocacional_1508.jpg\",\"width\":1280,\"height\":720},{\"@type\":\"WebPage\",\"@id\":\"https:\/\/franciscanos.org.br\/noticias\/convento-da-penha-celebra-o-mes-vocacional.html#webpage\",\"url\":\"https:\/\/franciscanos.org.br\/noticias\/convento-da-penha-celebra-o-mes-vocacional.html\",\"name\":\"Convento da Penha celebra o M\u00eas Vocacional - Not\u00edcias - Franciscanos\",\"isPartOf\":{\"@id\":\"https:\/\/franciscanos.org.br\/noticias\/#website\"},\"primaryImageOfPage\":{\"@id\":\"https:\/\/franciscanos.org.br\/noticias\/convento-da-penha-celebra-o-mes-vocacional.html#primaryimage\"},\"datePublished\":\"2022-08-15T13:47:10+00:00\",\"dateModified\":\"2022-08-15T14:28:08+00:00\",\"author\":{\"@id\":\"https:\/\/franciscanos.org.br\/noticias\/#\/schema\/person\/b5c8cba458c330ccff548b056e95a5d4\"},\"breadcrumb\":{\"@id\":\"https:\/\/franciscanos.org.br\/noticias\/convento-da-penha-celebra-o-mes-vocacional.html#breadcrumb\"},\"inLanguage\":\"pt-BR\",\"potentialAction\":[{\"@type\":\"ReadAction\",\"target\":[\"https:\/\/franciscanos.org.br\/noticias\/convento-da-penha-celebra-o-mes-vocacional.html\"]}]},{\"@type\":\"BreadcrumbList\",\"@id\":\"https:\/\/franciscanos.org.br\/noticias\/convento-da-penha-celebra-o-mes-vocacional.html#breadcrumb\",\"itemListElement\":[{\"@type\":\"ListItem\",\"position\":1,\"name\":\"Home\",\"item\":\"https:\/\/franciscanos.org.br\/noticias\"},{\"@type\":\"ListItem\",\"position\":2,\"name\":\"Convento da Penha celebra o M\u00eas Vocacional\"}]},{\"@type\":\"Person\",\"@id\":\"https:\/\/franciscanos.org.br\/noticias\/#\/schema\/person\/b5c8cba458c330ccff548b056e95a5d4\",\"name\":\"moacir\",\"image\":{\"@type\":\"ImageObject\",\"inLanguage\":\"pt-BR\",\"@id\":\"https:\/\/franciscanos.org.br\/noticias\/#\/schema\/person\/image\/\",\"url\":\"https:\/\/secure.gravatar.com\/avatar\/d08aa2ce4c8dd416d4479aa8536fcf64?s=96&d=mm&r=g\",\"contentUrl\":\"https:\/\/secure.gravatar.com\/avatar\/d08aa2ce4c8dd416d4479aa8536fcf64?s=96&d=mm&r=g\",\"caption\":\"moacir\"},\"url\":\"https:\/\/franciscanos.org.br\/noticias\/author\/moacir\"}]}<\/script>\n<!-- \/ Yoast SEO plugin. -->","yoast_head_json":{"title":"Convento da Penha celebra o M\u00eas Vocacional - Not\u00edcias - Franciscanos","robots":{"index":"index","follow":"follow","max-snippet":"max-snippet:-1","max-image-preview":"max-image-preview:large","max-video-preview":"max-video-preview:-1"},"canonical":"https:\/\/franciscanos.org.br\/noticias\/convento-da-penha-celebra-o-mes-vocacional.html","og_locale":"pt_BR","og_type":"article","og_title":"Convento da Penha celebra o M\u00eas Vocacional - Not\u00edcias - Franciscanos","og_description":"M\u00eas das Voca\u00e7\u00f5es","og_url":"https:\/\/franciscanos.org.br\/noticias\/convento-da-penha-celebra-o-mes-vocacional.html","og_site_name":"Not\u00edcias - Franciscanos","article_published_time":"2022-08-15T13:47:10+00:00","article_modified_time":"2022-08-15T14:28:08+00:00","og_image":[{"width":1280,"height":720,"url":"https:\/\/franciscanos.org.br\/noticias\/wp-content\/uploads\/2022\/08\/vocacional_1508.jpg","type":"image\/jpeg"}],"author":"moacir","twitter_card":"summary_large_image","twitter_misc":{"Escrito por":"moacir","Est. tempo de leitura":"3 minutos"},"schema":{"@context":"https:\/\/schema.org","@graph":[{"@type":"WebSite","@id":"https:\/\/franciscanos.org.br\/noticias\/#website","url":"https:\/\/franciscanos.org.br\/noticias\/","name":"Not\u00edcias - Franciscanos","description":"Prov\u00edncia Franciscana da Imaculada Concei\u00e7\u00e3o do Brasil - Ordem dos Frades Menores - OFM","potentialAction":[{"@type":"SearchAction","target":{"@type":"EntryPoint","urlTemplate":"https:\/\/franciscanos.org.br\/noticias\/?s={search_term_string}"},"query-input":"required name=search_term_string"}],"inLanguage":"pt-BR"},{"@type":"ImageObject","inLanguage":"pt-BR","@id":"https:\/\/franciscanos.org.br\/noticias\/convento-da-penha-celebra-o-mes-vocacional.html#primaryimage","url":"https:\/\/franciscanos.org.br\/noticias\/wp-content\/uploads\/2022\/08\/vocacional_1508.jpg","contentUrl":"https:\/\/franciscanos.org.br\/noticias\/wp-content\/uploads\/2022\/08\/vocacional_1508.jpg","width":1280,"height":720},{"@type":"WebPage","@id":"https:\/\/franciscanos.org.br\/noticias\/convento-da-penha-celebra-o-mes-vocacional.html#webpage","url":"https:\/\/franciscanos.org.br\/noticias\/convento-da-penha-celebra-o-mes-vocacional.html","name":"Convento da Penha celebra o M\u00eas Vocacional - Not\u00edcias - Franciscanos","isPartOf":{"@id":"https:\/\/franciscanos.org.br\/noticias\/#website"},"primaryImageOfPage":{"@id":"https:\/\/franciscanos.org.br\/noticias\/convento-da-penha-celebra-o-mes-vocacional.html#primaryimage"},"datePublished":"2022-08-15T13:47:10+00:00","dateModified":"2022-08-15T14:28:08+00:00","author":{"@id":"https:\/\/franciscanos.org.br\/noticias\/#\/schema\/person\/b5c8cba458c330ccff548b056e95a5d4"},"breadcrumb":{"@id":"https:\/\/franciscanos.org.br\/noticias\/convento-da-penha-celebra-o-mes-vocacional.html#breadcrumb"},"inLanguage":"pt-BR","potentialAction":[{"@type":"ReadAction","target":["https:\/\/franciscanos.org.br\/noticias\/convento-da-penha-celebra-o-mes-vocacional.html"]}]},{"@type":"BreadcrumbList","@id":"https:\/\/franciscanos.org.br\/noticias\/convento-da-penha-celebra-o-mes-vocacional.html#breadcrumb","itemListElement":[{"@type":"ListItem","position":1,"name":"Home","item":"https:\/\/franciscanos.org.br\/noticias"},{"@type":"ListItem","position":2,"name":"Convento da Penha celebra o M\u00eas Vocacional"}]},{"@type":"Person","@id":"https:\/\/franciscanos.org.br\/noticias\/#\/schema\/person\/b5c8cba458c330ccff548b056e95a5d4","name":"moacir","image":{"@type":"ImageObject","inLanguage":"pt-BR","@id":"https:\/\/franciscanos.org.br\/noticias\/#\/schema\/person\/image\/","url":"https:\/\/secure.gravatar.com\/avatar\/d08aa2ce4c8dd416d4479aa8536fcf64?s=96&d=mm&r=g","contentUrl":"https:\/\/secure.gravatar.com\/avatar\/d08aa2ce4c8dd416d4479aa8536fcf64?s=96&d=mm&r=g","caption":"moacir"},"url":"https:\/\/franciscanos.org.br\/noticias\/author\/moacir"}]}},"_links":{"self":[{"href":"https:\/\/franciscanos.org.br\/noticias\/wp-json\/wp\/v2\/posts\/239256"}],"collection":[{"href":"https:\/\/franciscanos.org.br\/noticias\/wp-json\/wp\/v2\/posts"}],"about":[{"href":"https:\/\/franciscanos.org.br\/noticias\/wp-json\/wp\/v2\/types\/post"}],"author":[{"embeddable":true,"href":"https:\/\/franciscanos.org.br\/noticias\/wp-json\/wp\/v2\/users\/3"}],"replies":[{"embeddable":true,"href":"https:\/\/franciscanos.org.br\/noticias\/wp-json\/wp\/v2\/comments?post=239256"}],"version-history":[{"count":2,"href":"https:\/\/franciscanos.org.br\/noticias\/wp-json\/wp\/v2\/posts\/239256\/revisions"}],"predecessor-version":[{"id":239259,"href":"https:\/\/franciscanos.org.br\/noticias\/wp-json\/wp\/v2\/posts\/239256\/revisions\/239259"}],"wp:featuredmedia":[{"embeddable":true,"href":"https:\/\/franciscanos.org.br\/noticias\/wp-json\/wp\/v2\/media\/239257"}],"wp:attachment":[{"href":"https:\/\/franciscanos.org.br\/noticias\/wp-json\/wp\/v2\/media?parent=239256"}],"wp:term":[{"taxonomy":"category","embeddable":true,"href":"https:\/\/franciscanos.org.br\/noticias\/wp-json\/wp\/v2\/categories?post=239256"},{"taxonomy":"post_tag","embeddable":true,"href":"https:\/\/franciscanos.org.br\/noticias\/wp-json\/wp\/v2\/tags?post=239256"}],"curies":[{"name":"wp","href":"https:\/\/api.w.org\/{rel}","templated":true}]}}