{"id":239249,"date":"2022-08-15T10:31:34","date_gmt":"2022-08-15T13:31:34","guid":{"rendered":"https:\/\/franciscanos.org.br\/noticias\/?p=239249"},"modified":"2022-08-15T10:31:34","modified_gmt":"2022-08-15T13:31:34","slug":"fae-fecomercio-e-sebrae-lancam-projeto-consultoria-solidaria","status":"publish","type":"post","link":"https:\/\/franciscanos.org.br\/noticias\/fae-fecomercio-e-sebrae-lancam-projeto-consultoria-solidaria.html","title":{"rendered":"FAE, Fecom\u00e9rcio e Sebrae lan\u00e7am projeto Consultoria Solid\u00e1ria"},"content":{"rendered":"<p><img loading=\"lazy\" class=\"alignnone size-full wp-image-239250\" src=\"https:\/\/franciscanos.org.br\/noticias\/wp-content\/uploads\/2022\/08\/fae_1508.jpg\" alt=\"\" width=\"1280\" height=\"720\" srcset=\"https:\/\/franciscanos.org.br\/noticias\/wp-content\/uploads\/2022\/08\/fae_1508.jpg 1280w, https:\/\/franciscanos.org.br\/noticias\/wp-content\/uploads\/2022\/08\/fae_1508-450x253.jpg 450w, https:\/\/franciscanos.org.br\/noticias\/wp-content\/uploads\/2022\/08\/fae_1508-1024x576.jpg 1024w, https:\/\/franciscanos.org.br\/noticias\/wp-content\/uploads\/2022\/08\/fae_1508-768x432.jpg 768w, https:\/\/franciscanos.org.br\/noticias\/wp-content\/uploads\/2022\/08\/fae_1508-150x84.jpg 150w\" sizes=\"(max-width: 1280px) 100vw, 1280px\" \/><br \/>\nA FAE Centro Universit\u00e1rio, a Fecom\u00e9rcio\/PR e o Sebrae\/PR assinaram, nesta quinta-feira (11\/8), o termo de parceria para o projeto Consultoria Solid\u00e1ria, que vai levar atendimento gratuito a empresas do com\u00e9rcio de bens, servi\u00e7os e turismo de Curitiba e Regi\u00e3o Metropolitana.<\/p>\n<p>Em uma cerim\u00f4nia realizada na FAE Business School, o diretor-geral do Grupo Educacional Bom Jesus e reitor da FAE Centro Universit\u00e1rio, Jorge Ap\u00f3stolos Siarcos, participou do lan\u00e7amento do projeto ao lado do vice-presidente da Fecom\u00e9rcio\/PR, Paulo Cesar Nauiack, e do diretor de Administra\u00e7\u00e3o e Finan\u00e7as do Sebrae\/PR, Jos\u00e9 Gava Neto.<\/p>\n<p>O projeto idealizado pela FAE em parceria com a Fecom\u00e9rcio\/PR e o Sebrae\/PR tem como objetivo levar consultoria gratuita de gest\u00e3o aos empreendedores do com\u00e9rcio para melhorarem os resultados de seus neg\u00f3cios.<\/p>\n<p>Essas consultorias ser\u00e3o realizadas pelos alunos do 4.\u00ba ano de Administra\u00e7\u00e3o da FAE, que ter\u00e3o a oportunidade de experimentar na pr\u00e1tica o que aprendem na teoria. Os alunos ser\u00e3o acompanhados pelos professores e pelos consultores do Sebrae\/PR.<\/p>\n<p>Os empreendedores que participar\u00e3o do projeto ter\u00e3o um diagn\u00f3stico empresarial com o objetivo de identificar pontos fortes e fracos de sua empresa, al\u00e9m de uma sugest\u00e3o de plano de a\u00e7\u00e3o para os pontos priorit\u00e1rios de melhorias.<\/p>\n<p>A Fecom\u00e9rcio\/PR, que possui 500 mil empresas do com\u00e9rcio de bens, servi\u00e7os e turismo como base de sua atua\u00e7\u00e3o, ser\u00e1 respons\u00e1vel por fazer a liga\u00e7\u00e3o entre esses empreendedores e o projeto Consultoria Solid\u00e1ria.<\/p>\n<p><img loading=\"lazy\" class=\"alignnone size-full wp-image-239251\" src=\"https:\/\/franciscanos.org.br\/noticias\/wp-content\/uploads\/2022\/08\/fae_1508_3.jpg\" alt=\"\" width=\"1280\" height=\"753\" srcset=\"https:\/\/franciscanos.org.br\/noticias\/wp-content\/uploads\/2022\/08\/fae_1508_3.jpg 1280w, https:\/\/franciscanos.org.br\/noticias\/wp-content\/uploads\/2022\/08\/fae_1508_3-450x265.jpg 450w, https:\/\/franciscanos.org.br\/noticias\/wp-content\/uploads\/2022\/08\/fae_1508_3-1024x602.jpg 1024w, https:\/\/franciscanos.org.br\/noticias\/wp-content\/uploads\/2022\/08\/fae_1508_3-768x452.jpg 768w, https:\/\/franciscanos.org.br\/noticias\/wp-content\/uploads\/2022\/08\/fae_1508_3-150x88.jpg 150w\" sizes=\"(max-width: 1280px) 100vw, 1280px\" \/><\/p>\n<p>Nesta fase inicial do projeto ser\u00e3o 51 alunos participantes, realizando a consultoria gratuita em 15 empresas.<\/p>\n<p>&#8220;Temos uma grande expectativa com essa iniciativa, principalmente porque as institui\u00e7\u00f5es parceiras t\u00eam sinergia com a nossa miss\u00e3o franciscana. Certamente, esse projeto nasce com a ess\u00eancia da FAE, que privilegia uma forma\u00e7\u00e3o integral, unindo o melhor do mercado, da academia e, principalmente, do ser humano, trazendo contribui\u00e7\u00f5es significativas para muitas fam\u00edlias paranaenses&#8221;, afirmou o diretor-geral do Grupo Educacional, Jorge Ap\u00f3stolos Siarcos.<\/p>\n<p>O vice-presidente da Fecom\u00e9rcio, Paulo Cesar Nauiack, destacou a import\u00e2ncia de projetos como esse. \u201cEssa oportunidade de parceria nos encanta sobremaneira. Esse momento \u00e9 especial, uma troca extremamente rica, n\u00e3o s\u00f3 para os empres\u00e1rios que receber\u00e3o a consultoria, mas para os alunos que v\u00e3o vivenciar a experi\u00eancia. A solidariedade \u00e9 uma via de m\u00e3o dupla. Queremos fazer diferen\u00e7a na sociedade\u201d, declarou.<\/p>\n<p>\u201c\u00c9 uma iniciativa louv\u00e1vel liderada pela FAE e pela Fecom\u00e9rcio que, junto com o Sebrae, levar\u00e3o capacita\u00e7\u00f5es gratuitas para pequenos empres\u00e1rios, e ainda possibilitar\u00e1 habilitar alunos para atuarem com consultoria, o que pode abrir novas oportunidades de mercado. Ganham todos nesta parceria, principalmente as micro e pequenas empresas e os alunos\u201d, destacou Jos\u00e9 Gava Neto, diretor de Administra\u00e7\u00e3o e Finan\u00e7as do Sebrae\/PR.<\/p>\n<p>O professor da FAE e gestor operacional da Consultoria Solid\u00e1ria, Valter Filho, fez uma apresenta\u00e7\u00e3o do projeto aos convidados e esclareceu d\u00favidas sobre detalhes da consultoria.<\/p>\n<p><img loading=\"lazy\" class=\"alignnone size-full wp-image-239252\" src=\"https:\/\/franciscanos.org.br\/noticias\/wp-content\/uploads\/2022\/08\/fae_1508_1.jpg\" alt=\"\" width=\"1280\" height=\"853\" srcset=\"https:\/\/franciscanos.org.br\/noticias\/wp-content\/uploads\/2022\/08\/fae_1508_1.jpg 1280w, https:\/\/franciscanos.org.br\/noticias\/wp-content\/uploads\/2022\/08\/fae_1508_1-450x300.jpg 450w, https:\/\/franciscanos.org.br\/noticias\/wp-content\/uploads\/2022\/08\/fae_1508_1-1024x682.jpg 1024w, https:\/\/franciscanos.org.br\/noticias\/wp-content\/uploads\/2022\/08\/fae_1508_1-768x512.jpg 768w, https:\/\/franciscanos.org.br\/noticias\/wp-content\/uploads\/2022\/08\/fae_1508_1-150x100.jpg 150w\" sizes=\"(max-width: 1280px) 100vw, 1280px\" \/><\/p>\n<p>Tamb\u00e9m participaram da cerim\u00f4nia o vice-governador do Paran\u00e1, Darci Piana; o superintendente da Fecom\u00e9rcio\/PR, Eduardo Gabardo; o diretor regional do Sesc, Emerson Sextos; o diretor regional do Senac, Sidnei Lopes de Oliveira; o coordenador do N\u00facleo de Comunica\u00e7\u00e3o da Fecom\u00e9rcio\/PR, Cesar Luiz Gon\u00e7alves; o coordenador de Pesquisa de Desenvolvimento Empresarial da Fecom\u00e9rcio\/PR, Rodrigo Schmidt; a diretora da C\u00e2mara da Mulher Empreendedora e Gestora de Neg\u00f3cios da Fecom\u00e9rcio\/PR, Claudia Colpi; o diretor de Rela\u00e7\u00f5es Corporativas da FAE, Paulo Roberto Ara\u00fajo Cruz; o coordenador do Projeto FAE Social, Frei Claudino Gilz; o vice-presidente do Grupo Educacional Bom Jesus, Frei Daniel Dellandrea; o tesoureiro do Grupo Educacional, Frei M\u00e1rio Knapik; o pr\u00f3-reitor Acad\u00eamico da FAE, Everton Drohomeretski; a diretora do campus Curitiba da FAE, Andrea Regina Hopfer Cunha; e o diretor do campus S\u00e3o Jos\u00e9 dos Pinhais da FAE, \u00c9lcio Douglas Joaquim.<\/p>\n<p>Coordenadores de cursos de gradua\u00e7\u00e3o da FAE e integrantes da equipe do Senac\/PR, da Fecom\u00e9rcio\/PR e do Sebrae\/PR tamb\u00e9m prestigiaram o lan\u00e7amento do projeto.<\/p>\n<hr \/>\n<p><em>Juliano Franco Zemuner<\/em><\/p>\n","protected":false},"excerpt":{"rendered":"<p>FAE Centro Universit\u00e1rio<\/p>\n","protected":false},"author":3,"featured_media":239250,"comment_status":"open","ping_status":"open","sticky":false,"template":"","format":"standard","meta":[],"categories":[1],"tags":[548],"acf":[],"yoast_head":"<!-- This site is optimized with the Yoast SEO plugin v19.2 - https:\/\/yoast.com\/wordpress\/plugins\/seo\/ -->\n<title>FAE, Fecom\u00e9rcio e Sebrae lan\u00e7am projeto Consultoria Solid\u00e1ria - Not\u00edcias - Franciscanos<\/title>\n<meta name=\"robots\" content=\"index, follow, max-snippet:-1, max-image-preview:large, max-video-preview:-1\" \/>\n<link rel=\"canonical\" href=\"https:\/\/franciscanos.org.br\/noticias\/fae-fecomercio-e-sebrae-lancam-projeto-consultoria-solidaria.html\" \/>\n<meta property=\"og:locale\" content=\"pt_BR\" \/>\n<meta property=\"og:type\" content=\"article\" \/>\n<meta property=\"og:title\" content=\"FAE, Fecom\u00e9rcio e Sebrae lan\u00e7am projeto Consultoria Solid\u00e1ria - Not\u00edcias - Franciscanos\" \/>\n<meta property=\"og:description\" content=\"FAE Centro Universit\u00e1rio\" \/>\n<meta property=\"og:url\" content=\"https:\/\/franciscanos.org.br\/noticias\/fae-fecomercio-e-sebrae-lancam-projeto-consultoria-solidaria.html\" \/>\n<meta property=\"og:site_name\" content=\"Not\u00edcias - Franciscanos\" \/>\n<meta property=\"article:published_time\" content=\"2022-08-15T13:31:34+00:00\" \/>\n<meta property=\"og:image\" content=\"https:\/\/franciscanos.org.br\/noticias\/wp-content\/uploads\/2022\/08\/fae_1508.jpg\" \/>\n\t<meta property=\"og:image:width\" content=\"1280\" \/>\n\t<meta property=\"og:image:height\" content=\"720\" \/>\n\t<meta property=\"og:image:type\" content=\"image\/jpeg\" \/>\n<meta name=\"author\" content=\"moacir\" \/>\n<meta name=\"twitter:card\" content=\"summary_large_image\" \/>\n<meta name=\"twitter:label1\" content=\"Escrito por\" \/>\n\t<meta name=\"twitter:data1\" content=\"moacir\" \/>\n\t<meta name=\"twitter:label2\" content=\"Est. tempo de leitura\" \/>\n\t<meta name=\"twitter:data2\" content=\"4 minutos\" \/>\n<script type=\"application\/ld+json\" class=\"yoast-schema-graph\">{\"@context\":\"https:\/\/schema.org\",\"@graph\":[{\"@type\":\"WebSite\",\"@id\":\"https:\/\/franciscanos.org.br\/noticias\/#website\",\"url\":\"https:\/\/franciscanos.org.br\/noticias\/\",\"name\":\"Not\u00edcias - Franciscanos\",\"description\":\"Prov\u00edncia Franciscana da Imaculada Concei\u00e7\u00e3o do Brasil - Ordem dos Frades Menores - OFM\",\"potentialAction\":[{\"@type\":\"SearchAction\",\"target\":{\"@type\":\"EntryPoint\",\"urlTemplate\":\"https:\/\/franciscanos.org.br\/noticias\/?s={search_term_string}\"},\"query-input\":\"required name=search_term_string\"}],\"inLanguage\":\"pt-BR\"},{\"@type\":\"ImageObject\",\"inLanguage\":\"pt-BR\",\"@id\":\"https:\/\/franciscanos.org.br\/noticias\/fae-fecomercio-e-sebrae-lancam-projeto-consultoria-solidaria.html#primaryimage\",\"url\":\"https:\/\/franciscanos.org.br\/noticias\/wp-content\/uploads\/2022\/08\/fae_1508.jpg\",\"contentUrl\":\"https:\/\/franciscanos.org.br\/noticias\/wp-content\/uploads\/2022\/08\/fae_1508.jpg\",\"width\":1280,\"height\":720},{\"@type\":\"WebPage\",\"@id\":\"https:\/\/franciscanos.org.br\/noticias\/fae-fecomercio-e-sebrae-lancam-projeto-consultoria-solidaria.html#webpage\",\"url\":\"https:\/\/franciscanos.org.br\/noticias\/fae-fecomercio-e-sebrae-lancam-projeto-consultoria-solidaria.html\",\"name\":\"FAE, Fecom\u00e9rcio e Sebrae lan\u00e7am projeto Consultoria Solid\u00e1ria - Not\u00edcias - Franciscanos\",\"isPartOf\":{\"@id\":\"https:\/\/franciscanos.org.br\/noticias\/#website\"},\"primaryImageOfPage\":{\"@id\":\"https:\/\/franciscanos.org.br\/noticias\/fae-fecomercio-e-sebrae-lancam-projeto-consultoria-solidaria.html#primaryimage\"},\"datePublished\":\"2022-08-15T13:31:34+00:00\",\"dateModified\":\"2022-08-15T13:31:34+00:00\",\"author\":{\"@id\":\"https:\/\/franciscanos.org.br\/noticias\/#\/schema\/person\/b5c8cba458c330ccff548b056e95a5d4\"},\"breadcrumb\":{\"@id\":\"https:\/\/franciscanos.org.br\/noticias\/fae-fecomercio-e-sebrae-lancam-projeto-consultoria-solidaria.html#breadcrumb\"},\"inLanguage\":\"pt-BR\",\"potentialAction\":[{\"@type\":\"ReadAction\",\"target\":[\"https:\/\/franciscanos.org.br\/noticias\/fae-fecomercio-e-sebrae-lancam-projeto-consultoria-solidaria.html\"]}]},{\"@type\":\"BreadcrumbList\",\"@id\":\"https:\/\/franciscanos.org.br\/noticias\/fae-fecomercio-e-sebrae-lancam-projeto-consultoria-solidaria.html#breadcrumb\",\"itemListElement\":[{\"@type\":\"ListItem\",\"position\":1,\"name\":\"Home\",\"item\":\"https:\/\/franciscanos.org.br\/noticias\"},{\"@type\":\"ListItem\",\"position\":2,\"name\":\"FAE, Fecom\u00e9rcio e Sebrae lan\u00e7am projeto Consultoria Solid\u00e1ria\"}]},{\"@type\":\"Person\",\"@id\":\"https:\/\/franciscanos.org.br\/noticias\/#\/schema\/person\/b5c8cba458c330ccff548b056e95a5d4\",\"name\":\"moacir\",\"image\":{\"@type\":\"ImageObject\",\"inLanguage\":\"pt-BR\",\"@id\":\"https:\/\/franciscanos.org.br\/noticias\/#\/schema\/person\/image\/\",\"url\":\"https:\/\/secure.gravatar.com\/avatar\/d08aa2ce4c8dd416d4479aa8536fcf64?s=96&d=mm&r=g\",\"contentUrl\":\"https:\/\/secure.gravatar.com\/avatar\/d08aa2ce4c8dd416d4479aa8536fcf64?s=96&d=mm&r=g\",\"caption\":\"moacir\"},\"url\":\"https:\/\/franciscanos.org.br\/noticias\/author\/moacir\"}]}<\/script>\n<!-- \/ Yoast SEO plugin. -->","yoast_head_json":{"title":"FAE, Fecom\u00e9rcio e Sebrae lan\u00e7am projeto Consultoria Solid\u00e1ria - Not\u00edcias - Franciscanos","robots":{"index":"index","follow":"follow","max-snippet":"max-snippet:-1","max-image-preview":"max-image-preview:large","max-video-preview":"max-video-preview:-1"},"canonical":"https:\/\/franciscanos.org.br\/noticias\/fae-fecomercio-e-sebrae-lancam-projeto-consultoria-solidaria.html","og_locale":"pt_BR","og_type":"article","og_title":"FAE, Fecom\u00e9rcio e Sebrae lan\u00e7am projeto Consultoria Solid\u00e1ria - Not\u00edcias - Franciscanos","og_description":"FAE Centro Universit\u00e1rio","og_url":"https:\/\/franciscanos.org.br\/noticias\/fae-fecomercio-e-sebrae-lancam-projeto-consultoria-solidaria.html","og_site_name":"Not\u00edcias - Franciscanos","article_published_time":"2022-08-15T13:31:34+00:00","og_image":[{"width":1280,"height":720,"url":"https:\/\/franciscanos.org.br\/noticias\/wp-content\/uploads\/2022\/08\/fae_1508.jpg","type":"image\/jpeg"}],"author":"moacir","twitter_card":"summary_large_image","twitter_misc":{"Escrito por":"moacir","Est. tempo de leitura":"4 minutos"},"schema":{"@context":"https:\/\/schema.org","@graph":[{"@type":"WebSite","@id":"https:\/\/franciscanos.org.br\/noticias\/#website","url":"https:\/\/franciscanos.org.br\/noticias\/","name":"Not\u00edcias - Franciscanos","description":"Prov\u00edncia Franciscana da Imaculada Concei\u00e7\u00e3o do Brasil - Ordem dos Frades Menores - OFM","potentialAction":[{"@type":"SearchAction","target":{"@type":"EntryPoint","urlTemplate":"https:\/\/franciscanos.org.br\/noticias\/?s={search_term_string}"},"query-input":"required name=search_term_string"}],"inLanguage":"pt-BR"},{"@type":"ImageObject","inLanguage":"pt-BR","@id":"https:\/\/franciscanos.org.br\/noticias\/fae-fecomercio-e-sebrae-lancam-projeto-consultoria-solidaria.html#primaryimage","url":"https:\/\/franciscanos.org.br\/noticias\/wp-content\/uploads\/2022\/08\/fae_1508.jpg","contentUrl":"https:\/\/franciscanos.org.br\/noticias\/wp-content\/uploads\/2022\/08\/fae_1508.jpg","width":1280,"height":720},{"@type":"WebPage","@id":"https:\/\/franciscanos.org.br\/noticias\/fae-fecomercio-e-sebrae-lancam-projeto-consultoria-solidaria.html#webpage","url":"https:\/\/franciscanos.org.br\/noticias\/fae-fecomercio-e-sebrae-lancam-projeto-consultoria-solidaria.html","name":"FAE, Fecom\u00e9rcio e Sebrae lan\u00e7am projeto Consultoria Solid\u00e1ria - Not\u00edcias - Franciscanos","isPartOf":{"@id":"https:\/\/franciscanos.org.br\/noticias\/#website"},"primaryImageOfPage":{"@id":"https:\/\/franciscanos.org.br\/noticias\/fae-fecomercio-e-sebrae-lancam-projeto-consultoria-solidaria.html#primaryimage"},"datePublished":"2022-08-15T13:31:34+00:00","dateModified":"2022-08-15T13:31:34+00:00","author":{"@id":"https:\/\/franciscanos.org.br\/noticias\/#\/schema\/person\/b5c8cba458c330ccff548b056e95a5d4"},"breadcrumb":{"@id":"https:\/\/franciscanos.org.br\/noticias\/fae-fecomercio-e-sebrae-lancam-projeto-consultoria-solidaria.html#breadcrumb"},"inLanguage":"pt-BR","potentialAction":[{"@type":"ReadAction","target":["https:\/\/franciscanos.org.br\/noticias\/fae-fecomercio-e-sebrae-lancam-projeto-consultoria-solidaria.html"]}]},{"@type":"BreadcrumbList","@id":"https:\/\/franciscanos.org.br\/noticias\/fae-fecomercio-e-sebrae-lancam-projeto-consultoria-solidaria.html#breadcrumb","itemListElement":[{"@type":"ListItem","position":1,"name":"Home","item":"https:\/\/franciscanos.org.br\/noticias"},{"@type":"ListItem","position":2,"name":"FAE, Fecom\u00e9rcio e Sebrae lan\u00e7am projeto Consultoria Solid\u00e1ria"}]},{"@type":"Person","@id":"https:\/\/franciscanos.org.br\/noticias\/#\/schema\/person\/b5c8cba458c330ccff548b056e95a5d4","name":"moacir","image":{"@type":"ImageObject","inLanguage":"pt-BR","@id":"https:\/\/franciscanos.org.br\/noticias\/#\/schema\/person\/image\/","url":"https:\/\/secure.gravatar.com\/avatar\/d08aa2ce4c8dd416d4479aa8536fcf64?s=96&d=mm&r=g","contentUrl":"https:\/\/secure.gravatar.com\/avatar\/d08aa2ce4c8dd416d4479aa8536fcf64?s=96&d=mm&r=g","caption":"moacir"},"url":"https:\/\/franciscanos.org.br\/noticias\/author\/moacir"}]}},"_links":{"self":[{"href":"https:\/\/franciscanos.org.br\/noticias\/wp-json\/wp\/v2\/posts\/239249"}],"collection":[{"href":"https:\/\/franciscanos.org.br\/noticias\/wp-json\/wp\/v2\/posts"}],"about":[{"href":"https:\/\/franciscanos.org.br\/noticias\/wp-json\/wp\/v2\/types\/post"}],"author":[{"embeddable":true,"href":"https:\/\/franciscanos.org.br\/noticias\/wp-json\/wp\/v2\/users\/3"}],"replies":[{"embeddable":true,"href":"https:\/\/franciscanos.org.br\/noticias\/wp-json\/wp\/v2\/comments?post=239249"}],"version-history":[{"count":1,"href":"https:\/\/franciscanos.org.br\/noticias\/wp-json\/wp\/v2\/posts\/239249\/revisions"}],"predecessor-version":[{"id":239253,"href":"https:\/\/franciscanos.org.br\/noticias\/wp-json\/wp\/v2\/posts\/239249\/revisions\/239253"}],"wp:featuredmedia":[{"embeddable":true,"href":"https:\/\/franciscanos.org.br\/noticias\/wp-json\/wp\/v2\/media\/239250"}],"wp:attachment":[{"href":"https:\/\/franciscanos.org.br\/noticias\/wp-json\/wp\/v2\/media?parent=239249"}],"wp:term":[{"taxonomy":"category","embeddable":true,"href":"https:\/\/franciscanos.org.br\/noticias\/wp-json\/wp\/v2\/categories?post=239249"},{"taxonomy":"post_tag","embeddable":true,"href":"https:\/\/franciscanos.org.br\/noticias\/wp-json\/wp\/v2\/tags?post=239249"}],"curies":[{"name":"wp","href":"https:\/\/api.w.org\/{rel}","templated":true}]}}