{"id":239240,"date":"2022-08-15T14:05:57","date_gmt":"2022-08-15T17:05:57","guid":{"rendered":"https:\/\/franciscanos.org.br\/noticias\/?p=239240"},"modified":"2022-08-15T14:18:27","modified_gmt":"2022-08-15T17:18:27","slug":"coral-dos-canarinhos-de-petropolis-faz-80-anos-e-ano-jubilar-comeca-com-missa-solene-dia-21","status":"publish","type":"post","link":"https:\/\/franciscanos.org.br\/noticias\/coral-dos-canarinhos-de-petropolis-faz-80-anos-e-ano-jubilar-comeca-com-missa-solene-dia-21.html","title":{"rendered":"Coral dos Canarinhos faz 80 anos. Ano Jubilar come\u00e7a com Missa Solene dia 21."},"content":{"rendered":"<p><img loading=\"lazy\" class=\"alignnone size-full wp-image-239241\" src=\"https:\/\/franciscanos.org.br\/noticias\/wp-content\/uploads\/2022\/08\/canarinhos_150822.jpg\" alt=\"\" width=\"1032\" height=\"764\" srcset=\"https:\/\/franciscanos.org.br\/noticias\/wp-content\/uploads\/2022\/08\/canarinhos_150822.jpg 1032w, https:\/\/franciscanos.org.br\/noticias\/wp-content\/uploads\/2022\/08\/canarinhos_150822-450x333.jpg 450w, https:\/\/franciscanos.org.br\/noticias\/wp-content\/uploads\/2022\/08\/canarinhos_150822-1024x758.jpg 1024w, https:\/\/franciscanos.org.br\/noticias\/wp-content\/uploads\/2022\/08\/canarinhos_150822-768x569.jpg 768w, https:\/\/franciscanos.org.br\/noticias\/wp-content\/uploads\/2022\/08\/canarinhos_150822-150x111.jpg 150w\" sizes=\"(max-width: 1032px) 100vw, 1032px\" \/><\/p>\n<p><strong>Petr\u00f3polis (RJ) &#8211;<\/strong> Primeiros colonizadores de Petr\u00f3polis, os germ\u00e2nicos foram os respons\u00e1veis por edificar a cidade segundo suas ra\u00edzes. Presentes na arquitetura, gastronomia e no segmento cervejeiro, eles tamb\u00e9m deixaram como heran\u00e7a a tradi\u00e7\u00e3o dos corais. N\u00e3o \u00e9 \u00e0 toa que o munic\u00edpio \u00e9 sede do Coral dos Canarinhos: o mais antigo do Brasil e que, neste dia 15 de agosto de 2022, celebra 80 anos de uma caminhada atrelada \u00e0 inova\u00e7\u00e3o pela qual j\u00e1 passaram mais de quatro mil vozes.<\/p>\n<p>Como parte das celebra\u00e7\u00f5es em homenagem aos 80 anos do coral haver\u00e1 missas &#8211; uma delas cantada por ex-Canarinhos; concertos com solistas e orquestras; promo\u00e7\u00e3o de um almo\u00e7o comemorativo; realiza\u00e7\u00e3o de festivais de pizza e pastel; al\u00e9m de lan\u00e7amentos de uma cole\u00e7\u00e3o de canecas, \u00e1lbum de m\u00fasicas comemorativas nos principais servi\u00e7os de <em>streaming<\/em> e um novo site: reformulado, responsivo e din\u00e2mico, que ir\u00e1 ao ar nesta segunda-feira, \u00a0exatamente na data em que \u00e9 celebrado o anivers\u00e1rio do Coral dos Canarinhos, pelo link:<\/p>\n<h3><span style=\"color: #993366;\"><strong> <a style=\"color: #993366;\" href=\"http:\/\/www.canarinhos.com.br\">www.canarinhos.com.br<\/a><br \/>\n<\/strong><\/span><\/h3>\n<p><u>\u00a0<\/u>No pr\u00f3ximo domingo, dia 21 de agosto, o Ministro Provincial da Prov\u00edncia Franciscana da Imaculada Concei\u00e7\u00e3o do Brasil, Frei Paulo Roberto Pereira, preside a missa de abertura do Ano Jubilar dos 80 anos do Coral dos Canarinhos de Petr\u00f3polis, \u00e0s 10 horas, na Igreja do Sagrado Cora\u00e7\u00e3o de Jesus.<\/p>\n<p><img loading=\"lazy\" class=\"alignnone size-full wp-image-239242\" src=\"https:\/\/franciscanos.org.br\/noticias\/wp-content\/uploads\/2022\/08\/canarinhos_150822_1.jpg\" alt=\"\" width=\"1280\" height=\"576\" srcset=\"https:\/\/franciscanos.org.br\/noticias\/wp-content\/uploads\/2022\/08\/canarinhos_150822_1.jpg 1280w, https:\/\/franciscanos.org.br\/noticias\/wp-content\/uploads\/2022\/08\/canarinhos_150822_1-450x203.jpg 450w, https:\/\/franciscanos.org.br\/noticias\/wp-content\/uploads\/2022\/08\/canarinhos_150822_1-1024x461.jpg 1024w, https:\/\/franciscanos.org.br\/noticias\/wp-content\/uploads\/2022\/08\/canarinhos_150822_1-768x346.jpg 768w, https:\/\/franciscanos.org.br\/noticias\/wp-content\/uploads\/2022\/08\/canarinhos_150822_1-150x68.jpg 150w\" sizes=\"(max-width: 1280px) 100vw, 1280px\" \/><\/p>\n<p>Fundado pelo franciscano, Frei Leto Bienias, nos moldes dos corais de meninos da Alemanha, uma vez que ele mesmo estagiou no Regensburger Domspatzen &#8211; o coro de meninos mais antigo do mundo -, o IMCP preserva em sua metodologia muito do que foi empregado nos prim\u00f3rdios do coral. Institui\u00e7\u00e3o que preza pela disciplina, coloca em pr\u00e1tica os valores franciscanos e desenvolve a forma\u00e7\u00e3o musical e humana de excel\u00eancia, o IMCP \u00e9 patrim\u00f4nio de Petr\u00f3polis e tamb\u00e9m do Brasil.<\/p>\n<p>Em 1973 assume a dire\u00e7\u00e3o Frei Jos\u00e9 Luiz Prim, brasileiro, natural de Santo Amaro da Imperatriz (SC). Com ele, o coro faz sua primeira viagem pela Europa em 1974. Nos dois meses de turn\u00ea, o grupo fez v\u00e1rias apresenta\u00e7\u00f5es, inclusive em Herne, cidade alem\u00e3, onde nascera Frei Leto. O per\u00edodo de Frei Luiz foi marcado por muitos eventos nacionais e de produ\u00e7\u00e3o discogr\u00e1fica. Desde 2000, o ex-canarinho e atual regente, Marco Aur\u00e9lio Lischt, assumiu a dire\u00e7\u00e3o art\u00edstica do Coral dos Canarinhos.<\/p>\n<p><img loading=\"lazy\" class=\"alignright wp-image-239254\" src=\"https:\/\/franciscanos.org.br\/noticias\/wp-content\/uploads\/2020\/08\/rose_1508.jpg\" alt=\"\" width=\"360\" height=\"451\" srcset=\"https:\/\/franciscanos.org.br\/noticias\/wp-content\/uploads\/2020\/08\/rose_1508.jpg 405w, https:\/\/franciscanos.org.br\/noticias\/wp-content\/uploads\/2020\/08\/rose_1508-359x450.jpg 359w, https:\/\/franciscanos.org.br\/noticias\/wp-content\/uploads\/2020\/08\/rose_1508-150x188.jpg 150w\" sizes=\"(max-width: 360px) 100vw, 360px\" \/>Gestora do IMCP, Rose de Mello<em> (foto ao lado)<\/em> discorre sobre a ess\u00eancia da institui\u00e7\u00e3o que, h\u00e1 80 anos, oferece de maneira gratuita forma\u00e7\u00e3o, alimenta\u00e7\u00e3o e viagens dos coralistas. Aberto a toda a popula\u00e7\u00e3o de Petr\u00f3polis, o IMCP \u00e9 hoje constitu\u00eddo por 141 cantores, dentre eles meninos, meninas e aprendizes de diferentes realidades sociais. \u201cFora daqui somente os coros de pa\u00edses desenvolvidos oferecem tamanha forma\u00e7\u00e3o musical e humana de qualidade e sem custo\u201d, afirma Rose, que chama aten\u00e7\u00e3ou ainda para o abrangente repert\u00f3rio praticado.<\/p>\n<p>\u201cUma das nossas preocupa\u00e7\u00f5es \u00e9 o cultivo da m\u00fasica sacra. No Brasil poucos coros infanto-juvenis apresentam este estilo de repert\u00f3rio\u201d, descreve. Ambiente de aprendizagem social e crescimento, a institui\u00e7\u00e3o se revela, ainda, ferramenta de transforma\u00e7\u00e3o para os coralistas. A partir da espiritualidade franciscana, s\u00e3o estimulados a respeitarem o pr\u00f3ximo e adotarem um senso de fraternidade, \u00e9 l\u00e1 tamb\u00e9m que eles vivenciam experi\u00eancias que transcendem o campo musical e que os fazem vislumbrar possibilidades ilimitadas em quaisquer que sejam as \u00e1reas.<\/p>\n<p><img loading=\"lazy\" class=\"alignnone size-full wp-image-239246\" src=\"https:\/\/franciscanos.org.br\/noticias\/wp-content\/uploads\/2022\/08\/canarinhos_150822_5.jpg\" alt=\"\" width=\"1280\" height=\"761\" srcset=\"https:\/\/franciscanos.org.br\/noticias\/wp-content\/uploads\/2022\/08\/canarinhos_150822_5.jpg 1280w, https:\/\/franciscanos.org.br\/noticias\/wp-content\/uploads\/2022\/08\/canarinhos_150822_5-450x268.jpg 450w, https:\/\/franciscanos.org.br\/noticias\/wp-content\/uploads\/2022\/08\/canarinhos_150822_5-1024x609.jpg 1024w, https:\/\/franciscanos.org.br\/noticias\/wp-content\/uploads\/2022\/08\/canarinhos_150822_5-768x457.jpg 768w, https:\/\/franciscanos.org.br\/noticias\/wp-content\/uploads\/2022\/08\/canarinhos_150822_5-150x89.jpg 150w\" sizes=\"(max-width: 1280px) 100vw, 1280px\" \/><\/p>\n<p><strong>Uma hist\u00f3ria da qual se honrar<\/strong><\/p>\n<p>Em 80 anos de legado, o Coral dos Canarinhos de Petr\u00f3polis j\u00e1 realizou viagens internacionais para a Europa, Argentina, Venezuela e Estados Unidos; cantou com o Papa Paulo VI; se apresentou na final do jogo do Brasil na Copa do Mundo de 2004; gravou 17 CD\u2019s &#8211; um deles com tiragem de 300 mil c\u00f3pias; se apresentou com renomados artistas brasileiros a exemplo de Milton Nascimento, Roberto Carlos, \u00c2ngela Maria, Luiz Ayr\u00e3o e o grupo Roupa Nova; integrou o projeto Aquarius &#8211; com destaque para a edi\u00e7\u00e3o na Praia de Copacabana em que foi cantada a Sinfonia dos Mil de Mahler.<\/p>\n<p>Atualmente, quarenta ex-Canarinhos vivem da m\u00fasica. \u201cTemos maestros de orquestras, cantores fazendo carreira solo no Brasil e exterior, m\u00fasicos de orquestra, m\u00fasicos especializados em musicais e compositores\u201d, destaca Rose, que divide os esfor\u00e7os da institui\u00e7\u00e3o em fazer com que a hist\u00f3ria dos Canarinhos esteja atrelada \u00e0 inova\u00e7\u00e3o sem abrir m\u00e3o da tradi\u00e7\u00e3o.<\/p>\n<p>Bem-sucedida, a tarefa fez deles finalistas por dois anos consecutivos nos Pr\u00eamios de Comunica\u00e7\u00e3o da Confer\u00eancia Nacional dos Bispos do Brasil (CNBB). Em 2021, na categoria Iniciativas em Redes Sociais; e, este ano, na se\u00e7\u00e3o de curtas-metragens pela obra \u201cCanarinhos de Petr\u00f3polis: tradi\u00e7\u00e3o e contemporaneidade\u201d.<\/p>\n<p>Durante a pandemia, realizaram-se grava\u00e7\u00f5es, lan\u00e7amentos e atividades virtuais para manter vivo este coral que atravessa d\u00e9cadas. Ainda durante o per\u00edodo de isolamento social, o Instituto se destacou pela cria\u00e7\u00e3o do Coro de C\u00e2mara dos Canarinhos de Petr\u00f3polis: grupo vocal que abrange da m\u00fasica medieval \u00e0 contempor\u00e2nea, com destaque para o MPB e o pop internacional.<\/p>\n<div id=\"attachment_239244\" style=\"width: 1290px\" class=\"wp-caption alignnone\"><img aria-describedby=\"caption-attachment-239244\" loading=\"lazy\" class=\"size-full wp-image-239244\" src=\"https:\/\/franciscanos.org.br\/noticias\/wp-content\/uploads\/2022\/08\/canarinhos_150822_2.jpg\" alt=\"\" width=\"1280\" height=\"717\" srcset=\"https:\/\/franciscanos.org.br\/noticias\/wp-content\/uploads\/2022\/08\/canarinhos_150822_2.jpg 1280w, https:\/\/franciscanos.org.br\/noticias\/wp-content\/uploads\/2022\/08\/canarinhos_150822_2-450x252.jpg 450w, https:\/\/franciscanos.org.br\/noticias\/wp-content\/uploads\/2022\/08\/canarinhos_150822_2-1024x574.jpg 1024w, https:\/\/franciscanos.org.br\/noticias\/wp-content\/uploads\/2022\/08\/canarinhos_150822_2-768x430.jpg 768w, https:\/\/franciscanos.org.br\/noticias\/wp-content\/uploads\/2022\/08\/canarinhos_150822_2-150x84.jpg 150w\" sizes=\"(max-width: 1280px) 100vw, 1280px\" \/><p id=\"caption-attachment-239244\" class=\"wp-caption-text\"><strong style=\"font-size: 16px;\">N\u00fameros que comprovam o sucesso<\/strong><\/p><\/div>\n<p>Sin\u00f4nimo de prest\u00edgio, disciplina e emo\u00e7\u00e3o, o Coral dos Canarinhos, devido \u00e0 pandemia, tem conquistado uma audi\u00eancia crescente tamb\u00e9m no \u00e2mbito digital. Somadas as visualiza\u00e7\u00f5es do canal do YouTube e da p\u00e1gina do Instagram do coro, s\u00e3o mais de 200 mil reprodu\u00e7\u00f5es que comprovam o importante papel desempenhado pela institui\u00e7\u00e3o cujo comprometimento com a forma\u00e7\u00e3o dos coralistas \u00e9 evidente e, no per\u00edodo p\u00f3s-pandemia, precisou-se adequar ao novo momento de mundo vivido.<\/p>\n<p>\u201cTivemos que reformular todo o conte\u00fado das aulas de forma\u00e7\u00e3o musical. Estamos sempre atentos com o desenvolvimento pedag\u00f3gico e humano das crian\u00e7as e adolescentes e, al\u00e9m de cantar, sempre que podemos, proporcionamos aos coralistas momentos de lazer e conviv\u00eancia\u201d, diz Rose. Como parte das comemora\u00e7\u00f5es pelos 80 anos dos Canarinhos, o Instituto dos Meninos Cantores de Petr\u00f3polis desenvolveu uma programa\u00e7\u00e3o variada, cuja hist\u00f3ria ainda tem muitos cap\u00edtulos a serem escritos.<\/p>\n<p>O Coral dos Canarinhos tem por principal miss\u00e3o cantar a Missa das 10 horas, aos domingos, na centen\u00e1ria Igreja do Sagrado Cora\u00e7\u00e3o de Jesus de Petr\u00f3polis (RJ). Momento em que se apresenta tamb\u00e9m ao p\u00fablico, sobretudo com m\u00fasicas sacras e lit\u00fargicas.<\/p>\n<p><img loading=\"lazy\" class=\"alignnone size-full wp-image-239245\" src=\"https:\/\/franciscanos.org.br\/noticias\/wp-content\/uploads\/2022\/08\/canarinhos_150822_3.png\" alt=\"\" width=\"1280\" height=\"720\" srcset=\"https:\/\/franciscanos.org.br\/noticias\/wp-content\/uploads\/2022\/08\/canarinhos_150822_3.png 1280w, https:\/\/franciscanos.org.br\/noticias\/wp-content\/uploads\/2022\/08\/canarinhos_150822_3-450x253.png 450w, https:\/\/franciscanos.org.br\/noticias\/wp-content\/uploads\/2022\/08\/canarinhos_150822_3-1024x576.png 1024w, https:\/\/franciscanos.org.br\/noticias\/wp-content\/uploads\/2022\/08\/canarinhos_150822_3-768x432.png 768w, https:\/\/franciscanos.org.br\/noticias\/wp-content\/uploads\/2022\/08\/canarinhos_150822_3-150x84.png 150w\" sizes=\"(max-width: 1280px) 100vw, 1280px\" \/><\/p>\n<p><strong>Identidade visual<\/strong><\/p>\n<p>Uma identidade visual foi pensada para as celebra\u00e7\u00f5es que se estender\u00e3o at\u00e9 15 de agosto de 2023. Desenvolvido pelo est\u00fadio de design apex dg, sob responsabilidade do volunt\u00e1rio Alexandre Campos, a logo dos 80 anos do Coral dos Canarinhos expressa os sentimentos de solidez e longevidade. A escrita 80 tem seus n\u00fameros unidos e com apar\u00eancia de metal e dourado, um material resistente ao tempo, e que representa bem a hist\u00f3ria do coral, afinal s\u00e3o 80 anos de hist\u00f3ria.<\/p>\n<p>\u201c\u00c9 uma logo moderna e forte\u201d explica Alexandre. \u201cUma logo com uma est\u00e9tica que se apresenta exatamente com o nome do evento, tendo destaque no n\u00famero 80. Depois percebemos a palavra anos, e ent\u00e3o vemos a logo do Instituto, na mesma sequ\u00eancia da frase \u201880 anos do Coral dos Canarinhos de Petr\u00f3polis\u2019. A identidade visual foi desenvolvida em 2 conjuntos de cores para assinar os diferentes materiais das comemora\u00e7\u00f5es.<\/p>\n<p>Um trabalho de mais de seis meses de uma equipe disposta a traduzir a vida de um coral que hoje n\u00e3o \u00e9 apenas de Petr\u00f3polis, mas do Brasil inteiro, sendo o mais antigo do pa\u00eds. Foi em 1942 que o franciscano Frei Leto Bienias fundou o Instituto dos Meninos Cantores que hoje conta com mais de 140 coralistas. Institui\u00e7\u00e3o que preza pela disciplina e coloca em pr\u00e1tica os valores franciscanos, desenvolvendo uma forma\u00e7\u00e3o musical de excel\u00eancia.<\/p>\n<p><img loading=\"lazy\" class=\"alignnone size-full wp-image-239243\" src=\"https:\/\/franciscanos.org.br\/noticias\/wp-content\/uploads\/2022\/08\/canarinhos_150822_4.jpg\" alt=\"\" width=\"1024\" height=\"637\" srcset=\"https:\/\/franciscanos.org.br\/noticias\/wp-content\/uploads\/2022\/08\/canarinhos_150822_4.jpg 1024w, https:\/\/franciscanos.org.br\/noticias\/wp-content\/uploads\/2022\/08\/canarinhos_150822_4-450x280.jpg 450w, https:\/\/franciscanos.org.br\/noticias\/wp-content\/uploads\/2022\/08\/canarinhos_150822_4-768x478.jpg 768w, https:\/\/franciscanos.org.br\/noticias\/wp-content\/uploads\/2022\/08\/canarinhos_150822_4-150x93.jpg 150w\" sizes=\"(max-width: 1024px) 100vw, 1024px\" \/><\/p>\n<hr \/>\n<p>Os Canarinhos podem ser acompanhados pelas redes sociais <a href=\"https:\/\/www.instagram.com\/canarinhosdepetropolis\/\">@canarinhosdepetropolis &#8211; Instagram<\/a> e TikTok, <a href=\"https:\/\/www.youtube.com\/c\/CanarinhosdePetr%C3%B3polis\/featured\">Canarinhos de Petr\u00f3polis &#8211; YouTube<\/a> e site: <a href=\"http:\/\/www.canarinhos.com.br\">www.canarinhos.com.br<\/a>.<\/p>\n<hr \/>\n<p><em>Frei Augusto Luiz Gabriel<\/em><\/p>\n","protected":false},"excerpt":{"rendered":"<p>IMCP<\/p>\n","protected":false},"author":3,"featured_media":239241,"comment_status":"open","ping_status":"open","sticky":false,"template":"","format":"standard","meta":[],"categories":[1],"tags":[1378],"acf":[],"yoast_head":"<!-- This site is optimized with the Yoast SEO plugin v19.2 - https:\/\/yoast.com\/wordpress\/plugins\/seo\/ -->\n<title>Coral dos Canarinhos faz 80 anos. Ano Jubilar come\u00e7a com Missa Solene dia 21. - Not\u00edcias - Franciscanos<\/title>\n<meta name=\"robots\" content=\"index, follow, max-snippet:-1, max-image-preview:large, max-video-preview:-1\" \/>\n<link rel=\"canonical\" href=\"https:\/\/franciscanos.org.br\/noticias\/coral-dos-canarinhos-de-petropolis-faz-80-anos-e-ano-jubilar-comeca-com-missa-solene-dia-21.html\" \/>\n<meta property=\"og:locale\" content=\"pt_BR\" \/>\n<meta property=\"og:type\" content=\"article\" \/>\n<meta property=\"og:title\" content=\"Coral dos Canarinhos faz 80 anos. Ano Jubilar come\u00e7a com Missa Solene dia 21. - Not\u00edcias - Franciscanos\" \/>\n<meta property=\"og:description\" content=\"IMCP\" \/>\n<meta property=\"og:url\" content=\"https:\/\/franciscanos.org.br\/noticias\/coral-dos-canarinhos-de-petropolis-faz-80-anos-e-ano-jubilar-comeca-com-missa-solene-dia-21.html\" \/>\n<meta property=\"og:site_name\" content=\"Not\u00edcias - Franciscanos\" \/>\n<meta property=\"article:published_time\" content=\"2022-08-15T17:05:57+00:00\" \/>\n<meta property=\"article:modified_time\" content=\"2022-08-15T17:18:27+00:00\" \/>\n<meta property=\"og:image\" content=\"https:\/\/franciscanos.org.br\/noticias\/wp-content\/uploads\/2022\/08\/canarinhos_150822.jpg\" \/>\n\t<meta property=\"og:image:width\" content=\"1032\" \/>\n\t<meta property=\"og:image:height\" content=\"764\" \/>\n\t<meta property=\"og:image:type\" content=\"image\/jpeg\" \/>\n<meta name=\"author\" content=\"moacir\" \/>\n<meta name=\"twitter:card\" content=\"summary_large_image\" \/>\n<meta name=\"twitter:label1\" content=\"Escrito por\" \/>\n\t<meta name=\"twitter:data1\" content=\"moacir\" \/>\n\t<meta name=\"twitter:label2\" content=\"Est. tempo de leitura\" \/>\n\t<meta name=\"twitter:data2\" content=\"9 minutos\" \/>\n<script type=\"application\/ld+json\" class=\"yoast-schema-graph\">{\"@context\":\"https:\/\/schema.org\",\"@graph\":[{\"@type\":\"WebSite\",\"@id\":\"https:\/\/franciscanos.org.br\/noticias\/#website\",\"url\":\"https:\/\/franciscanos.org.br\/noticias\/\",\"name\":\"Not\u00edcias - Franciscanos\",\"description\":\"Prov\u00edncia Franciscana da Imaculada Concei\u00e7\u00e3o do Brasil - Ordem dos Frades Menores - OFM\",\"potentialAction\":[{\"@type\":\"SearchAction\",\"target\":{\"@type\":\"EntryPoint\",\"urlTemplate\":\"https:\/\/franciscanos.org.br\/noticias\/?s={search_term_string}\"},\"query-input\":\"required name=search_term_string\"}],\"inLanguage\":\"pt-BR\"},{\"@type\":\"ImageObject\",\"inLanguage\":\"pt-BR\",\"@id\":\"https:\/\/franciscanos.org.br\/noticias\/coral-dos-canarinhos-de-petropolis-faz-80-anos-e-ano-jubilar-comeca-com-missa-solene-dia-21.html#primaryimage\",\"url\":\"https:\/\/franciscanos.org.br\/noticias\/wp-content\/uploads\/2022\/08\/canarinhos_150822.jpg\",\"contentUrl\":\"https:\/\/franciscanos.org.br\/noticias\/wp-content\/uploads\/2022\/08\/canarinhos_150822.jpg\",\"width\":1032,\"height\":764},{\"@type\":\"WebPage\",\"@id\":\"https:\/\/franciscanos.org.br\/noticias\/coral-dos-canarinhos-de-petropolis-faz-80-anos-e-ano-jubilar-comeca-com-missa-solene-dia-21.html#webpage\",\"url\":\"https:\/\/franciscanos.org.br\/noticias\/coral-dos-canarinhos-de-petropolis-faz-80-anos-e-ano-jubilar-comeca-com-missa-solene-dia-21.html\",\"name\":\"Coral dos Canarinhos faz 80 anos. Ano Jubilar come\u00e7a com Missa Solene dia 21. - Not\u00edcias - Franciscanos\",\"isPartOf\":{\"@id\":\"https:\/\/franciscanos.org.br\/noticias\/#website\"},\"primaryImageOfPage\":{\"@id\":\"https:\/\/franciscanos.org.br\/noticias\/coral-dos-canarinhos-de-petropolis-faz-80-anos-e-ano-jubilar-comeca-com-missa-solene-dia-21.html#primaryimage\"},\"datePublished\":\"2022-08-15T17:05:57+00:00\",\"dateModified\":\"2022-08-15T17:18:27+00:00\",\"author\":{\"@id\":\"https:\/\/franciscanos.org.br\/noticias\/#\/schema\/person\/b5c8cba458c330ccff548b056e95a5d4\"},\"breadcrumb\":{\"@id\":\"https:\/\/franciscanos.org.br\/noticias\/coral-dos-canarinhos-de-petropolis-faz-80-anos-e-ano-jubilar-comeca-com-missa-solene-dia-21.html#breadcrumb\"},\"inLanguage\":\"pt-BR\",\"potentialAction\":[{\"@type\":\"ReadAction\",\"target\":[\"https:\/\/franciscanos.org.br\/noticias\/coral-dos-canarinhos-de-petropolis-faz-80-anos-e-ano-jubilar-comeca-com-missa-solene-dia-21.html\"]}]},{\"@type\":\"BreadcrumbList\",\"@id\":\"https:\/\/franciscanos.org.br\/noticias\/coral-dos-canarinhos-de-petropolis-faz-80-anos-e-ano-jubilar-comeca-com-missa-solene-dia-21.html#breadcrumb\",\"itemListElement\":[{\"@type\":\"ListItem\",\"position\":1,\"name\":\"Home\",\"item\":\"https:\/\/franciscanos.org.br\/noticias\"},{\"@type\":\"ListItem\",\"position\":2,\"name\":\"Coral dos Canarinhos faz 80 anos. Ano Jubilar come\u00e7a com Missa Solene dia 21.\"}]},{\"@type\":\"Person\",\"@id\":\"https:\/\/franciscanos.org.br\/noticias\/#\/schema\/person\/b5c8cba458c330ccff548b056e95a5d4\",\"name\":\"moacir\",\"image\":{\"@type\":\"ImageObject\",\"inLanguage\":\"pt-BR\",\"@id\":\"https:\/\/franciscanos.org.br\/noticias\/#\/schema\/person\/image\/\",\"url\":\"https:\/\/secure.gravatar.com\/avatar\/d08aa2ce4c8dd416d4479aa8536fcf64?s=96&d=mm&r=g\",\"contentUrl\":\"https:\/\/secure.gravatar.com\/avatar\/d08aa2ce4c8dd416d4479aa8536fcf64?s=96&d=mm&r=g\",\"caption\":\"moacir\"},\"url\":\"https:\/\/franciscanos.org.br\/noticias\/author\/moacir\"}]}<\/script>\n<!-- \/ Yoast SEO plugin. -->","yoast_head_json":{"title":"Coral dos Canarinhos faz 80 anos. Ano Jubilar come\u00e7a com Missa Solene dia 21. - Not\u00edcias - Franciscanos","robots":{"index":"index","follow":"follow","max-snippet":"max-snippet:-1","max-image-preview":"max-image-preview:large","max-video-preview":"max-video-preview:-1"},"canonical":"https:\/\/franciscanos.org.br\/noticias\/coral-dos-canarinhos-de-petropolis-faz-80-anos-e-ano-jubilar-comeca-com-missa-solene-dia-21.html","og_locale":"pt_BR","og_type":"article","og_title":"Coral dos Canarinhos faz 80 anos. Ano Jubilar come\u00e7a com Missa Solene dia 21. - Not\u00edcias - Franciscanos","og_description":"IMCP","og_url":"https:\/\/franciscanos.org.br\/noticias\/coral-dos-canarinhos-de-petropolis-faz-80-anos-e-ano-jubilar-comeca-com-missa-solene-dia-21.html","og_site_name":"Not\u00edcias - Franciscanos","article_published_time":"2022-08-15T17:05:57+00:00","article_modified_time":"2022-08-15T17:18:27+00:00","og_image":[{"width":1032,"height":764,"url":"https:\/\/franciscanos.org.br\/noticias\/wp-content\/uploads\/2022\/08\/canarinhos_150822.jpg","type":"image\/jpeg"}],"author":"moacir","twitter_card":"summary_large_image","twitter_misc":{"Escrito por":"moacir","Est. tempo de leitura":"9 minutos"},"schema":{"@context":"https:\/\/schema.org","@graph":[{"@type":"WebSite","@id":"https:\/\/franciscanos.org.br\/noticias\/#website","url":"https:\/\/franciscanos.org.br\/noticias\/","name":"Not\u00edcias - Franciscanos","description":"Prov\u00edncia Franciscana da Imaculada Concei\u00e7\u00e3o do Brasil - Ordem dos Frades Menores - OFM","potentialAction":[{"@type":"SearchAction","target":{"@type":"EntryPoint","urlTemplate":"https:\/\/franciscanos.org.br\/noticias\/?s={search_term_string}"},"query-input":"required name=search_term_string"}],"inLanguage":"pt-BR"},{"@type":"ImageObject","inLanguage":"pt-BR","@id":"https:\/\/franciscanos.org.br\/noticias\/coral-dos-canarinhos-de-petropolis-faz-80-anos-e-ano-jubilar-comeca-com-missa-solene-dia-21.html#primaryimage","url":"https:\/\/franciscanos.org.br\/noticias\/wp-content\/uploads\/2022\/08\/canarinhos_150822.jpg","contentUrl":"https:\/\/franciscanos.org.br\/noticias\/wp-content\/uploads\/2022\/08\/canarinhos_150822.jpg","width":1032,"height":764},{"@type":"WebPage","@id":"https:\/\/franciscanos.org.br\/noticias\/coral-dos-canarinhos-de-petropolis-faz-80-anos-e-ano-jubilar-comeca-com-missa-solene-dia-21.html#webpage","url":"https:\/\/franciscanos.org.br\/noticias\/coral-dos-canarinhos-de-petropolis-faz-80-anos-e-ano-jubilar-comeca-com-missa-solene-dia-21.html","name":"Coral dos Canarinhos faz 80 anos. Ano Jubilar come\u00e7a com Missa Solene dia 21. - Not\u00edcias - Franciscanos","isPartOf":{"@id":"https:\/\/franciscanos.org.br\/noticias\/#website"},"primaryImageOfPage":{"@id":"https:\/\/franciscanos.org.br\/noticias\/coral-dos-canarinhos-de-petropolis-faz-80-anos-e-ano-jubilar-comeca-com-missa-solene-dia-21.html#primaryimage"},"datePublished":"2022-08-15T17:05:57+00:00","dateModified":"2022-08-15T17:18:27+00:00","author":{"@id":"https:\/\/franciscanos.org.br\/noticias\/#\/schema\/person\/b5c8cba458c330ccff548b056e95a5d4"},"breadcrumb":{"@id":"https:\/\/franciscanos.org.br\/noticias\/coral-dos-canarinhos-de-petropolis-faz-80-anos-e-ano-jubilar-comeca-com-missa-solene-dia-21.html#breadcrumb"},"inLanguage":"pt-BR","potentialAction":[{"@type":"ReadAction","target":["https:\/\/franciscanos.org.br\/noticias\/coral-dos-canarinhos-de-petropolis-faz-80-anos-e-ano-jubilar-comeca-com-missa-solene-dia-21.html"]}]},{"@type":"BreadcrumbList","@id":"https:\/\/franciscanos.org.br\/noticias\/coral-dos-canarinhos-de-petropolis-faz-80-anos-e-ano-jubilar-comeca-com-missa-solene-dia-21.html#breadcrumb","itemListElement":[{"@type":"ListItem","position":1,"name":"Home","item":"https:\/\/franciscanos.org.br\/noticias"},{"@type":"ListItem","position":2,"name":"Coral dos Canarinhos faz 80 anos. Ano Jubilar come\u00e7a com Missa Solene dia 21."}]},{"@type":"Person","@id":"https:\/\/franciscanos.org.br\/noticias\/#\/schema\/person\/b5c8cba458c330ccff548b056e95a5d4","name":"moacir","image":{"@type":"ImageObject","inLanguage":"pt-BR","@id":"https:\/\/franciscanos.org.br\/noticias\/#\/schema\/person\/image\/","url":"https:\/\/secure.gravatar.com\/avatar\/d08aa2ce4c8dd416d4479aa8536fcf64?s=96&d=mm&r=g","contentUrl":"https:\/\/secure.gravatar.com\/avatar\/d08aa2ce4c8dd416d4479aa8536fcf64?s=96&d=mm&r=g","caption":"moacir"},"url":"https:\/\/franciscanos.org.br\/noticias\/author\/moacir"}]}},"_links":{"self":[{"href":"https:\/\/franciscanos.org.br\/noticias\/wp-json\/wp\/v2\/posts\/239240"}],"collection":[{"href":"https:\/\/franciscanos.org.br\/noticias\/wp-json\/wp\/v2\/posts"}],"about":[{"href":"https:\/\/franciscanos.org.br\/noticias\/wp-json\/wp\/v2\/types\/post"}],"author":[{"embeddable":true,"href":"https:\/\/franciscanos.org.br\/noticias\/wp-json\/wp\/v2\/users\/3"}],"replies":[{"embeddable":true,"href":"https:\/\/franciscanos.org.br\/noticias\/wp-json\/wp\/v2\/comments?post=239240"}],"version-history":[{"count":9,"href":"https:\/\/franciscanos.org.br\/noticias\/wp-json\/wp\/v2\/posts\/239240\/revisions"}],"predecessor-version":[{"id":239265,"href":"https:\/\/franciscanos.org.br\/noticias\/wp-json\/wp\/v2\/posts\/239240\/revisions\/239265"}],"wp:featuredmedia":[{"embeddable":true,"href":"https:\/\/franciscanos.org.br\/noticias\/wp-json\/wp\/v2\/media\/239241"}],"wp:attachment":[{"href":"https:\/\/franciscanos.org.br\/noticias\/wp-json\/wp\/v2\/media?parent=239240"}],"wp:term":[{"taxonomy":"category","embeddable":true,"href":"https:\/\/franciscanos.org.br\/noticias\/wp-json\/wp\/v2\/categories?post=239240"},{"taxonomy":"post_tag","embeddable":true,"href":"https:\/\/franciscanos.org.br\/noticias\/wp-json\/wp\/v2\/tags?post=239240"}],"curies":[{"name":"wp","href":"https:\/\/api.w.org\/{rel}","templated":true}]}}