{"id":239234,"date":"2022-08-14T08:32:30","date_gmt":"2022-08-14T11:32:30","guid":{"rendered":"https:\/\/franciscanos.org.br\/noticias\/?p=239234"},"modified":"2022-08-14T08:32:30","modified_gmt":"2022-08-14T11:32:30","slug":"papa-a-fe-verdadeira-e-um-fogo-aceso-para-nos-manter-despertos-e-laboriosos","status":"publish","type":"post","link":"https:\/\/franciscanos.org.br\/noticias\/papa-a-fe-verdadeira-e-um-fogo-aceso-para-nos-manter-despertos-e-laboriosos.html","title":{"rendered":"Papa: a f\u00e9 verdadeira \u00e9 um fogo aceso para nos manter despertos e laboriosos"},"content":{"rendered":"<div id=\"attachment_239235\" style=\"width: 1510px\" class=\"wp-caption alignnone\"><img aria-describedby=\"caption-attachment-239235\" loading=\"lazy\" class=\"wp-image-239235 size-full\" src=\"https:\/\/franciscanos.org.br\/noticias\/wp-content\/uploads\/2022\/08\/angelus_14.jpeg\" alt=\"\" width=\"1500\" height=\"844\" srcset=\"https:\/\/franciscanos.org.br\/noticias\/wp-content\/uploads\/2022\/08\/angelus_14.jpeg 1500w, https:\/\/franciscanos.org.br\/noticias\/wp-content\/uploads\/2022\/08\/angelus_14-450x253.jpeg 450w, https:\/\/franciscanos.org.br\/noticias\/wp-content\/uploads\/2022\/08\/angelus_14-1024x576.jpeg 1024w, https:\/\/franciscanos.org.br\/noticias\/wp-content\/uploads\/2022\/08\/angelus_14-768x432.jpeg 768w, https:\/\/franciscanos.org.br\/noticias\/wp-content\/uploads\/2022\/08\/angelus_14-150x84.jpeg 150w\" sizes=\"(max-width: 1500px) 100vw, 1500px\" \/><p id=\"caption-attachment-239235\" class=\"wp-caption-text\">\u00a0 \u00a0 \u00a0 \u00a0 \u00a0 \u00a0 \u00a0 \u00a0 \u00a0 \u00a0 \u00a0 \u00a0 \u00a0 \u00a0 \u00a0 \u00a0 \u00a0 \u00a0 \u00a0 \u00a0 \u00a0 \u00a0 \u00a0 \u00a0 \u00a0 \u00a0 \u00a0 \u00a0 \u00a0 \u00a0 \u00a0 \u00a0 \u00a0 \u00a0 \u00a0 \u00a0 \u00a0 \u00a0 \u00a0 \u00a0 \u00a0 \u00a0 \u00a0 \u00a0 \u00a0 \u00a0 \u00a0 \u00a0 \u00a0 \u00a0 \u00a0 \u00a0 \u00a0 \u00a0 \u00a0 \u00a0 \u00a0 \u00a0 \u00a0 \u00a0 <em>\u00a0 \u00a0 \u00a0 \u00a0 Imagem: Vatican Media<\/em><\/p><\/div>\n<p>&#8220;O Evangelho n\u00e3o deixa as coisas como est\u00e3o; quando passa e \u00e9 ouvido e recebido, as coisas n\u00e3o permanecem como est\u00e3o. O Evangelho provoca a mudan\u00e7a e convida \u00e0 convers\u00e3o.&#8221;<\/p>\n<p>A passagem de Lucas do Evangelho deste XX Domingo do Tempo Comum: &#8220;Eu vim para lan\u00e7ar fogo sobre a terra, e como gostaria que j\u00e1 estivesse aceso!&#8221;, inspiraram a reflex\u00e3o do Papa no Angelus dominical. E logo no in\u00edcio de sua locu\u00e7\u00e3o, dirigindo-se aos peregrinos reunidos na Pra\u00e7a S\u00e3o Pedro, perguntou &#8220;de que fogo&#8221; Jesus est\u00e1 falando e qual o significado dessas palavras para n\u00f3s hoje.<\/p>\n<p>Jesus &#8211; explicou Francisco &#8211; veio trazer o Evangelho ao mundo, a boa nova do amor de Deus. Neste sentido, o Evangelho &#8220;\u00e9 como um fogo, porque se trata de uma mensagem que, quando irrompe na hist\u00f3ria, queima os velhos equil\u00edbrios de viver, desafia a sair do individualismo, a vencer o ego\u00edsmo, a passar da escravid\u00e3o do pecado e da morte para a nova vida do Ressuscitado.&#8221;<\/p>\n<p>Ou seja, o Evangelho n\u00e3o deixa as coisas como est\u00e3o, &#8220;quando passa, \u00e9 ouvido e recebido, as coisas n\u00e3o permanecem como est\u00e3o. O Evangelho provoca a mudan\u00e7a e convida \u00e0 convers\u00e3o: N\u00e3o oferece uma falsa paz intimista, mas acende uma inquietude que nos coloca em caminho, nos impele a abrir-nos a Deus e aos irm\u00e3os. \u00c9 precisamente como o fogo: enquanto nos aquece com o amor de Deus, quer queimar os nossos ego\u00edsmos, iluminar os lados obscuros da vida &#8211; todos os temos &#8211; , consumir os falsos \u00eddolos que nos escravizam.<\/p>\n<p>E como Jesus \u00e9 inflamado por esse fogo do amor de Deus, se entrega em primeira pessoa, at\u00e9 a morte de cruz, para faz\u00ea-lo arder no mundo: &#8220;Ele est\u00e1 cheio do Esp\u00edrito Santo, que \u00e9 comparado ao fogo, e com a sua luz e a sua for\u00e7a revela o rosto misericordioso de Deus e d\u00e1 plenitude aos que s\u00e3o considerados perdidos, derruba as barreiras das marginaliza\u00e7\u00f5es, cura as feridas do corpo e da alma, renova uma religiosidade reduzida a pr\u00e1ticas externas. Por isso \u00e9 fogo: transforma, purifica&#8221;.<\/p>\n<p>Mas, &#8220;o que significa para n\u00f3s ent\u00e3o essa palavra de Jesus, do fogo?&#8221;, perguntou o Santo Padre: &#8220;Ela nos convida a reacender a chama da f\u00e9, para que ela n\u00e3o se torne uma realidade secund\u00e1ria, ou um meio de bem-estar individual, que nos faz fugir dos desafios da vida e do compromisso na Igreja e na sociedade&#8221;.<\/p>\n<p>Francisco ent\u00e3o cita um te\u00f3logo, que dizia que &#8220;a f\u00e9 em Deus n\u00e3o nos conforta como gostar\u00edamos&#8221;, ou seja, dando-nos uma &#8220;ilus\u00e3o paralisante ou uma satisfa\u00e7\u00e3o serena, mas para nos permitir agir&#8221;: &#8220;A f\u00e9, em suma, n\u00e3o \u00e9 uma &#8220;can\u00e7\u00e3o de ninar&#8221; que nos embala para nos fazer adormecer. A f\u00e9 verdadeira \u00e9 um fogo, um fogo aceso para nos manter despertos e laboriosos mesmo durante a noite!<\/p>\n<p>Baseado nisso, o Papa prop\u00f5e alguns questionamentos:<\/p>\n<p>Sou apaixonado pelo Evangelho? Leio o Evangelho com frequ\u00eancia? Levo-o comigo? A f\u00e9 que professo e celebro me coloca em uma tranquilidade bem-aventurada ou acende em mim o fogo do testemunho? Podemos perguntar-nos isto tamb\u00e9m como Igreja: nas nossas comunidades arde o fogo do Esp\u00edrito, a paix\u00e3o pela ora\u00e7\u00e3o e pela caridade, a alegria da f\u00e9, ou arrastamo-nos no cansa\u00e7o e no h\u00e1bito, com o rosto embotado e a lamenta\u00e7\u00e3o nos l\u00e1bios e as fofocas a cada dia?<\/p>\n<p>E ent\u00e3o, o convite para examinarmos em nossa vida, se &#8220;somos inflamados pelo fogo do amor de Deus e queremos &#8220;lan\u00e7\u00e1-lo&#8221; no mundo, lev\u00e1-lo a todos, para que cada um possa descobrir a ternura do Pai e experimentar a alegria de Jesus, que dilata o cora\u00e7\u00e3o e torna a vida bela.<\/p>\n<p>Ao concluir, o pedido a rezar \u00e0 Virgem Santa nesta inten\u00e7\u00e3o: &#8220;ela, que acolheu o fogo do Esp\u00edrito Santo, interceda por n\u00f3s.&#8221;<\/p>\n<hr \/>\n<p><em>Fonte: Vatican News (texto de Jackson Erpen)<\/em><\/p>\n","protected":false},"excerpt":{"rendered":"<p>Angelus<\/p>\n","protected":false},"author":3,"featured_media":239235,"comment_status":"open","ping_status":"open","sticky":false,"template":"","format":"standard","meta":[],"categories":[1428],"tags":[403],"acf":[],"yoast_head":"<!-- This site is optimized with the Yoast SEO plugin v19.2 - https:\/\/yoast.com\/wordpress\/plugins\/seo\/ -->\n<title>Papa: a f\u00e9 verdadeira \u00e9 um fogo aceso para nos manter despertos e laboriosos - Not\u00edcias - Franciscanos<\/title>\n<meta name=\"robots\" content=\"index, follow, max-snippet:-1, max-image-preview:large, max-video-preview:-1\" \/>\n<link rel=\"canonical\" href=\"https:\/\/franciscanos.org.br\/noticias\/papa-a-fe-verdadeira-e-um-fogo-aceso-para-nos-manter-despertos-e-laboriosos.html\" \/>\n<meta property=\"og:locale\" content=\"pt_BR\" \/>\n<meta property=\"og:type\" content=\"article\" \/>\n<meta property=\"og:title\" content=\"Papa: a f\u00e9 verdadeira \u00e9 um fogo aceso para nos manter despertos e laboriosos - Not\u00edcias - Franciscanos\" \/>\n<meta property=\"og:description\" content=\"Angelus\" \/>\n<meta property=\"og:url\" content=\"https:\/\/franciscanos.org.br\/noticias\/papa-a-fe-verdadeira-e-um-fogo-aceso-para-nos-manter-despertos-e-laboriosos.html\" \/>\n<meta property=\"og:site_name\" content=\"Not\u00edcias - Franciscanos\" \/>\n<meta property=\"article:published_time\" content=\"2022-08-14T11:32:30+00:00\" \/>\n<meta property=\"og:image\" content=\"https:\/\/franciscanos.org.br\/noticias\/wp-content\/uploads\/2022\/08\/angelus_14.jpeg\" \/>\n\t<meta property=\"og:image:width\" content=\"1500\" \/>\n\t<meta property=\"og:image:height\" content=\"844\" \/>\n\t<meta property=\"og:image:type\" content=\"image\/jpeg\" \/>\n<meta name=\"author\" content=\"moacir\" \/>\n<meta name=\"twitter:card\" content=\"summary_large_image\" \/>\n<meta name=\"twitter:label1\" content=\"Escrito por\" \/>\n\t<meta name=\"twitter:data1\" content=\"moacir\" \/>\n\t<meta name=\"twitter:label2\" content=\"Est. tempo de leitura\" \/>\n\t<meta name=\"twitter:data2\" content=\"3 minutos\" \/>\n<script type=\"application\/ld+json\" class=\"yoast-schema-graph\">{\"@context\":\"https:\/\/schema.org\",\"@graph\":[{\"@type\":\"WebSite\",\"@id\":\"https:\/\/franciscanos.org.br\/noticias\/#website\",\"url\":\"https:\/\/franciscanos.org.br\/noticias\/\",\"name\":\"Not\u00edcias - Franciscanos\",\"description\":\"Prov\u00edncia Franciscana da Imaculada Concei\u00e7\u00e3o do Brasil - Ordem dos Frades Menores - OFM\",\"potentialAction\":[{\"@type\":\"SearchAction\",\"target\":{\"@type\":\"EntryPoint\",\"urlTemplate\":\"https:\/\/franciscanos.org.br\/noticias\/?s={search_term_string}\"},\"query-input\":\"required name=search_term_string\"}],\"inLanguage\":\"pt-BR\"},{\"@type\":\"ImageObject\",\"inLanguage\":\"pt-BR\",\"@id\":\"https:\/\/franciscanos.org.br\/noticias\/papa-a-fe-verdadeira-e-um-fogo-aceso-para-nos-manter-despertos-e-laboriosos.html#primaryimage\",\"url\":\"https:\/\/franciscanos.org.br\/noticias\/wp-content\/uploads\/2022\/08\/angelus_14.jpeg\",\"contentUrl\":\"https:\/\/franciscanos.org.br\/noticias\/wp-content\/uploads\/2022\/08\/angelus_14.jpeg\",\"width\":1500,\"height\":844},{\"@type\":\"WebPage\",\"@id\":\"https:\/\/franciscanos.org.br\/noticias\/papa-a-fe-verdadeira-e-um-fogo-aceso-para-nos-manter-despertos-e-laboriosos.html#webpage\",\"url\":\"https:\/\/franciscanos.org.br\/noticias\/papa-a-fe-verdadeira-e-um-fogo-aceso-para-nos-manter-despertos-e-laboriosos.html\",\"name\":\"Papa: a f\u00e9 verdadeira \u00e9 um fogo aceso para nos manter despertos e laboriosos - Not\u00edcias - Franciscanos\",\"isPartOf\":{\"@id\":\"https:\/\/franciscanos.org.br\/noticias\/#website\"},\"primaryImageOfPage\":{\"@id\":\"https:\/\/franciscanos.org.br\/noticias\/papa-a-fe-verdadeira-e-um-fogo-aceso-para-nos-manter-despertos-e-laboriosos.html#primaryimage\"},\"datePublished\":\"2022-08-14T11:32:30+00:00\",\"dateModified\":\"2022-08-14T11:32:30+00:00\",\"author\":{\"@id\":\"https:\/\/franciscanos.org.br\/noticias\/#\/schema\/person\/b5c8cba458c330ccff548b056e95a5d4\"},\"breadcrumb\":{\"@id\":\"https:\/\/franciscanos.org.br\/noticias\/papa-a-fe-verdadeira-e-um-fogo-aceso-para-nos-manter-despertos-e-laboriosos.html#breadcrumb\"},\"inLanguage\":\"pt-BR\",\"potentialAction\":[{\"@type\":\"ReadAction\",\"target\":[\"https:\/\/franciscanos.org.br\/noticias\/papa-a-fe-verdadeira-e-um-fogo-aceso-para-nos-manter-despertos-e-laboriosos.html\"]}]},{\"@type\":\"BreadcrumbList\",\"@id\":\"https:\/\/franciscanos.org.br\/noticias\/papa-a-fe-verdadeira-e-um-fogo-aceso-para-nos-manter-despertos-e-laboriosos.html#breadcrumb\",\"itemListElement\":[{\"@type\":\"ListItem\",\"position\":1,\"name\":\"Home\",\"item\":\"https:\/\/franciscanos.org.br\/noticias\"},{\"@type\":\"ListItem\",\"position\":2,\"name\":\"Papa: a f\u00e9 verdadeira \u00e9 um fogo aceso para nos manter despertos e laboriosos\"}]},{\"@type\":\"Person\",\"@id\":\"https:\/\/franciscanos.org.br\/noticias\/#\/schema\/person\/b5c8cba458c330ccff548b056e95a5d4\",\"name\":\"moacir\",\"image\":{\"@type\":\"ImageObject\",\"inLanguage\":\"pt-BR\",\"@id\":\"https:\/\/franciscanos.org.br\/noticias\/#\/schema\/person\/image\/\",\"url\":\"https:\/\/secure.gravatar.com\/avatar\/d08aa2ce4c8dd416d4479aa8536fcf64?s=96&d=mm&r=g\",\"contentUrl\":\"https:\/\/secure.gravatar.com\/avatar\/d08aa2ce4c8dd416d4479aa8536fcf64?s=96&d=mm&r=g\",\"caption\":\"moacir\"},\"url\":\"https:\/\/franciscanos.org.br\/noticias\/author\/moacir\"}]}<\/script>\n<!-- \/ Yoast SEO plugin. -->","yoast_head_json":{"title":"Papa: a f\u00e9 verdadeira \u00e9 um fogo aceso para nos manter despertos e laboriosos - Not\u00edcias - Franciscanos","robots":{"index":"index","follow":"follow","max-snippet":"max-snippet:-1","max-image-preview":"max-image-preview:large","max-video-preview":"max-video-preview:-1"},"canonical":"https:\/\/franciscanos.org.br\/noticias\/papa-a-fe-verdadeira-e-um-fogo-aceso-para-nos-manter-despertos-e-laboriosos.html","og_locale":"pt_BR","og_type":"article","og_title":"Papa: a f\u00e9 verdadeira \u00e9 um fogo aceso para nos manter despertos e laboriosos - Not\u00edcias - Franciscanos","og_description":"Angelus","og_url":"https:\/\/franciscanos.org.br\/noticias\/papa-a-fe-verdadeira-e-um-fogo-aceso-para-nos-manter-despertos-e-laboriosos.html","og_site_name":"Not\u00edcias - Franciscanos","article_published_time":"2022-08-14T11:32:30+00:00","og_image":[{"width":1500,"height":844,"url":"https:\/\/franciscanos.org.br\/noticias\/wp-content\/uploads\/2022\/08\/angelus_14.jpeg","type":"image\/jpeg"}],"author":"moacir","twitter_card":"summary_large_image","twitter_misc":{"Escrito por":"moacir","Est. tempo de leitura":"3 minutos"},"schema":{"@context":"https:\/\/schema.org","@graph":[{"@type":"WebSite","@id":"https:\/\/franciscanos.org.br\/noticias\/#website","url":"https:\/\/franciscanos.org.br\/noticias\/","name":"Not\u00edcias - Franciscanos","description":"Prov\u00edncia Franciscana da Imaculada Concei\u00e7\u00e3o do Brasil - Ordem dos Frades Menores - OFM","potentialAction":[{"@type":"SearchAction","target":{"@type":"EntryPoint","urlTemplate":"https:\/\/franciscanos.org.br\/noticias\/?s={search_term_string}"},"query-input":"required name=search_term_string"}],"inLanguage":"pt-BR"},{"@type":"ImageObject","inLanguage":"pt-BR","@id":"https:\/\/franciscanos.org.br\/noticias\/papa-a-fe-verdadeira-e-um-fogo-aceso-para-nos-manter-despertos-e-laboriosos.html#primaryimage","url":"https:\/\/franciscanos.org.br\/noticias\/wp-content\/uploads\/2022\/08\/angelus_14.jpeg","contentUrl":"https:\/\/franciscanos.org.br\/noticias\/wp-content\/uploads\/2022\/08\/angelus_14.jpeg","width":1500,"height":844},{"@type":"WebPage","@id":"https:\/\/franciscanos.org.br\/noticias\/papa-a-fe-verdadeira-e-um-fogo-aceso-para-nos-manter-despertos-e-laboriosos.html#webpage","url":"https:\/\/franciscanos.org.br\/noticias\/papa-a-fe-verdadeira-e-um-fogo-aceso-para-nos-manter-despertos-e-laboriosos.html","name":"Papa: a f\u00e9 verdadeira \u00e9 um fogo aceso para nos manter despertos e laboriosos - Not\u00edcias - Franciscanos","isPartOf":{"@id":"https:\/\/franciscanos.org.br\/noticias\/#website"},"primaryImageOfPage":{"@id":"https:\/\/franciscanos.org.br\/noticias\/papa-a-fe-verdadeira-e-um-fogo-aceso-para-nos-manter-despertos-e-laboriosos.html#primaryimage"},"datePublished":"2022-08-14T11:32:30+00:00","dateModified":"2022-08-14T11:32:30+00:00","author":{"@id":"https:\/\/franciscanos.org.br\/noticias\/#\/schema\/person\/b5c8cba458c330ccff548b056e95a5d4"},"breadcrumb":{"@id":"https:\/\/franciscanos.org.br\/noticias\/papa-a-fe-verdadeira-e-um-fogo-aceso-para-nos-manter-despertos-e-laboriosos.html#breadcrumb"},"inLanguage":"pt-BR","potentialAction":[{"@type":"ReadAction","target":["https:\/\/franciscanos.org.br\/noticias\/papa-a-fe-verdadeira-e-um-fogo-aceso-para-nos-manter-despertos-e-laboriosos.html"]}]},{"@type":"BreadcrumbList","@id":"https:\/\/franciscanos.org.br\/noticias\/papa-a-fe-verdadeira-e-um-fogo-aceso-para-nos-manter-despertos-e-laboriosos.html#breadcrumb","itemListElement":[{"@type":"ListItem","position":1,"name":"Home","item":"https:\/\/franciscanos.org.br\/noticias"},{"@type":"ListItem","position":2,"name":"Papa: a f\u00e9 verdadeira \u00e9 um fogo aceso para nos manter despertos e laboriosos"}]},{"@type":"Person","@id":"https:\/\/franciscanos.org.br\/noticias\/#\/schema\/person\/b5c8cba458c330ccff548b056e95a5d4","name":"moacir","image":{"@type":"ImageObject","inLanguage":"pt-BR","@id":"https:\/\/franciscanos.org.br\/noticias\/#\/schema\/person\/image\/","url":"https:\/\/secure.gravatar.com\/avatar\/d08aa2ce4c8dd416d4479aa8536fcf64?s=96&d=mm&r=g","contentUrl":"https:\/\/secure.gravatar.com\/avatar\/d08aa2ce4c8dd416d4479aa8536fcf64?s=96&d=mm&r=g","caption":"moacir"},"url":"https:\/\/franciscanos.org.br\/noticias\/author\/moacir"}]}},"_links":{"self":[{"href":"https:\/\/franciscanos.org.br\/noticias\/wp-json\/wp\/v2\/posts\/239234"}],"collection":[{"href":"https:\/\/franciscanos.org.br\/noticias\/wp-json\/wp\/v2\/posts"}],"about":[{"href":"https:\/\/franciscanos.org.br\/noticias\/wp-json\/wp\/v2\/types\/post"}],"author":[{"embeddable":true,"href":"https:\/\/franciscanos.org.br\/noticias\/wp-json\/wp\/v2\/users\/3"}],"replies":[{"embeddable":true,"href":"https:\/\/franciscanos.org.br\/noticias\/wp-json\/wp\/v2\/comments?post=239234"}],"version-history":[{"count":1,"href":"https:\/\/franciscanos.org.br\/noticias\/wp-json\/wp\/v2\/posts\/239234\/revisions"}],"predecessor-version":[{"id":239236,"href":"https:\/\/franciscanos.org.br\/noticias\/wp-json\/wp\/v2\/posts\/239234\/revisions\/239236"}],"wp:featuredmedia":[{"embeddable":true,"href":"https:\/\/franciscanos.org.br\/noticias\/wp-json\/wp\/v2\/media\/239235"}],"wp:attachment":[{"href":"https:\/\/franciscanos.org.br\/noticias\/wp-json\/wp\/v2\/media?parent=239234"}],"wp:term":[{"taxonomy":"category","embeddable":true,"href":"https:\/\/franciscanos.org.br\/noticias\/wp-json\/wp\/v2\/categories?post=239234"},{"taxonomy":"post_tag","embeddable":true,"href":"https:\/\/franciscanos.org.br\/noticias\/wp-json\/wp\/v2\/tags?post=239234"}],"curies":[{"name":"wp","href":"https:\/\/api.w.org\/{rel}","templated":true}]}}