{"id":239229,"date":"2022-08-12T09:29:42","date_gmt":"2022-08-12T12:29:42","guid":{"rendered":"https:\/\/franciscanos.org.br\/noticias\/?p=239229"},"modified":"2022-08-12T09:35:09","modified_gmt":"2022-08-12T12:35:09","slug":"papa-a-existencia-na-terra-e-o-tempo-da-iniciacao-a-vida-que-so-encontra-realizacao-em-deus","status":"publish","type":"post","link":"https:\/\/franciscanos.org.br\/noticias\/papa-a-existencia-na-terra-e-o-tempo-da-iniciacao-a-vida-que-so-encontra-realizacao-em-deus.html","title":{"rendered":"Papa: a exist\u00eancia na terra \u00e9 o tempo da inicia\u00e7\u00e3o \u00e0 vida, que s\u00f3 encontra realiza\u00e7\u00e3o em Deus"},"content":{"rendered":"<div id=\"attachment_239230\" style=\"width: 1290px\" class=\"wp-caption alignnone\"><img aria-describedby=\"caption-attachment-239230\" loading=\"lazy\" class=\"wp-image-239230 size-full\" src=\"https:\/\/franciscanos.org.br\/noticias\/wp-content\/uploads\/2022\/08\/Audiencia_20220810.jpg\" alt=\"\" width=\"1280\" height=\"720\" srcset=\"https:\/\/franciscanos.org.br\/noticias\/wp-content\/uploads\/2022\/08\/Audiencia_20220810.jpg 1280w, https:\/\/franciscanos.org.br\/noticias\/wp-content\/uploads\/2022\/08\/Audiencia_20220810-450x253.jpg 450w, https:\/\/franciscanos.org.br\/noticias\/wp-content\/uploads\/2022\/08\/Audiencia_20220810-1024x576.jpg 1024w, https:\/\/franciscanos.org.br\/noticias\/wp-content\/uploads\/2022\/08\/Audiencia_20220810-768x432.jpg 768w, https:\/\/franciscanos.org.br\/noticias\/wp-content\/uploads\/2022\/08\/Audiencia_20220810-150x84.jpg 150w\" sizes=\"(max-width: 1280px) 100vw, 1280px\" \/><p id=\"caption-attachment-239230\" class=\"wp-caption-text\"><em>\u00a0 \u00a0 \u00a0 \u00a0 \u00a0 \u00a0 \u00a0 \u00a0 \u00a0 \u00a0 \u00a0 \u00a0 \u00a0 \u00a0 \u00a0 \u00a0 \u00a0 \u00a0 \u00a0 \u00a0 \u00a0 \u00a0 \u00a0 \u00a0 \u00a0 \u00a0 \u00a0 \u00a0 \u00a0 \u00a0 \u00a0 \u00a0 \u00a0 \u00a0 \u00a0 \u00a0 \u00a0 \u00a0 \u00a0 \u00a0 \u00a0 \u00a0 \u00a0 \u00a0 \u00a0 \u00a0 \u00a0 \u00a0 \u00a0 \u00a0 \u00a0 \u00a0 \u00a0 \u00a0 \u00a0 \u00a0 \u00a0 \u00a0 \u00a0 \u00a0 \u00a0 \u00a0 \u00a0 \u00a0 \u00a0 \u00a0 \u00a0 \u00a0 \u00a0 \u00a0 \u00a0 \u00a0 Imagem: Vatican Media<\/em><\/p><\/div>\n<p>&#8220;A velhice \u00e9 nobre, n\u00e3o precisa usar maquiagem para mostrar sua nobreza&#8221;. Depois da pausa no m\u00eas de julho e da reflex\u00e3o na \u00faltima semana dedicada \u00e0 sua Viagem Apost\u00f3lica ao Canad\u00e1, o Papa Francisco retomou na Audi\u00eancia Geral desta quarta-feira suas catequeses &#8211; as \u00faltimas &#8211; sobre a velhice, &#8220;tempo projetado para a realiza\u00e7\u00e3o&#8221;.<\/p>\n<p>Em uma Sala Paulo VI repleta de fi\u00e9is, Francisco come\u00e7ou explicando que o Evangelho de S\u00e3o Jo\u00e3o faz-nos entrar na comovente intimidade do momento em que Jesus se despede dos seus, com palavras de consola\u00e7\u00e3o e com uma promessa. O tempo de vida que resta aos disc\u00edpulos ser\u00e1 marcado por fragilidades e desafios, mas tamb\u00e9m pelas b\u00ean\u00e7\u00e3os oriundas da f\u00e9 na promessa do Senhor.<\/p>\n<p>Com a chegada da velhice, uma vez que as obras da f\u00e9 n\u00e3o dependem mais da energia e do \u00edmpeto caracter\u00edsticos da juventude e da idade adulta, chega tamb\u00e9m o tempo prop\u00edcio para o testemunho desta espera no cumprimento da promessa, que constitui o nosso verdadeiro destino: um lugar \u00e0 mesa com Deus, nos c\u00e9us.<\/p>\n<p>&#8220;Seria interessante &#8211; disse o Papa &#8211; ver se existe alguma refer\u00eancia espec\u00edfica nas Igrejas locais, destinada a revitalizar este minist\u00e9rio especial da espera no Senhor, encorajando os carismas individuais e as qualidades comunit\u00e1rias da pessoa idosa&#8221;, e faz uma observa\u00e7\u00e3o: \u201cUma velhice que \u00e9 consumida no des\u00e2nimo das oportunidades perdidas causa des\u00e2nimo a si pr\u00f3prio e a todos. Ao contr\u00e1rio, a velhice vivida com mansid\u00e3o, vivida com respeito pela vida real dissolve definitivamente a incompreens\u00e3o de um poder que deve ser suficiente para si e para o pr\u00f3prio sucesso. Dissolve at\u00e9 a incompreens\u00e3o de uma Igreja que se adapta \u00e0 condi\u00e7\u00e3o do mundo, pensando assim que governa definitivamente a sua perfei\u00e7\u00e3o e realiza\u00e7\u00e3o.\u201d<\/p>\n<p>Quando nos libertamos desta presun\u00e7\u00e3o &#8211; disse o Santo Padre &#8211; o tempo do envelhecimento que Deus nos concede j\u00e1 \u00e9 em si mesmo uma daquelas obras \u201cmaiores\u201d de que Jesus fala: &#8220;Recordemos que &#8216;o tempo \u00e9 superior ao espa\u00e7o&#8217;. \u00c9 a lei da inicia\u00e7\u00e3o. A nossa vida n\u00e3o se destina a fechar-se em si mesma, numa perfei\u00e7\u00e3o terrestre imagin\u00e1ria: est\u00e1 destinada a ir al\u00e9m, atrav\u00e9s da passagem da morte, porque a morte \u00e9 uma passagem. Na verdade, o nosso lugar est\u00e1vel, o nosso ponto de chegada n\u00e3o \u00e9 aqui, \u00e9 ao lado do Senhor, onde Ele habita para sempre&#8221;.<\/p>\n<p>Em suma, na terra \u201csomos aprendizes da vida\u201d, aqui come\u00e7a o processo do nosso &#8220;noviciado&#8221;, diz o Pont\u00edfice, \u201cque, em meio a mil dificuldades, aprendendo a apreciar o dom de Deus, honrando a responsabilidade de o partilhar e de o fazer frutificar para todos\u201d. E \u201co tempo da vida na terra \u00e9 a gra\u00e7a desta passagem\u201d.<\/p>\n<p>A presun\u00e7\u00e3o de parar o tempo &#8211; disse o Papa &#8211; \u201cquerer juventude eterna, a riqueza ilimitada, poder absoluto\u201d, n\u00e3o s\u00f3 \u00e9 imposs\u00edvel, mas tamb\u00e9m delirante.<\/p>\n<p>\u201c[ A nossa exist\u00eancia na terra \u00e9 o tempo da inicia\u00e7\u00e3o \u00e0 vida: \u00e9 vida, mas que te leva em frente a uma vida plena, a inicia\u00e7\u00e3o daquela vida mais plena, que s\u00f3 encontra realiza\u00e7\u00e3o em Deus. Somos imperfeitos desde o in\u00edcio e continuamos imperfeitos at\u00e9 ao fim. No cumprimento da promessa de Deus, a rela\u00e7\u00e3o inverte-se: o espa\u00e7o de Deus, que Jesus nos prepara com todos os cuidados, \u00e9 superior ao tempo da nossa vida mortal. Eis: a velhice aproxima a esperan\u00e7a desta realiza\u00e7\u00e3o. A velhice conhece definitivamente o significado do tempo e as limita\u00e7\u00f5es do lugar em que vivemos a nossa inicia\u00e7\u00e3o. A velhice \u00e9 s\u00e1bia por isso, os idosos s\u00e3o s\u00e1bios por isso. Por isso \u00e9 cred\u00edvel quando nos convida a regozijar-nos com o passar do tempo: n\u00e3o \u00e9 uma amea\u00e7a, \u00e9 uma promessa. A velhice \u00e9 nobre, n\u00e3o precisa se maquiar para mostrar a pr\u00f3pria nobreza. Talvez a maquiagem venha quando falta a nobreza.]\u201d<\/p>\n<p>Na velhice h\u00e1 &#8220;a profundidade do olhar da f\u00e9&#8221;. &#8220;O mundo de Deus \u00e9 um espa\u00e7o infinito, sobre o qual a passagem do tempo j\u00e1 n\u00e3o tem qualquer peso (&#8230;). Na nossa prega\u00e7\u00e3o, o Para\u00edso \u00e9 muitas vezes, com raz\u00e3o, cheio de felicidade, luz e amor. Talvez lhe falte um pouco de vida. Nas par\u00e1bolas, Jesus falava do Reino de Deus, dando-lhe mais vida. Ser\u00e1 que j\u00e1 n\u00e3o somos capazes de o fazer?&#8221;, pergunta Francisco.<\/p>\n<p>Ao concluir, o Papa oferece uma s\u00edntese de sua catequese sobre a terceira idade, vista na perspectiva da passagem para a vida eterna: &#8220;A velhice \u00e9 a fase da vida mais adequada para difundir a boa not\u00edcia de que a vida \u00e9 uma inicia\u00e7\u00e3o para uma realiza\u00e7\u00e3o definitiva. Os velhos s\u00e3o uma promessa, um testemunho de promessa. E o melhor ainda est\u00e1 por vir. O melhor ainda est\u00e1 por vir. \u00c9 como a mensagem do velho e da velha que acreditam, o melhor ainda est\u00e1 por vir. Deus nos conceda a todos uma velhice capaz disso. Obrigado!&#8221;.<\/p>\n<hr \/>\n<p><em>Fonte: Vatican News<\/em><\/p>\n","protected":false},"excerpt":{"rendered":"<p>Audi\u00eancia Geral<\/p>\n","protected":false},"author":9,"featured_media":239230,"comment_status":"open","ping_status":"open","sticky":false,"template":"","format":"standard","meta":[],"categories":[1428],"tags":[487],"acf":[],"yoast_head":"<!-- This site is optimized with the Yoast SEO plugin v19.2 - https:\/\/yoast.com\/wordpress\/plugins\/seo\/ -->\n<title>Papa: a exist\u00eancia na terra \u00e9 o tempo da inicia\u00e7\u00e3o \u00e0 vida, que s\u00f3 encontra realiza\u00e7\u00e3o em Deus - Not\u00edcias - Franciscanos<\/title>\n<meta name=\"robots\" content=\"index, follow, max-snippet:-1, max-image-preview:large, max-video-preview:-1\" \/>\n<link rel=\"canonical\" href=\"https:\/\/franciscanos.org.br\/noticias\/papa-a-existencia-na-terra-e-o-tempo-da-iniciacao-a-vida-que-so-encontra-realizacao-em-deus.html\" \/>\n<meta property=\"og:locale\" content=\"pt_BR\" \/>\n<meta property=\"og:type\" content=\"article\" \/>\n<meta property=\"og:title\" content=\"Papa: a exist\u00eancia na terra \u00e9 o tempo da inicia\u00e7\u00e3o \u00e0 vida, que s\u00f3 encontra realiza\u00e7\u00e3o em Deus - Not\u00edcias - Franciscanos\" \/>\n<meta property=\"og:description\" content=\"Audi\u00eancia Geral\" \/>\n<meta property=\"og:url\" content=\"https:\/\/franciscanos.org.br\/noticias\/papa-a-existencia-na-terra-e-o-tempo-da-iniciacao-a-vida-que-so-encontra-realizacao-em-deus.html\" \/>\n<meta property=\"og:site_name\" content=\"Not\u00edcias - Franciscanos\" \/>\n<meta property=\"article:published_time\" content=\"2022-08-12T12:29:42+00:00\" \/>\n<meta property=\"article:modified_time\" content=\"2022-08-12T12:35:09+00:00\" \/>\n<meta property=\"og:image\" content=\"https:\/\/franciscanos.org.br\/noticias\/wp-content\/uploads\/2022\/08\/Audiencia_20220810.jpg\" \/>\n\t<meta property=\"og:image:width\" content=\"1280\" \/>\n\t<meta property=\"og:image:height\" content=\"720\" \/>\n\t<meta property=\"og:image:type\" content=\"image\/jpeg\" \/>\n<meta name=\"author\" content=\"Frei Rodrigo\" \/>\n<meta name=\"twitter:card\" content=\"summary_large_image\" \/>\n<meta name=\"twitter:label1\" content=\"Escrito por\" \/>\n\t<meta name=\"twitter:data1\" content=\"Frei Rodrigo\" \/>\n\t<meta name=\"twitter:label2\" content=\"Est. tempo de leitura\" \/>\n\t<meta name=\"twitter:data2\" content=\"4 minutos\" \/>\n<script type=\"application\/ld+json\" class=\"yoast-schema-graph\">{\"@context\":\"https:\/\/schema.org\",\"@graph\":[{\"@type\":\"WebSite\",\"@id\":\"https:\/\/franciscanos.org.br\/noticias\/#website\",\"url\":\"https:\/\/franciscanos.org.br\/noticias\/\",\"name\":\"Not\u00edcias - Franciscanos\",\"description\":\"Prov\u00edncia Franciscana da Imaculada Concei\u00e7\u00e3o do Brasil - Ordem dos Frades Menores - OFM\",\"potentialAction\":[{\"@type\":\"SearchAction\",\"target\":{\"@type\":\"EntryPoint\",\"urlTemplate\":\"https:\/\/franciscanos.org.br\/noticias\/?s={search_term_string}\"},\"query-input\":\"required name=search_term_string\"}],\"inLanguage\":\"pt-BR\"},{\"@type\":\"ImageObject\",\"inLanguage\":\"pt-BR\",\"@id\":\"https:\/\/franciscanos.org.br\/noticias\/papa-a-existencia-na-terra-e-o-tempo-da-iniciacao-a-vida-que-so-encontra-realizacao-em-deus.html#primaryimage\",\"url\":\"https:\/\/franciscanos.org.br\/noticias\/wp-content\/uploads\/2022\/08\/Audiencia_20220810.jpg\",\"contentUrl\":\"https:\/\/franciscanos.org.br\/noticias\/wp-content\/uploads\/2022\/08\/Audiencia_20220810.jpg\",\"width\":1280,\"height\":720},{\"@type\":\"WebPage\",\"@id\":\"https:\/\/franciscanos.org.br\/noticias\/papa-a-existencia-na-terra-e-o-tempo-da-iniciacao-a-vida-que-so-encontra-realizacao-em-deus.html#webpage\",\"url\":\"https:\/\/franciscanos.org.br\/noticias\/papa-a-existencia-na-terra-e-o-tempo-da-iniciacao-a-vida-que-so-encontra-realizacao-em-deus.html\",\"name\":\"Papa: a exist\u00eancia na terra \u00e9 o tempo da inicia\u00e7\u00e3o \u00e0 vida, que s\u00f3 encontra realiza\u00e7\u00e3o em Deus - Not\u00edcias - Franciscanos\",\"isPartOf\":{\"@id\":\"https:\/\/franciscanos.org.br\/noticias\/#website\"},\"primaryImageOfPage\":{\"@id\":\"https:\/\/franciscanos.org.br\/noticias\/papa-a-existencia-na-terra-e-o-tempo-da-iniciacao-a-vida-que-so-encontra-realizacao-em-deus.html#primaryimage\"},\"datePublished\":\"2022-08-12T12:29:42+00:00\",\"dateModified\":\"2022-08-12T12:35:09+00:00\",\"author\":{\"@id\":\"https:\/\/franciscanos.org.br\/noticias\/#\/schema\/person\/6ac38b733f436ae6d03a3a3f87613144\"},\"breadcrumb\":{\"@id\":\"https:\/\/franciscanos.org.br\/noticias\/papa-a-existencia-na-terra-e-o-tempo-da-iniciacao-a-vida-que-so-encontra-realizacao-em-deus.html#breadcrumb\"},\"inLanguage\":\"pt-BR\",\"potentialAction\":[{\"@type\":\"ReadAction\",\"target\":[\"https:\/\/franciscanos.org.br\/noticias\/papa-a-existencia-na-terra-e-o-tempo-da-iniciacao-a-vida-que-so-encontra-realizacao-em-deus.html\"]}]},{\"@type\":\"BreadcrumbList\",\"@id\":\"https:\/\/franciscanos.org.br\/noticias\/papa-a-existencia-na-terra-e-o-tempo-da-iniciacao-a-vida-que-so-encontra-realizacao-em-deus.html#breadcrumb\",\"itemListElement\":[{\"@type\":\"ListItem\",\"position\":1,\"name\":\"Home\",\"item\":\"https:\/\/franciscanos.org.br\/noticias\"},{\"@type\":\"ListItem\",\"position\":2,\"name\":\"Papa: a exist\u00eancia na terra \u00e9 o tempo da inicia\u00e7\u00e3o \u00e0 vida, que s\u00f3 encontra realiza\u00e7\u00e3o em Deus\"}]},{\"@type\":\"Person\",\"@id\":\"https:\/\/franciscanos.org.br\/noticias\/#\/schema\/person\/6ac38b733f436ae6d03a3a3f87613144\",\"name\":\"Frei Rodrigo\",\"image\":{\"@type\":\"ImageObject\",\"inLanguage\":\"pt-BR\",\"@id\":\"https:\/\/franciscanos.org.br\/noticias\/#\/schema\/person\/image\/\",\"url\":\"https:\/\/secure.gravatar.com\/avatar\/e66602ec925709df5bc3ba0b036b93fe?s=96&d=mm&r=g\",\"contentUrl\":\"https:\/\/secure.gravatar.com\/avatar\/e66602ec925709df5bc3ba0b036b93fe?s=96&d=mm&r=g\",\"caption\":\"Frei Rodrigo\"},\"url\":\"https:\/\/franciscanos.org.br\/noticias\/author\/frei-rodrigo\"}]}<\/script>\n<!-- \/ Yoast SEO plugin. -->","yoast_head_json":{"title":"Papa: a exist\u00eancia na terra \u00e9 o tempo da inicia\u00e7\u00e3o \u00e0 vida, que s\u00f3 encontra realiza\u00e7\u00e3o em Deus - Not\u00edcias - Franciscanos","robots":{"index":"index","follow":"follow","max-snippet":"max-snippet:-1","max-image-preview":"max-image-preview:large","max-video-preview":"max-video-preview:-1"},"canonical":"https:\/\/franciscanos.org.br\/noticias\/papa-a-existencia-na-terra-e-o-tempo-da-iniciacao-a-vida-que-so-encontra-realizacao-em-deus.html","og_locale":"pt_BR","og_type":"article","og_title":"Papa: a exist\u00eancia na terra \u00e9 o tempo da inicia\u00e7\u00e3o \u00e0 vida, que s\u00f3 encontra realiza\u00e7\u00e3o em Deus - Not\u00edcias - Franciscanos","og_description":"Audi\u00eancia Geral","og_url":"https:\/\/franciscanos.org.br\/noticias\/papa-a-existencia-na-terra-e-o-tempo-da-iniciacao-a-vida-que-so-encontra-realizacao-em-deus.html","og_site_name":"Not\u00edcias - Franciscanos","article_published_time":"2022-08-12T12:29:42+00:00","article_modified_time":"2022-08-12T12:35:09+00:00","og_image":[{"width":1280,"height":720,"url":"https:\/\/franciscanos.org.br\/noticias\/wp-content\/uploads\/2022\/08\/Audiencia_20220810.jpg","type":"image\/jpeg"}],"author":"Frei Rodrigo","twitter_card":"summary_large_image","twitter_misc":{"Escrito por":"Frei Rodrigo","Est. tempo de leitura":"4 minutos"},"schema":{"@context":"https:\/\/schema.org","@graph":[{"@type":"WebSite","@id":"https:\/\/franciscanos.org.br\/noticias\/#website","url":"https:\/\/franciscanos.org.br\/noticias\/","name":"Not\u00edcias - Franciscanos","description":"Prov\u00edncia Franciscana da Imaculada Concei\u00e7\u00e3o do Brasil - Ordem dos Frades Menores - OFM","potentialAction":[{"@type":"SearchAction","target":{"@type":"EntryPoint","urlTemplate":"https:\/\/franciscanos.org.br\/noticias\/?s={search_term_string}"},"query-input":"required name=search_term_string"}],"inLanguage":"pt-BR"},{"@type":"ImageObject","inLanguage":"pt-BR","@id":"https:\/\/franciscanos.org.br\/noticias\/papa-a-existencia-na-terra-e-o-tempo-da-iniciacao-a-vida-que-so-encontra-realizacao-em-deus.html#primaryimage","url":"https:\/\/franciscanos.org.br\/noticias\/wp-content\/uploads\/2022\/08\/Audiencia_20220810.jpg","contentUrl":"https:\/\/franciscanos.org.br\/noticias\/wp-content\/uploads\/2022\/08\/Audiencia_20220810.jpg","width":1280,"height":720},{"@type":"WebPage","@id":"https:\/\/franciscanos.org.br\/noticias\/papa-a-existencia-na-terra-e-o-tempo-da-iniciacao-a-vida-que-so-encontra-realizacao-em-deus.html#webpage","url":"https:\/\/franciscanos.org.br\/noticias\/papa-a-existencia-na-terra-e-o-tempo-da-iniciacao-a-vida-que-so-encontra-realizacao-em-deus.html","name":"Papa: a exist\u00eancia na terra \u00e9 o tempo da inicia\u00e7\u00e3o \u00e0 vida, que s\u00f3 encontra realiza\u00e7\u00e3o em Deus - Not\u00edcias - Franciscanos","isPartOf":{"@id":"https:\/\/franciscanos.org.br\/noticias\/#website"},"primaryImageOfPage":{"@id":"https:\/\/franciscanos.org.br\/noticias\/papa-a-existencia-na-terra-e-o-tempo-da-iniciacao-a-vida-que-so-encontra-realizacao-em-deus.html#primaryimage"},"datePublished":"2022-08-12T12:29:42+00:00","dateModified":"2022-08-12T12:35:09+00:00","author":{"@id":"https:\/\/franciscanos.org.br\/noticias\/#\/schema\/person\/6ac38b733f436ae6d03a3a3f87613144"},"breadcrumb":{"@id":"https:\/\/franciscanos.org.br\/noticias\/papa-a-existencia-na-terra-e-o-tempo-da-iniciacao-a-vida-que-so-encontra-realizacao-em-deus.html#breadcrumb"},"inLanguage":"pt-BR","potentialAction":[{"@type":"ReadAction","target":["https:\/\/franciscanos.org.br\/noticias\/papa-a-existencia-na-terra-e-o-tempo-da-iniciacao-a-vida-que-so-encontra-realizacao-em-deus.html"]}]},{"@type":"BreadcrumbList","@id":"https:\/\/franciscanos.org.br\/noticias\/papa-a-existencia-na-terra-e-o-tempo-da-iniciacao-a-vida-que-so-encontra-realizacao-em-deus.html#breadcrumb","itemListElement":[{"@type":"ListItem","position":1,"name":"Home","item":"https:\/\/franciscanos.org.br\/noticias"},{"@type":"ListItem","position":2,"name":"Papa: a exist\u00eancia na terra \u00e9 o tempo da inicia\u00e7\u00e3o \u00e0 vida, que s\u00f3 encontra realiza\u00e7\u00e3o em Deus"}]},{"@type":"Person","@id":"https:\/\/franciscanos.org.br\/noticias\/#\/schema\/person\/6ac38b733f436ae6d03a3a3f87613144","name":"Frei Rodrigo","image":{"@type":"ImageObject","inLanguage":"pt-BR","@id":"https:\/\/franciscanos.org.br\/noticias\/#\/schema\/person\/image\/","url":"https:\/\/secure.gravatar.com\/avatar\/e66602ec925709df5bc3ba0b036b93fe?s=96&d=mm&r=g","contentUrl":"https:\/\/secure.gravatar.com\/avatar\/e66602ec925709df5bc3ba0b036b93fe?s=96&d=mm&r=g","caption":"Frei Rodrigo"},"url":"https:\/\/franciscanos.org.br\/noticias\/author\/frei-rodrigo"}]}},"_links":{"self":[{"href":"https:\/\/franciscanos.org.br\/noticias\/wp-json\/wp\/v2\/posts\/239229"}],"collection":[{"href":"https:\/\/franciscanos.org.br\/noticias\/wp-json\/wp\/v2\/posts"}],"about":[{"href":"https:\/\/franciscanos.org.br\/noticias\/wp-json\/wp\/v2\/types\/post"}],"author":[{"embeddable":true,"href":"https:\/\/franciscanos.org.br\/noticias\/wp-json\/wp\/v2\/users\/9"}],"replies":[{"embeddable":true,"href":"https:\/\/franciscanos.org.br\/noticias\/wp-json\/wp\/v2\/comments?post=239229"}],"version-history":[{"count":3,"href":"https:\/\/franciscanos.org.br\/noticias\/wp-json\/wp\/v2\/posts\/239229\/revisions"}],"predecessor-version":[{"id":239233,"href":"https:\/\/franciscanos.org.br\/noticias\/wp-json\/wp\/v2\/posts\/239229\/revisions\/239233"}],"wp:featuredmedia":[{"embeddable":true,"href":"https:\/\/franciscanos.org.br\/noticias\/wp-json\/wp\/v2\/media\/239230"}],"wp:attachment":[{"href":"https:\/\/franciscanos.org.br\/noticias\/wp-json\/wp\/v2\/media?parent=239229"}],"wp:term":[{"taxonomy":"category","embeddable":true,"href":"https:\/\/franciscanos.org.br\/noticias\/wp-json\/wp\/v2\/categories?post=239229"},{"taxonomy":"post_tag","embeddable":true,"href":"https:\/\/franciscanos.org.br\/noticias\/wp-json\/wp\/v2\/tags?post=239229"}],"curies":[{"name":"wp","href":"https:\/\/api.w.org\/{rel}","templated":true}]}}