{"id":239224,"date":"2022-08-09T09:43:29","date_gmt":"2022-08-09T12:43:29","guid":{"rendered":"https:\/\/franciscanos.org.br\/noticias\/?p=239224"},"modified":"2022-08-11T09:46:23","modified_gmt":"2022-08-11T12:46:23","slug":"frei-djalmo-protestar-contra-a-imprudencia-no-transito-que-os-culpados-nao-fiquem-impunes","status":"publish","type":"post","link":"https:\/\/franciscanos.org.br\/noticias\/frei-djalmo-protestar-contra-a-imprudencia-no-transito-que-os-culpados-nao-fiquem-impunes.html","title":{"rendered":"Frei Djalmo: \u201cProtestar contra a imprud\u00eancia no tr\u00e2nsito! Que os culpados n\u00e3o fiquem impunes\u201d"},"content":{"rendered":"<p><img loading=\"lazy\" class=\"alignnone size-full wp-image-239225\" src=\"https:\/\/franciscanos.org.br\/noticias\/wp-content\/uploads\/2022\/08\/penha_01.jpg\" alt=\"\" width=\"1280\" height=\"720\" srcset=\"https:\/\/franciscanos.org.br\/noticias\/wp-content\/uploads\/2022\/08\/penha_01.jpg 1280w, https:\/\/franciscanos.org.br\/noticias\/wp-content\/uploads\/2022\/08\/penha_01-450x253.jpg 450w, https:\/\/franciscanos.org.br\/noticias\/wp-content\/uploads\/2022\/08\/penha_01-1024x576.jpg 1024w, https:\/\/franciscanos.org.br\/noticias\/wp-content\/uploads\/2022\/08\/penha_01-768x432.jpg 768w, https:\/\/franciscanos.org.br\/noticias\/wp-content\/uploads\/2022\/08\/penha_01-150x84.jpg 150w\" sizes=\"(max-width: 1280px) 100vw, 1280px\" \/><br \/>\nUm dia para recordar boas lembran\u00e7as. Um momento para manifestar gratid\u00e3o. Milhares de fi\u00e9is participaram da 16\u00aa edi\u00e7\u00e3o da Missa em Mem\u00f3ria das V\u00edtimas de Acidentes de Tr\u00e2nsito, celebrada no Campinho do Convento da Penha em Vila Velha, ES. A celebra\u00e7\u00e3o Eucar\u00edstica foi presidida pelo Frei Djalmo Fuck, Guardi\u00e3o e Reitor do Santu\u00e1rio.<\/p>\n<p>As fam\u00edlias foram acolhidas num abra\u00e7o materno da M\u00e3e que sempre olha e intercede pelos seus filhos. Antes da Missa, o \u201ccoral do Instituto Artes Sem Limites\u201d trouxe esperan\u00e7a, j\u00e1 que amanh\u00e3, eles ser\u00e3o os condutores e condutoras de autom\u00f3veis. Por isso, \u00e9 importante desde cedo cultivar atitudes respons\u00e1veis.<\/p>\n<p>O evento ainda marcou o Dia Estadual em Mem\u00f3ria das V\u00edtimas de Acidentes de Tr\u00e2nsito, institu\u00eddo para acontecer sempre no primeiro domingo de agosto, conforme a Lei Estadual n\u00ba 9.689\/2011, uma oportunidade de refor\u00e7ar a import\u00e2ncia da popula\u00e7\u00e3o refletir sobre a defesa de um tr\u00e2nsito seguro. Os acidentes de tr\u00e2nsito n\u00e3o escolhem suas v\u00edtimas. S\u00e3o crian\u00e7as, idosos, homens e mulheres, de todas as idades e classes sociais.<\/p>\n<p>Na homilia, Frei Djalmo lembrou que as trag\u00e9dias no tr\u00e2nsito, muitas vezes acontecem pelas condi\u00e7\u00f5es prec\u00e1rias das vias e tamb\u00e9m por causa da imprud\u00eancia. \u201cExiste a fatalidade, mas tamb\u00e9m existe a imprud\u00eancia, normalmente, a que mais causa acidentes [a imprud\u00eancia no tr\u00e2nsito]. A gente pensa aqueles que dirigem sem responsabilidade, aqueles que bebem e alcoolizados, dirigem em alta velocidade, n\u00e3o respeitam a sinaliza\u00e7\u00e3o\u2026 Tudo isso, contribui grandemente para que acidentes de tr\u00e2nsito aconte\u00e7am, causados pelo descuido com nossas ruas, avenidas, rodovias\u2026 Rodovias mal cuidadas, mal sinalizadas, tudo isso contribui para que acidentes de tr\u00e2nsito aconte\u00e7am\u201d, enfatizou.<\/p>\n<p><img loading=\"lazy\" class=\"alignnone size-full wp-image-239226\" src=\"https:\/\/franciscanos.org.br\/noticias\/wp-content\/uploads\/2022\/08\/penha_02.jpg\" alt=\"\" width=\"1200\" height=\"800\" srcset=\"https:\/\/franciscanos.org.br\/noticias\/wp-content\/uploads\/2022\/08\/penha_02.jpg 1200w, https:\/\/franciscanos.org.br\/noticias\/wp-content\/uploads\/2022\/08\/penha_02-450x300.jpg 450w, https:\/\/franciscanos.org.br\/noticias\/wp-content\/uploads\/2022\/08\/penha_02-1024x683.jpg 1024w, https:\/\/franciscanos.org.br\/noticias\/wp-content\/uploads\/2022\/08\/penha_02-768x512.jpg 768w, https:\/\/franciscanos.org.br\/noticias\/wp-content\/uploads\/2022\/08\/penha_02-150x100.jpg 150w\" sizes=\"(max-width: 1200px) 100vw, 1200px\" \/><\/p>\n<p>O Guardi\u00e3o tamb\u00e9m falou sobre a import\u00e2ncia de recordar os falecidos no tr\u00e2nsito e rezar pelas v\u00edtimas de sobreviveram. \u201cAgradecemos quem criou a lei [9.689], os pol\u00edticos, para lembrar e fazer valer este dia, para rezarmos por um tr\u00e2nsito mais seguro, um tr\u00e2nsito mais cidad\u00e3o, um tr\u00e2nsito mais humano, mais solid\u00e1rio. A gente quer lembrar aqueles que partiram v\u00edtimas da fatalidade. Que o tr\u00e2nsito seja, de fato, mais seguro. N\u00f3s devemos sempre protestar contra todo tipo de imprud\u00eancia. N\u00e3o \u00e9 poss\u00edvel que pessoas que provocaram acidentes de tr\u00e2nsito saiam impunes, como se nada tivesse acontecido. Uma coisa \u00e9 a fatalidade, outra coisa \u00e9 quando voc\u00ea contribui para que acidentes acabem acontecendo. Nossa solidariedade, comunh\u00e3o e prece por todas as fam\u00edlias\u201d, disse Frei Djalmo.<\/p>\n<p>Ao final, o Reitor do Santu\u00e1rio, tamb\u00e9m pediu ora\u00e7\u00f5es pelas fam\u00edlias, aben\u00e7oou a todos e rogou a prote\u00e7\u00e3o de Nossa Senhora da Penha por todos os fi\u00e9is no Campinho que sentem a dor da saudade, e introduziu a ora\u00e7\u00e3o da Ave Maria.<\/p>\n<hr \/>\n<p><em>Cristian Oliveira<\/em><\/p>\n","protected":false},"excerpt":{"rendered":"<p>Convento da Penha<\/p>\n","protected":false},"author":3,"featured_media":239225,"comment_status":"open","ping_status":"open","sticky":false,"template":"","format":"standard","meta":[],"categories":[1],"tags":[248],"acf":[],"yoast_head":"<!-- This site is optimized with the Yoast SEO plugin v19.2 - https:\/\/yoast.com\/wordpress\/plugins\/seo\/ -->\n<title>Frei Djalmo: \u201cProtestar contra a imprud\u00eancia no tr\u00e2nsito! Que os culpados n\u00e3o fiquem impunes\u201d - Not\u00edcias - Franciscanos<\/title>\n<meta name=\"robots\" content=\"index, follow, max-snippet:-1, max-image-preview:large, max-video-preview:-1\" \/>\n<link rel=\"canonical\" href=\"https:\/\/franciscanos.org.br\/noticias\/frei-djalmo-protestar-contra-a-imprudencia-no-transito-que-os-culpados-nao-fiquem-impunes.html\" \/>\n<meta property=\"og:locale\" content=\"pt_BR\" \/>\n<meta property=\"og:type\" content=\"article\" \/>\n<meta property=\"og:title\" content=\"Frei Djalmo: \u201cProtestar contra a imprud\u00eancia no tr\u00e2nsito! Que os culpados n\u00e3o fiquem impunes\u201d - Not\u00edcias - Franciscanos\" \/>\n<meta property=\"og:description\" content=\"Convento da Penha\" \/>\n<meta property=\"og:url\" content=\"https:\/\/franciscanos.org.br\/noticias\/frei-djalmo-protestar-contra-a-imprudencia-no-transito-que-os-culpados-nao-fiquem-impunes.html\" \/>\n<meta property=\"og:site_name\" content=\"Not\u00edcias - Franciscanos\" \/>\n<meta property=\"article:published_time\" content=\"2022-08-09T12:43:29+00:00\" \/>\n<meta property=\"article:modified_time\" content=\"2022-08-11T12:46:23+00:00\" \/>\n<meta property=\"og:image\" content=\"https:\/\/franciscanos.org.br\/noticias\/wp-content\/uploads\/2022\/08\/penha_01.jpg\" \/>\n\t<meta property=\"og:image:width\" content=\"1280\" \/>\n\t<meta property=\"og:image:height\" content=\"720\" \/>\n\t<meta property=\"og:image:type\" content=\"image\/jpeg\" \/>\n<meta name=\"author\" content=\"moacir\" \/>\n<meta name=\"twitter:card\" content=\"summary_large_image\" \/>\n<meta name=\"twitter:label1\" content=\"Escrito por\" \/>\n\t<meta name=\"twitter:data1\" content=\"moacir\" \/>\n\t<meta name=\"twitter:label2\" content=\"Est. tempo de leitura\" \/>\n\t<meta name=\"twitter:data2\" content=\"3 minutos\" \/>\n<script type=\"application\/ld+json\" class=\"yoast-schema-graph\">{\"@context\":\"https:\/\/schema.org\",\"@graph\":[{\"@type\":\"WebSite\",\"@id\":\"https:\/\/franciscanos.org.br\/noticias\/#website\",\"url\":\"https:\/\/franciscanos.org.br\/noticias\/\",\"name\":\"Not\u00edcias - Franciscanos\",\"description\":\"Prov\u00edncia Franciscana da Imaculada Concei\u00e7\u00e3o do Brasil - Ordem dos Frades Menores - OFM\",\"potentialAction\":[{\"@type\":\"SearchAction\",\"target\":{\"@type\":\"EntryPoint\",\"urlTemplate\":\"https:\/\/franciscanos.org.br\/noticias\/?s={search_term_string}\"},\"query-input\":\"required name=search_term_string\"}],\"inLanguage\":\"pt-BR\"},{\"@type\":\"ImageObject\",\"inLanguage\":\"pt-BR\",\"@id\":\"https:\/\/franciscanos.org.br\/noticias\/frei-djalmo-protestar-contra-a-imprudencia-no-transito-que-os-culpados-nao-fiquem-impunes.html#primaryimage\",\"url\":\"https:\/\/franciscanos.org.br\/noticias\/wp-content\/uploads\/2022\/08\/penha_01.jpg\",\"contentUrl\":\"https:\/\/franciscanos.org.br\/noticias\/wp-content\/uploads\/2022\/08\/penha_01.jpg\",\"width\":1280,\"height\":720},{\"@type\":\"WebPage\",\"@id\":\"https:\/\/franciscanos.org.br\/noticias\/frei-djalmo-protestar-contra-a-imprudencia-no-transito-que-os-culpados-nao-fiquem-impunes.html#webpage\",\"url\":\"https:\/\/franciscanos.org.br\/noticias\/frei-djalmo-protestar-contra-a-imprudencia-no-transito-que-os-culpados-nao-fiquem-impunes.html\",\"name\":\"Frei Djalmo: \u201cProtestar contra a imprud\u00eancia no tr\u00e2nsito! Que os culpados n\u00e3o fiquem impunes\u201d - Not\u00edcias - Franciscanos\",\"isPartOf\":{\"@id\":\"https:\/\/franciscanos.org.br\/noticias\/#website\"},\"primaryImageOfPage\":{\"@id\":\"https:\/\/franciscanos.org.br\/noticias\/frei-djalmo-protestar-contra-a-imprudencia-no-transito-que-os-culpados-nao-fiquem-impunes.html#primaryimage\"},\"datePublished\":\"2022-08-09T12:43:29+00:00\",\"dateModified\":\"2022-08-11T12:46:23+00:00\",\"author\":{\"@id\":\"https:\/\/franciscanos.org.br\/noticias\/#\/schema\/person\/b5c8cba458c330ccff548b056e95a5d4\"},\"breadcrumb\":{\"@id\":\"https:\/\/franciscanos.org.br\/noticias\/frei-djalmo-protestar-contra-a-imprudencia-no-transito-que-os-culpados-nao-fiquem-impunes.html#breadcrumb\"},\"inLanguage\":\"pt-BR\",\"potentialAction\":[{\"@type\":\"ReadAction\",\"target\":[\"https:\/\/franciscanos.org.br\/noticias\/frei-djalmo-protestar-contra-a-imprudencia-no-transito-que-os-culpados-nao-fiquem-impunes.html\"]}]},{\"@type\":\"BreadcrumbList\",\"@id\":\"https:\/\/franciscanos.org.br\/noticias\/frei-djalmo-protestar-contra-a-imprudencia-no-transito-que-os-culpados-nao-fiquem-impunes.html#breadcrumb\",\"itemListElement\":[{\"@type\":\"ListItem\",\"position\":1,\"name\":\"Home\",\"item\":\"https:\/\/franciscanos.org.br\/noticias\"},{\"@type\":\"ListItem\",\"position\":2,\"name\":\"Frei Djalmo: \u201cProtestar contra a imprud\u00eancia no tr\u00e2nsito! Que os culpados n\u00e3o fiquem impunes\u201d\"}]},{\"@type\":\"Person\",\"@id\":\"https:\/\/franciscanos.org.br\/noticias\/#\/schema\/person\/b5c8cba458c330ccff548b056e95a5d4\",\"name\":\"moacir\",\"image\":{\"@type\":\"ImageObject\",\"inLanguage\":\"pt-BR\",\"@id\":\"https:\/\/franciscanos.org.br\/noticias\/#\/schema\/person\/image\/\",\"url\":\"https:\/\/secure.gravatar.com\/avatar\/d08aa2ce4c8dd416d4479aa8536fcf64?s=96&d=mm&r=g\",\"contentUrl\":\"https:\/\/secure.gravatar.com\/avatar\/d08aa2ce4c8dd416d4479aa8536fcf64?s=96&d=mm&r=g\",\"caption\":\"moacir\"},\"url\":\"https:\/\/franciscanos.org.br\/noticias\/author\/moacir\"}]}<\/script>\n<!-- \/ Yoast SEO plugin. -->","yoast_head_json":{"title":"Frei Djalmo: \u201cProtestar contra a imprud\u00eancia no tr\u00e2nsito! Que os culpados n\u00e3o fiquem impunes\u201d - Not\u00edcias - Franciscanos","robots":{"index":"index","follow":"follow","max-snippet":"max-snippet:-1","max-image-preview":"max-image-preview:large","max-video-preview":"max-video-preview:-1"},"canonical":"https:\/\/franciscanos.org.br\/noticias\/frei-djalmo-protestar-contra-a-imprudencia-no-transito-que-os-culpados-nao-fiquem-impunes.html","og_locale":"pt_BR","og_type":"article","og_title":"Frei Djalmo: \u201cProtestar contra a imprud\u00eancia no tr\u00e2nsito! Que os culpados n\u00e3o fiquem impunes\u201d - Not\u00edcias - Franciscanos","og_description":"Convento da Penha","og_url":"https:\/\/franciscanos.org.br\/noticias\/frei-djalmo-protestar-contra-a-imprudencia-no-transito-que-os-culpados-nao-fiquem-impunes.html","og_site_name":"Not\u00edcias - Franciscanos","article_published_time":"2022-08-09T12:43:29+00:00","article_modified_time":"2022-08-11T12:46:23+00:00","og_image":[{"width":1280,"height":720,"url":"https:\/\/franciscanos.org.br\/noticias\/wp-content\/uploads\/2022\/08\/penha_01.jpg","type":"image\/jpeg"}],"author":"moacir","twitter_card":"summary_large_image","twitter_misc":{"Escrito por":"moacir","Est. tempo de leitura":"3 minutos"},"schema":{"@context":"https:\/\/schema.org","@graph":[{"@type":"WebSite","@id":"https:\/\/franciscanos.org.br\/noticias\/#website","url":"https:\/\/franciscanos.org.br\/noticias\/","name":"Not\u00edcias - Franciscanos","description":"Prov\u00edncia Franciscana da Imaculada Concei\u00e7\u00e3o do Brasil - Ordem dos Frades Menores - OFM","potentialAction":[{"@type":"SearchAction","target":{"@type":"EntryPoint","urlTemplate":"https:\/\/franciscanos.org.br\/noticias\/?s={search_term_string}"},"query-input":"required name=search_term_string"}],"inLanguage":"pt-BR"},{"@type":"ImageObject","inLanguage":"pt-BR","@id":"https:\/\/franciscanos.org.br\/noticias\/frei-djalmo-protestar-contra-a-imprudencia-no-transito-que-os-culpados-nao-fiquem-impunes.html#primaryimage","url":"https:\/\/franciscanos.org.br\/noticias\/wp-content\/uploads\/2022\/08\/penha_01.jpg","contentUrl":"https:\/\/franciscanos.org.br\/noticias\/wp-content\/uploads\/2022\/08\/penha_01.jpg","width":1280,"height":720},{"@type":"WebPage","@id":"https:\/\/franciscanos.org.br\/noticias\/frei-djalmo-protestar-contra-a-imprudencia-no-transito-que-os-culpados-nao-fiquem-impunes.html#webpage","url":"https:\/\/franciscanos.org.br\/noticias\/frei-djalmo-protestar-contra-a-imprudencia-no-transito-que-os-culpados-nao-fiquem-impunes.html","name":"Frei Djalmo: \u201cProtestar contra a imprud\u00eancia no tr\u00e2nsito! Que os culpados n\u00e3o fiquem impunes\u201d - Not\u00edcias - Franciscanos","isPartOf":{"@id":"https:\/\/franciscanos.org.br\/noticias\/#website"},"primaryImageOfPage":{"@id":"https:\/\/franciscanos.org.br\/noticias\/frei-djalmo-protestar-contra-a-imprudencia-no-transito-que-os-culpados-nao-fiquem-impunes.html#primaryimage"},"datePublished":"2022-08-09T12:43:29+00:00","dateModified":"2022-08-11T12:46:23+00:00","author":{"@id":"https:\/\/franciscanos.org.br\/noticias\/#\/schema\/person\/b5c8cba458c330ccff548b056e95a5d4"},"breadcrumb":{"@id":"https:\/\/franciscanos.org.br\/noticias\/frei-djalmo-protestar-contra-a-imprudencia-no-transito-que-os-culpados-nao-fiquem-impunes.html#breadcrumb"},"inLanguage":"pt-BR","potentialAction":[{"@type":"ReadAction","target":["https:\/\/franciscanos.org.br\/noticias\/frei-djalmo-protestar-contra-a-imprudencia-no-transito-que-os-culpados-nao-fiquem-impunes.html"]}]},{"@type":"BreadcrumbList","@id":"https:\/\/franciscanos.org.br\/noticias\/frei-djalmo-protestar-contra-a-imprudencia-no-transito-que-os-culpados-nao-fiquem-impunes.html#breadcrumb","itemListElement":[{"@type":"ListItem","position":1,"name":"Home","item":"https:\/\/franciscanos.org.br\/noticias"},{"@type":"ListItem","position":2,"name":"Frei Djalmo: \u201cProtestar contra a imprud\u00eancia no tr\u00e2nsito! Que os culpados n\u00e3o fiquem impunes\u201d"}]},{"@type":"Person","@id":"https:\/\/franciscanos.org.br\/noticias\/#\/schema\/person\/b5c8cba458c330ccff548b056e95a5d4","name":"moacir","image":{"@type":"ImageObject","inLanguage":"pt-BR","@id":"https:\/\/franciscanos.org.br\/noticias\/#\/schema\/person\/image\/","url":"https:\/\/secure.gravatar.com\/avatar\/d08aa2ce4c8dd416d4479aa8536fcf64?s=96&d=mm&r=g","contentUrl":"https:\/\/secure.gravatar.com\/avatar\/d08aa2ce4c8dd416d4479aa8536fcf64?s=96&d=mm&r=g","caption":"moacir"},"url":"https:\/\/franciscanos.org.br\/noticias\/author\/moacir"}]}},"_links":{"self":[{"href":"https:\/\/franciscanos.org.br\/noticias\/wp-json\/wp\/v2\/posts\/239224"}],"collection":[{"href":"https:\/\/franciscanos.org.br\/noticias\/wp-json\/wp\/v2\/posts"}],"about":[{"href":"https:\/\/franciscanos.org.br\/noticias\/wp-json\/wp\/v2\/types\/post"}],"author":[{"embeddable":true,"href":"https:\/\/franciscanos.org.br\/noticias\/wp-json\/wp\/v2\/users\/3"}],"replies":[{"embeddable":true,"href":"https:\/\/franciscanos.org.br\/noticias\/wp-json\/wp\/v2\/comments?post=239224"}],"version-history":[{"count":1,"href":"https:\/\/franciscanos.org.br\/noticias\/wp-json\/wp\/v2\/posts\/239224\/revisions"}],"predecessor-version":[{"id":239227,"href":"https:\/\/franciscanos.org.br\/noticias\/wp-json\/wp\/v2\/posts\/239224\/revisions\/239227"}],"wp:featuredmedia":[{"embeddable":true,"href":"https:\/\/franciscanos.org.br\/noticias\/wp-json\/wp\/v2\/media\/239225"}],"wp:attachment":[{"href":"https:\/\/franciscanos.org.br\/noticias\/wp-json\/wp\/v2\/media?parent=239224"}],"wp:term":[{"taxonomy":"category","embeddable":true,"href":"https:\/\/franciscanos.org.br\/noticias\/wp-json\/wp\/v2\/categories?post=239224"},{"taxonomy":"post_tag","embeddable":true,"href":"https:\/\/franciscanos.org.br\/noticias\/wp-json\/wp\/v2\/tags?post=239224"}],"curies":[{"name":"wp","href":"https:\/\/api.w.org\/{rel}","templated":true}]}}