{"id":239209,"date":"2022-08-09T10:38:48","date_gmt":"2022-08-09T13:38:48","guid":{"rendered":"https:\/\/franciscanos.org.br\/noticias\/?p=239209"},"modified":"2022-08-09T10:38:48","modified_gmt":"2022-08-09T13:38:48","slug":"santa-clara-de-assis-e-para-nos-luminar-de-nossa-identidade-diz-ministro-provincial","status":"publish","type":"post","link":"https:\/\/franciscanos.org.br\/noticias\/santa-clara-de-assis-e-para-nos-luminar-de-nossa-identidade-diz-ministro-provincial.html","title":{"rendered":"&#8220;Santa Clara de Assis \u00e9, para n\u00f3s, luminar de nossa identidade&#8221;, diz Ministro Provincial"},"content":{"rendered":"<p><img loading=\"lazy\" class=\"alignnone wp-image-239211 size-full\" src=\"https:\/\/franciscanos.org.br\/noticias\/wp-content\/uploads\/2022\/08\/carta_01.jpg\" alt=\"\" width=\"1280\" height=\"1811\" srcset=\"https:\/\/franciscanos.org.br\/noticias\/wp-content\/uploads\/2022\/08\/carta_01.jpg 763w, https:\/\/franciscanos.org.br\/noticias\/wp-content\/uploads\/2022\/08\/carta_01-318x450.jpg 318w, https:\/\/franciscanos.org.br\/noticias\/wp-content\/uploads\/2022\/08\/carta_01-724x1024.jpg 724w, https:\/\/franciscanos.org.br\/noticias\/wp-content\/uploads\/2022\/08\/carta_01-768x1087.jpg 768w, https:\/\/franciscanos.org.br\/noticias\/wp-content\/uploads\/2022\/08\/carta_01-1086x1536.jpg 1086w, https:\/\/franciscanos.org.br\/noticias\/wp-content\/uploads\/2022\/08\/carta_01-150x212.jpg 150w\" sizes=\"(max-width: 1280px) 100vw, 1280px\" \/><\/p>\n<p><img loading=\"lazy\" class=\"alignnone size-full wp-image-239212\" src=\"https:\/\/franciscanos.org.br\/noticias\/wp-content\/uploads\/2022\/08\/carta_02.jpg\" alt=\"\" width=\"1280\" height=\"1811\" srcset=\"https:\/\/franciscanos.org.br\/noticias\/wp-content\/uploads\/2022\/08\/carta_02.jpg 763w, https:\/\/franciscanos.org.br\/noticias\/wp-content\/uploads\/2022\/08\/carta_02-318x450.jpg 318w, https:\/\/franciscanos.org.br\/noticias\/wp-content\/uploads\/2022\/08\/carta_02-724x1024.jpg 724w, https:\/\/franciscanos.org.br\/noticias\/wp-content\/uploads\/2022\/08\/carta_02-768x1087.jpg 768w, https:\/\/franciscanos.org.br\/noticias\/wp-content\/uploads\/2022\/08\/carta_02-1086x1536.jpg 1086w, https:\/\/franciscanos.org.br\/noticias\/wp-content\/uploads\/2022\/08\/carta_02-150x212.jpg 150w\" sizes=\"(max-width: 1280px) 100vw, 1280px\" \/><\/p>\n","protected":false},"excerpt":{"rendered":"<p>Carta do Ministro Provincial por ocasi\u00e3o da Festa de Santa Clara de Assis<\/p>\n","protected":false},"author":3,"featured_media":239213,"comment_status":"open","ping_status":"open","sticky":false,"template":"","format":"standard","meta":[],"categories":[1],"tags":[1263],"acf":[],"yoast_head":"<!-- This site is optimized with the Yoast SEO plugin v19.2 - https:\/\/yoast.com\/wordpress\/plugins\/seo\/ -->\n<title>&quot;Santa Clara de Assis \u00e9, para n\u00f3s, luminar de nossa identidade&quot;, diz Ministro Provincial - Not\u00edcias - Franciscanos<\/title>\n<meta name=\"robots\" content=\"index, follow, max-snippet:-1, max-image-preview:large, max-video-preview:-1\" \/>\n<link rel=\"canonical\" href=\"https:\/\/franciscanos.org.br\/noticias\/santa-clara-de-assis-e-para-nos-luminar-de-nossa-identidade-diz-ministro-provincial.html\" \/>\n<meta property=\"og:locale\" content=\"pt_BR\" \/>\n<meta property=\"og:type\" content=\"article\" \/>\n<meta property=\"og:title\" content=\"&quot;Santa Clara de Assis \u00e9, para n\u00f3s, luminar de nossa identidade&quot;, diz Ministro Provincial - Not\u00edcias - Franciscanos\" \/>\n<meta property=\"og:description\" content=\"Carta do Ministro Provincial por ocasi\u00e3o da Festa de Santa Clara de Assis\" \/>\n<meta property=\"og:url\" content=\"https:\/\/franciscanos.org.br\/noticias\/santa-clara-de-assis-e-para-nos-luminar-de-nossa-identidade-diz-ministro-provincial.html\" \/>\n<meta property=\"og:site_name\" content=\"Not\u00edcias - Franciscanos\" \/>\n<meta property=\"article:published_time\" content=\"2022-08-09T13:38:48+00:00\" \/>\n<meta property=\"og:image\" content=\"https:\/\/franciscanos.org.br\/noticias\/wp-content\/uploads\/2022\/08\/2022-08-11_Mensagem-de-Santa-Clara_800x550.png\" \/>\n\t<meta property=\"og:image:width\" content=\"800\" \/>\n\t<meta property=\"og:image:height\" content=\"550\" \/>\n\t<meta property=\"og:image:type\" content=\"image\/png\" \/>\n<meta name=\"author\" content=\"moacir\" \/>\n<meta name=\"twitter:card\" content=\"summary_large_image\" \/>\n<meta name=\"twitter:label1\" content=\"Escrito por\" \/>\n\t<meta name=\"twitter:data1\" content=\"moacir\" \/>\n<script type=\"application\/ld+json\" class=\"yoast-schema-graph\">{\"@context\":\"https:\/\/schema.org\",\"@graph\":[{\"@type\":\"WebSite\",\"@id\":\"https:\/\/franciscanos.org.br\/noticias\/#website\",\"url\":\"https:\/\/franciscanos.org.br\/noticias\/\",\"name\":\"Not\u00edcias - Franciscanos\",\"description\":\"Prov\u00edncia Franciscana da Imaculada Concei\u00e7\u00e3o do Brasil - Ordem dos Frades Menores - OFM\",\"potentialAction\":[{\"@type\":\"SearchAction\",\"target\":{\"@type\":\"EntryPoint\",\"urlTemplate\":\"https:\/\/franciscanos.org.br\/noticias\/?s={search_term_string}\"},\"query-input\":\"required name=search_term_string\"}],\"inLanguage\":\"pt-BR\"},{\"@type\":\"ImageObject\",\"inLanguage\":\"pt-BR\",\"@id\":\"https:\/\/franciscanos.org.br\/noticias\/santa-clara-de-assis-e-para-nos-luminar-de-nossa-identidade-diz-ministro-provincial.html#primaryimage\",\"url\":\"https:\/\/franciscanos.org.br\/noticias\/wp-content\/uploads\/2022\/08\/2022-08-11_Mensagem-de-Santa-Clara_800x550.png\",\"contentUrl\":\"https:\/\/franciscanos.org.br\/noticias\/wp-content\/uploads\/2022\/08\/2022-08-11_Mensagem-de-Santa-Clara_800x550.png\",\"width\":800,\"height\":550},{\"@type\":\"WebPage\",\"@id\":\"https:\/\/franciscanos.org.br\/noticias\/santa-clara-de-assis-e-para-nos-luminar-de-nossa-identidade-diz-ministro-provincial.html#webpage\",\"url\":\"https:\/\/franciscanos.org.br\/noticias\/santa-clara-de-assis-e-para-nos-luminar-de-nossa-identidade-diz-ministro-provincial.html\",\"name\":\"\\\"Santa Clara de Assis \u00e9, para n\u00f3s, luminar de nossa identidade\\\", diz Ministro Provincial - Not\u00edcias - Franciscanos\",\"isPartOf\":{\"@id\":\"https:\/\/franciscanos.org.br\/noticias\/#website\"},\"primaryImageOfPage\":{\"@id\":\"https:\/\/franciscanos.org.br\/noticias\/santa-clara-de-assis-e-para-nos-luminar-de-nossa-identidade-diz-ministro-provincial.html#primaryimage\"},\"datePublished\":\"2022-08-09T13:38:48+00:00\",\"dateModified\":\"2022-08-09T13:38:48+00:00\",\"author\":{\"@id\":\"https:\/\/franciscanos.org.br\/noticias\/#\/schema\/person\/b5c8cba458c330ccff548b056e95a5d4\"},\"breadcrumb\":{\"@id\":\"https:\/\/franciscanos.org.br\/noticias\/santa-clara-de-assis-e-para-nos-luminar-de-nossa-identidade-diz-ministro-provincial.html#breadcrumb\"},\"inLanguage\":\"pt-BR\",\"potentialAction\":[{\"@type\":\"ReadAction\",\"target\":[\"https:\/\/franciscanos.org.br\/noticias\/santa-clara-de-assis-e-para-nos-luminar-de-nossa-identidade-diz-ministro-provincial.html\"]}]},{\"@type\":\"BreadcrumbList\",\"@id\":\"https:\/\/franciscanos.org.br\/noticias\/santa-clara-de-assis-e-para-nos-luminar-de-nossa-identidade-diz-ministro-provincial.html#breadcrumb\",\"itemListElement\":[{\"@type\":\"ListItem\",\"position\":1,\"name\":\"Home\",\"item\":\"https:\/\/franciscanos.org.br\/noticias\"},{\"@type\":\"ListItem\",\"position\":2,\"name\":\"&#8220;Santa Clara de Assis \u00e9, para n\u00f3s, luminar de nossa identidade&#8221;, diz Ministro Provincial\"}]},{\"@type\":\"Person\",\"@id\":\"https:\/\/franciscanos.org.br\/noticias\/#\/schema\/person\/b5c8cba458c330ccff548b056e95a5d4\",\"name\":\"moacir\",\"image\":{\"@type\":\"ImageObject\",\"inLanguage\":\"pt-BR\",\"@id\":\"https:\/\/franciscanos.org.br\/noticias\/#\/schema\/person\/image\/\",\"url\":\"https:\/\/secure.gravatar.com\/avatar\/d08aa2ce4c8dd416d4479aa8536fcf64?s=96&d=mm&r=g\",\"contentUrl\":\"https:\/\/secure.gravatar.com\/avatar\/d08aa2ce4c8dd416d4479aa8536fcf64?s=96&d=mm&r=g\",\"caption\":\"moacir\"},\"url\":\"https:\/\/franciscanos.org.br\/noticias\/author\/moacir\"}]}<\/script>\n<!-- \/ Yoast SEO plugin. -->","yoast_head_json":{"title":"\"Santa Clara de Assis \u00e9, para n\u00f3s, luminar de nossa identidade\", diz Ministro Provincial - Not\u00edcias - Franciscanos","robots":{"index":"index","follow":"follow","max-snippet":"max-snippet:-1","max-image-preview":"max-image-preview:large","max-video-preview":"max-video-preview:-1"},"canonical":"https:\/\/franciscanos.org.br\/noticias\/santa-clara-de-assis-e-para-nos-luminar-de-nossa-identidade-diz-ministro-provincial.html","og_locale":"pt_BR","og_type":"article","og_title":"\"Santa Clara de Assis \u00e9, para n\u00f3s, luminar de nossa identidade\", diz Ministro Provincial - Not\u00edcias - Franciscanos","og_description":"Carta do Ministro Provincial por ocasi\u00e3o da Festa de Santa Clara de Assis","og_url":"https:\/\/franciscanos.org.br\/noticias\/santa-clara-de-assis-e-para-nos-luminar-de-nossa-identidade-diz-ministro-provincial.html","og_site_name":"Not\u00edcias - Franciscanos","article_published_time":"2022-08-09T13:38:48+00:00","og_image":[{"width":800,"height":550,"url":"https:\/\/franciscanos.org.br\/noticias\/wp-content\/uploads\/2022\/08\/2022-08-11_Mensagem-de-Santa-Clara_800x550.png","type":"image\/png"}],"author":"moacir","twitter_card":"summary_large_image","twitter_misc":{"Escrito por":"moacir"},"schema":{"@context":"https:\/\/schema.org","@graph":[{"@type":"WebSite","@id":"https:\/\/franciscanos.org.br\/noticias\/#website","url":"https:\/\/franciscanos.org.br\/noticias\/","name":"Not\u00edcias - Franciscanos","description":"Prov\u00edncia Franciscana da Imaculada Concei\u00e7\u00e3o do Brasil - Ordem dos Frades Menores - OFM","potentialAction":[{"@type":"SearchAction","target":{"@type":"EntryPoint","urlTemplate":"https:\/\/franciscanos.org.br\/noticias\/?s={search_term_string}"},"query-input":"required name=search_term_string"}],"inLanguage":"pt-BR"},{"@type":"ImageObject","inLanguage":"pt-BR","@id":"https:\/\/franciscanos.org.br\/noticias\/santa-clara-de-assis-e-para-nos-luminar-de-nossa-identidade-diz-ministro-provincial.html#primaryimage","url":"https:\/\/franciscanos.org.br\/noticias\/wp-content\/uploads\/2022\/08\/2022-08-11_Mensagem-de-Santa-Clara_800x550.png","contentUrl":"https:\/\/franciscanos.org.br\/noticias\/wp-content\/uploads\/2022\/08\/2022-08-11_Mensagem-de-Santa-Clara_800x550.png","width":800,"height":550},{"@type":"WebPage","@id":"https:\/\/franciscanos.org.br\/noticias\/santa-clara-de-assis-e-para-nos-luminar-de-nossa-identidade-diz-ministro-provincial.html#webpage","url":"https:\/\/franciscanos.org.br\/noticias\/santa-clara-de-assis-e-para-nos-luminar-de-nossa-identidade-diz-ministro-provincial.html","name":"\"Santa Clara de Assis \u00e9, para n\u00f3s, luminar de nossa identidade\", diz Ministro Provincial - Not\u00edcias - Franciscanos","isPartOf":{"@id":"https:\/\/franciscanos.org.br\/noticias\/#website"},"primaryImageOfPage":{"@id":"https:\/\/franciscanos.org.br\/noticias\/santa-clara-de-assis-e-para-nos-luminar-de-nossa-identidade-diz-ministro-provincial.html#primaryimage"},"datePublished":"2022-08-09T13:38:48+00:00","dateModified":"2022-08-09T13:38:48+00:00","author":{"@id":"https:\/\/franciscanos.org.br\/noticias\/#\/schema\/person\/b5c8cba458c330ccff548b056e95a5d4"},"breadcrumb":{"@id":"https:\/\/franciscanos.org.br\/noticias\/santa-clara-de-assis-e-para-nos-luminar-de-nossa-identidade-diz-ministro-provincial.html#breadcrumb"},"inLanguage":"pt-BR","potentialAction":[{"@type":"ReadAction","target":["https:\/\/franciscanos.org.br\/noticias\/santa-clara-de-assis-e-para-nos-luminar-de-nossa-identidade-diz-ministro-provincial.html"]}]},{"@type":"BreadcrumbList","@id":"https:\/\/franciscanos.org.br\/noticias\/santa-clara-de-assis-e-para-nos-luminar-de-nossa-identidade-diz-ministro-provincial.html#breadcrumb","itemListElement":[{"@type":"ListItem","position":1,"name":"Home","item":"https:\/\/franciscanos.org.br\/noticias"},{"@type":"ListItem","position":2,"name":"&#8220;Santa Clara de Assis \u00e9, para n\u00f3s, luminar de nossa identidade&#8221;, diz Ministro Provincial"}]},{"@type":"Person","@id":"https:\/\/franciscanos.org.br\/noticias\/#\/schema\/person\/b5c8cba458c330ccff548b056e95a5d4","name":"moacir","image":{"@type":"ImageObject","inLanguage":"pt-BR","@id":"https:\/\/franciscanos.org.br\/noticias\/#\/schema\/person\/image\/","url":"https:\/\/secure.gravatar.com\/avatar\/d08aa2ce4c8dd416d4479aa8536fcf64?s=96&d=mm&r=g","contentUrl":"https:\/\/secure.gravatar.com\/avatar\/d08aa2ce4c8dd416d4479aa8536fcf64?s=96&d=mm&r=g","caption":"moacir"},"url":"https:\/\/franciscanos.org.br\/noticias\/author\/moacir"}]}},"_links":{"self":[{"href":"https:\/\/franciscanos.org.br\/noticias\/wp-json\/wp\/v2\/posts\/239209"}],"collection":[{"href":"https:\/\/franciscanos.org.br\/noticias\/wp-json\/wp\/v2\/posts"}],"about":[{"href":"https:\/\/franciscanos.org.br\/noticias\/wp-json\/wp\/v2\/types\/post"}],"author":[{"embeddable":true,"href":"https:\/\/franciscanos.org.br\/noticias\/wp-json\/wp\/v2\/users\/3"}],"replies":[{"embeddable":true,"href":"https:\/\/franciscanos.org.br\/noticias\/wp-json\/wp\/v2\/comments?post=239209"}],"version-history":[{"count":1,"href":"https:\/\/franciscanos.org.br\/noticias\/wp-json\/wp\/v2\/posts\/239209\/revisions"}],"predecessor-version":[{"id":239214,"href":"https:\/\/franciscanos.org.br\/noticias\/wp-json\/wp\/v2\/posts\/239209\/revisions\/239214"}],"wp:featuredmedia":[{"embeddable":true,"href":"https:\/\/franciscanos.org.br\/noticias\/wp-json\/wp\/v2\/media\/239213"}],"wp:attachment":[{"href":"https:\/\/franciscanos.org.br\/noticias\/wp-json\/wp\/v2\/media?parent=239209"}],"wp:term":[{"taxonomy":"category","embeddable":true,"href":"https:\/\/franciscanos.org.br\/noticias\/wp-json\/wp\/v2\/categories?post=239209"},{"taxonomy":"post_tag","embeddable":true,"href":"https:\/\/franciscanos.org.br\/noticias\/wp-json\/wp\/v2\/tags?post=239209"}],"curies":[{"name":"wp","href":"https:\/\/api.w.org\/{rel}","templated":true}]}}