{"id":239201,"date":"2022-08-09T09:49:06","date_gmt":"2022-08-09T12:49:06","guid":{"rendered":"https:\/\/franciscanos.org.br\/noticias\/?p=239201"},"modified":"2022-08-09T11:30:47","modified_gmt":"2022-08-09T14:30:47","slug":"santuario-frei-galvao-elabora-sua-missao-visao-e-valores","status":"publish","type":"post","link":"https:\/\/franciscanos.org.br\/noticias\/santuario-frei-galvao-elabora-sua-missao-visao-e-valores.html","title":{"rendered":"Santu\u00e1rio Frei Galv\u00e3o elabora sua Miss\u00e3o, Vis\u00e3o e Valores"},"content":{"rendered":"<p><img loading=\"lazy\" class=\"alignnone wp-image-239202 size-full\" src=\"https:\/\/franciscanos.org.br\/noticias\/wp-content\/uploads\/2022\/08\/santuario_01.jpg\" alt=\"\" width=\"1280\" height=\"854\" srcset=\"https:\/\/franciscanos.org.br\/noticias\/wp-content\/uploads\/2022\/08\/santuario_01.jpg 1280w, https:\/\/franciscanos.org.br\/noticias\/wp-content\/uploads\/2022\/08\/santuario_01-450x300.jpg 450w, https:\/\/franciscanos.org.br\/noticias\/wp-content\/uploads\/2022\/08\/santuario_01-1024x683.jpg 1024w, https:\/\/franciscanos.org.br\/noticias\/wp-content\/uploads\/2022\/08\/santuario_01-768x512.jpg 768w, https:\/\/franciscanos.org.br\/noticias\/wp-content\/uploads\/2022\/08\/santuario_01-150x100.jpg 150w\" sizes=\"(max-width: 1280px) 100vw, 1280px\" \/><\/p>\n<p>Quem sou?\u00a0 Para onde vou?\u00a0Como quero chegar?<\/p>\n<p>Agora, o Santu\u00e1rio de Santo Ant\u00f4nio de Sant\u2019Anna Galv\u00e3o, de Guaratinguet\u00e1 (SP), j\u00e1 consegue dar respostas para esses questionamentos. Depois de um amadurecido processo de constru\u00e7\u00e3o coletiva conseguimos definir a Miss\u00e3o, Vis\u00e3o e Valores do Santu\u00e1rio do primeiro Santo Brasileiro.<\/p>\n<p>Foram meses de escuta, consultas, reuni\u00f5es, assembleias e cria\u00e7\u00e3o comunit\u00e1ria que agora se concluem com a defini\u00e7\u00e3o da identidade e do prop\u00f3sito desse Santu\u00e1rio da Arquidiocese de Aparecida, administrado pelos Frades Menores da Prov\u00edncia Franciscana da Imaculada Concei\u00e7\u00e3o do Brasil.<\/p>\n<p>Nessa defini\u00e7\u00e3o est\u00e3o contemplados os sentimentos e a experi\u00eancia de muitos devotos (as) de Frei Galv\u00e3o, volunt\u00e1rios (as) que h\u00e1 anos fazem parte da hist\u00f3ria desse Santu\u00e1rio, colaboradores (as) que associam paix\u00e3o e profissionalismo, os freis que agora trazem o carisma franciscano, al\u00e9m do povo em geral que tamb\u00e9m teve oportunidade de se expressar.]<\/p>\n<div id=\"attachment_239204\" style=\"width: 1589px\" class=\"wp-caption alignnone\"><img aria-describedby=\"caption-attachment-239204\" loading=\"lazy\" class=\"wp-image-239204 size-full\" src=\"https:\/\/franciscanos.org.br\/noticias\/wp-content\/uploads\/2022\/08\/santuario_04.jpg\" alt=\"\" width=\"1579\" height=\"1014\" srcset=\"https:\/\/franciscanos.org.br\/noticias\/wp-content\/uploads\/2022\/08\/santuario_04.jpg 1579w, https:\/\/franciscanos.org.br\/noticias\/wp-content\/uploads\/2022\/08\/santuario_04-450x289.jpg 450w, https:\/\/franciscanos.org.br\/noticias\/wp-content\/uploads\/2022\/08\/santuario_04-1024x658.jpg 1024w, https:\/\/franciscanos.org.br\/noticias\/wp-content\/uploads\/2022\/08\/santuario_04-768x493.jpg 768w, https:\/\/franciscanos.org.br\/noticias\/wp-content\/uploads\/2022\/08\/santuario_04-1536x986.jpg 1536w, https:\/\/franciscanos.org.br\/noticias\/wp-content\/uploads\/2022\/08\/santuario_04-150x96.jpg 150w\" sizes=\"(max-width: 1579px) 100vw, 1579px\" \/><p id=\"caption-attachment-239204\" class=\"wp-caption-text\"><em>Colaboradores que participaram das reuni\u00f5es para definir a miss\u00e3o, vis\u00e3o e valores do Santu\u00e1rio Frei Galv\u00e3o<\/em><\/p><\/div>\n<p><strong>MISS\u00c3O<\/strong><\/p>\n<p>Promover a devo\u00e7\u00e3o a Santo Ant\u00f4nio de Sant\u2019Anna Galv\u00e3o, de modo acolhedor e fraterno com todas as pessoas, proporcionando viv\u00eancias de f\u00e9 e plena miseric\u00f3rdia, \u00e0 luz da Espiritualidade Franciscana.<\/p>\n<p>Por Miss\u00e3o entendemos a raz\u00e3o de ser de nosso Santu\u00e1rio. Trata-se da afirma\u00e7\u00e3o de quem somos, da nossa pr\u00f3pria identidade.<\/p>\n<p>Al\u00e9m da promo\u00e7\u00e3o da devo\u00e7\u00e3o a Frei Galv\u00e3o, que durante a sua vida foi porteiro, pregador e confessor, queremos deixar a marca da acolhida fraterna para todas as pessoas, sejam elas devotas ou n\u00e3o, romeiros ou turistas, cat\u00f3licos ou at\u00e9 mesmo pessoas de outras religi\u00f5es. Independentemente de quem se est\u00e1 acolhendo, queremos que o Santu\u00e1rio proporcione uma viv\u00eancia de f\u00e9 e miseric\u00f3rdia, segundo a Espiritualidade Franciscana.<\/p>\n<div id=\"attachment_239205\" style=\"width: 1290px\" class=\"wp-caption alignnone\"><img aria-describedby=\"caption-attachment-239205\" loading=\"lazy\" class=\"wp-image-239205 size-full\" src=\"https:\/\/franciscanos.org.br\/noticias\/wp-content\/uploads\/2022\/08\/antuario_02.jpg\" alt=\"\" width=\"1280\" height=\"854\" srcset=\"https:\/\/franciscanos.org.br\/noticias\/wp-content\/uploads\/2022\/08\/antuario_02.jpg 1280w, https:\/\/franciscanos.org.br\/noticias\/wp-content\/uploads\/2022\/08\/antuario_02-450x300.jpg 450w, https:\/\/franciscanos.org.br\/noticias\/wp-content\/uploads\/2022\/08\/antuario_02-1024x683.jpg 1024w, https:\/\/franciscanos.org.br\/noticias\/wp-content\/uploads\/2022\/08\/antuario_02-768x512.jpg 768w, https:\/\/franciscanos.org.br\/noticias\/wp-content\/uploads\/2022\/08\/antuario_02-150x100.jpg 150w\" sizes=\"(max-width: 1280px) 100vw, 1280px\" \/><p id=\"caption-attachment-239205\" class=\"wp-caption-text\"><em>Da esq. para dir.: Frei Leandro, Frei Diego e Frei Roberto formam a Fraternidade do Santu\u00e1rio<\/em><\/p><\/div>\n<p><strong>VIS\u00c3O<\/strong><\/p>\n<p>Ser referencial enquanto Santu\u00e1rio Franciscano dedicado ao primeiro Santo Brasileiro, comprometido com o an\u00fancio integral e prof\u00e9tico do Evangelho.<\/p>\n<p>Na Vis\u00e3o est\u00e3o contemplados os nossos sonhos, as nossas metas e objetivos a serem perseguidos e alcan\u00e7ados.<\/p>\n<p>Embora haja outros santu\u00e1rios de Frei Galv\u00e3o no Brasil, queremos ser uma refer\u00eancia, uma vez que estamos localizados na sua cidade natal. Nesse objetivo se inclui tamb\u00e9m a constru\u00e7\u00e3o do novo Santu\u00e1rio, numa \u00e1rea de mais de 100 mil metros quadrados, criando, assim, um templo \u00e0 altura da santidade desse grande franciscano. No entanto, temos bem claro que esse objetivo ser\u00e1 alcan\u00e7ado \u00e0 medida que formos fi\u00e9is ao an\u00fancio do Evangelho na sua totalidade, sem renunciar \u00e0 profecia de quem se faz seguidor de Jesus de Nazar\u00e9.<\/p>\n<p><img loading=\"lazy\" class=\"alignnone wp-image-239206 size-full\" src=\"https:\/\/franciscanos.org.br\/noticias\/wp-content\/uploads\/2022\/08\/santuario_03.jpg\" alt=\"\" width=\"1136\" height=\"758\" srcset=\"https:\/\/franciscanos.org.br\/noticias\/wp-content\/uploads\/2022\/08\/santuario_03.jpg 1136w, https:\/\/franciscanos.org.br\/noticias\/wp-content\/uploads\/2022\/08\/santuario_03-450x300.jpg 450w, https:\/\/franciscanos.org.br\/noticias\/wp-content\/uploads\/2022\/08\/santuario_03-1024x683.jpg 1024w, https:\/\/franciscanos.org.br\/noticias\/wp-content\/uploads\/2022\/08\/santuario_03-768x512.jpg 768w, https:\/\/franciscanos.org.br\/noticias\/wp-content\/uploads\/2022\/08\/santuario_03-150x100.jpg 150w\" sizes=\"(max-width: 1136px) 100vw, 1136px\" \/><\/p>\n<p><strong>VALORES<\/strong><\/p>\n<p>Espiritualidade, Acolhida, Excel\u00eancia, Simplicidade, Solidariedade e Sustentabilidade.<\/p>\n<p>Conscientes de quem somos (Miss\u00e3o), onde queremos chegar (Vis\u00e3o), \u00e9 preciso ter clareza do &#8220;como&#8221; queremos ir, quais os nossos instrumentos, as nossas ferramentas, os nossos princ\u00edpios. Com a escolha dos nossos valores, definimos tamb\u00e9m as motiva\u00e7\u00f5es que regem as nossas decis\u00f5es e a nossa evangeliza\u00e7\u00e3o.<\/p>\n<ul>\n<li>Espiritualidade \u00e9 o nosso diferencial institucional. Mais do que uma empresa, somos um Santu\u00e1rio, uma Igreja, temos uma m\u00edstica que nos motiva e nos conduz.<\/li>\n<li>Acolhida \u00e9 a marca de um Santu\u00e1rio. Mais do que portas abertas, nosso cora\u00e7\u00e3o, nossas estruturas, nossos hor\u00e1rios, nossas celebra\u00e7\u00f5es e tudo o mais deve estar sempre pronto para receber a quem chega.<\/li>\n<li>Excel\u00eancia deve permear tudo o que somos e fazemos. Nosso modo de acolher, pregar, organizar, evangelizar, construir e comunicar deve ser pautado pela busca do melhor, da perfei\u00e7\u00e3o e da excel\u00eancia.<\/li>\n<li>Simplicidade n\u00e3o significa ser simpl\u00f3rio, apequenado ou med\u00edocre, mas \u00e9 uma caracter\u00edstica pr\u00f3pria do carisma franciscano, que representa humildade e despojamento.<\/li>\n<li>Solidariedade \u00e9 o valor que sintetiza a preocupa\u00e7\u00e3o Franciscana com os mais pobres, com as periferias existenciais e geogr\u00e1ficas. Trata-se do nosso compromisso social.<\/li>\n<li>Sustentabilidade \u00e9 sin\u00f4nimo de preocupa\u00e7\u00e3o com a Ecologia Integral. Inspirado pela <em>Laudato S\u00ec,<\/em> o novo Santu\u00e1rio j\u00e1 nasce com a marca ecol\u00f3gica, reflorestando uma \u00e1rea de 20 mil metros quadrados, expressando, assim, o cuidado com o meio ambiente, com a preserva\u00e7\u00e3o e o cuidado da Casa Comum.<\/li>\n<\/ul>\n<p>Assim, com a identidade institucional e carism\u00e1tica definidas, expressas na concep\u00e7\u00e3o da nova logomarca, lan\u00e7ada em abril desse ano, bem como da Miss\u00e3o, Vis\u00e3o e Valores, nosso Santu\u00e1rio Frei Galv\u00e3o vai dando passos firmes e s\u00f3lidos nessa longa caminhada de Evangeliza\u00e7\u00e3o e de F\u00e9. A pr\u00f3xima etapa ser\u00e1 a cria\u00e7\u00e3o de um novo site do Santu\u00e1rio, que j\u00e1 est\u00e1 em fase de formula\u00e7\u00e3o e que ser\u00e1 lan\u00e7ado ainda nesse ano do Bicenten\u00e1rio de Morte de Frei Galv\u00e3o.<\/p>\n<p>Contamos com a ajuda e colabora\u00e7\u00e3o para concretizar esse projeto de Evangeliza\u00e7\u00e3o. Para mais informa\u00e7\u00f5es ou para se tornar um membro da Fam\u00edlia Mission\u00e1ria de Frei Galv\u00e3o, basta entrar em contato pelo telefone (What\u2019sApp) 12 2285 9388 ou acessar o nosso site: <a href=\"http:\/\/www.santuariofreigalvao.com\">www.santuariofreigalvao.com<\/a><\/p>\n<hr \/>\n<p><img loading=\"lazy\" class=\"alignnone wp-image-239203 size-full\" src=\"https:\/\/franciscanos.org.br\/noticias\/wp-content\/uploads\/2022\/08\/santuario_05.png\" alt=\"\" width=\"1280\" height=\"628\" srcset=\"https:\/\/franciscanos.org.br\/noticias\/wp-content\/uploads\/2022\/08\/santuario_05.png 1280w, https:\/\/franciscanos.org.br\/noticias\/wp-content\/uploads\/2022\/08\/santuario_05-450x221.png 450w, https:\/\/franciscanos.org.br\/noticias\/wp-content\/uploads\/2022\/08\/santuario_05-1024x502.png 1024w, https:\/\/franciscanos.org.br\/noticias\/wp-content\/uploads\/2022\/08\/santuario_05-768x377.png 768w, https:\/\/franciscanos.org.br\/noticias\/wp-content\/uploads\/2022\/08\/santuario_05-150x74.png 150w\" sizes=\"(max-width: 1280px) 100vw, 1280px\" \/><\/p>\n<p><strong>S\u00edmbolos presentes na nova Logo do Santu\u00e1rio Frei Galv\u00e3o<\/strong><\/p>\n<p>Criada por Frei Leandro Costa Santos, membro da Fraternidade do Santu\u00e1rio Frei Galv\u00e3o, a nova identidade do Santu\u00e1rio traz elementos pr\u00f3prios da Espiritualidade Franciscana, bem como da vida do primeiro Santo Brasileiro.<\/p>\n<p>A Logomarca foi apresentada ao povo no dia 17 de abril, Domingo de P\u00e1scoa, com a inaugura\u00e7\u00e3o da nova fachada do Santu\u00e1rio.<\/p>\n<p>Confira a explica\u00e7\u00e3o detalhada dessa arte:<\/p>\n<p><strong>Silhueta de Frei Galv\u00e3o<\/strong> \u2013 Refere-se \u00e0 imagem de 6 metros, aben\u00e7oada pelo Papa Francisco em 2013, e que far\u00e1 parte do novo Santu\u00e1rio. A imagem ser\u00e1 colocada sobre um monumento de quase 30 metros de altura e se tornar\u00e1 vis\u00edvel de v\u00e1rios pontos da cidade.<\/p>\n<p><strong>Lua<\/strong> \u2013 refer\u00eancia \u00e0 mulher do Apocalipse e s\u00edmbolo da Imaculada Concei\u00e7\u00e3o, de quem Frei Galv\u00e3o foi um grande defensor. Os significados da lua s\u00e3o: n\u00e3o tem brilho pr\u00f3prio, mas reflete a luz do sol, que \u00e9 Jesus.\u00a0 Al\u00e9m disso, como a lua brilha no meio da escurid\u00e3o da noite, ela simboliza a pureza e a luz no meio das trevas do pecado, assim como Maria o \u00e9 por ter sido preservada do pecado original.<\/p>\n<p><strong>Tijolo<\/strong> \u2013 Frei Galv\u00e3o recebeu o t\u00edtulo de Patrono da Constru\u00e7\u00e3o Civil no Brasil, no ano de 2000, por decreto do Papa S\u00e3o Jo\u00e3o Paulo II. Tal t\u00edtulo decorre do fato de ele ter materializado a sua devo\u00e7\u00e3o \u00e0 Imaculada Concei\u00e7\u00e3o, construindo, assim, o Mosteiro da Luz, local que abriga as Irm\u00e3s da Imaculada Concei\u00e7\u00e3o.<\/p>\n<p><strong>3 furos do tijolo<\/strong> \u2013 Representam as 3 p\u00edlulas, a Sant\u00edssima Trindade e os votos religiosos de pobreza, obedi\u00eancia e castidade professados solenemente por Frei Galv\u00e3o no ano de 1761.<\/p>\n<p>As formas arredondadas representam movimento, felicidade e dinamicidade, caracter\u00edsticas marcantes de Frei Galv\u00e3o. Ao se cruzarem, as linhas evocam a integra\u00e7\u00e3o entre o humano e o divino, entre o c\u00e9u e a terra.<\/p>\n<p><img loading=\"lazy\" class=\"alignnone wp-image-239207 size-full\" src=\"https:\/\/franciscanos.org.br\/noticias\/wp-content\/uploads\/2022\/08\/santuario_06.jpg\" alt=\"\" width=\"1280\" height=\"853\" srcset=\"https:\/\/franciscanos.org.br\/noticias\/wp-content\/uploads\/2022\/08\/santuario_06.jpg 1280w, https:\/\/franciscanos.org.br\/noticias\/wp-content\/uploads\/2022\/08\/santuario_06-450x300.jpg 450w, https:\/\/franciscanos.org.br\/noticias\/wp-content\/uploads\/2022\/08\/santuario_06-1024x682.jpg 1024w, https:\/\/franciscanos.org.br\/noticias\/wp-content\/uploads\/2022\/08\/santuario_06-768x512.jpg 768w, https:\/\/franciscanos.org.br\/noticias\/wp-content\/uploads\/2022\/08\/santuario_06-150x100.jpg 150w\" sizes=\"(max-width: 1280px) 100vw, 1280px\" \/><\/p>\n<p><strong>Cores:<\/strong><\/p>\n<p><strong>Marrom:<\/strong> cor do h\u00e1bito franciscano, s\u00edmbolo da humildade, palavra derivada do latim <em>h\u00famus, <\/em>que significa terra, p\u00f3, que \u00e9 de onde viemos e para onde voltaremos.<\/p>\n<p><strong>Amarelo:<\/strong> representa a gl\u00f3ria e a santidade.<\/p>\n<p><strong>Azul:<\/strong> cor atribu\u00edda \u00e0 Virgem Maria, representando a pureza e piedade.<\/p>\n<hr \/>\n<p><em>Frei Diego Atalino de Melo,\u00a0Reitor<\/em><\/p>\n<p>&nbsp;<\/p>\n","protected":false},"excerpt":{"rendered":"<p>Santu\u00e1rio Frei Galv\u00e3o<\/p>\n","protected":false},"author":3,"featured_media":239202,"comment_status":"open","ping_status":"open","sticky":false,"template":"","format":"standard","meta":[],"categories":[1],"tags":[1821],"acf":[],"yoast_head":"<!-- This site is optimized with the Yoast SEO plugin v19.2 - https:\/\/yoast.com\/wordpress\/plugins\/seo\/ -->\n<title>Santu\u00e1rio Frei Galv\u00e3o elabora sua Miss\u00e3o, Vis\u00e3o e Valores - Not\u00edcias - Franciscanos<\/title>\n<meta name=\"robots\" content=\"index, follow, max-snippet:-1, max-image-preview:large, max-video-preview:-1\" \/>\n<link rel=\"canonical\" href=\"https:\/\/franciscanos.org.br\/noticias\/santuario-frei-galvao-elabora-sua-missao-visao-e-valores.html\" \/>\n<meta property=\"og:locale\" content=\"pt_BR\" \/>\n<meta property=\"og:type\" content=\"article\" \/>\n<meta property=\"og:title\" content=\"Santu\u00e1rio Frei Galv\u00e3o elabora sua Miss\u00e3o, Vis\u00e3o e Valores - Not\u00edcias - Franciscanos\" \/>\n<meta property=\"og:description\" content=\"Santu\u00e1rio Frei Galv\u00e3o\" \/>\n<meta property=\"og:url\" content=\"https:\/\/franciscanos.org.br\/noticias\/santuario-frei-galvao-elabora-sua-missao-visao-e-valores.html\" \/>\n<meta property=\"og:site_name\" content=\"Not\u00edcias - Franciscanos\" \/>\n<meta property=\"article:published_time\" content=\"2022-08-09T12:49:06+00:00\" \/>\n<meta property=\"article:modified_time\" content=\"2022-08-09T14:30:47+00:00\" \/>\n<meta property=\"og:image\" content=\"https:\/\/franciscanos.org.br\/noticias\/wp-content\/uploads\/2022\/08\/santuario_01.jpg\" \/>\n\t<meta property=\"og:image:width\" content=\"1280\" \/>\n\t<meta property=\"og:image:height\" content=\"854\" \/>\n\t<meta property=\"og:image:type\" content=\"image\/jpeg\" \/>\n<meta name=\"author\" content=\"moacir\" \/>\n<meta name=\"twitter:card\" content=\"summary_large_image\" \/>\n<meta name=\"twitter:label1\" content=\"Escrito por\" \/>\n\t<meta name=\"twitter:data1\" content=\"moacir\" \/>\n\t<meta name=\"twitter:label2\" content=\"Est. tempo de leitura\" \/>\n\t<meta name=\"twitter:data2\" content=\"8 minutos\" \/>\n<script type=\"application\/ld+json\" class=\"yoast-schema-graph\">{\"@context\":\"https:\/\/schema.org\",\"@graph\":[{\"@type\":\"WebSite\",\"@id\":\"https:\/\/franciscanos.org.br\/noticias\/#website\",\"url\":\"https:\/\/franciscanos.org.br\/noticias\/\",\"name\":\"Not\u00edcias - Franciscanos\",\"description\":\"Prov\u00edncia Franciscana da Imaculada Concei\u00e7\u00e3o do Brasil - Ordem dos Frades Menores - OFM\",\"potentialAction\":[{\"@type\":\"SearchAction\",\"target\":{\"@type\":\"EntryPoint\",\"urlTemplate\":\"https:\/\/franciscanos.org.br\/noticias\/?s={search_term_string}\"},\"query-input\":\"required name=search_term_string\"}],\"inLanguage\":\"pt-BR\"},{\"@type\":\"ImageObject\",\"inLanguage\":\"pt-BR\",\"@id\":\"https:\/\/franciscanos.org.br\/noticias\/santuario-frei-galvao-elabora-sua-missao-visao-e-valores.html#primaryimage\",\"url\":\"https:\/\/franciscanos.org.br\/noticias\/wp-content\/uploads\/2022\/08\/santuario_01.jpg\",\"contentUrl\":\"https:\/\/franciscanos.org.br\/noticias\/wp-content\/uploads\/2022\/08\/santuario_01.jpg\",\"width\":1280,\"height\":854},{\"@type\":\"WebPage\",\"@id\":\"https:\/\/franciscanos.org.br\/noticias\/santuario-frei-galvao-elabora-sua-missao-visao-e-valores.html#webpage\",\"url\":\"https:\/\/franciscanos.org.br\/noticias\/santuario-frei-galvao-elabora-sua-missao-visao-e-valores.html\",\"name\":\"Santu\u00e1rio Frei Galv\u00e3o elabora sua Miss\u00e3o, Vis\u00e3o e Valores - Not\u00edcias - Franciscanos\",\"isPartOf\":{\"@id\":\"https:\/\/franciscanos.org.br\/noticias\/#website\"},\"primaryImageOfPage\":{\"@id\":\"https:\/\/franciscanos.org.br\/noticias\/santuario-frei-galvao-elabora-sua-missao-visao-e-valores.html#primaryimage\"},\"datePublished\":\"2022-08-09T12:49:06+00:00\",\"dateModified\":\"2022-08-09T14:30:47+00:00\",\"author\":{\"@id\":\"https:\/\/franciscanos.org.br\/noticias\/#\/schema\/person\/b5c8cba458c330ccff548b056e95a5d4\"},\"breadcrumb\":{\"@id\":\"https:\/\/franciscanos.org.br\/noticias\/santuario-frei-galvao-elabora-sua-missao-visao-e-valores.html#breadcrumb\"},\"inLanguage\":\"pt-BR\",\"potentialAction\":[{\"@type\":\"ReadAction\",\"target\":[\"https:\/\/franciscanos.org.br\/noticias\/santuario-frei-galvao-elabora-sua-missao-visao-e-valores.html\"]}]},{\"@type\":\"BreadcrumbList\",\"@id\":\"https:\/\/franciscanos.org.br\/noticias\/santuario-frei-galvao-elabora-sua-missao-visao-e-valores.html#breadcrumb\",\"itemListElement\":[{\"@type\":\"ListItem\",\"position\":1,\"name\":\"Home\",\"item\":\"https:\/\/franciscanos.org.br\/noticias\"},{\"@type\":\"ListItem\",\"position\":2,\"name\":\"Santu\u00e1rio Frei Galv\u00e3o elabora sua Miss\u00e3o, Vis\u00e3o e Valores\"}]},{\"@type\":\"Person\",\"@id\":\"https:\/\/franciscanos.org.br\/noticias\/#\/schema\/person\/b5c8cba458c330ccff548b056e95a5d4\",\"name\":\"moacir\",\"image\":{\"@type\":\"ImageObject\",\"inLanguage\":\"pt-BR\",\"@id\":\"https:\/\/franciscanos.org.br\/noticias\/#\/schema\/person\/image\/\",\"url\":\"https:\/\/secure.gravatar.com\/avatar\/d08aa2ce4c8dd416d4479aa8536fcf64?s=96&d=mm&r=g\",\"contentUrl\":\"https:\/\/secure.gravatar.com\/avatar\/d08aa2ce4c8dd416d4479aa8536fcf64?s=96&d=mm&r=g\",\"caption\":\"moacir\"},\"url\":\"https:\/\/franciscanos.org.br\/noticias\/author\/moacir\"}]}<\/script>\n<!-- \/ Yoast SEO plugin. -->","yoast_head_json":{"title":"Santu\u00e1rio Frei Galv\u00e3o elabora sua Miss\u00e3o, Vis\u00e3o e Valores - Not\u00edcias - Franciscanos","robots":{"index":"index","follow":"follow","max-snippet":"max-snippet:-1","max-image-preview":"max-image-preview:large","max-video-preview":"max-video-preview:-1"},"canonical":"https:\/\/franciscanos.org.br\/noticias\/santuario-frei-galvao-elabora-sua-missao-visao-e-valores.html","og_locale":"pt_BR","og_type":"article","og_title":"Santu\u00e1rio Frei Galv\u00e3o elabora sua Miss\u00e3o, Vis\u00e3o e Valores - Not\u00edcias - Franciscanos","og_description":"Santu\u00e1rio Frei Galv\u00e3o","og_url":"https:\/\/franciscanos.org.br\/noticias\/santuario-frei-galvao-elabora-sua-missao-visao-e-valores.html","og_site_name":"Not\u00edcias - Franciscanos","article_published_time":"2022-08-09T12:49:06+00:00","article_modified_time":"2022-08-09T14:30:47+00:00","og_image":[{"width":1280,"height":854,"url":"https:\/\/franciscanos.org.br\/noticias\/wp-content\/uploads\/2022\/08\/santuario_01.jpg","type":"image\/jpeg"}],"author":"moacir","twitter_card":"summary_large_image","twitter_misc":{"Escrito por":"moacir","Est. tempo de leitura":"8 minutos"},"schema":{"@context":"https:\/\/schema.org","@graph":[{"@type":"WebSite","@id":"https:\/\/franciscanos.org.br\/noticias\/#website","url":"https:\/\/franciscanos.org.br\/noticias\/","name":"Not\u00edcias - Franciscanos","description":"Prov\u00edncia Franciscana da Imaculada Concei\u00e7\u00e3o do Brasil - Ordem dos Frades Menores - OFM","potentialAction":[{"@type":"SearchAction","target":{"@type":"EntryPoint","urlTemplate":"https:\/\/franciscanos.org.br\/noticias\/?s={search_term_string}"},"query-input":"required name=search_term_string"}],"inLanguage":"pt-BR"},{"@type":"ImageObject","inLanguage":"pt-BR","@id":"https:\/\/franciscanos.org.br\/noticias\/santuario-frei-galvao-elabora-sua-missao-visao-e-valores.html#primaryimage","url":"https:\/\/franciscanos.org.br\/noticias\/wp-content\/uploads\/2022\/08\/santuario_01.jpg","contentUrl":"https:\/\/franciscanos.org.br\/noticias\/wp-content\/uploads\/2022\/08\/santuario_01.jpg","width":1280,"height":854},{"@type":"WebPage","@id":"https:\/\/franciscanos.org.br\/noticias\/santuario-frei-galvao-elabora-sua-missao-visao-e-valores.html#webpage","url":"https:\/\/franciscanos.org.br\/noticias\/santuario-frei-galvao-elabora-sua-missao-visao-e-valores.html","name":"Santu\u00e1rio Frei Galv\u00e3o elabora sua Miss\u00e3o, Vis\u00e3o e Valores - Not\u00edcias - Franciscanos","isPartOf":{"@id":"https:\/\/franciscanos.org.br\/noticias\/#website"},"primaryImageOfPage":{"@id":"https:\/\/franciscanos.org.br\/noticias\/santuario-frei-galvao-elabora-sua-missao-visao-e-valores.html#primaryimage"},"datePublished":"2022-08-09T12:49:06+00:00","dateModified":"2022-08-09T14:30:47+00:00","author":{"@id":"https:\/\/franciscanos.org.br\/noticias\/#\/schema\/person\/b5c8cba458c330ccff548b056e95a5d4"},"breadcrumb":{"@id":"https:\/\/franciscanos.org.br\/noticias\/santuario-frei-galvao-elabora-sua-missao-visao-e-valores.html#breadcrumb"},"inLanguage":"pt-BR","potentialAction":[{"@type":"ReadAction","target":["https:\/\/franciscanos.org.br\/noticias\/santuario-frei-galvao-elabora-sua-missao-visao-e-valores.html"]}]},{"@type":"BreadcrumbList","@id":"https:\/\/franciscanos.org.br\/noticias\/santuario-frei-galvao-elabora-sua-missao-visao-e-valores.html#breadcrumb","itemListElement":[{"@type":"ListItem","position":1,"name":"Home","item":"https:\/\/franciscanos.org.br\/noticias"},{"@type":"ListItem","position":2,"name":"Santu\u00e1rio Frei Galv\u00e3o elabora sua Miss\u00e3o, Vis\u00e3o e Valores"}]},{"@type":"Person","@id":"https:\/\/franciscanos.org.br\/noticias\/#\/schema\/person\/b5c8cba458c330ccff548b056e95a5d4","name":"moacir","image":{"@type":"ImageObject","inLanguage":"pt-BR","@id":"https:\/\/franciscanos.org.br\/noticias\/#\/schema\/person\/image\/","url":"https:\/\/secure.gravatar.com\/avatar\/d08aa2ce4c8dd416d4479aa8536fcf64?s=96&d=mm&r=g","contentUrl":"https:\/\/secure.gravatar.com\/avatar\/d08aa2ce4c8dd416d4479aa8536fcf64?s=96&d=mm&r=g","caption":"moacir"},"url":"https:\/\/franciscanos.org.br\/noticias\/author\/moacir"}]}},"_links":{"self":[{"href":"https:\/\/franciscanos.org.br\/noticias\/wp-json\/wp\/v2\/posts\/239201"}],"collection":[{"href":"https:\/\/franciscanos.org.br\/noticias\/wp-json\/wp\/v2\/posts"}],"about":[{"href":"https:\/\/franciscanos.org.br\/noticias\/wp-json\/wp\/v2\/types\/post"}],"author":[{"embeddable":true,"href":"https:\/\/franciscanos.org.br\/noticias\/wp-json\/wp\/v2\/users\/3"}],"replies":[{"embeddable":true,"href":"https:\/\/franciscanos.org.br\/noticias\/wp-json\/wp\/v2\/comments?post=239201"}],"version-history":[{"count":2,"href":"https:\/\/franciscanos.org.br\/noticias\/wp-json\/wp\/v2\/posts\/239201\/revisions"}],"predecessor-version":[{"id":239215,"href":"https:\/\/franciscanos.org.br\/noticias\/wp-json\/wp\/v2\/posts\/239201\/revisions\/239215"}],"wp:featuredmedia":[{"embeddable":true,"href":"https:\/\/franciscanos.org.br\/noticias\/wp-json\/wp\/v2\/media\/239202"}],"wp:attachment":[{"href":"https:\/\/franciscanos.org.br\/noticias\/wp-json\/wp\/v2\/media?parent=239201"}],"wp:term":[{"taxonomy":"category","embeddable":true,"href":"https:\/\/franciscanos.org.br\/noticias\/wp-json\/wp\/v2\/categories?post=239201"},{"taxonomy":"post_tag","embeddable":true,"href":"https:\/\/franciscanos.org.br\/noticias\/wp-json\/wp\/v2\/tags?post=239201"}],"curies":[{"name":"wp","href":"https:\/\/api.w.org\/{rel}","templated":true}]}}