{"id":239192,"date":"2022-08-07T09:01:04","date_gmt":"2022-08-07T12:01:04","guid":{"rendered":"https:\/\/franciscanos.org.br\/noticias\/?p=239192"},"modified":"2022-08-07T09:01:04","modified_gmt":"2022-08-07T12:01:04","slug":"papa-caminhar-juntos-sem-medo-e-preparados","status":"publish","type":"post","link":"https:\/\/franciscanos.org.br\/noticias\/papa-caminhar-juntos-sem-medo-e-preparados.html","title":{"rendered":"Papa: caminhar juntos sem medo e preparados"},"content":{"rendered":"<div id=\"attachment_239194\" style=\"width: 1290px\" class=\"wp-caption alignnone\"><img aria-describedby=\"caption-attachment-239194\" loading=\"lazy\" class=\"wp-image-239194 size-full\" src=\"https:\/\/franciscanos.org.br\/noticias\/wp-content\/uploads\/2022\/08\/angelus_07.jpg\" alt=\"\" width=\"1280\" height=\"720\" srcset=\"https:\/\/franciscanos.org.br\/noticias\/wp-content\/uploads\/2022\/08\/angelus_07.jpg 1280w, https:\/\/franciscanos.org.br\/noticias\/wp-content\/uploads\/2022\/08\/angelus_07-450x253.jpg 450w, https:\/\/franciscanos.org.br\/noticias\/wp-content\/uploads\/2022\/08\/angelus_07-1024x576.jpg 1024w, https:\/\/franciscanos.org.br\/noticias\/wp-content\/uploads\/2022\/08\/angelus_07-768x432.jpg 768w, https:\/\/franciscanos.org.br\/noticias\/wp-content\/uploads\/2022\/08\/angelus_07-150x84.jpg 150w\" sizes=\"(max-width: 1280px) 100vw, 1280px\" \/><p id=\"caption-attachment-239194\" class=\"wp-caption-text\"><em>\u00a0 \u00a0 \u00a0 \u00a0 \u00a0 \u00a0 \u00a0 \u00a0 \u00a0 \u00a0 \u00a0 \u00a0 \u00a0 \u00a0 \u00a0 \u00a0 \u00a0 \u00a0 \u00a0 \u00a0 \u00a0 \u00a0 \u00a0 \u00a0 \u00a0 \u00a0 \u00a0 \u00a0 \u00a0 \u00a0 \u00a0 \u00a0 \u00a0 \u00a0Imagem: Reprodu\u00e7\u00e3o da transmiss\u00e3o da Vatican News<\/em><\/p><\/div>\n<p>Na ora\u00e7\u00e3o do Angelus deste domingo, 7 de agosto, o Papa Francisco falou sobre o Evangelho de Lucas, cap\u00edtulo 12, recordando duas exorta\u00e7\u00f5es presentes no texto: \u201cn\u00e3o tenham medo\u201d e \u201cestejam preparados\u201d. \u201cS\u00e3o duas palavras-chave para superar os medos \u2013 disse &#8211; que \u00e0s vezes nos paralisam e para superar a tenta\u00e7\u00e3o de uma vida passiva e adormecida\u201d. E refletiu sobre este tema.<\/p>\n<p><strong>N\u00e3o tenham medo<\/strong><br \/>\n&#8220;N\u00e3o tenham medo&#8221;. O Papa iniciou afirmando que depois de encorajar os disc\u00edpulos, recordando-lhes os cuidados amorosos e providentes do Pai, Jesus disse que n\u00e3o h\u00e1 necessidade de nos preocuparmos e nos agitarmos: a nossa hist\u00f3ria est\u00e1 firmemente nas m\u00e3os de Deus. Os nossos medos, continuou o Papa, geralmente ocorrem quando n\u00e3o conseguimos realizar tudo o que nos propomos, sentimentos de n\u00e3o sermos amados nem felizes e isso nos leva \u00e0 desconfian\u00e7a e ang\u00fastia. E afirmou:\u00a0\u201cJesus, entretanto, nos tranquiliza: n\u00e3o tenham medo! Confiem no Pai, que deseja lhes dar tudo o que realmente voc\u00eas precisam. Ele j\u00e1 lhes deu o seu Filho, o seu Reino, e sempre os acompanha com a sua provid\u00eancia, cuidando de voc\u00eas todos os dias. N\u00e3o tenham medo: esta \u00e9 a certeza a que se deve agarrar o cora\u00e7\u00e3o!\u201d<\/p>\n<p><strong>Estejam preparados<\/strong><br \/>\nPor\u00e9m, adverte Francisco, devemos estar despertos e vigilantes, dispon\u00edveis para escutar e acolher, estar prontos. E reflete sobre a segunda palavra-chave do Evangelho: \u201cEstejam preparados&#8221;. \u201cJesus repete este convite v\u00e1rias vezes, e hoje o faz atrav\u00e9s de tr\u00eas breves par\u00e1bolas, &#8211; continuou o Papa &#8211; centradas em um chefe de fam\u00edlia que, na primeira, retorna de improviso das n\u00fapcias, na segunda n\u00e3o quer ser surpreendido por ladr\u00f5es, e na terceira regressa de uma longa viagem\u201d. Em todos elas, concluiu a mensagem \u00e9 esta:\u00a0\u201cFicar despertos, n\u00e3o adormecer, ou seja, n\u00e3o se distrair, n\u00e3o ceder \u00e0 pregui\u00e7a interior, porque, mesmo em situa\u00e7\u00f5es em que n\u00e3o esperamos, o Senhor vem\u201d<\/p>\n<p>Recordando tamb\u00e9m sobre nossa responsabilidade em conservar e administrar os bens deixados pelo Senhor. Desde a vida, f\u00e9, fam\u00edlia, relacionamentos, trabalho, como os lugares onde vivemos, nossa cidade, e por fim a cria\u00e7\u00e3o, disse:<br \/>\n\u201cN\u00f3s nos preocupamos com esta heran\u00e7a que o Senhor nos deixou? Apreciamos sua beleza ou a usamos somente para n\u00f3s e para nossas conveni\u00eancias do momento?\u201d<\/p>\n<p>Francisco concluiu suas palavras convidando mais uma vez a \u201ccaminhar sem medo\u201d, \u201cpara que n\u00e3o aconte\u00e7a de nos adormentarmos enquanto o Senhor passa\u201d.<\/p>\n<hr \/>\n<p><em>Fonte: Vatican News (texto de Jane Nogara)<\/em><\/p>\n","protected":false},"excerpt":{"rendered":"<p>Angelus<\/p>\n","protected":false},"author":3,"featured_media":239194,"comment_status":"open","ping_status":"open","sticky":false,"template":"","format":"standard","meta":[],"categories":[1428],"tags":[403],"acf":[],"yoast_head":"<!-- This site is optimized with the Yoast SEO plugin v19.2 - https:\/\/yoast.com\/wordpress\/plugins\/seo\/ -->\n<title>Papa: caminhar juntos sem medo e preparados - Not\u00edcias - Franciscanos<\/title>\n<meta name=\"robots\" content=\"index, follow, max-snippet:-1, max-image-preview:large, max-video-preview:-1\" \/>\n<link rel=\"canonical\" href=\"https:\/\/franciscanos.org.br\/noticias\/papa-caminhar-juntos-sem-medo-e-preparados.html\" \/>\n<meta property=\"og:locale\" content=\"pt_BR\" \/>\n<meta property=\"og:type\" content=\"article\" \/>\n<meta property=\"og:title\" content=\"Papa: caminhar juntos sem medo e preparados - Not\u00edcias - Franciscanos\" \/>\n<meta property=\"og:description\" content=\"Angelus\" \/>\n<meta property=\"og:url\" content=\"https:\/\/franciscanos.org.br\/noticias\/papa-caminhar-juntos-sem-medo-e-preparados.html\" \/>\n<meta property=\"og:site_name\" content=\"Not\u00edcias - Franciscanos\" \/>\n<meta property=\"article:published_time\" content=\"2022-08-07T12:01:04+00:00\" \/>\n<meta property=\"og:image\" content=\"https:\/\/franciscanos.org.br\/noticias\/wp-content\/uploads\/2022\/08\/angelus_07.jpg\" \/>\n\t<meta property=\"og:image:width\" content=\"1280\" \/>\n\t<meta property=\"og:image:height\" content=\"720\" \/>\n\t<meta property=\"og:image:type\" content=\"image\/jpeg\" \/>\n<meta name=\"author\" content=\"moacir\" \/>\n<meta name=\"twitter:card\" content=\"summary_large_image\" \/>\n<meta name=\"twitter:label1\" content=\"Escrito por\" \/>\n\t<meta name=\"twitter:data1\" content=\"moacir\" \/>\n\t<meta name=\"twitter:label2\" content=\"Est. tempo de leitura\" \/>\n\t<meta name=\"twitter:data2\" content=\"2 minutos\" \/>\n<script type=\"application\/ld+json\" class=\"yoast-schema-graph\">{\"@context\":\"https:\/\/schema.org\",\"@graph\":[{\"@type\":\"WebSite\",\"@id\":\"https:\/\/franciscanos.org.br\/noticias\/#website\",\"url\":\"https:\/\/franciscanos.org.br\/noticias\/\",\"name\":\"Not\u00edcias - Franciscanos\",\"description\":\"Prov\u00edncia Franciscana da Imaculada Concei\u00e7\u00e3o do Brasil - Ordem dos Frades Menores - OFM\",\"potentialAction\":[{\"@type\":\"SearchAction\",\"target\":{\"@type\":\"EntryPoint\",\"urlTemplate\":\"https:\/\/franciscanos.org.br\/noticias\/?s={search_term_string}\"},\"query-input\":\"required name=search_term_string\"}],\"inLanguage\":\"pt-BR\"},{\"@type\":\"ImageObject\",\"inLanguage\":\"pt-BR\",\"@id\":\"https:\/\/franciscanos.org.br\/noticias\/papa-caminhar-juntos-sem-medo-e-preparados.html#primaryimage\",\"url\":\"https:\/\/franciscanos.org.br\/noticias\/wp-content\/uploads\/2022\/08\/angelus_07.jpg\",\"contentUrl\":\"https:\/\/franciscanos.org.br\/noticias\/wp-content\/uploads\/2022\/08\/angelus_07.jpg\",\"width\":1280,\"height\":720},{\"@type\":\"WebPage\",\"@id\":\"https:\/\/franciscanos.org.br\/noticias\/papa-caminhar-juntos-sem-medo-e-preparados.html#webpage\",\"url\":\"https:\/\/franciscanos.org.br\/noticias\/papa-caminhar-juntos-sem-medo-e-preparados.html\",\"name\":\"Papa: caminhar juntos sem medo e preparados - Not\u00edcias - Franciscanos\",\"isPartOf\":{\"@id\":\"https:\/\/franciscanos.org.br\/noticias\/#website\"},\"primaryImageOfPage\":{\"@id\":\"https:\/\/franciscanos.org.br\/noticias\/papa-caminhar-juntos-sem-medo-e-preparados.html#primaryimage\"},\"datePublished\":\"2022-08-07T12:01:04+00:00\",\"dateModified\":\"2022-08-07T12:01:04+00:00\",\"author\":{\"@id\":\"https:\/\/franciscanos.org.br\/noticias\/#\/schema\/person\/b5c8cba458c330ccff548b056e95a5d4\"},\"breadcrumb\":{\"@id\":\"https:\/\/franciscanos.org.br\/noticias\/papa-caminhar-juntos-sem-medo-e-preparados.html#breadcrumb\"},\"inLanguage\":\"pt-BR\",\"potentialAction\":[{\"@type\":\"ReadAction\",\"target\":[\"https:\/\/franciscanos.org.br\/noticias\/papa-caminhar-juntos-sem-medo-e-preparados.html\"]}]},{\"@type\":\"BreadcrumbList\",\"@id\":\"https:\/\/franciscanos.org.br\/noticias\/papa-caminhar-juntos-sem-medo-e-preparados.html#breadcrumb\",\"itemListElement\":[{\"@type\":\"ListItem\",\"position\":1,\"name\":\"Home\",\"item\":\"https:\/\/franciscanos.org.br\/noticias\"},{\"@type\":\"ListItem\",\"position\":2,\"name\":\"Papa: caminhar juntos sem medo e preparados\"}]},{\"@type\":\"Person\",\"@id\":\"https:\/\/franciscanos.org.br\/noticias\/#\/schema\/person\/b5c8cba458c330ccff548b056e95a5d4\",\"name\":\"moacir\",\"image\":{\"@type\":\"ImageObject\",\"inLanguage\":\"pt-BR\",\"@id\":\"https:\/\/franciscanos.org.br\/noticias\/#\/schema\/person\/image\/\",\"url\":\"https:\/\/secure.gravatar.com\/avatar\/d08aa2ce4c8dd416d4479aa8536fcf64?s=96&d=mm&r=g\",\"contentUrl\":\"https:\/\/secure.gravatar.com\/avatar\/d08aa2ce4c8dd416d4479aa8536fcf64?s=96&d=mm&r=g\",\"caption\":\"moacir\"},\"url\":\"https:\/\/franciscanos.org.br\/noticias\/author\/moacir\"}]}<\/script>\n<!-- \/ Yoast SEO plugin. -->","yoast_head_json":{"title":"Papa: caminhar juntos sem medo e preparados - Not\u00edcias - Franciscanos","robots":{"index":"index","follow":"follow","max-snippet":"max-snippet:-1","max-image-preview":"max-image-preview:large","max-video-preview":"max-video-preview:-1"},"canonical":"https:\/\/franciscanos.org.br\/noticias\/papa-caminhar-juntos-sem-medo-e-preparados.html","og_locale":"pt_BR","og_type":"article","og_title":"Papa: caminhar juntos sem medo e preparados - Not\u00edcias - Franciscanos","og_description":"Angelus","og_url":"https:\/\/franciscanos.org.br\/noticias\/papa-caminhar-juntos-sem-medo-e-preparados.html","og_site_name":"Not\u00edcias - Franciscanos","article_published_time":"2022-08-07T12:01:04+00:00","og_image":[{"width":1280,"height":720,"url":"https:\/\/franciscanos.org.br\/noticias\/wp-content\/uploads\/2022\/08\/angelus_07.jpg","type":"image\/jpeg"}],"author":"moacir","twitter_card":"summary_large_image","twitter_misc":{"Escrito por":"moacir","Est. tempo de leitura":"2 minutos"},"schema":{"@context":"https:\/\/schema.org","@graph":[{"@type":"WebSite","@id":"https:\/\/franciscanos.org.br\/noticias\/#website","url":"https:\/\/franciscanos.org.br\/noticias\/","name":"Not\u00edcias - Franciscanos","description":"Prov\u00edncia Franciscana da Imaculada Concei\u00e7\u00e3o do Brasil - Ordem dos Frades Menores - OFM","potentialAction":[{"@type":"SearchAction","target":{"@type":"EntryPoint","urlTemplate":"https:\/\/franciscanos.org.br\/noticias\/?s={search_term_string}"},"query-input":"required name=search_term_string"}],"inLanguage":"pt-BR"},{"@type":"ImageObject","inLanguage":"pt-BR","@id":"https:\/\/franciscanos.org.br\/noticias\/papa-caminhar-juntos-sem-medo-e-preparados.html#primaryimage","url":"https:\/\/franciscanos.org.br\/noticias\/wp-content\/uploads\/2022\/08\/angelus_07.jpg","contentUrl":"https:\/\/franciscanos.org.br\/noticias\/wp-content\/uploads\/2022\/08\/angelus_07.jpg","width":1280,"height":720},{"@type":"WebPage","@id":"https:\/\/franciscanos.org.br\/noticias\/papa-caminhar-juntos-sem-medo-e-preparados.html#webpage","url":"https:\/\/franciscanos.org.br\/noticias\/papa-caminhar-juntos-sem-medo-e-preparados.html","name":"Papa: caminhar juntos sem medo e preparados - Not\u00edcias - Franciscanos","isPartOf":{"@id":"https:\/\/franciscanos.org.br\/noticias\/#website"},"primaryImageOfPage":{"@id":"https:\/\/franciscanos.org.br\/noticias\/papa-caminhar-juntos-sem-medo-e-preparados.html#primaryimage"},"datePublished":"2022-08-07T12:01:04+00:00","dateModified":"2022-08-07T12:01:04+00:00","author":{"@id":"https:\/\/franciscanos.org.br\/noticias\/#\/schema\/person\/b5c8cba458c330ccff548b056e95a5d4"},"breadcrumb":{"@id":"https:\/\/franciscanos.org.br\/noticias\/papa-caminhar-juntos-sem-medo-e-preparados.html#breadcrumb"},"inLanguage":"pt-BR","potentialAction":[{"@type":"ReadAction","target":["https:\/\/franciscanos.org.br\/noticias\/papa-caminhar-juntos-sem-medo-e-preparados.html"]}]},{"@type":"BreadcrumbList","@id":"https:\/\/franciscanos.org.br\/noticias\/papa-caminhar-juntos-sem-medo-e-preparados.html#breadcrumb","itemListElement":[{"@type":"ListItem","position":1,"name":"Home","item":"https:\/\/franciscanos.org.br\/noticias"},{"@type":"ListItem","position":2,"name":"Papa: caminhar juntos sem medo e preparados"}]},{"@type":"Person","@id":"https:\/\/franciscanos.org.br\/noticias\/#\/schema\/person\/b5c8cba458c330ccff548b056e95a5d4","name":"moacir","image":{"@type":"ImageObject","inLanguage":"pt-BR","@id":"https:\/\/franciscanos.org.br\/noticias\/#\/schema\/person\/image\/","url":"https:\/\/secure.gravatar.com\/avatar\/d08aa2ce4c8dd416d4479aa8536fcf64?s=96&d=mm&r=g","contentUrl":"https:\/\/secure.gravatar.com\/avatar\/d08aa2ce4c8dd416d4479aa8536fcf64?s=96&d=mm&r=g","caption":"moacir"},"url":"https:\/\/franciscanos.org.br\/noticias\/author\/moacir"}]}},"_links":{"self":[{"href":"https:\/\/franciscanos.org.br\/noticias\/wp-json\/wp\/v2\/posts\/239192"}],"collection":[{"href":"https:\/\/franciscanos.org.br\/noticias\/wp-json\/wp\/v2\/posts"}],"about":[{"href":"https:\/\/franciscanos.org.br\/noticias\/wp-json\/wp\/v2\/types\/post"}],"author":[{"embeddable":true,"href":"https:\/\/franciscanos.org.br\/noticias\/wp-json\/wp\/v2\/users\/3"}],"replies":[{"embeddable":true,"href":"https:\/\/franciscanos.org.br\/noticias\/wp-json\/wp\/v2\/comments?post=239192"}],"version-history":[{"count":1,"href":"https:\/\/franciscanos.org.br\/noticias\/wp-json\/wp\/v2\/posts\/239192\/revisions"}],"predecessor-version":[{"id":239195,"href":"https:\/\/franciscanos.org.br\/noticias\/wp-json\/wp\/v2\/posts\/239192\/revisions\/239195"}],"wp:featuredmedia":[{"embeddable":true,"href":"https:\/\/franciscanos.org.br\/noticias\/wp-json\/wp\/v2\/media\/239194"}],"wp:attachment":[{"href":"https:\/\/franciscanos.org.br\/noticias\/wp-json\/wp\/v2\/media?parent=239192"}],"wp:term":[{"taxonomy":"category","embeddable":true,"href":"https:\/\/franciscanos.org.br\/noticias\/wp-json\/wp\/v2\/categories?post=239192"},{"taxonomy":"post_tag","embeddable":true,"href":"https:\/\/franciscanos.org.br\/noticias\/wp-json\/wp\/v2\/tags?post=239192"}],"curies":[{"name":"wp","href":"https:\/\/api.w.org\/{rel}","templated":true}]}}