{"id":239189,"date":"2022-08-05T08:55:57","date_gmt":"2022-08-05T11:55:57","guid":{"rendered":"https:\/\/franciscanos.org.br\/noticias\/?p=239189"},"modified":"2022-08-05T08:55:57","modified_gmt":"2022-08-05T11:55:57","slug":"usf-recebe-estudantes-de-odontologia-da-universidade-do-porto","status":"publish","type":"post","link":"https:\/\/franciscanos.org.br\/noticias\/usf-recebe-estudantes-de-odontologia-da-universidade-do-porto.html","title":{"rendered":"USF recebe estudantes de Odontologia da Universidade do Porto"},"content":{"rendered":"<p><img loading=\"lazy\" class=\"alignnone wp-image-239190 size-full\" src=\"https:\/\/franciscanos.org.br\/noticias\/wp-content\/uploads\/2022\/08\/usf_05.jpg\" alt=\"\" width=\"1280\" height=\"720\" srcset=\"https:\/\/franciscanos.org.br\/noticias\/wp-content\/uploads\/2022\/08\/usf_05.jpg 1280w, https:\/\/franciscanos.org.br\/noticias\/wp-content\/uploads\/2022\/08\/usf_05-450x253.jpg 450w, https:\/\/franciscanos.org.br\/noticias\/wp-content\/uploads\/2022\/08\/usf_05-1024x576.jpg 1024w, https:\/\/franciscanos.org.br\/noticias\/wp-content\/uploads\/2022\/08\/usf_05-768x432.jpg 768w, https:\/\/franciscanos.org.br\/noticias\/wp-content\/uploads\/2022\/08\/usf_05-150x84.jpg 150w\" sizes=\"(max-width: 1280px) 100vw, 1280px\" \/><\/p>\n<p>A Universidade S\u00e3o Francisco (USF) recebeu no dia 3 de agosto, estudantes da Universidade do Porto, Portugal, para interc\u00e2mbio com curso de Odontologia na USF. Os estudantes passar\u00e3o o semestre na USF.<\/p>\n<p>Os estudantes portugueses foram recepcionados no c\u00e2mpus de Bragan\u00e7a Paulista, SP com a participa\u00e7\u00e3o Diretora, professora Patr\u00edcia Teixeira Costa, a coordenadora do Curso de Odontologia, professora Silvia Cristina Mazeti Torres, al\u00e9m de representantes da equipe do N\u00facleo de Rela\u00e7\u00f5es Internacionais (NRI), professora Cristiane Ferraz e Silva Suarez e professora Liz Ponnet.<\/p>\n<p>A Odontologia brasileira \u00e9 refer\u00eancia no mundo, de acordo com dados do Conselho Federal de Odontologia (CFO), em 2010, os dentistas brasileiros somavam 219.575 profissionais. Em 2020, esse n\u00famero cresceu 46,6%. Hoje, s\u00e3o mais de 330 mil dentistas formados no pa\u00eds, al\u00e9m de quase 210 mil auxiliares e t\u00e9cnicos de pr\u00f3tese dent\u00e1ria e sa\u00fade bucal. \u201cA escolha pela USF por estudantes do exterior ocorre devido ao processo de internacionaliza\u00e7\u00e3o que j\u00e1 est\u00e1 estabelecido na Universidade, al\u00e9m da qualidade e tradi\u00e7\u00e3o do Curso de Odontologia da USF, com quase 50 anos de hist\u00f3ria na forma\u00e7\u00e3o de cirurgi\u00f5es dentistas. Oferecendo aos estudantes uma infraestrutura atualizada e com cen\u00e1rios de pr\u00e1tica, como a Unidade Escola Estrat\u00e9gia Sa\u00fade da Fam\u00edlia (ESF) S\u00e3o Francisco de Assis e o Centro de Especialidades Odontol\u00f3gicas, instalado dentro das depend\u00eancias da Universidade\u201d, comentou o Pr\u00f3-Reitor de Ensino, Pesquisa e Extens\u00e3o, professor Dilnei Lorenzi.<\/p>\n<p>A parceria da USF com a Universidade de Porto permite que a USF envie e receba estudantes intercambistas. Em 2017, a Universidade do Porto esteve entre as 300 melhores universidades do mundo no QS World University Rankings, sendo o melhor lugar obtido por uma institui\u00e7\u00e3o do ensino superior e de pesquisa em Portugal.<\/p>\n<p>Saiba mais sobre as oportunidades de interc\u00e2mbio em<a href=\"http:\/\/usf.edu.br\"> usf.edu.br<\/a><\/p>\n<hr \/>\n<p><em>Ana Paula Moreira<\/em><\/p>\n","protected":false},"excerpt":{"rendered":"<p>Universidade S\u00e3o Francisco<\/p>\n","protected":false},"author":3,"featured_media":239190,"comment_status":"open","ping_status":"open","sticky":false,"template":"","format":"standard","meta":[],"categories":[1],"tags":[354],"acf":[],"yoast_head":"<!-- This site is optimized with the Yoast SEO plugin v19.2 - https:\/\/yoast.com\/wordpress\/plugins\/seo\/ -->\n<title>USF recebe estudantes de Odontologia da Universidade do Porto - Not\u00edcias - Franciscanos<\/title>\n<meta name=\"robots\" content=\"index, follow, max-snippet:-1, max-image-preview:large, max-video-preview:-1\" \/>\n<link rel=\"canonical\" href=\"https:\/\/franciscanos.org.br\/noticias\/usf-recebe-estudantes-de-odontologia-da-universidade-do-porto.html\" \/>\n<meta property=\"og:locale\" content=\"pt_BR\" \/>\n<meta property=\"og:type\" content=\"article\" \/>\n<meta property=\"og:title\" content=\"USF recebe estudantes de Odontologia da Universidade do Porto - Not\u00edcias - Franciscanos\" \/>\n<meta property=\"og:description\" content=\"Universidade S\u00e3o Francisco\" \/>\n<meta property=\"og:url\" content=\"https:\/\/franciscanos.org.br\/noticias\/usf-recebe-estudantes-de-odontologia-da-universidade-do-porto.html\" \/>\n<meta property=\"og:site_name\" content=\"Not\u00edcias - Franciscanos\" \/>\n<meta property=\"article:published_time\" content=\"2022-08-05T11:55:57+00:00\" \/>\n<meta property=\"og:image\" content=\"https:\/\/franciscanos.org.br\/noticias\/wp-content\/uploads\/2022\/08\/usf_05.jpg\" \/>\n\t<meta property=\"og:image:width\" content=\"1280\" \/>\n\t<meta property=\"og:image:height\" content=\"720\" \/>\n\t<meta property=\"og:image:type\" content=\"image\/jpeg\" \/>\n<meta name=\"author\" content=\"moacir\" \/>\n<meta name=\"twitter:card\" content=\"summary_large_image\" \/>\n<meta name=\"twitter:label1\" content=\"Escrito por\" \/>\n\t<meta name=\"twitter:data1\" content=\"moacir\" \/>\n\t<meta name=\"twitter:label2\" content=\"Est. tempo de leitura\" \/>\n\t<meta name=\"twitter:data2\" content=\"2 minutos\" \/>\n<script type=\"application\/ld+json\" class=\"yoast-schema-graph\">{\"@context\":\"https:\/\/schema.org\",\"@graph\":[{\"@type\":\"WebSite\",\"@id\":\"https:\/\/franciscanos.org.br\/noticias\/#website\",\"url\":\"https:\/\/franciscanos.org.br\/noticias\/\",\"name\":\"Not\u00edcias - Franciscanos\",\"description\":\"Prov\u00edncia Franciscana da Imaculada Concei\u00e7\u00e3o do Brasil - Ordem dos Frades Menores - OFM\",\"potentialAction\":[{\"@type\":\"SearchAction\",\"target\":{\"@type\":\"EntryPoint\",\"urlTemplate\":\"https:\/\/franciscanos.org.br\/noticias\/?s={search_term_string}\"},\"query-input\":\"required name=search_term_string\"}],\"inLanguage\":\"pt-BR\"},{\"@type\":\"ImageObject\",\"inLanguage\":\"pt-BR\",\"@id\":\"https:\/\/franciscanos.org.br\/noticias\/usf-recebe-estudantes-de-odontologia-da-universidade-do-porto.html#primaryimage\",\"url\":\"https:\/\/franciscanos.org.br\/noticias\/wp-content\/uploads\/2022\/08\/usf_05.jpg\",\"contentUrl\":\"https:\/\/franciscanos.org.br\/noticias\/wp-content\/uploads\/2022\/08\/usf_05.jpg\",\"width\":1280,\"height\":720},{\"@type\":\"WebPage\",\"@id\":\"https:\/\/franciscanos.org.br\/noticias\/usf-recebe-estudantes-de-odontologia-da-universidade-do-porto.html#webpage\",\"url\":\"https:\/\/franciscanos.org.br\/noticias\/usf-recebe-estudantes-de-odontologia-da-universidade-do-porto.html\",\"name\":\"USF recebe estudantes de Odontologia da Universidade do Porto - Not\u00edcias - Franciscanos\",\"isPartOf\":{\"@id\":\"https:\/\/franciscanos.org.br\/noticias\/#website\"},\"primaryImageOfPage\":{\"@id\":\"https:\/\/franciscanos.org.br\/noticias\/usf-recebe-estudantes-de-odontologia-da-universidade-do-porto.html#primaryimage\"},\"datePublished\":\"2022-08-05T11:55:57+00:00\",\"dateModified\":\"2022-08-05T11:55:57+00:00\",\"author\":{\"@id\":\"https:\/\/franciscanos.org.br\/noticias\/#\/schema\/person\/b5c8cba458c330ccff548b056e95a5d4\"},\"breadcrumb\":{\"@id\":\"https:\/\/franciscanos.org.br\/noticias\/usf-recebe-estudantes-de-odontologia-da-universidade-do-porto.html#breadcrumb\"},\"inLanguage\":\"pt-BR\",\"potentialAction\":[{\"@type\":\"ReadAction\",\"target\":[\"https:\/\/franciscanos.org.br\/noticias\/usf-recebe-estudantes-de-odontologia-da-universidade-do-porto.html\"]}]},{\"@type\":\"BreadcrumbList\",\"@id\":\"https:\/\/franciscanos.org.br\/noticias\/usf-recebe-estudantes-de-odontologia-da-universidade-do-porto.html#breadcrumb\",\"itemListElement\":[{\"@type\":\"ListItem\",\"position\":1,\"name\":\"Home\",\"item\":\"https:\/\/franciscanos.org.br\/noticias\"},{\"@type\":\"ListItem\",\"position\":2,\"name\":\"USF recebe estudantes de Odontologia da Universidade do Porto\"}]},{\"@type\":\"Person\",\"@id\":\"https:\/\/franciscanos.org.br\/noticias\/#\/schema\/person\/b5c8cba458c330ccff548b056e95a5d4\",\"name\":\"moacir\",\"image\":{\"@type\":\"ImageObject\",\"inLanguage\":\"pt-BR\",\"@id\":\"https:\/\/franciscanos.org.br\/noticias\/#\/schema\/person\/image\/\",\"url\":\"https:\/\/secure.gravatar.com\/avatar\/d08aa2ce4c8dd416d4479aa8536fcf64?s=96&d=mm&r=g\",\"contentUrl\":\"https:\/\/secure.gravatar.com\/avatar\/d08aa2ce4c8dd416d4479aa8536fcf64?s=96&d=mm&r=g\",\"caption\":\"moacir\"},\"url\":\"https:\/\/franciscanos.org.br\/noticias\/author\/moacir\"}]}<\/script>\n<!-- \/ Yoast SEO plugin. -->","yoast_head_json":{"title":"USF recebe estudantes de Odontologia da Universidade do Porto - Not\u00edcias - Franciscanos","robots":{"index":"index","follow":"follow","max-snippet":"max-snippet:-1","max-image-preview":"max-image-preview:large","max-video-preview":"max-video-preview:-1"},"canonical":"https:\/\/franciscanos.org.br\/noticias\/usf-recebe-estudantes-de-odontologia-da-universidade-do-porto.html","og_locale":"pt_BR","og_type":"article","og_title":"USF recebe estudantes de Odontologia da Universidade do Porto - Not\u00edcias - Franciscanos","og_description":"Universidade S\u00e3o Francisco","og_url":"https:\/\/franciscanos.org.br\/noticias\/usf-recebe-estudantes-de-odontologia-da-universidade-do-porto.html","og_site_name":"Not\u00edcias - Franciscanos","article_published_time":"2022-08-05T11:55:57+00:00","og_image":[{"width":1280,"height":720,"url":"https:\/\/franciscanos.org.br\/noticias\/wp-content\/uploads\/2022\/08\/usf_05.jpg","type":"image\/jpeg"}],"author":"moacir","twitter_card":"summary_large_image","twitter_misc":{"Escrito por":"moacir","Est. tempo de leitura":"2 minutos"},"schema":{"@context":"https:\/\/schema.org","@graph":[{"@type":"WebSite","@id":"https:\/\/franciscanos.org.br\/noticias\/#website","url":"https:\/\/franciscanos.org.br\/noticias\/","name":"Not\u00edcias - Franciscanos","description":"Prov\u00edncia Franciscana da Imaculada Concei\u00e7\u00e3o do Brasil - Ordem dos Frades Menores - OFM","potentialAction":[{"@type":"SearchAction","target":{"@type":"EntryPoint","urlTemplate":"https:\/\/franciscanos.org.br\/noticias\/?s={search_term_string}"},"query-input":"required name=search_term_string"}],"inLanguage":"pt-BR"},{"@type":"ImageObject","inLanguage":"pt-BR","@id":"https:\/\/franciscanos.org.br\/noticias\/usf-recebe-estudantes-de-odontologia-da-universidade-do-porto.html#primaryimage","url":"https:\/\/franciscanos.org.br\/noticias\/wp-content\/uploads\/2022\/08\/usf_05.jpg","contentUrl":"https:\/\/franciscanos.org.br\/noticias\/wp-content\/uploads\/2022\/08\/usf_05.jpg","width":1280,"height":720},{"@type":"WebPage","@id":"https:\/\/franciscanos.org.br\/noticias\/usf-recebe-estudantes-de-odontologia-da-universidade-do-porto.html#webpage","url":"https:\/\/franciscanos.org.br\/noticias\/usf-recebe-estudantes-de-odontologia-da-universidade-do-porto.html","name":"USF recebe estudantes de Odontologia da Universidade do Porto - Not\u00edcias - Franciscanos","isPartOf":{"@id":"https:\/\/franciscanos.org.br\/noticias\/#website"},"primaryImageOfPage":{"@id":"https:\/\/franciscanos.org.br\/noticias\/usf-recebe-estudantes-de-odontologia-da-universidade-do-porto.html#primaryimage"},"datePublished":"2022-08-05T11:55:57+00:00","dateModified":"2022-08-05T11:55:57+00:00","author":{"@id":"https:\/\/franciscanos.org.br\/noticias\/#\/schema\/person\/b5c8cba458c330ccff548b056e95a5d4"},"breadcrumb":{"@id":"https:\/\/franciscanos.org.br\/noticias\/usf-recebe-estudantes-de-odontologia-da-universidade-do-porto.html#breadcrumb"},"inLanguage":"pt-BR","potentialAction":[{"@type":"ReadAction","target":["https:\/\/franciscanos.org.br\/noticias\/usf-recebe-estudantes-de-odontologia-da-universidade-do-porto.html"]}]},{"@type":"BreadcrumbList","@id":"https:\/\/franciscanos.org.br\/noticias\/usf-recebe-estudantes-de-odontologia-da-universidade-do-porto.html#breadcrumb","itemListElement":[{"@type":"ListItem","position":1,"name":"Home","item":"https:\/\/franciscanos.org.br\/noticias"},{"@type":"ListItem","position":2,"name":"USF recebe estudantes de Odontologia da Universidade do Porto"}]},{"@type":"Person","@id":"https:\/\/franciscanos.org.br\/noticias\/#\/schema\/person\/b5c8cba458c330ccff548b056e95a5d4","name":"moacir","image":{"@type":"ImageObject","inLanguage":"pt-BR","@id":"https:\/\/franciscanos.org.br\/noticias\/#\/schema\/person\/image\/","url":"https:\/\/secure.gravatar.com\/avatar\/d08aa2ce4c8dd416d4479aa8536fcf64?s=96&d=mm&r=g","contentUrl":"https:\/\/secure.gravatar.com\/avatar\/d08aa2ce4c8dd416d4479aa8536fcf64?s=96&d=mm&r=g","caption":"moacir"},"url":"https:\/\/franciscanos.org.br\/noticias\/author\/moacir"}]}},"_links":{"self":[{"href":"https:\/\/franciscanos.org.br\/noticias\/wp-json\/wp\/v2\/posts\/239189"}],"collection":[{"href":"https:\/\/franciscanos.org.br\/noticias\/wp-json\/wp\/v2\/posts"}],"about":[{"href":"https:\/\/franciscanos.org.br\/noticias\/wp-json\/wp\/v2\/types\/post"}],"author":[{"embeddable":true,"href":"https:\/\/franciscanos.org.br\/noticias\/wp-json\/wp\/v2\/users\/3"}],"replies":[{"embeddable":true,"href":"https:\/\/franciscanos.org.br\/noticias\/wp-json\/wp\/v2\/comments?post=239189"}],"version-history":[{"count":1,"href":"https:\/\/franciscanos.org.br\/noticias\/wp-json\/wp\/v2\/posts\/239189\/revisions"}],"predecessor-version":[{"id":239191,"href":"https:\/\/franciscanos.org.br\/noticias\/wp-json\/wp\/v2\/posts\/239189\/revisions\/239191"}],"wp:featuredmedia":[{"embeddable":true,"href":"https:\/\/franciscanos.org.br\/noticias\/wp-json\/wp\/v2\/media\/239190"}],"wp:attachment":[{"href":"https:\/\/franciscanos.org.br\/noticias\/wp-json\/wp\/v2\/media?parent=239189"}],"wp:term":[{"taxonomy":"category","embeddable":true,"href":"https:\/\/franciscanos.org.br\/noticias\/wp-json\/wp\/v2\/categories?post=239189"},{"taxonomy":"post_tag","embeddable":true,"href":"https:\/\/franciscanos.org.br\/noticias\/wp-json\/wp\/v2\/tags?post=239189"}],"curies":[{"name":"wp","href":"https:\/\/api.w.org\/{rel}","templated":true}]}}