{"id":239175,"date":"2022-08-03T08:08:21","date_gmt":"2022-08-03T11:08:21","guid":{"rendered":"https:\/\/franciscanos.org.br\/noticias\/?p=239175"},"modified":"2022-08-03T08:08:21","modified_gmt":"2022-08-03T11:08:21","slug":"papa-viagem-ao-canada-nova-pagina-do-caminho-da-igreja-com-os-povos-indigenas","status":"publish","type":"post","link":"https:\/\/franciscanos.org.br\/noticias\/papa-viagem-ao-canada-nova-pagina-do-caminho-da-igreja-com-os-povos-indigenas.html","title":{"rendered":"Papa: viagem ao Canad\u00e1, nova p\u00e1gina do caminho da Igreja com os povos ind\u00edgenas"},"content":{"rendered":"<div id=\"attachment_239176\" style=\"width: 1290px\" class=\"wp-caption alignnone\"><img aria-describedby=\"caption-attachment-239176\" loading=\"lazy\" class=\"wp-image-239176 size-full\" src=\"https:\/\/franciscanos.org.br\/noticias\/wp-content\/uploads\/2022\/08\/2022-08-03_audiencia-papa.png\" alt=\"\" width=\"1280\" height=\"720\" srcset=\"https:\/\/franciscanos.org.br\/noticias\/wp-content\/uploads\/2022\/08\/2022-08-03_audiencia-papa.png 1280w, https:\/\/franciscanos.org.br\/noticias\/wp-content\/uploads\/2022\/08\/2022-08-03_audiencia-papa-450x253.png 450w, https:\/\/franciscanos.org.br\/noticias\/wp-content\/uploads\/2022\/08\/2022-08-03_audiencia-papa-1024x576.png 1024w, https:\/\/franciscanos.org.br\/noticias\/wp-content\/uploads\/2022\/08\/2022-08-03_audiencia-papa-768x432.png 768w, https:\/\/franciscanos.org.br\/noticias\/wp-content\/uploads\/2022\/08\/2022-08-03_audiencia-papa-150x84.png 150w\" sizes=\"(max-width: 1280px) 100vw, 1280px\" \/><p id=\"caption-attachment-239176\" class=\"wp-caption-text\"><em>\u00a0 \u00a0 \u00a0 \u00a0 \u00a0 \u00a0 \u00a0 \u00a0 \u00a0 \u00a0 \u00a0 \u00a0 \u00a0 \u00a0 \u00a0 \u00a0 \u00a0 \u00a0 \u00a0 \u00a0 \u00a0 \u00a0 \u00a0 \u00a0 \u00a0 \u00a0 \u00a0 \u00a0 \u00a0 \u00a0 \u00a0 \u00a0 \u00a0 \u00a0 \u00a0 \u00a0 \u00a0 \u00a0 \u00a0 \u00a0 \u00a0 \u00a0 \u00a0 \u00a0 \u00a0 \u00a0 \u00a0 \u00a0 \u00a0 \u00a0 \u00a0 \u00a0 \u00a0 \u00a0 \u00a0 \u00a0 \u00a0 \u00a0 \u00a0 \u00a0 \u00a0 \u00a0 \u00a0 \u00a0 Imagem: Vatican Media<\/em><\/p><\/div>\n<p>Na Audi\u00eancia Geral desta quarta-feira (03), a primeira depois da pausa durante o m\u00eas de julho, o Papa Francisco entrou na Sala Paulo VI caminhando, sem a cadeira de rodas que o acompanhou nos \u00faltimos meses e partilhou com os presentes algumas reflex\u00f5es sobre a recente viagem apost\u00f3lica ao Canad\u00e1. Explicando a motiva\u00e7\u00e3o disse: \u201cFoi uma viagem diferente de qualquer outra. Com efeito, a principal motiva\u00e7\u00e3o era encontrar os povos originais para lhes expressar a minha proximidade e tristeza, e pedir perd\u00e3o pelo mal que lhes foi causado por aqueles crist\u00e3os, incluindo muitos cat\u00f3licos, que no passado colaboraram nas pol\u00edticas de assimila\u00e7\u00e3o for\u00e7ada e de resgate dos governos daquela \u00e9poca\u201d.<\/p>\n<h3><strong>Uma nova p\u00e1gina<\/strong><\/h3>\n<p>Depois de afirmar que com a viagem ao Canad\u00e1 inicia uma nova p\u00e1gina do caminho que a Igreja percorre com os povos ind\u00edgenas, o Papa recordou que o lema da viagem \u201cCaminhar juntos\u201d mostra este objetivo. \u201cUm caminho de reconcilia\u00e7\u00e3o e cura, que pressup\u00f5e conhecimento hist\u00f3rico, escuta dos sobreviventes, consci\u00eancia e sobretudo convers\u00e3o e mudan\u00e7a de mentalidade\u201d.<\/p>\n<p>Recordando sempre os muitos defensores dos povos ind\u00edgenas e de sua cultura, mas, \u201cpor outro lado, infelizmente, n\u00e3o faltaram aqueles que participaram em programas que hoje compreendemos que s\u00e3o inaceit\u00e1veis e contr\u00e1rios ao Evangelho\u201d, disse o Papa.<\/p>\n<h3>Peregrina\u00e7\u00e3o penitencial<\/h3>\n<p>Portanto \u2013 continuou &#8211; foi uma peregrina\u00e7\u00e3o penitencial. Houve muitos momentos de alegria, mas o sentido e o tom geral foram de reflex\u00e3o, arrependimento e reconcilia\u00e7\u00e3o. Francisco explicou que \u201cjuntos fizemos mem\u00f3ria: a boa mem\u00f3ria milenar de hist\u00f3ria destes povos, em harmonia com a sua terra, e a dolorosa mem\u00f3ria dos abusos que sofreram, at\u00e9 nas escolas residenciais, por causa das pol\u00edticas de assimila\u00e7\u00e3o cultural\u201d.<\/p>\n<p>\u201cAp\u00f3s a mem\u00f3ria \u2013 continuou &#8211; o segundo passo no nosso caminho foi o da reconcilia\u00e7\u00e3o. N\u00e3o um compromisso entre n\u00f3s &#8211; isso seria uma ilus\u00e3o, uma encena\u00e7\u00e3o &#8211; mas um deixar-nos reconciliar por Cristo, que \u00e9 a nossa paz. Fizemo-lo tomando como refer\u00eancia a figura da \u00e1rvore, central para a vida e a simbologia dos povos ind\u00edgenas&#8221;.<\/p>\n<h3>Cura<\/h3>\n<p>\u201cMem\u00f3ria, reconcilia\u00e7\u00e3o e, por fim, cura. Demos este terceiro passo do caminho nas margens do lago de Santa Ana, precisamente nos dias da festa dos Santos Joaquim e Ana. \u201cTodos n\u00f3s podemos haurir de Cristo, fonte de \u00e1gua viva, e ali, em Jesus, vimos a proximidade do Pai que nos d\u00e1 a cura das feridas e tamb\u00e9m o perd\u00e3o dos pecados\u201d.<\/p>\n<h3>Esperan\u00e7a<\/h3>\n<p>\u201cDeste percurso de mem\u00f3ria, reconcilia\u00e7\u00e3o e cura nasce a esperan\u00e7a para a Igreja, no Canad\u00e1 e em toda a parte. Os disc\u00edpulos de Ema\u00fas &#8211; disse Francisco &#8211; caminharam com Jesus ressuscitado: com Ele e gra\u00e7as a Ele passaram do fracasso \u00e0 esperan\u00e7a\u201d.<\/p>\n<h3>Promover as culturas originais<\/h3>\n<p>Em seguida o Papa retoma o percurso da viagem recordando que o caminho com os povos ind\u00edgenas foi a espinha dorsal desta viagem apost\u00f3lica: \u201cNela se inserem os dois encontros com a Igreja local e com as Autoridades do pa\u00eds. \u201cPerante os Governantes, os L\u00edderes ind\u00edgenas e o Corpo diplom\u00e1tico, reafirmei a vontade ativa da Santa S\u00e9 e das Comunidades cat\u00f3licas locais de promover as culturas originais, com caminhos espirituais apropriados e com aten\u00e7\u00e3o aos costumes e l\u00ednguas dos povos\u201d.<\/p>\n<h3>Recuperar equil\u00edbrio saud\u00e1vel<\/h3>\n<p>Depois de observar que a mentalidade colonizadora est\u00e1 hoje presente em v\u00e1rias formas de coloniza\u00e7\u00e3o ideol\u00f3gica, amea\u00e7ando as tradi\u00e7\u00f5es e nivelando as diferen\u00e7as, e principalmente negligenciando frequentemente os deveres para com os mais d\u00e9beis e fr\u00e1geis afirmou: \u201cTrata-se, portanto, de recuperar um equil\u00edbrio saud\u00e1vel, uma harmonia entre a modernidade e as culturas ancestrais, entre a seculariza\u00e7\u00e3o e os valores espirituais. E isto desafia diretamente a miss\u00e3o da Igreja, enviada em todo o mundo para testemunhar e \u201csemear\u201d uma fraternidade universal que respeita e promove a dimens\u00e3o local com as suas m\u00faltiplas riquezas\u201d.<\/p>\n<p>Por fim Francisco disse que o \u201cno sinal de esperan\u00e7a, foi o \u00faltimo encontro, na terra dos Inuits, com jovens e idosos. E lhes asseguro &#8211; continuou &#8211; que nestes encontros, especialmente no \u00faltimo, tive que sentir como uma bofetada a dor daquelas pessoas, o quanto elas perderam &#8230; os idosos que perderam seus filhos e n\u00e3o sabiam onde eles foram parar, por causa desta pol\u00edtica de assimila\u00e7\u00e3o. Foi um momento muito doloroso, mas era preciso encarar de frente: temos que encarar de frente os nossos erros, os nossos pecados&#8221;.<\/p>\n<p>At\u00e9 no Canad\u00e1 este \u00e9 um bin\u00f4mio-chave, um sinal dos tempos: jovens e idosos em di\u00e1logo para caminhar juntos na hist\u00f3ria entre mem\u00f3ria e profecia\u201d. O Papa concluiu dizendo: &#8220;Que a fortaleza e a a\u00e7\u00e3o pac\u00edfica dos povos ind\u00edgenas do Canad\u00e1 sejam um exemplo a fim de que todos os povos nativos n\u00e3o se fechem, mas ofere\u00e7am a sua indispens\u00e1vel contribui\u00e7\u00e3o para uma humanidade mais fraterna, que saiba amar a cria\u00e7\u00e3o e o Criador&#8221;.<\/p>\n<hr \/>\n<p><em>Texto: Vatican News<\/em><\/p>\n","protected":false},"excerpt":{"rendered":"<p>Audi\u00eancia Geral<\/p>\n","protected":false},"author":1,"featured_media":239177,"comment_status":"open","ping_status":"open","sticky":false,"template":"","format":"standard","meta":[],"categories":[1428],"tags":[487],"acf":[],"yoast_head":"<!-- This site is optimized with the Yoast SEO plugin v19.2 - https:\/\/yoast.com\/wordpress\/plugins\/seo\/ -->\n<title>Papa: viagem ao Canad\u00e1, nova p\u00e1gina do caminho da Igreja com os povos ind\u00edgenas - Not\u00edcias - Franciscanos<\/title>\n<meta name=\"robots\" content=\"index, follow, max-snippet:-1, max-image-preview:large, max-video-preview:-1\" \/>\n<link rel=\"canonical\" href=\"https:\/\/franciscanos.org.br\/noticias\/papa-viagem-ao-canada-nova-pagina-do-caminho-da-igreja-com-os-povos-indigenas.html\" \/>\n<meta property=\"og:locale\" content=\"pt_BR\" \/>\n<meta property=\"og:type\" content=\"article\" \/>\n<meta property=\"og:title\" content=\"Papa: viagem ao Canad\u00e1, nova p\u00e1gina do caminho da Igreja com os povos ind\u00edgenas - Not\u00edcias - Franciscanos\" \/>\n<meta property=\"og:description\" content=\"Audi\u00eancia Geral\" \/>\n<meta property=\"og:url\" content=\"https:\/\/franciscanos.org.br\/noticias\/papa-viagem-ao-canada-nova-pagina-do-caminho-da-igreja-com-os-povos-indigenas.html\" \/>\n<meta property=\"og:site_name\" content=\"Not\u00edcias - Franciscanos\" \/>\n<meta property=\"article:published_time\" content=\"2022-08-03T11:08:21+00:00\" \/>\n<meta property=\"og:image\" content=\"https:\/\/franciscanos.org.br\/noticias\/wp-content\/uploads\/2022\/08\/2022-08-03_audiencia-papad.png\" \/>\n\t<meta property=\"og:image:width\" content=\"800\" \/>\n\t<meta property=\"og:image:height\" content=\"550\" \/>\n\t<meta property=\"og:image:type\" content=\"image\/png\" \/>\n<meta name=\"author\" content=\"admin\" \/>\n<meta name=\"twitter:card\" content=\"summary_large_image\" \/>\n<meta name=\"twitter:label1\" content=\"Escrito por\" \/>\n\t<meta name=\"twitter:data1\" content=\"admin\" \/>\n\t<meta name=\"twitter:label2\" content=\"Est. tempo de leitura\" \/>\n\t<meta name=\"twitter:data2\" content=\"4 minutos\" \/>\n<script type=\"application\/ld+json\" class=\"yoast-schema-graph\">{\"@context\":\"https:\/\/schema.org\",\"@graph\":[{\"@type\":\"WebSite\",\"@id\":\"https:\/\/franciscanos.org.br\/noticias\/#website\",\"url\":\"https:\/\/franciscanos.org.br\/noticias\/\",\"name\":\"Not\u00edcias - Franciscanos\",\"description\":\"Prov\u00edncia Franciscana da Imaculada Concei\u00e7\u00e3o do Brasil - Ordem dos Frades Menores - OFM\",\"potentialAction\":[{\"@type\":\"SearchAction\",\"target\":{\"@type\":\"EntryPoint\",\"urlTemplate\":\"https:\/\/franciscanos.org.br\/noticias\/?s={search_term_string}\"},\"query-input\":\"required name=search_term_string\"}],\"inLanguage\":\"pt-BR\"},{\"@type\":\"ImageObject\",\"inLanguage\":\"pt-BR\",\"@id\":\"https:\/\/franciscanos.org.br\/noticias\/papa-viagem-ao-canada-nova-pagina-do-caminho-da-igreja-com-os-povos-indigenas.html#primaryimage\",\"url\":\"https:\/\/franciscanos.org.br\/noticias\/wp-content\/uploads\/2022\/08\/2022-08-03_audiencia-papad.png\",\"contentUrl\":\"https:\/\/franciscanos.org.br\/noticias\/wp-content\/uploads\/2022\/08\/2022-08-03_audiencia-papad.png\",\"width\":800,\"height\":550},{\"@type\":\"WebPage\",\"@id\":\"https:\/\/franciscanos.org.br\/noticias\/papa-viagem-ao-canada-nova-pagina-do-caminho-da-igreja-com-os-povos-indigenas.html#webpage\",\"url\":\"https:\/\/franciscanos.org.br\/noticias\/papa-viagem-ao-canada-nova-pagina-do-caminho-da-igreja-com-os-povos-indigenas.html\",\"name\":\"Papa: viagem ao Canad\u00e1, nova p\u00e1gina do caminho da Igreja com os povos ind\u00edgenas - Not\u00edcias - Franciscanos\",\"isPartOf\":{\"@id\":\"https:\/\/franciscanos.org.br\/noticias\/#website\"},\"primaryImageOfPage\":{\"@id\":\"https:\/\/franciscanos.org.br\/noticias\/papa-viagem-ao-canada-nova-pagina-do-caminho-da-igreja-com-os-povos-indigenas.html#primaryimage\"},\"datePublished\":\"2022-08-03T11:08:21+00:00\",\"dateModified\":\"2022-08-03T11:08:21+00:00\",\"author\":{\"@id\":\"https:\/\/franciscanos.org.br\/noticias\/#\/schema\/person\/b38fbf43118f02820bd932f2e4b14ad3\"},\"breadcrumb\":{\"@id\":\"https:\/\/franciscanos.org.br\/noticias\/papa-viagem-ao-canada-nova-pagina-do-caminho-da-igreja-com-os-povos-indigenas.html#breadcrumb\"},\"inLanguage\":\"pt-BR\",\"potentialAction\":[{\"@type\":\"ReadAction\",\"target\":[\"https:\/\/franciscanos.org.br\/noticias\/papa-viagem-ao-canada-nova-pagina-do-caminho-da-igreja-com-os-povos-indigenas.html\"]}]},{\"@type\":\"BreadcrumbList\",\"@id\":\"https:\/\/franciscanos.org.br\/noticias\/papa-viagem-ao-canada-nova-pagina-do-caminho-da-igreja-com-os-povos-indigenas.html#breadcrumb\",\"itemListElement\":[{\"@type\":\"ListItem\",\"position\":1,\"name\":\"Home\",\"item\":\"https:\/\/franciscanos.org.br\/noticias\"},{\"@type\":\"ListItem\",\"position\":2,\"name\":\"Papa: viagem ao Canad\u00e1, nova p\u00e1gina do caminho da Igreja com os povos ind\u00edgenas\"}]},{\"@type\":\"Person\",\"@id\":\"https:\/\/franciscanos.org.br\/noticias\/#\/schema\/person\/b38fbf43118f02820bd932f2e4b14ad3\",\"name\":\"admin\",\"image\":{\"@type\":\"ImageObject\",\"inLanguage\":\"pt-BR\",\"@id\":\"https:\/\/franciscanos.org.br\/noticias\/#\/schema\/person\/image\/\",\"url\":\"https:\/\/secure.gravatar.com\/avatar\/e8495742d34d0ba6448ea1c628263b3e?s=96&d=mm&r=g\",\"contentUrl\":\"https:\/\/secure.gravatar.com\/avatar\/e8495742d34d0ba6448ea1c628263b3e?s=96&d=mm&r=g\",\"caption\":\"admin\"},\"url\":\"https:\/\/franciscanos.org.br\/noticias\/author\/admin\"}]}<\/script>\n<!-- \/ Yoast SEO plugin. -->","yoast_head_json":{"title":"Papa: viagem ao Canad\u00e1, nova p\u00e1gina do caminho da Igreja com os povos ind\u00edgenas - Not\u00edcias - Franciscanos","robots":{"index":"index","follow":"follow","max-snippet":"max-snippet:-1","max-image-preview":"max-image-preview:large","max-video-preview":"max-video-preview:-1"},"canonical":"https:\/\/franciscanos.org.br\/noticias\/papa-viagem-ao-canada-nova-pagina-do-caminho-da-igreja-com-os-povos-indigenas.html","og_locale":"pt_BR","og_type":"article","og_title":"Papa: viagem ao Canad\u00e1, nova p\u00e1gina do caminho da Igreja com os povos ind\u00edgenas - Not\u00edcias - Franciscanos","og_description":"Audi\u00eancia Geral","og_url":"https:\/\/franciscanos.org.br\/noticias\/papa-viagem-ao-canada-nova-pagina-do-caminho-da-igreja-com-os-povos-indigenas.html","og_site_name":"Not\u00edcias - Franciscanos","article_published_time":"2022-08-03T11:08:21+00:00","og_image":[{"width":800,"height":550,"url":"https:\/\/franciscanos.org.br\/noticias\/wp-content\/uploads\/2022\/08\/2022-08-03_audiencia-papad.png","type":"image\/png"}],"author":"admin","twitter_card":"summary_large_image","twitter_misc":{"Escrito por":"admin","Est. tempo de leitura":"4 minutos"},"schema":{"@context":"https:\/\/schema.org","@graph":[{"@type":"WebSite","@id":"https:\/\/franciscanos.org.br\/noticias\/#website","url":"https:\/\/franciscanos.org.br\/noticias\/","name":"Not\u00edcias - Franciscanos","description":"Prov\u00edncia Franciscana da Imaculada Concei\u00e7\u00e3o do Brasil - Ordem dos Frades Menores - OFM","potentialAction":[{"@type":"SearchAction","target":{"@type":"EntryPoint","urlTemplate":"https:\/\/franciscanos.org.br\/noticias\/?s={search_term_string}"},"query-input":"required name=search_term_string"}],"inLanguage":"pt-BR"},{"@type":"ImageObject","inLanguage":"pt-BR","@id":"https:\/\/franciscanos.org.br\/noticias\/papa-viagem-ao-canada-nova-pagina-do-caminho-da-igreja-com-os-povos-indigenas.html#primaryimage","url":"https:\/\/franciscanos.org.br\/noticias\/wp-content\/uploads\/2022\/08\/2022-08-03_audiencia-papad.png","contentUrl":"https:\/\/franciscanos.org.br\/noticias\/wp-content\/uploads\/2022\/08\/2022-08-03_audiencia-papad.png","width":800,"height":550},{"@type":"WebPage","@id":"https:\/\/franciscanos.org.br\/noticias\/papa-viagem-ao-canada-nova-pagina-do-caminho-da-igreja-com-os-povos-indigenas.html#webpage","url":"https:\/\/franciscanos.org.br\/noticias\/papa-viagem-ao-canada-nova-pagina-do-caminho-da-igreja-com-os-povos-indigenas.html","name":"Papa: viagem ao Canad\u00e1, nova p\u00e1gina do caminho da Igreja com os povos ind\u00edgenas - Not\u00edcias - Franciscanos","isPartOf":{"@id":"https:\/\/franciscanos.org.br\/noticias\/#website"},"primaryImageOfPage":{"@id":"https:\/\/franciscanos.org.br\/noticias\/papa-viagem-ao-canada-nova-pagina-do-caminho-da-igreja-com-os-povos-indigenas.html#primaryimage"},"datePublished":"2022-08-03T11:08:21+00:00","dateModified":"2022-08-03T11:08:21+00:00","author":{"@id":"https:\/\/franciscanos.org.br\/noticias\/#\/schema\/person\/b38fbf43118f02820bd932f2e4b14ad3"},"breadcrumb":{"@id":"https:\/\/franciscanos.org.br\/noticias\/papa-viagem-ao-canada-nova-pagina-do-caminho-da-igreja-com-os-povos-indigenas.html#breadcrumb"},"inLanguage":"pt-BR","potentialAction":[{"@type":"ReadAction","target":["https:\/\/franciscanos.org.br\/noticias\/papa-viagem-ao-canada-nova-pagina-do-caminho-da-igreja-com-os-povos-indigenas.html"]}]},{"@type":"BreadcrumbList","@id":"https:\/\/franciscanos.org.br\/noticias\/papa-viagem-ao-canada-nova-pagina-do-caminho-da-igreja-com-os-povos-indigenas.html#breadcrumb","itemListElement":[{"@type":"ListItem","position":1,"name":"Home","item":"https:\/\/franciscanos.org.br\/noticias"},{"@type":"ListItem","position":2,"name":"Papa: viagem ao Canad\u00e1, nova p\u00e1gina do caminho da Igreja com os povos ind\u00edgenas"}]},{"@type":"Person","@id":"https:\/\/franciscanos.org.br\/noticias\/#\/schema\/person\/b38fbf43118f02820bd932f2e4b14ad3","name":"admin","image":{"@type":"ImageObject","inLanguage":"pt-BR","@id":"https:\/\/franciscanos.org.br\/noticias\/#\/schema\/person\/image\/","url":"https:\/\/secure.gravatar.com\/avatar\/e8495742d34d0ba6448ea1c628263b3e?s=96&d=mm&r=g","contentUrl":"https:\/\/secure.gravatar.com\/avatar\/e8495742d34d0ba6448ea1c628263b3e?s=96&d=mm&r=g","caption":"admin"},"url":"https:\/\/franciscanos.org.br\/noticias\/author\/admin"}]}},"_links":{"self":[{"href":"https:\/\/franciscanos.org.br\/noticias\/wp-json\/wp\/v2\/posts\/239175"}],"collection":[{"href":"https:\/\/franciscanos.org.br\/noticias\/wp-json\/wp\/v2\/posts"}],"about":[{"href":"https:\/\/franciscanos.org.br\/noticias\/wp-json\/wp\/v2\/types\/post"}],"author":[{"embeddable":true,"href":"https:\/\/franciscanos.org.br\/noticias\/wp-json\/wp\/v2\/users\/1"}],"replies":[{"embeddable":true,"href":"https:\/\/franciscanos.org.br\/noticias\/wp-json\/wp\/v2\/comments?post=239175"}],"version-history":[{"count":1,"href":"https:\/\/franciscanos.org.br\/noticias\/wp-json\/wp\/v2\/posts\/239175\/revisions"}],"predecessor-version":[{"id":239178,"href":"https:\/\/franciscanos.org.br\/noticias\/wp-json\/wp\/v2\/posts\/239175\/revisions\/239178"}],"wp:featuredmedia":[{"embeddable":true,"href":"https:\/\/franciscanos.org.br\/noticias\/wp-json\/wp\/v2\/media\/239177"}],"wp:attachment":[{"href":"https:\/\/franciscanos.org.br\/noticias\/wp-json\/wp\/v2\/media?parent=239175"}],"wp:term":[{"taxonomy":"category","embeddable":true,"href":"https:\/\/franciscanos.org.br\/noticias\/wp-json\/wp\/v2\/categories?post=239175"},{"taxonomy":"post_tag","embeddable":true,"href":"https:\/\/franciscanos.org.br\/noticias\/wp-json\/wp\/v2\/tags?post=239175"}],"curies":[{"name":"wp","href":"https:\/\/api.w.org\/{rel}","templated":true}]}}