{"id":239145,"date":"2022-08-01T14:52:29","date_gmt":"2022-08-01T17:52:29","guid":{"rendered":"https:\/\/franciscanos.org.br\/noticias\/?p=239145"},"modified":"2022-08-11T09:18:52","modified_gmt":"2022-08-11T12:18:52","slug":"comeca-o-mes-clariano-a-vida-no-mosteiro-desafia-nosso-tempo","status":"publish","type":"post","link":"https:\/\/franciscanos.org.br\/noticias\/comeca-o-mes-clariano-a-vida-no-mosteiro-desafia-nosso-tempo.html","title":{"rendered":"Come\u00e7a o m\u00eas clariano: A vida no mosteiro desafia nosso tempo!"},"content":{"rendered":"<p><img loading=\"lazy\" class=\"alignnone wp-image-239146 size-full\" src=\"https:\/\/franciscanos.org.br\/noticias\/wp-content\/uploads\/2022\/08\/clara_010822_1.jpg\" alt=\"\" width=\"1280\" height=\"720\" srcset=\"https:\/\/franciscanos.org.br\/noticias\/wp-content\/uploads\/2022\/08\/clara_010822_1.jpg 1280w, https:\/\/franciscanos.org.br\/noticias\/wp-content\/uploads\/2022\/08\/clara_010822_1-450x253.jpg 450w, https:\/\/franciscanos.org.br\/noticias\/wp-content\/uploads\/2022\/08\/clara_010822_1-1024x576.jpg 1024w, https:\/\/franciscanos.org.br\/noticias\/wp-content\/uploads\/2022\/08\/clara_010822_1-768x432.jpg 768w, https:\/\/franciscanos.org.br\/noticias\/wp-content\/uploads\/2022\/08\/clara_010822_1-150x84.jpg 150w\" sizes=\"(max-width: 1280px) 100vw, 1280px\" \/><\/p>\n<p style=\"font-weight: 400;\">Come\u00e7a o m\u00eas clariano! At\u00e9 dia 11 de agosto \u00e9 tempo de falar de uma mulher forte, destemida, determinada e corajosa: Santa Clara de Assis. De \u2018plantinha\u2019 s\u00f3 leva o carinho dos frades, especialmente de quem a denominou assim, S\u00e3o Francisco de Assis! Clara clareou o mundo com sua vida e de sua inspirada voca\u00e7\u00e3o nasceu o que hoje conhecemos como as Irm\u00e3s Clarissas, que fazem parte da segunda Ordem fundada por Francisco de Assis.<\/p>\n<p style=\"font-weight: 400;\">As Clarissas s\u00e3o irm\u00e3s contemplativas e vivem em clausura. Essas mulheres precisam ser fortes e corajosas para encarar um mosteiro e um estilo de vida que desafia o nosso tempo, sem d\u00favida. O tempo que para elas \u00e9 marcado pela ora\u00e7\u00e3o das horas can\u00f4nicas. A forma de vida \u00e9 simples, muito simples. No entanto, basta um dedinho de prosa para entendermos que a provid\u00eancia divina n\u00e3o falha e nunca falhou. Vivem de doa\u00e7\u00f5es e atrav\u00e9s de trabalhos que com muito zelo, criatividade e ousadia desempenham. Mas acima de tudo, vivem com muito alegria e desprendimento.<\/p>\n<p style=\"font-weight: 400;\">Com autoriza\u00e7\u00e3o da irm\u00e3 abadessa, tivemos a gra\u00e7a de acompanhar a rotina interna durante um dia das irm\u00e3s. Ao perguntarmos sobre o dia a dia, as pr\u00f3prias irm\u00e3s explicam sorrindo que n\u00e3o existe um dia igual o outro. Com especial dedica\u00e7\u00e3o \u00e0 vida de ora\u00e7\u00e3o, aos trabalhos manuais e \u00e0 conviv\u00eancia fraterna, as Clarissas colocam-se no caminho de contemplar a presen\u00e7a e a a\u00e7\u00e3o de Deus em todos os momentos do dia e em tudo o que fazem.<\/p>\n<p><img loading=\"lazy\" class=\"alignnone wp-image-239152 size-full\" src=\"https:\/\/franciscanos.org.br\/noticias\/wp-content\/uploads\/2022\/08\/clara_010822_4.jpg\" alt=\"\" width=\"1280\" height=\"720\" srcset=\"https:\/\/franciscanos.org.br\/noticias\/wp-content\/uploads\/2022\/08\/clara_010822_4.jpg 1280w, https:\/\/franciscanos.org.br\/noticias\/wp-content\/uploads\/2022\/08\/clara_010822_4-450x253.jpg 450w, https:\/\/franciscanos.org.br\/noticias\/wp-content\/uploads\/2022\/08\/clara_010822_4-1024x576.jpg 1024w, https:\/\/franciscanos.org.br\/noticias\/wp-content\/uploads\/2022\/08\/clara_010822_4-768x432.jpg 768w, https:\/\/franciscanos.org.br\/noticias\/wp-content\/uploads\/2022\/08\/clara_010822_4-150x84.jpg 150w\" sizes=\"(max-width: 1280px) 100vw, 1280px\" \/><\/p>\n<p style=\"font-weight: 400;\">\u00c9 claro que Clara, quando jovem, animada pelo exemplo do tamb\u00e9m ainda jovem Francisco, largou tudo e queria seguir pelo mundo, servindo aos pobres de Deus, pregando, vivendo sua consagra\u00e7\u00e3o. Mas, na \u00e9poca medieval em que ela vivia, para uma mulher isso n\u00e3o era poss\u00edvel. Clara, percebe ent\u00e3o que a clausura \u00e9 uma forma de se consagrar plenamente ao servi\u00e7o de Deus. As grades dos mosteiros em hip\u00f3tese alguma prenderam Clara, bem como n\u00e3o limitam as Irm\u00e3s Clarissas hoje. A clausura representa a entrega total a Deus, n\u00e3o afastam o povo, n\u00e3o separam ou distanciam, mas s\u00e3o um emblema de amor, dedica\u00e7\u00e3o e entrega total.<\/p>\n<p style=\"font-weight: 400;\">Clara foi uma mulher que escrevia. Al\u00e9m de tantas coisas nas quais Clara foi protagonista em seu tempo, \u00e9 ainda uma das pouqu\u00edssimas mulheres medievais que deixou escritos! Al\u00e9m da Regra de Vida das Clarissas, Clara foi a primeira mulher a escrever e ter reconhecida uma Regra de Vida! Conservam-se cinco cartas que ela escreveu a irm\u00e3s de outros mosteiros, o seu Testamento espiritual, e uma b\u00ean\u00e7\u00e3o que ela dirige a todas as irm\u00e3s.<\/p>\n<p><img loading=\"lazy\" class=\"alignnone wp-image-239147 size-full\" src=\"https:\/\/franciscanos.org.br\/noticias\/wp-content\/uploads\/2022\/08\/clara_010822_2.jpg\" alt=\"\" width=\"1280\" height=\"720\" srcset=\"https:\/\/franciscanos.org.br\/noticias\/wp-content\/uploads\/2022\/08\/clara_010822_2.jpg 1280w, https:\/\/franciscanos.org.br\/noticias\/wp-content\/uploads\/2022\/08\/clara_010822_2-450x253.jpg 450w, https:\/\/franciscanos.org.br\/noticias\/wp-content\/uploads\/2022\/08\/clara_010822_2-1024x576.jpg 1024w, https:\/\/franciscanos.org.br\/noticias\/wp-content\/uploads\/2022\/08\/clara_010822_2-768x432.jpg 768w, https:\/\/franciscanos.org.br\/noticias\/wp-content\/uploads\/2022\/08\/clara_010822_2-150x84.jpg 150w\" sizes=\"(max-width: 1280px) 100vw, 1280px\" \/><\/p>\n<p style=\"font-weight: 400;\">E hoje, 800 anos depois, as irm\u00e3s vivem exatamente como sua fundadora pediu e orientou na Regra. No Mosteiro de Nossa Senhora dos Anjos, do Rio de Janeiro, n\u00e3o \u00e9 diferente. Ao chegar no p\u00e9 da montanha da G\u00e1vea, cercada de \u00e1rvores, as Irm\u00e3s certamente t\u00eam o privil\u00e9gio de atrav\u00e9s da medita\u00e7\u00e3o conversar com Deus. Sobem as escadarias do mosteiro entoando a ladainha e recitando ora\u00e7\u00f5es. Em todo tempo, \u00e9 tempo de rezar, de agradecer e de interceder pelas in\u00fameras inten\u00e7\u00f5es que at\u00e9 elas chegam.<\/p>\n<p style=\"font-weight: 400;\">O mosteiro hoje tem mais de 90 anos. Atualmente conta com mais de 20 irm\u00e3s. Todas, ainda ativas, dividem seu tempo entre ora\u00e7\u00e3o e trabalho. Chamo aten\u00e7\u00e3o para a adora\u00e7\u00e3o ao Sant\u00edssimo realizado pelas religiosas dia e noite, permanentemente. As Irm\u00e3s da G\u00e1vea confeccionam imagens e ros\u00e1rios, decoram velas e c\u00edrios pascais, costuram alfaias, confeccionam cart\u00f5es de batizados e bodas de primeira eucaristia, trabalham com a terra e desempenham todos os servi\u00e7os dom\u00e9sticos.<\/p>\n<p><img loading=\"lazy\" class=\"alignnone wp-image-239153 size-full\" src=\"https:\/\/franciscanos.org.br\/noticias\/wp-content\/uploads\/2022\/08\/clara_010822_3.jpg\" alt=\"\" width=\"1280\" height=\"720\" srcset=\"https:\/\/franciscanos.org.br\/noticias\/wp-content\/uploads\/2022\/08\/clara_010822_3.jpg 1280w, https:\/\/franciscanos.org.br\/noticias\/wp-content\/uploads\/2022\/08\/clara_010822_3-450x253.jpg 450w, https:\/\/franciscanos.org.br\/noticias\/wp-content\/uploads\/2022\/08\/clara_010822_3-1024x576.jpg 1024w, https:\/\/franciscanos.org.br\/noticias\/wp-content\/uploads\/2022\/08\/clara_010822_3-768x432.jpg 768w, https:\/\/franciscanos.org.br\/noticias\/wp-content\/uploads\/2022\/08\/clara_010822_3-150x84.jpg 150w\" sizes=\"(max-width: 1280px) 100vw, 1280px\" \/><\/p>\n<p style=\"font-weight: 400;\">O Mosteiro da G\u00e1vea conta com o aux\u00edlio de tr\u00eas irm\u00e3s externas que se revezam nos trabalhos de atendimento na portaria e na ajuda das irm\u00e3s do convento. Elas s\u00e3o como que a ponte entre as irm\u00e3s que vivem em clausura e os apelos do mundo. Neste sentido, no rito da profiss\u00e3o perp\u00e9tua as irm\u00e3s externas n\u00e3o fazem o voto de clausura. \u00c9 uma op\u00e7\u00e3o de servir a fraternidade de outra forma, mas com o mesmo esp\u00edrito: viver o Evangelho de Jesus Cristo, sob inspira\u00e7\u00e3o de Santa Clara de Assis e do carisma franciscano.<\/p>\n<p style=\"font-weight: 400;\">De fato, a vida no mosteiro desafio o nosso tempo marcado pelo imediatismo. Essas mulheres s\u00e3o hoje sal na terra e luz do mundo e tem muito a nos ensinar com suas vidas e profetismo, mesmo enclausuradas. Por isso, a Tv Franciscanos de nossa Prov\u00edncia da Imaculada Concei\u00e7\u00e3o do Brasil, em parceira com o Convento Santo Ant\u00f4nio do Rio de Janeiro e o Mosteiro da G\u00e1vea apresentam a III edi\u00e7\u00e3o da s\u00e9rie \u201cClara por Claras\u201d. O t\u00edtulo por si s\u00f3 j\u00e1 revela o objetivo deste especial que desde 2018 com a primeira edi\u00e7\u00e3o realizada com o Mosteiro de Nazar\u00e9 de Lages e depois em 2020 em com o Mosteiro Santa Clara de Nova Igua\u00e7u, quer apresentar. Est\u00e1 \u00e9 mais uma rica oportunidade de juntos celebrarmos as festividades pelo dia de nossa m\u00e3e Santa Clara de Assis e de vivermos este tempo clariano. Acompanhe. Paz e Bem!<\/p>\n<p style=\"text-align: center;\"><strong>VEJA O V\u00cdDEO DE APRESENTA\u00c7\u00c3O<\/strong><\/p>\n<p><iframe loading=\"lazy\" title=\"YouTube video player\" src=\"https:\/\/www.youtube.com\/embed\/eIzzs3cGamk\" width=\"100%\" height=\"480\" frameborder=\"0\" allowfullscreen=\"allowfullscreen\"><span data-mce-type=\"bookmark\" style=\"display: inline-block; width: 0px; overflow: hidden; line-height: 0;\" class=\"mce_SELRES_start\">\ufeff<\/span><\/iframe><\/p>\n<p><iframe loading=\"lazy\" width=\"100%\" height=\"480\" src=\"https:\/\/www.youtube.com\/embed\/uDGqAQO3dQE\" title=\"YouTube video player\" frameborder=\"0\" allow=\"accelerometer; autoplay; clipboard-write; encrypted-media; gyroscope; picture-in-picture\" allowfullscreen><\/iframe><\/p>\n<p><iframe loading=\"lazy\" width=\"100%\" height=\"480\" src=\"https:\/\/www.youtube.com\/embed\/Sc9mIfL1Y6g\" title=\"YouTube video player\" frameborder=\"0\" allow=\"accelerometer; autoplay; clipboard-write; encrypted-media; gyroscope; picture-in-picture\" allowfullscreen><\/iframe><\/p>\n<p><iframe loading=\"lazy\" width=\"100%\" height=\"480\" src=\"https:\/\/www.youtube.com\/embed\/-VabHD7LlPw\" title=\"YouTube video player\" frameborder=\"0\" allow=\"accelerometer; autoplay; clipboard-write; encrypted-media; gyroscope; picture-in-picture\" allowfullscreen><\/iframe><\/p>\n<p><iframe loading=\"lazy\" width=\"100%\" height=\"480\" src=\"https:\/\/www.youtube.com\/embed\/aVkqidOhbVI\" title=\"YouTube video player\" frameborder=\"0\" allow=\"accelerometer; autoplay; clipboard-write; encrypted-media; gyroscope; picture-in-picture\" allowfullscreen><\/iframe><\/p>\n<p><iframe loading=\"lazy\" width=\"100%\" height=\"480\" src=\"https:\/\/www.youtube.com\/embed\/t-UdLnm8h30\" title=\"YouTube video player\" frameborder=\"0\" allow=\"accelerometer; autoplay; clipboard-write; encrypted-media; gyroscope; picture-in-picture\" allowfullscreen><\/iframe><\/p>\n<p><iframe loading=\"lazy\" width=\"100%\" height=\"480\" src=\"https:\/\/www.youtube.com\/embed\/2ufC0f-Mf2k\" title=\"YouTube video player\" frameborder=\"0\" allow=\"accelerometer; autoplay; clipboard-write; encrypted-media; gyroscope; picture-in-picture\" allowfullscreen><\/iframe><\/p>\n<p><iframe loading=\"lazy\" width=\"100%\" height=\"480\" src=\"https:\/\/www.youtube.com\/embed\/9U-zCy5zWAQ\" title=\"YouTube video player\" frameborder=\"0\" allow=\"accelerometer; autoplay; clipboard-write; encrypted-media; gyroscope; picture-in-picture\" allowfullscreen><\/iframe><\/p>\n<hr \/>\n<p style=\"font-weight: 400;\"><em>Frei Augusto Luiz Gabriel<\/em><\/p>\n","protected":false},"excerpt":{"rendered":"<p>III edi\u00e7\u00e3o da s\u00e9rie \u201cClara por Claras\u201d<\/p>\n","protected":false},"author":3,"featured_media":239146,"comment_status":"open","ping_status":"open","sticky":false,"template":"","format":"standard","meta":[],"categories":[1],"tags":[2046,1183,1263,257],"acf":[],"yoast_head":"<!-- This site is optimized with the Yoast SEO plugin v19.2 - https:\/\/yoast.com\/wordpress\/plugins\/seo\/ -->\n<title>Come\u00e7a o m\u00eas clariano: A vida no mosteiro desafia nosso tempo! - Not\u00edcias - Franciscanos<\/title>\n<meta name=\"robots\" content=\"index, follow, max-snippet:-1, max-image-preview:large, max-video-preview:-1\" \/>\n<link rel=\"canonical\" href=\"https:\/\/franciscanos.org.br\/noticias\/comeca-o-mes-clariano-a-vida-no-mosteiro-desafia-nosso-tempo.html\" \/>\n<meta property=\"og:locale\" content=\"pt_BR\" \/>\n<meta property=\"og:type\" content=\"article\" \/>\n<meta property=\"og:title\" content=\"Come\u00e7a o m\u00eas clariano: A vida no mosteiro desafia nosso tempo! - Not\u00edcias - Franciscanos\" \/>\n<meta property=\"og:description\" content=\"III edi\u00e7\u00e3o da s\u00e9rie \u201cClara por Claras\u201d\" \/>\n<meta property=\"og:url\" content=\"https:\/\/franciscanos.org.br\/noticias\/comeca-o-mes-clariano-a-vida-no-mosteiro-desafia-nosso-tempo.html\" \/>\n<meta property=\"og:site_name\" content=\"Not\u00edcias - Franciscanos\" \/>\n<meta property=\"article:published_time\" content=\"2022-08-01T17:52:29+00:00\" \/>\n<meta property=\"article:modified_time\" content=\"2022-08-11T12:18:52+00:00\" \/>\n<meta property=\"og:image\" content=\"https:\/\/franciscanos.org.br\/noticias\/wp-content\/uploads\/2022\/08\/clara_010822_1.jpg\" \/>\n\t<meta property=\"og:image:width\" content=\"1280\" \/>\n\t<meta property=\"og:image:height\" content=\"720\" \/>\n\t<meta property=\"og:image:type\" content=\"image\/jpeg\" \/>\n<meta name=\"author\" content=\"moacir\" \/>\n<meta name=\"twitter:card\" content=\"summary_large_image\" \/>\n<meta name=\"twitter:label1\" content=\"Escrito por\" \/>\n\t<meta name=\"twitter:data1\" content=\"moacir\" \/>\n\t<meta name=\"twitter:label2\" content=\"Est. tempo de leitura\" \/>\n\t<meta name=\"twitter:data2\" content=\"5 minutos\" \/>\n<script type=\"application\/ld+json\" class=\"yoast-schema-graph\">{\"@context\":\"https:\/\/schema.org\",\"@graph\":[{\"@type\":\"WebSite\",\"@id\":\"https:\/\/franciscanos.org.br\/noticias\/#website\",\"url\":\"https:\/\/franciscanos.org.br\/noticias\/\",\"name\":\"Not\u00edcias - Franciscanos\",\"description\":\"Prov\u00edncia Franciscana da Imaculada Concei\u00e7\u00e3o do Brasil - Ordem dos Frades Menores - OFM\",\"potentialAction\":[{\"@type\":\"SearchAction\",\"target\":{\"@type\":\"EntryPoint\",\"urlTemplate\":\"https:\/\/franciscanos.org.br\/noticias\/?s={search_term_string}\"},\"query-input\":\"required name=search_term_string\"}],\"inLanguage\":\"pt-BR\"},{\"@type\":\"ImageObject\",\"inLanguage\":\"pt-BR\",\"@id\":\"https:\/\/franciscanos.org.br\/noticias\/comeca-o-mes-clariano-a-vida-no-mosteiro-desafia-nosso-tempo.html#primaryimage\",\"url\":\"https:\/\/franciscanos.org.br\/noticias\/wp-content\/uploads\/2022\/08\/clara_010822_1.jpg\",\"contentUrl\":\"https:\/\/franciscanos.org.br\/noticias\/wp-content\/uploads\/2022\/08\/clara_010822_1.jpg\",\"width\":1280,\"height\":720},{\"@type\":\"WebPage\",\"@id\":\"https:\/\/franciscanos.org.br\/noticias\/comeca-o-mes-clariano-a-vida-no-mosteiro-desafia-nosso-tempo.html#webpage\",\"url\":\"https:\/\/franciscanos.org.br\/noticias\/comeca-o-mes-clariano-a-vida-no-mosteiro-desafia-nosso-tempo.html\",\"name\":\"Come\u00e7a o m\u00eas clariano: A vida no mosteiro desafia nosso tempo! - Not\u00edcias - Franciscanos\",\"isPartOf\":{\"@id\":\"https:\/\/franciscanos.org.br\/noticias\/#website\"},\"primaryImageOfPage\":{\"@id\":\"https:\/\/franciscanos.org.br\/noticias\/comeca-o-mes-clariano-a-vida-no-mosteiro-desafia-nosso-tempo.html#primaryimage\"},\"datePublished\":\"2022-08-01T17:52:29+00:00\",\"dateModified\":\"2022-08-11T12:18:52+00:00\",\"author\":{\"@id\":\"https:\/\/franciscanos.org.br\/noticias\/#\/schema\/person\/b5c8cba458c330ccff548b056e95a5d4\"},\"breadcrumb\":{\"@id\":\"https:\/\/franciscanos.org.br\/noticias\/comeca-o-mes-clariano-a-vida-no-mosteiro-desafia-nosso-tempo.html#breadcrumb\"},\"inLanguage\":\"pt-BR\",\"potentialAction\":[{\"@type\":\"ReadAction\",\"target\":[\"https:\/\/franciscanos.org.br\/noticias\/comeca-o-mes-clariano-a-vida-no-mosteiro-desafia-nosso-tempo.html\"]}]},{\"@type\":\"BreadcrumbList\",\"@id\":\"https:\/\/franciscanos.org.br\/noticias\/comeca-o-mes-clariano-a-vida-no-mosteiro-desafia-nosso-tempo.html#breadcrumb\",\"itemListElement\":[{\"@type\":\"ListItem\",\"position\":1,\"name\":\"Home\",\"item\":\"https:\/\/franciscanos.org.br\/noticias\"},{\"@type\":\"ListItem\",\"position\":2,\"name\":\"Come\u00e7a o m\u00eas clariano: A vida no mosteiro desafia nosso tempo!\"}]},{\"@type\":\"Person\",\"@id\":\"https:\/\/franciscanos.org.br\/noticias\/#\/schema\/person\/b5c8cba458c330ccff548b056e95a5d4\",\"name\":\"moacir\",\"image\":{\"@type\":\"ImageObject\",\"inLanguage\":\"pt-BR\",\"@id\":\"https:\/\/franciscanos.org.br\/noticias\/#\/schema\/person\/image\/\",\"url\":\"https:\/\/secure.gravatar.com\/avatar\/d08aa2ce4c8dd416d4479aa8536fcf64?s=96&d=mm&r=g\",\"contentUrl\":\"https:\/\/secure.gravatar.com\/avatar\/d08aa2ce4c8dd416d4479aa8536fcf64?s=96&d=mm&r=g\",\"caption\":\"moacir\"},\"url\":\"https:\/\/franciscanos.org.br\/noticias\/author\/moacir\"}]}<\/script>\n<!-- \/ Yoast SEO plugin. -->","yoast_head_json":{"title":"Come\u00e7a o m\u00eas clariano: A vida no mosteiro desafia nosso tempo! - Not\u00edcias - Franciscanos","robots":{"index":"index","follow":"follow","max-snippet":"max-snippet:-1","max-image-preview":"max-image-preview:large","max-video-preview":"max-video-preview:-1"},"canonical":"https:\/\/franciscanos.org.br\/noticias\/comeca-o-mes-clariano-a-vida-no-mosteiro-desafia-nosso-tempo.html","og_locale":"pt_BR","og_type":"article","og_title":"Come\u00e7a o m\u00eas clariano: A vida no mosteiro desafia nosso tempo! - Not\u00edcias - Franciscanos","og_description":"III edi\u00e7\u00e3o da s\u00e9rie \u201cClara por Claras\u201d","og_url":"https:\/\/franciscanos.org.br\/noticias\/comeca-o-mes-clariano-a-vida-no-mosteiro-desafia-nosso-tempo.html","og_site_name":"Not\u00edcias - Franciscanos","article_published_time":"2022-08-01T17:52:29+00:00","article_modified_time":"2022-08-11T12:18:52+00:00","og_image":[{"width":1280,"height":720,"url":"https:\/\/franciscanos.org.br\/noticias\/wp-content\/uploads\/2022\/08\/clara_010822_1.jpg","type":"image\/jpeg"}],"author":"moacir","twitter_card":"summary_large_image","twitter_misc":{"Escrito por":"moacir","Est. tempo de leitura":"5 minutos"},"schema":{"@context":"https:\/\/schema.org","@graph":[{"@type":"WebSite","@id":"https:\/\/franciscanos.org.br\/noticias\/#website","url":"https:\/\/franciscanos.org.br\/noticias\/","name":"Not\u00edcias - Franciscanos","description":"Prov\u00edncia Franciscana da Imaculada Concei\u00e7\u00e3o do Brasil - Ordem dos Frades Menores - OFM","potentialAction":[{"@type":"SearchAction","target":{"@type":"EntryPoint","urlTemplate":"https:\/\/franciscanos.org.br\/noticias\/?s={search_term_string}"},"query-input":"required name=search_term_string"}],"inLanguage":"pt-BR"},{"@type":"ImageObject","inLanguage":"pt-BR","@id":"https:\/\/franciscanos.org.br\/noticias\/comeca-o-mes-clariano-a-vida-no-mosteiro-desafia-nosso-tempo.html#primaryimage","url":"https:\/\/franciscanos.org.br\/noticias\/wp-content\/uploads\/2022\/08\/clara_010822_1.jpg","contentUrl":"https:\/\/franciscanos.org.br\/noticias\/wp-content\/uploads\/2022\/08\/clara_010822_1.jpg","width":1280,"height":720},{"@type":"WebPage","@id":"https:\/\/franciscanos.org.br\/noticias\/comeca-o-mes-clariano-a-vida-no-mosteiro-desafia-nosso-tempo.html#webpage","url":"https:\/\/franciscanos.org.br\/noticias\/comeca-o-mes-clariano-a-vida-no-mosteiro-desafia-nosso-tempo.html","name":"Come\u00e7a o m\u00eas clariano: A vida no mosteiro desafia nosso tempo! - Not\u00edcias - Franciscanos","isPartOf":{"@id":"https:\/\/franciscanos.org.br\/noticias\/#website"},"primaryImageOfPage":{"@id":"https:\/\/franciscanos.org.br\/noticias\/comeca-o-mes-clariano-a-vida-no-mosteiro-desafia-nosso-tempo.html#primaryimage"},"datePublished":"2022-08-01T17:52:29+00:00","dateModified":"2022-08-11T12:18:52+00:00","author":{"@id":"https:\/\/franciscanos.org.br\/noticias\/#\/schema\/person\/b5c8cba458c330ccff548b056e95a5d4"},"breadcrumb":{"@id":"https:\/\/franciscanos.org.br\/noticias\/comeca-o-mes-clariano-a-vida-no-mosteiro-desafia-nosso-tempo.html#breadcrumb"},"inLanguage":"pt-BR","potentialAction":[{"@type":"ReadAction","target":["https:\/\/franciscanos.org.br\/noticias\/comeca-o-mes-clariano-a-vida-no-mosteiro-desafia-nosso-tempo.html"]}]},{"@type":"BreadcrumbList","@id":"https:\/\/franciscanos.org.br\/noticias\/comeca-o-mes-clariano-a-vida-no-mosteiro-desafia-nosso-tempo.html#breadcrumb","itemListElement":[{"@type":"ListItem","position":1,"name":"Home","item":"https:\/\/franciscanos.org.br\/noticias"},{"@type":"ListItem","position":2,"name":"Come\u00e7a o m\u00eas clariano: A vida no mosteiro desafia nosso tempo!"}]},{"@type":"Person","@id":"https:\/\/franciscanos.org.br\/noticias\/#\/schema\/person\/b5c8cba458c330ccff548b056e95a5d4","name":"moacir","image":{"@type":"ImageObject","inLanguage":"pt-BR","@id":"https:\/\/franciscanos.org.br\/noticias\/#\/schema\/person\/image\/","url":"https:\/\/secure.gravatar.com\/avatar\/d08aa2ce4c8dd416d4479aa8536fcf64?s=96&d=mm&r=g","contentUrl":"https:\/\/secure.gravatar.com\/avatar\/d08aa2ce4c8dd416d4479aa8536fcf64?s=96&d=mm&r=g","caption":"moacir"},"url":"https:\/\/franciscanos.org.br\/noticias\/author\/moacir"}]}},"_links":{"self":[{"href":"https:\/\/franciscanos.org.br\/noticias\/wp-json\/wp\/v2\/posts\/239145"}],"collection":[{"href":"https:\/\/franciscanos.org.br\/noticias\/wp-json\/wp\/v2\/posts"}],"about":[{"href":"https:\/\/franciscanos.org.br\/noticias\/wp-json\/wp\/v2\/types\/post"}],"author":[{"embeddable":true,"href":"https:\/\/franciscanos.org.br\/noticias\/wp-json\/wp\/v2\/users\/3"}],"replies":[{"embeddable":true,"href":"https:\/\/franciscanos.org.br\/noticias\/wp-json\/wp\/v2\/comments?post=239145"}],"version-history":[{"count":14,"href":"https:\/\/franciscanos.org.br\/noticias\/wp-json\/wp\/v2\/posts\/239145\/revisions"}],"predecessor-version":[{"id":239218,"href":"https:\/\/franciscanos.org.br\/noticias\/wp-json\/wp\/v2\/posts\/239145\/revisions\/239218"}],"wp:featuredmedia":[{"embeddable":true,"href":"https:\/\/franciscanos.org.br\/noticias\/wp-json\/wp\/v2\/media\/239146"}],"wp:attachment":[{"href":"https:\/\/franciscanos.org.br\/noticias\/wp-json\/wp\/v2\/media?parent=239145"}],"wp:term":[{"taxonomy":"category","embeddable":true,"href":"https:\/\/franciscanos.org.br\/noticias\/wp-json\/wp\/v2\/categories?post=239145"},{"taxonomy":"post_tag","embeddable":true,"href":"https:\/\/franciscanos.org.br\/noticias\/wp-json\/wp\/v2\/tags?post=239145"}],"curies":[{"name":"wp","href":"https:\/\/api.w.org\/{rel}","templated":true}]}}