{"id":239100,"date":"2022-07-27T18:24:53","date_gmt":"2022-07-27T21:24:53","guid":{"rendered":"https:\/\/franciscanos.org.br\/noticias\/?p=239100"},"modified":"2022-07-28T11:12:49","modified_gmt":"2022-07-28T14:12:49","slug":"frades-fazem-retiro-em-preparacao-para-a-profissao-solene-na-ordem","status":"publish","type":"post","link":"https:\/\/franciscanos.org.br\/noticias\/frades-fazem-retiro-em-preparacao-para-a-profissao-solene-na-ordem.html","title":{"rendered":"Frades fazem retiro em prepara\u00e7\u00e3o para a Profiss\u00e3o Solene na Ordem"},"content":{"rendered":"<p style=\"font-weight: 400;\"><img loading=\"lazy\" class=\"alignnone wp-image-239104 size-full\" src=\"https:\/\/franciscanos.org.br\/noticias\/wp-content\/uploads\/2022\/07\/retiro_270722.jpg\" alt=\"\" width=\"1280\" height=\"820\" srcset=\"https:\/\/franciscanos.org.br\/noticias\/wp-content\/uploads\/2022\/07\/retiro_270722.jpg 1280w, https:\/\/franciscanos.org.br\/noticias\/wp-content\/uploads\/2022\/07\/retiro_270722-450x288.jpg 450w, https:\/\/franciscanos.org.br\/noticias\/wp-content\/uploads\/2022\/07\/retiro_270722-1024x656.jpg 1024w, https:\/\/franciscanos.org.br\/noticias\/wp-content\/uploads\/2022\/07\/retiro_270722-768x492.jpg 768w, https:\/\/franciscanos.org.br\/noticias\/wp-content\/uploads\/2022\/07\/retiro_270722-150x96.jpg 150w\" sizes=\"(max-width: 1280px) 100vw, 1280px\" \/><\/p>\n<p style=\"font-weight: 400;\"><em>\u201cEntre outros benef\u00edcios que temos recebido e ainda recebemos diariamente da generosidade do Pai de toda a miseric\u00f3rdia e pelos quais mais temos que agradecer ao glorioso Pai de Cristo, est\u00e1 a voca\u00e7\u00e3o que, quanto maior e mais perfeita, mais a Ele \u00e9 devida (Testamento de Santa Clara, 2-3).<\/em><\/p>\n<p style=\"font-weight: 400;\"><strong>Rodeio (SC) &#8211;<\/strong> Ap\u00f3s alguns anos de caminhada religiosa franciscana na Ordem dos Frades Menores, os frades Danilo Santos Oliveira e Jo\u00e3o Manoel Zechinatto, da Prov\u00edncia da Imaculada Concei\u00e7\u00e3o do Brasil, Ant\u00f3nio da Silva Manuel, Daniel Kahuvi Tchitumba Tchikeva, Domingos Kakanda Soma, Evaristo Seque Joaquim e Pedro Domingos Caiungue Mugiba, da Funda\u00e7\u00e3o Imaculada M\u00e3e de Deus de Angola (FIMDA), Luiz Eduardo Dias Lima da Prov\u00edncia S\u00e3o Francisco de Assis do Brasil e Matheus Morais Dutra da Prov\u00edncia do Sant\u00edssimo Nome de Jesus do Brasil, realizaram neste m\u00eas de julho o retiro em prepara\u00e7\u00e3o para a Profiss\u00e3o Solene, na Fraternidade de Rodeio (SC).<\/p>\n<p style=\"font-weight: 400;\">O retiro teve in\u00edcio no dia 05 de julho no Noviciado S\u00e3o Jos\u00e9 e contou com a orienta\u00e7\u00e3o de Frei Marcos Antonio de Andrade, Definidor Provincial e mestre dos frades do Tempo da Teologia e de Frei Gilberto da Silva, vice-mestre. Os frades da Fraternidade do Noviciado, Frei Samuel Ferreira de Lima, mestre dos novi\u00e7os, Frei Josemberg Cardozo Aranha, guardi\u00e3o, Frei Miguel da Cruz, p\u00e1roco, e Frei Claudino Dal&#8217;Mago, vig\u00e1rio paroquial, tamb\u00e9m colaboraram na condu\u00e7\u00e3o das reflex\u00f5es.<\/p>\n<p style=\"font-weight: 400;\"><img loading=\"lazy\" class=\"alignright wp-image-239105 size-medium\" src=\"https:\/\/franciscanos.org.br\/noticias\/wp-content\/uploads\/2022\/07\/retiro_270722_1-450x352.jpg\" alt=\"\" width=\"450\" height=\"352\" srcset=\"https:\/\/franciscanos.org.br\/noticias\/wp-content\/uploads\/2022\/07\/retiro_270722_1-450x352.jpg 450w, https:\/\/franciscanos.org.br\/noticias\/wp-content\/uploads\/2022\/07\/retiro_270722_1-1024x800.jpg 1024w, https:\/\/franciscanos.org.br\/noticias\/wp-content\/uploads\/2022\/07\/retiro_270722_1-768x600.jpg 768w, https:\/\/franciscanos.org.br\/noticias\/wp-content\/uploads\/2022\/07\/retiro_270722_1-150x117.jpg 150w, https:\/\/franciscanos.org.br\/noticias\/wp-content\/uploads\/2022\/07\/retiro_270722_1.jpg 1280w\" sizes=\"(max-width: 450px) 100vw, 450px\" \/>O retiro foi marcado por dois momentos: o primeiro foi de 5 a 21 de julho e teve lugar na casa do Noviciado, onde os retirantes, observando a rotina pr\u00f3pria daquele lugar puderam meditar sobre diversos temas franciscanos e clarianos, a come\u00e7ar pela pr\u00f3pria hist\u00f3ria vocacional de cada um. No d\u00e9cimo terceiro dia de retiro integraram-se ao grupo os frades Moacir Longo, Jos\u00e9 Bertoldi, Tarc\u00edsio Geraldo Theiss e Rafael Spricigo que foram ao Noviciado para o retiro anual promovido pela Prov\u00edncia da Imaculada.<\/p>\n<p style=\"font-weight: 400;\">Foram dias intensos de muita medita\u00e7\u00e3o, ora\u00e7\u00e3o, partilha de vida, conviv\u00eancia fraterna e lazer. Via-se a alegria tanto no rosto dos novi\u00e7os que se sentiram animados e confortados com a visita de seus irm\u00e3os da Teologia e de outras fraternidades, quanto no rosto dos retirantes que estavam a voltar ao lugar onde deram o seu primeiro sim \u00e0 Ordem dos Frades Menores.<\/p>\n<p style=\"font-weight: 400;\">No segundo momento, de 22 a 27 de julho, os retirantes subiram \u00e0 montanha do Eremit\u00e9rio Beato Frei Eg\u00eddio de Assis, na busca Daquele que os chamou. Nestes dias Frei Gilberto da Silva foi o pregador. Aquela experi\u00eancia foi profundamente marcada pelo sil\u00eancio da procura incans\u00e1vel pela voz do Senhor; na ora\u00e7\u00e3o, alimento do Frade Menor; pelo trabalho, que os faz servir mais do que ser servido e pelo conv\u00edvio fraterno, heran\u00e7a deixado a eles pelo ser\u00e1fico Pai, S\u00e3o Francisco de Assis.<\/p>\n<p style=\"font-weight: 400;\">Serviu-lhes de inspira\u00e7\u00e3o a pr\u00f3pria Regra dos Eremit\u00e9rios \u00e0 qual procuravam observar; A Regra Bulada de S\u00e3o Francisco de Assis, o Testamento de S\u00e3o Francisco e de Santa Clara de Assis; al\u00e9m de leituras continuadas dos Escritos de Francisco.<\/p>\n<p style=\"font-weight: 400;\">Com a Eucaristia, celebrada diariamente, puderam experimentar a viva presen\u00e7a do Senhor Jesus em sua Palavra e na partilha do p\u00e3o. Marcaram o tempo no ritmo das Horas Can\u00f4nicas, entremeadas de deserto, partilha do que cada um viveu durante o dia. Daquelas pedras t\u00e3o bem preparadas para erguer aquele Eremit\u00e9rio recordava-lhes a constru\u00e7\u00e3o e reconstru\u00e7\u00e3o do Templo interior que eles, como consagrados franciscanos buscavam diariamente empreender, isto \u00e9, pedra por pedra.<\/p>\n<p><img loading=\"lazy\" class=\"wp-image-239108 size-full aligncenter\" src=\"https:\/\/franciscanos.org.br\/noticias\/wp-content\/uploads\/2022\/07\/retiro_270722_2.jpg\" alt=\"\" width=\"1280\" height=\"1707\" srcset=\"https:\/\/franciscanos.org.br\/noticias\/wp-content\/uploads\/2022\/07\/retiro_270722_2.jpg 810w, https:\/\/franciscanos.org.br\/noticias\/wp-content\/uploads\/2022\/07\/retiro_270722_2-337x450.jpg 337w, https:\/\/franciscanos.org.br\/noticias\/wp-content\/uploads\/2022\/07\/retiro_270722_2-768x1024.jpg 768w, https:\/\/franciscanos.org.br\/noticias\/wp-content\/uploads\/2022\/07\/retiro_270722_2-1152x1536.jpg 1152w, https:\/\/franciscanos.org.br\/noticias\/wp-content\/uploads\/2022\/07\/retiro_270722_2-150x200.jpg 150w\" sizes=\"(max-width: 1280px) 100vw, 1280px\" \/><\/p>\n<p style=\"font-weight: 400;\">Em um dos dias, no qual celebravam a Festa de Santa Maria Madalena, esta que os fez recordar que assim como ap\u00f3stola do ressuscitado acorreu ao sepulcro, antes do clarear matinal, eles tamb\u00e9m, naquele Eremit\u00e9rio, foram ao encontro do Senhor a cada dia, antes do raiar da aurora e encontraram a pedra do sepulcro ao centro da capela na qual estava depositado o Sant\u00edssimo Corpo do Senhor e dele auriram for\u00e7as para descer da montanha e anunciar a todos que encontraram o Senhor vivo. Alegraram-se todos e buscaram viver o seu Reino que \u00e9 justi\u00e7a, paz e alegria no Esp\u00edrito Santo.<\/p>\n<p style=\"font-weight: 400;\">Os frades retirantes conclu\u00edram o retiro no Eremit\u00e9rio com a Celebra\u00e7\u00e3o Penitencial extra\u00edda do Devocion\u00e1rio Franciscano. Eles agradeceram ao Senhor por aqueles dias e pediram que fossem recompensados no c\u00e9u a Fraternidade do Noviciado que os acolheu com tanto carinho, sempre pronta para as necessidades dos retirantes e todos quanto fizeram com que aquele retiro acontecesse.<\/p>\n\n\t\t<style type=\"text\/css\">\n\t\t\t#gallery-1 {\n\t\t\t\tmargin: auto;\n\t\t\t}\n\t\t\t#gallery-1 .gallery-item {\n\t\t\t\tfloat: left;\n\t\t\t\tmargin-top: 10px;\n\t\t\t\ttext-align: center;\n\t\t\t\twidth: 16%;\n\t\t\t}\n\t\t\t#gallery-1 img {\n\t\t\t\tborder: 2px solid #cfcfcf;\n\t\t\t}\n\t\t\t#gallery-1 .gallery-caption {\n\t\t\t\tmargin-left: 0;\n\t\t\t}\n\t\t\t\/* see gallery_shortcode() in wp-includes\/media.php *\/\n\t\t<\/style>\n\t\t<div id='gallery-1' class='gallery galleryid-239100 gallery-columns-6 gallery-size-thumbnail'><dl class='gallery-item'>\n\t\t\t<dt class='gallery-icon portrait'>\n\t\t\t\t<a href='https:\/\/franciscanos.org.br\/noticias\/wp-content\/uploads\/2022\/07\/retiro_2708722_8.jpeg'><img width=\"300\" height=\"300\" src=\"https:\/\/franciscanos.org.br\/noticias\/wp-content\/uploads\/2022\/07\/retiro_2708722_8-300x300.jpeg\" class=\"attachment-thumbnail size-thumbnail\" alt=\"\" loading=\"lazy\" srcset=\"https:\/\/franciscanos.org.br\/noticias\/wp-content\/uploads\/2022\/07\/retiro_2708722_8-300x300.jpeg 300w, https:\/\/franciscanos.org.br\/noticias\/wp-content\/uploads\/2022\/07\/retiro_2708722_8-100x100.jpeg 100w\" sizes=\"(max-width: 300px) 100vw, 300px\" \/><\/a>\n\t\t\t<\/dt><\/dl><dl class='gallery-item'>\n\t\t\t<dt class='gallery-icon portrait'>\n\t\t\t\t<a href='https:\/\/franciscanos.org.br\/noticias\/wp-content\/uploads\/2022\/07\/retiro_2708722_4.jpeg'><img width=\"300\" height=\"300\" src=\"https:\/\/franciscanos.org.br\/noticias\/wp-content\/uploads\/2022\/07\/retiro_2708722_4-300x300.jpeg\" class=\"attachment-thumbnail size-thumbnail\" alt=\"\" loading=\"lazy\" srcset=\"https:\/\/franciscanos.org.br\/noticias\/wp-content\/uploads\/2022\/07\/retiro_2708722_4-300x300.jpeg 300w, https:\/\/franciscanos.org.br\/noticias\/wp-content\/uploads\/2022\/07\/retiro_2708722_4-100x100.jpeg 100w\" sizes=\"(max-width: 300px) 100vw, 300px\" \/><\/a>\n\t\t\t<\/dt><\/dl><dl class='gallery-item'>\n\t\t\t<dt class='gallery-icon portrait'>\n\t\t\t\t<a href='https:\/\/franciscanos.org.br\/noticias\/wp-content\/uploads\/2022\/07\/retiro_2708722_3.jpeg'><img width=\"300\" height=\"300\" src=\"https:\/\/franciscanos.org.br\/noticias\/wp-content\/uploads\/2022\/07\/retiro_2708722_3-300x300.jpeg\" class=\"attachment-thumbnail size-thumbnail\" alt=\"\" loading=\"lazy\" srcset=\"https:\/\/franciscanos.org.br\/noticias\/wp-content\/uploads\/2022\/07\/retiro_2708722_3-300x300.jpeg 300w, https:\/\/franciscanos.org.br\/noticias\/wp-content\/uploads\/2022\/07\/retiro_2708722_3-100x100.jpeg 100w\" sizes=\"(max-width: 300px) 100vw, 300px\" \/><\/a>\n\t\t\t<\/dt><\/dl><dl class='gallery-item'>\n\t\t\t<dt class='gallery-icon portrait'>\n\t\t\t\t<a href='https:\/\/franciscanos.org.br\/noticias\/wp-content\/uploads\/2022\/07\/retiro_2708722_6.jpeg'><img width=\"300\" height=\"300\" src=\"https:\/\/franciscanos.org.br\/noticias\/wp-content\/uploads\/2022\/07\/retiro_2708722_6-300x300.jpeg\" class=\"attachment-thumbnail size-thumbnail\" alt=\"\" loading=\"lazy\" srcset=\"https:\/\/franciscanos.org.br\/noticias\/wp-content\/uploads\/2022\/07\/retiro_2708722_6-300x300.jpeg 300w, https:\/\/franciscanos.org.br\/noticias\/wp-content\/uploads\/2022\/07\/retiro_2708722_6-100x100.jpeg 100w\" sizes=\"(max-width: 300px) 100vw, 300px\" \/><\/a>\n\t\t\t<\/dt><\/dl><dl class='gallery-item'>\n\t\t\t<dt class='gallery-icon portrait'>\n\t\t\t\t<a href='https:\/\/franciscanos.org.br\/noticias\/wp-content\/uploads\/2022\/07\/retiro_2708722_5.jpeg'><img width=\"300\" height=\"300\" src=\"https:\/\/franciscanos.org.br\/noticias\/wp-content\/uploads\/2022\/07\/retiro_2708722_5-300x300.jpeg\" class=\"attachment-thumbnail size-thumbnail\" alt=\"\" loading=\"lazy\" srcset=\"https:\/\/franciscanos.org.br\/noticias\/wp-content\/uploads\/2022\/07\/retiro_2708722_5-300x300.jpeg 300w, https:\/\/franciscanos.org.br\/noticias\/wp-content\/uploads\/2022\/07\/retiro_2708722_5-100x100.jpeg 100w\" sizes=\"(max-width: 300px) 100vw, 300px\" \/><\/a>\n\t\t\t<\/dt><\/dl><dl class='gallery-item'>\n\t\t\t<dt class='gallery-icon landscape'>\n\t\t\t\t<a href='https:\/\/franciscanos.org.br\/noticias\/wp-content\/uploads\/2022\/07\/retiro_2708722_7.jpeg'><img width=\"300\" height=\"300\" src=\"https:\/\/franciscanos.org.br\/noticias\/wp-content\/uploads\/2022\/07\/retiro_2708722_7-300x300.jpeg\" class=\"attachment-thumbnail size-thumbnail\" alt=\"\" loading=\"lazy\" srcset=\"https:\/\/franciscanos.org.br\/noticias\/wp-content\/uploads\/2022\/07\/retiro_2708722_7-300x300.jpeg 300w, https:\/\/franciscanos.org.br\/noticias\/wp-content\/uploads\/2022\/07\/retiro_2708722_7-100x100.jpeg 100w\" sizes=\"(max-width: 300px) 100vw, 300px\" \/><\/a>\n\t\t\t<\/dt><\/dl><br style=\"clear: both\" \/>\n\t\t<\/div>\n\n<p><em>(clique nas imagens para ver)<\/em><\/p>\n<p style=\"font-weight: 400;\"><strong>DATAS E LOCAIS DAS PROFISS\u00d5ES:<\/strong><\/p>\n<p style=\"font-weight: 400;\">A profiss\u00e3o solene de Frei Danilo Santos Oliveira e Frei Jo\u00e3o Manoel Zechinatto ser\u00e1 no dia 17 de setembro na Igreja do Sagrado Cora\u00e7\u00e3o de Jesus de Petr\u00f3polis &#8211; RJ.<\/p>\n<p style=\"font-weight: 400;\">A profiss\u00e3o solene de Frei Matheus Morais Dutra est\u00e1 marcada para o dia 25 de outubro \u00a0em An\u00e1polis (GO), na Capela Santo Expedito.<\/p>\n<p style=\"font-weight: 400;\">A profiss\u00e3o solene de Frei Luiz Eduardo Dias Lima acontecer\u00e1 no dia 04 de dezembro, em Buti\u00e1 (RS), na Capela Santa B\u00e1rbara.<\/p>\n<p style=\"font-weight: 400;\">A profiss\u00e3o solene dos freis Ant\u00f3nio da Silva Manuel, Daniel Kahuvi Tchitumba Tchikeva, Domingos Kakanda Soma, Evaristo Seque Joaquim e Pedro Domingos Caiungue Mugiba est\u00e1 prevista para ser em Angola em data e lugar a anunciar.<\/p>\n<hr \/>\n<p style=\"font-weight: 400;\"><em>Frei Evaristo Seque Joaquim (texto) e Frei Jo\u00e3o Manoel Zechinatto, ofm (fotos)<\/em><\/p>\n","protected":false},"excerpt":{"rendered":"<p>Forma\u00e7\u00e3o e Estudos<\/p>\n","protected":false},"author":3,"featured_media":239104,"comment_status":"open","ping_status":"open","sticky":false,"template":"","format":"standard","meta":[],"categories":[1],"tags":[418,590,620,604],"acf":[],"yoast_head":"<!-- This site is optimized with the Yoast SEO plugin v19.2 - https:\/\/yoast.com\/wordpress\/plugins\/seo\/ -->\n<title>Frades fazem retiro em prepara\u00e7\u00e3o para a Profiss\u00e3o Solene na Ordem - Not\u00edcias - Franciscanos<\/title>\n<meta name=\"robots\" content=\"index, follow, max-snippet:-1, max-image-preview:large, max-video-preview:-1\" \/>\n<link rel=\"canonical\" href=\"https:\/\/franciscanos.org.br\/noticias\/frades-fazem-retiro-em-preparacao-para-a-profissao-solene-na-ordem.html\" \/>\n<meta property=\"og:locale\" content=\"pt_BR\" \/>\n<meta property=\"og:type\" content=\"article\" \/>\n<meta property=\"og:title\" content=\"Frades fazem retiro em prepara\u00e7\u00e3o para a Profiss\u00e3o Solene na Ordem - Not\u00edcias - Franciscanos\" \/>\n<meta property=\"og:description\" content=\"Forma\u00e7\u00e3o e Estudos\" \/>\n<meta property=\"og:url\" content=\"https:\/\/franciscanos.org.br\/noticias\/frades-fazem-retiro-em-preparacao-para-a-profissao-solene-na-ordem.html\" \/>\n<meta property=\"og:site_name\" content=\"Not\u00edcias - Franciscanos\" \/>\n<meta property=\"article:published_time\" content=\"2022-07-27T21:24:53+00:00\" \/>\n<meta property=\"article:modified_time\" content=\"2022-07-28T14:12:49+00:00\" \/>\n<meta property=\"og:image\" content=\"https:\/\/franciscanos.org.br\/noticias\/wp-content\/uploads\/2022\/07\/retiro_270722.jpg\" \/>\n\t<meta property=\"og:image:width\" content=\"1280\" \/>\n\t<meta property=\"og:image:height\" content=\"820\" \/>\n\t<meta property=\"og:image:type\" content=\"image\/jpeg\" \/>\n<meta name=\"author\" content=\"moacir\" \/>\n<meta name=\"twitter:card\" content=\"summary_large_image\" \/>\n<meta name=\"twitter:label1\" content=\"Escrito por\" \/>\n\t<meta name=\"twitter:data1\" content=\"moacir\" \/>\n\t<meta name=\"twitter:label2\" content=\"Est. tempo de leitura\" \/>\n\t<meta name=\"twitter:data2\" content=\"6 minutos\" \/>\n<script type=\"application\/ld+json\" class=\"yoast-schema-graph\">{\"@context\":\"https:\/\/schema.org\",\"@graph\":[{\"@type\":\"WebSite\",\"@id\":\"https:\/\/franciscanos.org.br\/noticias\/#website\",\"url\":\"https:\/\/franciscanos.org.br\/noticias\/\",\"name\":\"Not\u00edcias - Franciscanos\",\"description\":\"Prov\u00edncia Franciscana da Imaculada Concei\u00e7\u00e3o do Brasil - Ordem dos Frades Menores - OFM\",\"potentialAction\":[{\"@type\":\"SearchAction\",\"target\":{\"@type\":\"EntryPoint\",\"urlTemplate\":\"https:\/\/franciscanos.org.br\/noticias\/?s={search_term_string}\"},\"query-input\":\"required name=search_term_string\"}],\"inLanguage\":\"pt-BR\"},{\"@type\":\"ImageObject\",\"inLanguage\":\"pt-BR\",\"@id\":\"https:\/\/franciscanos.org.br\/noticias\/frades-fazem-retiro-em-preparacao-para-a-profissao-solene-na-ordem.html#primaryimage\",\"url\":\"https:\/\/franciscanos.org.br\/noticias\/wp-content\/uploads\/2022\/07\/retiro_270722.jpg\",\"contentUrl\":\"https:\/\/franciscanos.org.br\/noticias\/wp-content\/uploads\/2022\/07\/retiro_270722.jpg\",\"width\":1280,\"height\":820},{\"@type\":\"WebPage\",\"@id\":\"https:\/\/franciscanos.org.br\/noticias\/frades-fazem-retiro-em-preparacao-para-a-profissao-solene-na-ordem.html#webpage\",\"url\":\"https:\/\/franciscanos.org.br\/noticias\/frades-fazem-retiro-em-preparacao-para-a-profissao-solene-na-ordem.html\",\"name\":\"Frades fazem retiro em prepara\u00e7\u00e3o para a Profiss\u00e3o Solene na Ordem - Not\u00edcias - Franciscanos\",\"isPartOf\":{\"@id\":\"https:\/\/franciscanos.org.br\/noticias\/#website\"},\"primaryImageOfPage\":{\"@id\":\"https:\/\/franciscanos.org.br\/noticias\/frades-fazem-retiro-em-preparacao-para-a-profissao-solene-na-ordem.html#primaryimage\"},\"datePublished\":\"2022-07-27T21:24:53+00:00\",\"dateModified\":\"2022-07-28T14:12:49+00:00\",\"author\":{\"@id\":\"https:\/\/franciscanos.org.br\/noticias\/#\/schema\/person\/b5c8cba458c330ccff548b056e95a5d4\"},\"breadcrumb\":{\"@id\":\"https:\/\/franciscanos.org.br\/noticias\/frades-fazem-retiro-em-preparacao-para-a-profissao-solene-na-ordem.html#breadcrumb\"},\"inLanguage\":\"pt-BR\",\"potentialAction\":[{\"@type\":\"ReadAction\",\"target\":[\"https:\/\/franciscanos.org.br\/noticias\/frades-fazem-retiro-em-preparacao-para-a-profissao-solene-na-ordem.html\"]}]},{\"@type\":\"BreadcrumbList\",\"@id\":\"https:\/\/franciscanos.org.br\/noticias\/frades-fazem-retiro-em-preparacao-para-a-profissao-solene-na-ordem.html#breadcrumb\",\"itemListElement\":[{\"@type\":\"ListItem\",\"position\":1,\"name\":\"Home\",\"item\":\"https:\/\/franciscanos.org.br\/noticias\"},{\"@type\":\"ListItem\",\"position\":2,\"name\":\"Frades fazem retiro em prepara\u00e7\u00e3o para a Profiss\u00e3o Solene na Ordem\"}]},{\"@type\":\"Person\",\"@id\":\"https:\/\/franciscanos.org.br\/noticias\/#\/schema\/person\/b5c8cba458c330ccff548b056e95a5d4\",\"name\":\"moacir\",\"image\":{\"@type\":\"ImageObject\",\"inLanguage\":\"pt-BR\",\"@id\":\"https:\/\/franciscanos.org.br\/noticias\/#\/schema\/person\/image\/\",\"url\":\"https:\/\/secure.gravatar.com\/avatar\/d08aa2ce4c8dd416d4479aa8536fcf64?s=96&d=mm&r=g\",\"contentUrl\":\"https:\/\/secure.gravatar.com\/avatar\/d08aa2ce4c8dd416d4479aa8536fcf64?s=96&d=mm&r=g\",\"caption\":\"moacir\"},\"url\":\"https:\/\/franciscanos.org.br\/noticias\/author\/moacir\"}]}<\/script>\n<!-- \/ Yoast SEO plugin. -->","yoast_head_json":{"title":"Frades fazem retiro em prepara\u00e7\u00e3o para a Profiss\u00e3o Solene na Ordem - Not\u00edcias - Franciscanos","robots":{"index":"index","follow":"follow","max-snippet":"max-snippet:-1","max-image-preview":"max-image-preview:large","max-video-preview":"max-video-preview:-1"},"canonical":"https:\/\/franciscanos.org.br\/noticias\/frades-fazem-retiro-em-preparacao-para-a-profissao-solene-na-ordem.html","og_locale":"pt_BR","og_type":"article","og_title":"Frades fazem retiro em prepara\u00e7\u00e3o para a Profiss\u00e3o Solene na Ordem - Not\u00edcias - Franciscanos","og_description":"Forma\u00e7\u00e3o e Estudos","og_url":"https:\/\/franciscanos.org.br\/noticias\/frades-fazem-retiro-em-preparacao-para-a-profissao-solene-na-ordem.html","og_site_name":"Not\u00edcias - Franciscanos","article_published_time":"2022-07-27T21:24:53+00:00","article_modified_time":"2022-07-28T14:12:49+00:00","og_image":[{"width":1280,"height":820,"url":"https:\/\/franciscanos.org.br\/noticias\/wp-content\/uploads\/2022\/07\/retiro_270722.jpg","type":"image\/jpeg"}],"author":"moacir","twitter_card":"summary_large_image","twitter_misc":{"Escrito por":"moacir","Est. tempo de leitura":"6 minutos"},"schema":{"@context":"https:\/\/schema.org","@graph":[{"@type":"WebSite","@id":"https:\/\/franciscanos.org.br\/noticias\/#website","url":"https:\/\/franciscanos.org.br\/noticias\/","name":"Not\u00edcias - Franciscanos","description":"Prov\u00edncia Franciscana da Imaculada Concei\u00e7\u00e3o do Brasil - Ordem dos Frades Menores - OFM","potentialAction":[{"@type":"SearchAction","target":{"@type":"EntryPoint","urlTemplate":"https:\/\/franciscanos.org.br\/noticias\/?s={search_term_string}"},"query-input":"required name=search_term_string"}],"inLanguage":"pt-BR"},{"@type":"ImageObject","inLanguage":"pt-BR","@id":"https:\/\/franciscanos.org.br\/noticias\/frades-fazem-retiro-em-preparacao-para-a-profissao-solene-na-ordem.html#primaryimage","url":"https:\/\/franciscanos.org.br\/noticias\/wp-content\/uploads\/2022\/07\/retiro_270722.jpg","contentUrl":"https:\/\/franciscanos.org.br\/noticias\/wp-content\/uploads\/2022\/07\/retiro_270722.jpg","width":1280,"height":820},{"@type":"WebPage","@id":"https:\/\/franciscanos.org.br\/noticias\/frades-fazem-retiro-em-preparacao-para-a-profissao-solene-na-ordem.html#webpage","url":"https:\/\/franciscanos.org.br\/noticias\/frades-fazem-retiro-em-preparacao-para-a-profissao-solene-na-ordem.html","name":"Frades fazem retiro em prepara\u00e7\u00e3o para a Profiss\u00e3o Solene na Ordem - Not\u00edcias - Franciscanos","isPartOf":{"@id":"https:\/\/franciscanos.org.br\/noticias\/#website"},"primaryImageOfPage":{"@id":"https:\/\/franciscanos.org.br\/noticias\/frades-fazem-retiro-em-preparacao-para-a-profissao-solene-na-ordem.html#primaryimage"},"datePublished":"2022-07-27T21:24:53+00:00","dateModified":"2022-07-28T14:12:49+00:00","author":{"@id":"https:\/\/franciscanos.org.br\/noticias\/#\/schema\/person\/b5c8cba458c330ccff548b056e95a5d4"},"breadcrumb":{"@id":"https:\/\/franciscanos.org.br\/noticias\/frades-fazem-retiro-em-preparacao-para-a-profissao-solene-na-ordem.html#breadcrumb"},"inLanguage":"pt-BR","potentialAction":[{"@type":"ReadAction","target":["https:\/\/franciscanos.org.br\/noticias\/frades-fazem-retiro-em-preparacao-para-a-profissao-solene-na-ordem.html"]}]},{"@type":"BreadcrumbList","@id":"https:\/\/franciscanos.org.br\/noticias\/frades-fazem-retiro-em-preparacao-para-a-profissao-solene-na-ordem.html#breadcrumb","itemListElement":[{"@type":"ListItem","position":1,"name":"Home","item":"https:\/\/franciscanos.org.br\/noticias"},{"@type":"ListItem","position":2,"name":"Frades fazem retiro em prepara\u00e7\u00e3o para a Profiss\u00e3o Solene na Ordem"}]},{"@type":"Person","@id":"https:\/\/franciscanos.org.br\/noticias\/#\/schema\/person\/b5c8cba458c330ccff548b056e95a5d4","name":"moacir","image":{"@type":"ImageObject","inLanguage":"pt-BR","@id":"https:\/\/franciscanos.org.br\/noticias\/#\/schema\/person\/image\/","url":"https:\/\/secure.gravatar.com\/avatar\/d08aa2ce4c8dd416d4479aa8536fcf64?s=96&d=mm&r=g","contentUrl":"https:\/\/secure.gravatar.com\/avatar\/d08aa2ce4c8dd416d4479aa8536fcf64?s=96&d=mm&r=g","caption":"moacir"},"url":"https:\/\/franciscanos.org.br\/noticias\/author\/moacir"}]}},"_links":{"self":[{"href":"https:\/\/franciscanos.org.br\/noticias\/wp-json\/wp\/v2\/posts\/239100"}],"collection":[{"href":"https:\/\/franciscanos.org.br\/noticias\/wp-json\/wp\/v2\/posts"}],"about":[{"href":"https:\/\/franciscanos.org.br\/noticias\/wp-json\/wp\/v2\/types\/post"}],"author":[{"embeddable":true,"href":"https:\/\/franciscanos.org.br\/noticias\/wp-json\/wp\/v2\/users\/3"}],"replies":[{"embeddable":true,"href":"https:\/\/franciscanos.org.br\/noticias\/wp-json\/wp\/v2\/comments?post=239100"}],"version-history":[{"count":8,"href":"https:\/\/franciscanos.org.br\/noticias\/wp-json\/wp\/v2\/posts\/239100\/revisions"}],"predecessor-version":[{"id":239118,"href":"https:\/\/franciscanos.org.br\/noticias\/wp-json\/wp\/v2\/posts\/239100\/revisions\/239118"}],"wp:featuredmedia":[{"embeddable":true,"href":"https:\/\/franciscanos.org.br\/noticias\/wp-json\/wp\/v2\/media\/239104"}],"wp:attachment":[{"href":"https:\/\/franciscanos.org.br\/noticias\/wp-json\/wp\/v2\/media?parent=239100"}],"wp:term":[{"taxonomy":"category","embeddable":true,"href":"https:\/\/franciscanos.org.br\/noticias\/wp-json\/wp\/v2\/categories?post=239100"},{"taxonomy":"post_tag","embeddable":true,"href":"https:\/\/franciscanos.org.br\/noticias\/wp-json\/wp\/v2\/tags?post=239100"}],"curies":[{"name":"wp","href":"https:\/\/api.w.org\/{rel}","templated":true}]}}