{"id":239087,"date":"2022-07-27T16:39:41","date_gmt":"2022-07-27T19:39:41","guid":{"rendered":"https:\/\/franciscanos.org.br\/noticias\/?p=239087"},"modified":"2022-07-27T16:39:41","modified_gmt":"2022-07-27T19:39:41","slug":"fundacao-imaculada-mae-de-deus-de-angola-tem-novo-governo","status":"publish","type":"post","link":"https:\/\/franciscanos.org.br\/noticias\/fundacao-imaculada-mae-de-deus-de-angola-tem-novo-governo.html","title":{"rendered":"Funda\u00e7\u00e3o Imaculada M\u00e3e de Deus de Angola tem novo Governo"},"content":{"rendered":"<p><img loading=\"lazy\" class=\"alignleft size-full wp-image-239088\" src=\"https:\/\/franciscanos.org.br\/noticias\/wp-content\/uploads\/2022\/07\/encerramento_27.jpg\" alt=\"\" width=\"1152\" height=\"648\" srcset=\"https:\/\/franciscanos.org.br\/noticias\/wp-content\/uploads\/2022\/07\/encerramento_27.jpg 1152w, https:\/\/franciscanos.org.br\/noticias\/wp-content\/uploads\/2022\/07\/encerramento_27-450x253.jpg 450w, https:\/\/franciscanos.org.br\/noticias\/wp-content\/uploads\/2022\/07\/encerramento_27-1024x576.jpg 1024w, https:\/\/franciscanos.org.br\/noticias\/wp-content\/uploads\/2022\/07\/encerramento_27-768x432.jpg 768w, https:\/\/franciscanos.org.br\/noticias\/wp-content\/uploads\/2022\/07\/encerramento_27-150x84.jpg 150w\" sizes=\"(max-width: 1152px) 100vw, 1152px\" \/><\/p>\n<p>&nbsp;<\/p>\n<p>Na tarde deste dia 27 de Julho, quarta-feira, na capela da Fraternidade S\u00e3o Francisco, em Palanca, os frades &#8211; sendo 17 professos solenes votantes &#8211; elegeram o novo Conselho da Funda\u00e7\u00e3o Imaculada M\u00e3e de Deus de Angola (FIMDA), para o tri\u00eanio 2022-2024. O novo Conselho est\u00e1 constitu\u00eddo por: Frei Ivair Bueno de Carvalho, presidente; Frei Jos\u00e9 Morais Cambolo, Frei Marco Antonio dos Santos e Frei Ermelindo Francisco Bambi, conselheiros.<\/p>\n<p>O Ministro Provincial da Prov\u00edncia da Imaculada Concei\u00e7\u00e3o do Brasil, Frei Paulo Roberto Pereira, perguntando a cada um dos frades rec\u00e9m-eleitos se aceitava o of\u00edcio a eles confiado, como resposta ouviu: \u201cSim, aceito com ajuda de Deus e dos irm\u00e3os! \u201d<\/p>\n<p><img loading=\"lazy\" class=\"alignnone wp-image-239089 size-full\" src=\"https:\/\/franciscanos.org.br\/noticias\/wp-content\/uploads\/2022\/07\/encerramento_27-10.jpg\" alt=\"\" width=\"1152\" height=\"768\" srcset=\"https:\/\/franciscanos.org.br\/noticias\/wp-content\/uploads\/2022\/07\/encerramento_27-10.jpg 1152w, https:\/\/franciscanos.org.br\/noticias\/wp-content\/uploads\/2022\/07\/encerramento_27-10-450x300.jpg 450w, https:\/\/franciscanos.org.br\/noticias\/wp-content\/uploads\/2022\/07\/encerramento_27-10-1024x683.jpg 1024w, https:\/\/franciscanos.org.br\/noticias\/wp-content\/uploads\/2022\/07\/encerramento_27-10-768x512.jpg 768w, https:\/\/franciscanos.org.br\/noticias\/wp-content\/uploads\/2022\/07\/encerramento_27-10-150x100.jpg 150w\" sizes=\"(max-width: 1152px) 100vw, 1152px\" \/><\/p>\n<p><strong>O novo presidente da FIMDA<\/strong><br \/>\nFrei Ivair Bueno de Carvalho \u00e9 natural de Sorocaba (SP), Brasil. Nasceu em 31 de janeiro de 1973. Filho de Aparecido Benedito Bueno e de Therezinha de Carvalho Bueno, entrou na Ordem dos Frades Menores atrav\u00e9s da Prov\u00edncia da Imaculada Concei\u00e7\u00e3o do Brasil, em 1993. Fez a Primeira Profiss\u00e3o religiosa em Rodeio (SC), no dia 09 de janeiro de 1998, e Profiss\u00e3o Solene no dia 30 de Julho de 2005. Estudou Filosofia no Instituto S\u00e3o Boaventura, em Curitiba (PR), Brasil, e Teologia no Instituto Teol\u00f3gico Franciscano, em Petr\u00f3polis (RJ), Brasil. Em 2001 foi enviado como mission\u00e1rio em terras angolanas, trabalhando em Luanda, Malange e Kibala. Retornou ao Brasil por um tempo e regressou a Angola em 2009. Atualmente \u00e9 guardi\u00e3o da Fraternidade Santo Ant\u00f4nio &#8211; Noviciado de S\u00e3o Jos\u00e9 &#8211; em Kibala (Cuanza Sul).<\/p>\n<div id=\"attachment_239090\" style=\"width: 1162px\" class=\"wp-caption alignnone\"><img aria-describedby=\"caption-attachment-239090\" loading=\"lazy\" class=\"wp-image-239090 size-full\" src=\"https:\/\/franciscanos.org.br\/noticias\/wp-content\/uploads\/2022\/07\/encerramento_27_3.jpg\" alt=\"\" width=\"1152\" height=\"768\" srcset=\"https:\/\/franciscanos.org.br\/noticias\/wp-content\/uploads\/2022\/07\/encerramento_27_3.jpg 1152w, https:\/\/franciscanos.org.br\/noticias\/wp-content\/uploads\/2022\/07\/encerramento_27_3-450x300.jpg 450w, https:\/\/franciscanos.org.br\/noticias\/wp-content\/uploads\/2022\/07\/encerramento_27_3-1024x683.jpg 1024w, https:\/\/franciscanos.org.br\/noticias\/wp-content\/uploads\/2022\/07\/encerramento_27_3-768x512.jpg 768w, https:\/\/franciscanos.org.br\/noticias\/wp-content\/uploads\/2022\/07\/encerramento_27_3-150x100.jpg 150w\" sizes=\"(max-width: 1152px) 100vw, 1152px\" \/><p id=\"caption-attachment-239090\" class=\"wp-caption-text\"><em>Da esquerda para direita: Frei Jos\u00e9 Cambolo, Frei Ivair Bueno de Carvalho, Frei Marco Antonio e Frei Ermelindo Bambi.<\/em><\/p><\/div>\n<h3>\n\u00daltimo dia da Assembleia Capitular na FIMDA<\/h3>\n<p>A Assembleia Capitular na FIMDA terminou hoje, num ambiente fraterno, sereno e festivo. Os frades renderam gra\u00e7as a Deus pela exist\u00eancia e pelo florescimento da Ordem Franciscana em Angola. Tamb\u00e9m o Cap\u00edtulo serviu para eleger o novo Conselho da Funda\u00e7\u00e3o.<\/p>\n<p>O \u00faltimo dia do Cap\u00edtulo ficou marcado por momentos como deposi\u00e7\u00e3o dos of\u00edcios at\u00e9 ent\u00e3o assumidos, apresenta\u00e7\u00e3o dos Estatutos Revisados, vota\u00e7\u00e3o das propostas do tri\u00eanio, elei\u00e7\u00e3o do novo Governo e leitura do relat\u00f3rio do visitador, Frei C\u00e9sar Kulkamp. Na leitura do relat\u00f3rio, Frei Paulo ressaltou a exist\u00eancia do entusiasmo vocacional e espiritual, o zelo apost\u00f3lico, e o desejo not\u00e1vel de crescimento da identidade franciscana em terras angolanas.<\/p>\n<p><img loading=\"lazy\" class=\"alignnone size-full wp-image-239092\" src=\"https:\/\/franciscanos.org.br\/noticias\/wp-content\/uploads\/2022\/07\/encerramento_27_5.jpg\" alt=\"\" width=\"1152\" height=\"768\" srcset=\"https:\/\/franciscanos.org.br\/noticias\/wp-content\/uploads\/2022\/07\/encerramento_27_5.jpg 1152w, https:\/\/franciscanos.org.br\/noticias\/wp-content\/uploads\/2022\/07\/encerramento_27_5-450x300.jpg 450w, https:\/\/franciscanos.org.br\/noticias\/wp-content\/uploads\/2022\/07\/encerramento_27_5-1024x683.jpg 1024w, https:\/\/franciscanos.org.br\/noticias\/wp-content\/uploads\/2022\/07\/encerramento_27_5-768x512.jpg 768w, https:\/\/franciscanos.org.br\/noticias\/wp-content\/uploads\/2022\/07\/encerramento_27_5-150x100.jpg 150w\" sizes=\"(max-width: 1152px) 100vw, 1152px\" \/><\/p>\n<p>Ressaltou tamb\u00e9m a exist\u00eancia do acolhimento saud\u00e1vel das diferen\u00e7as culturais. Por outra, pediu que se evite a divis\u00e3o no seio das Fraternidades, pois ela \u00e9 danosa e compromete a qualidade da vida fraterna. Apelou a que se evite a sobrecarga de trabalhos, pois \u201ctoda a nossa dedica\u00e7\u00e3o pode nos levar ao esgotamento f\u00edsico ou espiritual, quando n\u00e3o \u00e9 feita moderadamente. Mas tamb\u00e9m \u00e9 necess\u00e1rio evitar o laicismo\u201d, enfatizou.<\/p>\n<p>Na sequ\u00eancia, Frei Paulo pediu que haja maior transpar\u00eancia econ\u00f4mica e maior cuidado nas rela\u00e7\u00f5es. \u201c\u00c9 preciso que as nossas rela\u00e7\u00f5es fraternas gerem vidas para al\u00e9m do formalismo\u201d, para tal \u201c\u00e9 necess\u00e1rio investir naquilo que nos une e nos cura, e n\u00e3o naquilo que nos divide\u201d, frisou Frei Paulo. Animando os seus confrades, pediu-lhes que arrumassem mais tempo de estar, rezar e estudar juntos, e que cultivassem uma conviv\u00eancia descontra\u00edda e leve, evitando tens\u00f5es desnecess\u00e1rias.<\/p>\n\n\t\t<style type=\"text\/css\">\n\t\t\t#gallery-1 {\n\t\t\t\tmargin: auto;\n\t\t\t}\n\t\t\t#gallery-1 .gallery-item {\n\t\t\t\tfloat: left;\n\t\t\t\tmargin-top: 10px;\n\t\t\t\ttext-align: center;\n\t\t\t\twidth: 20%;\n\t\t\t}\n\t\t\t#gallery-1 img {\n\t\t\t\tborder: 2px solid #cfcfcf;\n\t\t\t}\n\t\t\t#gallery-1 .gallery-caption {\n\t\t\t\tmargin-left: 0;\n\t\t\t}\n\t\t\t\/* see gallery_shortcode() in wp-includes\/media.php *\/\n\t\t<\/style>\n\t\t<div id='gallery-1' class='gallery galleryid-239087 gallery-columns-5 gallery-size-thumbnail'><dl class='gallery-item'>\n\t\t\t<dt class='gallery-icon landscape'>\n\t\t\t\t<a href='https:\/\/franciscanos.org.br\/noticias\/wp-content\/uploads\/2022\/07\/encerramento_27_2.jpg'><img width=\"300\" height=\"300\" src=\"https:\/\/franciscanos.org.br\/noticias\/wp-content\/uploads\/2022\/07\/encerramento_27_2-300x300.jpg\" class=\"attachment-thumbnail size-thumbnail\" alt=\"\" loading=\"lazy\" srcset=\"https:\/\/franciscanos.org.br\/noticias\/wp-content\/uploads\/2022\/07\/encerramento_27_2-300x300.jpg 300w, https:\/\/franciscanos.org.br\/noticias\/wp-content\/uploads\/2022\/07\/encerramento_27_2-100x100.jpg 100w\" sizes=\"(max-width: 300px) 100vw, 300px\" \/><\/a>\n\t\t\t<\/dt><\/dl><dl class='gallery-item'>\n\t\t\t<dt class='gallery-icon landscape'>\n\t\t\t\t<a href='https:\/\/franciscanos.org.br\/noticias\/wp-content\/uploads\/2022\/07\/encerramento_27_4.jpg'><img width=\"300\" height=\"300\" src=\"https:\/\/franciscanos.org.br\/noticias\/wp-content\/uploads\/2022\/07\/encerramento_27_4-300x300.jpg\" class=\"attachment-thumbnail size-thumbnail\" alt=\"\" loading=\"lazy\" srcset=\"https:\/\/franciscanos.org.br\/noticias\/wp-content\/uploads\/2022\/07\/encerramento_27_4-300x300.jpg 300w, https:\/\/franciscanos.org.br\/noticias\/wp-content\/uploads\/2022\/07\/encerramento_27_4-100x100.jpg 100w\" sizes=\"(max-width: 300px) 100vw, 300px\" \/><\/a>\n\t\t\t<\/dt><\/dl><dl class='gallery-item'>\n\t\t\t<dt class='gallery-icon landscape'>\n\t\t\t\t<a href='https:\/\/franciscanos.org.br\/noticias\/wp-content\/uploads\/2022\/07\/encerramento_27_7.jpg'><img width=\"300\" height=\"300\" src=\"https:\/\/franciscanos.org.br\/noticias\/wp-content\/uploads\/2022\/07\/encerramento_27_7-300x300.jpg\" class=\"attachment-thumbnail size-thumbnail\" alt=\"\" loading=\"lazy\" srcset=\"https:\/\/franciscanos.org.br\/noticias\/wp-content\/uploads\/2022\/07\/encerramento_27_7-300x300.jpg 300w, https:\/\/franciscanos.org.br\/noticias\/wp-content\/uploads\/2022\/07\/encerramento_27_7-100x100.jpg 100w\" sizes=\"(max-width: 300px) 100vw, 300px\" \/><\/a>\n\t\t\t<\/dt><\/dl><dl class='gallery-item'>\n\t\t\t<dt class='gallery-icon landscape'>\n\t\t\t\t<a href='https:\/\/franciscanos.org.br\/noticias\/wp-content\/uploads\/2022\/07\/encerramento_27_11.jpg'><img width=\"300\" height=\"300\" src=\"https:\/\/franciscanos.org.br\/noticias\/wp-content\/uploads\/2022\/07\/encerramento_27_11-300x300.jpg\" class=\"attachment-thumbnail size-thumbnail\" alt=\"\" loading=\"lazy\" srcset=\"https:\/\/franciscanos.org.br\/noticias\/wp-content\/uploads\/2022\/07\/encerramento_27_11-300x300.jpg 300w, https:\/\/franciscanos.org.br\/noticias\/wp-content\/uploads\/2022\/07\/encerramento_27_11-100x100.jpg 100w\" sizes=\"(max-width: 300px) 100vw, 300px\" \/><\/a>\n\t\t\t<\/dt><\/dl><dl class='gallery-item'>\n\t\t\t<dt class='gallery-icon landscape'>\n\t\t\t\t<a href='https:\/\/franciscanos.org.br\/noticias\/wp-content\/uploads\/2022\/07\/encerramento_27-9.jpg'><img width=\"300\" height=\"300\" src=\"https:\/\/franciscanos.org.br\/noticias\/wp-content\/uploads\/2022\/07\/encerramento_27-9-300x300.jpg\" class=\"attachment-thumbnail size-thumbnail\" alt=\"\" loading=\"lazy\" srcset=\"https:\/\/franciscanos.org.br\/noticias\/wp-content\/uploads\/2022\/07\/encerramento_27-9-300x300.jpg 300w, https:\/\/franciscanos.org.br\/noticias\/wp-content\/uploads\/2022\/07\/encerramento_27-9-100x100.jpg 100w\" sizes=\"(max-width: 300px) 100vw, 300px\" \/><\/a>\n\t\t\t<\/dt><\/dl><br style=\"clear: both\" \/>\n\t\t<\/div>\n\n<p><em>\u00a0 \u00a0 \u00a0 \u00a0 \u00a0 \u00a0 \u00a0 (toque nas imagens para ampli\u00e1-las)<\/em><\/p>\n<p>\u201cTodos n\u00f3s passamos. A perenidade \u00e9 um atributo divino. \u00c9 preciso n\u00e3o perder a consci\u00eancia fraterna e n\u00e3o se apropriar dos bens comuns. Que nenhum irm\u00e3o viva isolado, mas viva para e a partir da fraternidade\u201d, pediu o ministro provincial.<\/p>\n<p>\u201cN\u00e3o podemos viver apartados do mundo real. A crise econ\u00f4mica hoje \u00e9 mundial. Por isso, temos que mudar os nossos h\u00e1bitos e melhorar a gest\u00e3o e a transpar\u00eancia econ\u00f4mica e financeira\u201d, apelou o frade. Frei Paulo lembrou tamb\u00e9m a necessidade de se p\u00f4r em a\u00e7\u00e3o o JPIC (Justi\u00e7a e Paz e Integridade com a Cria\u00e7\u00e3o), de modo a se poder ter uma pastoral que atenda as pessoas que acorrem \u00e0s cidades em busca de servi\u00e7os e melhores condi\u00e7\u00f5es de vida e os mais vulner\u00e1veis da sociedade, para al\u00e9m de dialogar com os organismos do Estado e outras institui\u00e7\u00f5es sociais.<\/p>\n<p><img loading=\"lazy\" class=\"alignnone size-full wp-image-239098\" src=\"https:\/\/franciscanos.org.br\/noticias\/wp-content\/uploads\/2022\/07\/encerramento_27_6.jpg\" alt=\"\" width=\"1152\" height=\"768\" srcset=\"https:\/\/franciscanos.org.br\/noticias\/wp-content\/uploads\/2022\/07\/encerramento_27_6.jpg 1152w, https:\/\/franciscanos.org.br\/noticias\/wp-content\/uploads\/2022\/07\/encerramento_27_6-450x300.jpg 450w, https:\/\/franciscanos.org.br\/noticias\/wp-content\/uploads\/2022\/07\/encerramento_27_6-1024x683.jpg 1024w, https:\/\/franciscanos.org.br\/noticias\/wp-content\/uploads\/2022\/07\/encerramento_27_6-768x512.jpg 768w, https:\/\/franciscanos.org.br\/noticias\/wp-content\/uploads\/2022\/07\/encerramento_27_6-150x100.jpg 150w\" sizes=\"(max-width: 1152px) 100vw, 1152px\" \/><\/p>\n<p>O Cap\u00edtulo terminou com a Celebra\u00e7\u00e3o Eucar\u00edstica. Na homilia, Frei Paulo, dirigindo-se aos membros do novo Governo, disse que a miss\u00e3o que ir\u00e3o desempenhar \u00e9 de servir a todos como irm\u00e3os. \u201cIrm\u00e3os entre irm\u00e3os, sejam ministros, servos dos irm\u00e3os\u201d. E olhando para Frei Ivair, novo presidente da FIMDA, apelou: \u201cFrei Ivair, seja dedicado, zeloso no servi\u00e7o aos irm\u00e3os, seja servidor de todos\u201d, e terminou pedindo ora\u00e7\u00f5es para o novo Conselho. A seguir, convidou o novo presidente a tecer algumas palavras aos irm\u00e3os. Frei Ivair frisou que \u201ca vida consagrada \u00e9 um tesouro encontrado em campo comum. Precisa ser cuidada e animada entre irm\u00e3os. Que o Esp\u00edrito Santo nos conduza em sermos uma Ordem de irm\u00e3os, frades menores. Como Francisco, comecemos, porque at\u00e9 agora pouco ou nada fizemos\u201d.<\/p>\n<hr \/>\n<p><em>Frei Canga Mazoa, Frei David da Concei\u00e7\u00e3o e Frei Tom\u00e1s Joaquim<\/em><\/p>\n<p><img loading=\"lazy\" class=\"alignnone size-full wp-image-239091\" src=\"https:\/\/franciscanos.org.br\/noticias\/wp-content\/uploads\/2022\/07\/encerramento_27_8.jpg\" alt=\"\" width=\"1152\" height=\"768\" srcset=\"https:\/\/franciscanos.org.br\/noticias\/wp-content\/uploads\/2022\/07\/encerramento_27_8.jpg 1152w, https:\/\/franciscanos.org.br\/noticias\/wp-content\/uploads\/2022\/07\/encerramento_27_8-450x300.jpg 450w, https:\/\/franciscanos.org.br\/noticias\/wp-content\/uploads\/2022\/07\/encerramento_27_8-1024x683.jpg 1024w, https:\/\/franciscanos.org.br\/noticias\/wp-content\/uploads\/2022\/07\/encerramento_27_8-768x512.jpg 768w, https:\/\/franciscanos.org.br\/noticias\/wp-content\/uploads\/2022\/07\/encerramento_27_8-150x100.jpg 150w\" sizes=\"(max-width: 1152px) 100vw, 1152px\" \/><\/p>\n","protected":false},"excerpt":{"rendered":"<p>Assembleia Capitular da FIMDA<\/p>\n","protected":false},"author":3,"featured_media":239088,"comment_status":"open","ping_status":"open","sticky":false,"template":"","format":"standard","meta":[],"categories":[1],"tags":[360],"acf":[],"yoast_head":"<!-- This site is optimized with the Yoast SEO plugin v19.2 - https:\/\/yoast.com\/wordpress\/plugins\/seo\/ -->\n<title>Funda\u00e7\u00e3o Imaculada M\u00e3e de Deus de Angola tem novo Governo - Not\u00edcias - Franciscanos<\/title>\n<meta name=\"robots\" content=\"index, follow, max-snippet:-1, max-image-preview:large, max-video-preview:-1\" \/>\n<link rel=\"canonical\" href=\"https:\/\/franciscanos.org.br\/noticias\/fundacao-imaculada-mae-de-deus-de-angola-tem-novo-governo.html\" \/>\n<meta property=\"og:locale\" content=\"pt_BR\" \/>\n<meta property=\"og:type\" content=\"article\" \/>\n<meta property=\"og:title\" content=\"Funda\u00e7\u00e3o Imaculada M\u00e3e de Deus de Angola tem novo Governo - Not\u00edcias - Franciscanos\" \/>\n<meta property=\"og:description\" content=\"Assembleia Capitular da FIMDA\" \/>\n<meta property=\"og:url\" content=\"https:\/\/franciscanos.org.br\/noticias\/fundacao-imaculada-mae-de-deus-de-angola-tem-novo-governo.html\" \/>\n<meta property=\"og:site_name\" content=\"Not\u00edcias - Franciscanos\" \/>\n<meta property=\"article:published_time\" content=\"2022-07-27T19:39:41+00:00\" \/>\n<meta property=\"og:image\" content=\"https:\/\/franciscanos.org.br\/noticias\/wp-content\/uploads\/2022\/07\/encerramento_27.jpg\" \/>\n\t<meta property=\"og:image:width\" content=\"1152\" \/>\n\t<meta property=\"og:image:height\" content=\"648\" \/>\n\t<meta property=\"og:image:type\" content=\"image\/jpeg\" \/>\n<meta name=\"author\" content=\"moacir\" \/>\n<meta name=\"twitter:card\" content=\"summary_large_image\" \/>\n<meta name=\"twitter:label1\" content=\"Escrito por\" \/>\n\t<meta name=\"twitter:data1\" content=\"moacir\" \/>\n\t<meta name=\"twitter:label2\" content=\"Est. tempo de leitura\" \/>\n\t<meta name=\"twitter:data2\" content=\"6 minutos\" \/>\n<script type=\"application\/ld+json\" class=\"yoast-schema-graph\">{\"@context\":\"https:\/\/schema.org\",\"@graph\":[{\"@type\":\"WebSite\",\"@id\":\"https:\/\/franciscanos.org.br\/noticias\/#website\",\"url\":\"https:\/\/franciscanos.org.br\/noticias\/\",\"name\":\"Not\u00edcias - Franciscanos\",\"description\":\"Prov\u00edncia Franciscana da Imaculada Concei\u00e7\u00e3o do Brasil - Ordem dos Frades Menores - OFM\",\"potentialAction\":[{\"@type\":\"SearchAction\",\"target\":{\"@type\":\"EntryPoint\",\"urlTemplate\":\"https:\/\/franciscanos.org.br\/noticias\/?s={search_term_string}\"},\"query-input\":\"required name=search_term_string\"}],\"inLanguage\":\"pt-BR\"},{\"@type\":\"ImageObject\",\"inLanguage\":\"pt-BR\",\"@id\":\"https:\/\/franciscanos.org.br\/noticias\/fundacao-imaculada-mae-de-deus-de-angola-tem-novo-governo.html#primaryimage\",\"url\":\"https:\/\/franciscanos.org.br\/noticias\/wp-content\/uploads\/2022\/07\/encerramento_27.jpg\",\"contentUrl\":\"https:\/\/franciscanos.org.br\/noticias\/wp-content\/uploads\/2022\/07\/encerramento_27.jpg\",\"width\":1152,\"height\":648},{\"@type\":\"WebPage\",\"@id\":\"https:\/\/franciscanos.org.br\/noticias\/fundacao-imaculada-mae-de-deus-de-angola-tem-novo-governo.html#webpage\",\"url\":\"https:\/\/franciscanos.org.br\/noticias\/fundacao-imaculada-mae-de-deus-de-angola-tem-novo-governo.html\",\"name\":\"Funda\u00e7\u00e3o Imaculada M\u00e3e de Deus de Angola tem novo Governo - Not\u00edcias - Franciscanos\",\"isPartOf\":{\"@id\":\"https:\/\/franciscanos.org.br\/noticias\/#website\"},\"primaryImageOfPage\":{\"@id\":\"https:\/\/franciscanos.org.br\/noticias\/fundacao-imaculada-mae-de-deus-de-angola-tem-novo-governo.html#primaryimage\"},\"datePublished\":\"2022-07-27T19:39:41+00:00\",\"dateModified\":\"2022-07-27T19:39:41+00:00\",\"author\":{\"@id\":\"https:\/\/franciscanos.org.br\/noticias\/#\/schema\/person\/b5c8cba458c330ccff548b056e95a5d4\"},\"breadcrumb\":{\"@id\":\"https:\/\/franciscanos.org.br\/noticias\/fundacao-imaculada-mae-de-deus-de-angola-tem-novo-governo.html#breadcrumb\"},\"inLanguage\":\"pt-BR\",\"potentialAction\":[{\"@type\":\"ReadAction\",\"target\":[\"https:\/\/franciscanos.org.br\/noticias\/fundacao-imaculada-mae-de-deus-de-angola-tem-novo-governo.html\"]}]},{\"@type\":\"BreadcrumbList\",\"@id\":\"https:\/\/franciscanos.org.br\/noticias\/fundacao-imaculada-mae-de-deus-de-angola-tem-novo-governo.html#breadcrumb\",\"itemListElement\":[{\"@type\":\"ListItem\",\"position\":1,\"name\":\"Home\",\"item\":\"https:\/\/franciscanos.org.br\/noticias\"},{\"@type\":\"ListItem\",\"position\":2,\"name\":\"Funda\u00e7\u00e3o Imaculada M\u00e3e de Deus de Angola tem novo Governo\"}]},{\"@type\":\"Person\",\"@id\":\"https:\/\/franciscanos.org.br\/noticias\/#\/schema\/person\/b5c8cba458c330ccff548b056e95a5d4\",\"name\":\"moacir\",\"image\":{\"@type\":\"ImageObject\",\"inLanguage\":\"pt-BR\",\"@id\":\"https:\/\/franciscanos.org.br\/noticias\/#\/schema\/person\/image\/\",\"url\":\"https:\/\/secure.gravatar.com\/avatar\/d08aa2ce4c8dd416d4479aa8536fcf64?s=96&d=mm&r=g\",\"contentUrl\":\"https:\/\/secure.gravatar.com\/avatar\/d08aa2ce4c8dd416d4479aa8536fcf64?s=96&d=mm&r=g\",\"caption\":\"moacir\"},\"url\":\"https:\/\/franciscanos.org.br\/noticias\/author\/moacir\"}]}<\/script>\n<!-- \/ Yoast SEO plugin. -->","yoast_head_json":{"title":"Funda\u00e7\u00e3o Imaculada M\u00e3e de Deus de Angola tem novo Governo - Not\u00edcias - Franciscanos","robots":{"index":"index","follow":"follow","max-snippet":"max-snippet:-1","max-image-preview":"max-image-preview:large","max-video-preview":"max-video-preview:-1"},"canonical":"https:\/\/franciscanos.org.br\/noticias\/fundacao-imaculada-mae-de-deus-de-angola-tem-novo-governo.html","og_locale":"pt_BR","og_type":"article","og_title":"Funda\u00e7\u00e3o Imaculada M\u00e3e de Deus de Angola tem novo Governo - Not\u00edcias - Franciscanos","og_description":"Assembleia Capitular da FIMDA","og_url":"https:\/\/franciscanos.org.br\/noticias\/fundacao-imaculada-mae-de-deus-de-angola-tem-novo-governo.html","og_site_name":"Not\u00edcias - Franciscanos","article_published_time":"2022-07-27T19:39:41+00:00","og_image":[{"width":1152,"height":648,"url":"https:\/\/franciscanos.org.br\/noticias\/wp-content\/uploads\/2022\/07\/encerramento_27.jpg","type":"image\/jpeg"}],"author":"moacir","twitter_card":"summary_large_image","twitter_misc":{"Escrito por":"moacir","Est. tempo de leitura":"6 minutos"},"schema":{"@context":"https:\/\/schema.org","@graph":[{"@type":"WebSite","@id":"https:\/\/franciscanos.org.br\/noticias\/#website","url":"https:\/\/franciscanos.org.br\/noticias\/","name":"Not\u00edcias - Franciscanos","description":"Prov\u00edncia Franciscana da Imaculada Concei\u00e7\u00e3o do Brasil - Ordem dos Frades Menores - OFM","potentialAction":[{"@type":"SearchAction","target":{"@type":"EntryPoint","urlTemplate":"https:\/\/franciscanos.org.br\/noticias\/?s={search_term_string}"},"query-input":"required name=search_term_string"}],"inLanguage":"pt-BR"},{"@type":"ImageObject","inLanguage":"pt-BR","@id":"https:\/\/franciscanos.org.br\/noticias\/fundacao-imaculada-mae-de-deus-de-angola-tem-novo-governo.html#primaryimage","url":"https:\/\/franciscanos.org.br\/noticias\/wp-content\/uploads\/2022\/07\/encerramento_27.jpg","contentUrl":"https:\/\/franciscanos.org.br\/noticias\/wp-content\/uploads\/2022\/07\/encerramento_27.jpg","width":1152,"height":648},{"@type":"WebPage","@id":"https:\/\/franciscanos.org.br\/noticias\/fundacao-imaculada-mae-de-deus-de-angola-tem-novo-governo.html#webpage","url":"https:\/\/franciscanos.org.br\/noticias\/fundacao-imaculada-mae-de-deus-de-angola-tem-novo-governo.html","name":"Funda\u00e7\u00e3o Imaculada M\u00e3e de Deus de Angola tem novo Governo - Not\u00edcias - Franciscanos","isPartOf":{"@id":"https:\/\/franciscanos.org.br\/noticias\/#website"},"primaryImageOfPage":{"@id":"https:\/\/franciscanos.org.br\/noticias\/fundacao-imaculada-mae-de-deus-de-angola-tem-novo-governo.html#primaryimage"},"datePublished":"2022-07-27T19:39:41+00:00","dateModified":"2022-07-27T19:39:41+00:00","author":{"@id":"https:\/\/franciscanos.org.br\/noticias\/#\/schema\/person\/b5c8cba458c330ccff548b056e95a5d4"},"breadcrumb":{"@id":"https:\/\/franciscanos.org.br\/noticias\/fundacao-imaculada-mae-de-deus-de-angola-tem-novo-governo.html#breadcrumb"},"inLanguage":"pt-BR","potentialAction":[{"@type":"ReadAction","target":["https:\/\/franciscanos.org.br\/noticias\/fundacao-imaculada-mae-de-deus-de-angola-tem-novo-governo.html"]}]},{"@type":"BreadcrumbList","@id":"https:\/\/franciscanos.org.br\/noticias\/fundacao-imaculada-mae-de-deus-de-angola-tem-novo-governo.html#breadcrumb","itemListElement":[{"@type":"ListItem","position":1,"name":"Home","item":"https:\/\/franciscanos.org.br\/noticias"},{"@type":"ListItem","position":2,"name":"Funda\u00e7\u00e3o Imaculada M\u00e3e de Deus de Angola tem novo Governo"}]},{"@type":"Person","@id":"https:\/\/franciscanos.org.br\/noticias\/#\/schema\/person\/b5c8cba458c330ccff548b056e95a5d4","name":"moacir","image":{"@type":"ImageObject","inLanguage":"pt-BR","@id":"https:\/\/franciscanos.org.br\/noticias\/#\/schema\/person\/image\/","url":"https:\/\/secure.gravatar.com\/avatar\/d08aa2ce4c8dd416d4479aa8536fcf64?s=96&d=mm&r=g","contentUrl":"https:\/\/secure.gravatar.com\/avatar\/d08aa2ce4c8dd416d4479aa8536fcf64?s=96&d=mm&r=g","caption":"moacir"},"url":"https:\/\/franciscanos.org.br\/noticias\/author\/moacir"}]}},"_links":{"self":[{"href":"https:\/\/franciscanos.org.br\/noticias\/wp-json\/wp\/v2\/posts\/239087"}],"collection":[{"href":"https:\/\/franciscanos.org.br\/noticias\/wp-json\/wp\/v2\/posts"}],"about":[{"href":"https:\/\/franciscanos.org.br\/noticias\/wp-json\/wp\/v2\/types\/post"}],"author":[{"embeddable":true,"href":"https:\/\/franciscanos.org.br\/noticias\/wp-json\/wp\/v2\/users\/3"}],"replies":[{"embeddable":true,"href":"https:\/\/franciscanos.org.br\/noticias\/wp-json\/wp\/v2\/comments?post=239087"}],"version-history":[{"count":1,"href":"https:\/\/franciscanos.org.br\/noticias\/wp-json\/wp\/v2\/posts\/239087\/revisions"}],"predecessor-version":[{"id":239099,"href":"https:\/\/franciscanos.org.br\/noticias\/wp-json\/wp\/v2\/posts\/239087\/revisions\/239099"}],"wp:featuredmedia":[{"embeddable":true,"href":"https:\/\/franciscanos.org.br\/noticias\/wp-json\/wp\/v2\/media\/239088"}],"wp:attachment":[{"href":"https:\/\/franciscanos.org.br\/noticias\/wp-json\/wp\/v2\/media?parent=239087"}],"wp:term":[{"taxonomy":"category","embeddable":true,"href":"https:\/\/franciscanos.org.br\/noticias\/wp-json\/wp\/v2\/categories?post=239087"},{"taxonomy":"post_tag","embeddable":true,"href":"https:\/\/franciscanos.org.br\/noticias\/wp-json\/wp\/v2\/tags?post=239087"}],"curies":[{"name":"wp","href":"https:\/\/api.w.org\/{rel}","templated":true}]}}