{"id":239072,"date":"2022-07-27T14:18:27","date_gmt":"2022-07-27T17:18:27","guid":{"rendered":"https:\/\/franciscanos.org.br\/noticias\/?p=239072"},"modified":"2022-07-27T14:19:45","modified_gmt":"2022-07-27T17:19:45","slug":"tarde-de-espiritualidade-com-os-benfeitores-de-sao-paulo","status":"publish","type":"post","link":"https:\/\/franciscanos.org.br\/noticias\/tarde-de-espiritualidade-com-os-benfeitores-de-sao-paulo.html","title":{"rendered":"Tarde de espiritualidade com os benfeitores de S\u00e3o Paulo"},"content":{"rendered":"<p><img loading=\"lazy\" class=\"alignnone wp-image-239073 size-full\" src=\"https:\/\/franciscanos.org.br\/noticias\/wp-content\/uploads\/2022\/07\/2022-07-26_encontrobenf.png\" alt=\"\" width=\"1280\" height=\"720\" srcset=\"https:\/\/franciscanos.org.br\/noticias\/wp-content\/uploads\/2022\/07\/2022-07-26_encontrobenf.png 1280w, https:\/\/franciscanos.org.br\/noticias\/wp-content\/uploads\/2022\/07\/2022-07-26_encontrobenf-450x253.png 450w, https:\/\/franciscanos.org.br\/noticias\/wp-content\/uploads\/2022\/07\/2022-07-26_encontrobenf-1024x576.png 1024w, https:\/\/franciscanos.org.br\/noticias\/wp-content\/uploads\/2022\/07\/2022-07-26_encontrobenf-768x432.png 768w, https:\/\/franciscanos.org.br\/noticias\/wp-content\/uploads\/2022\/07\/2022-07-26_encontrobenf-150x84.png 150w\" sizes=\"(max-width: 1280px) 100vw, 1280px\" \/><\/p>\n<p>No dia em que a Igreja comemorou a mem\u00f3ria lit\u00fargica dos av\u00f3s de Jesus, S\u00e3o Joaquim e Sant\u2019Ana, cerca de 23 benfeitores do Pr\u00f3-Voca\u00e7\u00f5es e Miss\u00f5es Franciscanas se reuniram para uma tarde de espiritualidade no Convento S\u00e3o Francisco em S\u00e3o Paulo (SP). O encontro foi coordenado pelos Freis Gabriel Dellandrea e Je\u00e2 Paulo Andrade. Participaram tamb\u00e9m, os frades estudantes, do tempo da Teologia, Frei Andr\u00e9 dos Santos Sungo Mingas e Frei Jos\u00e9 Jo\u00e3o Ganga, da Funda\u00e7\u00e3o Imaculada M\u00e3e de Deus de Angola (FIMDA), que durante o m\u00eas de julho fazem o est\u00e1gio pastoral na Sede Provincial, em S\u00e3o Paulo.<\/p>\n<p>Frei Gabriel e Frei Je\u00e2 Paulo acolheram os benfeitores e, na primeira parte do encontro, e conduziram uma forma\u00e7\u00e3o e momento de espiritualidade. Por meio de v\u00eddeos, reflex\u00f5es, m\u00fasicas e partilhas, os participantes puderam se aproximar ainda mais do carisma franciscano e perceber a sua potencialidade diante dos aspectos negativos e positivos do nosso tempo.<\/p>\n<p><img loading=\"lazy\" class=\"alignnone size-full wp-image-239074\" src=\"https:\/\/franciscanos.org.br\/noticias\/wp-content\/uploads\/2022\/07\/2022-07-26_encontrobenf1.png\" alt=\"\" width=\"1280\" height=\"720\" srcset=\"https:\/\/franciscanos.org.br\/noticias\/wp-content\/uploads\/2022\/07\/2022-07-26_encontrobenf1.png 1280w, https:\/\/franciscanos.org.br\/noticias\/wp-content\/uploads\/2022\/07\/2022-07-26_encontrobenf1-450x253.png 450w, https:\/\/franciscanos.org.br\/noticias\/wp-content\/uploads\/2022\/07\/2022-07-26_encontrobenf1-1024x576.png 1024w, https:\/\/franciscanos.org.br\/noticias\/wp-content\/uploads\/2022\/07\/2022-07-26_encontrobenf1-768x432.png 768w, https:\/\/franciscanos.org.br\/noticias\/wp-content\/uploads\/2022\/07\/2022-07-26_encontrobenf1-150x84.png 150w\" sizes=\"(max-width: 1280px) 100vw, 1280px\" \/><\/p>\n<p>A reflex\u00e3o utilizou como grande conte\u00fado a <em>Ora\u00e7\u00e3o pela Paz,<\/em> atribu\u00edda a S\u00e3o Francisco. Frei Je\u00e2 apresentou-a, sugerindo que cada frase lembrasse um epis\u00f3dio da vida do santo, fazendo um resgate dos momentos essenciais do<em> Poverello<\/em> de Assis. Em seguida, Frei Gabriel refletiu \u00a0sobre o uso das tecnologias nos tempos de hoje, afirmando que elas podem ser um potencial evangelizador e de divulga\u00e7\u00e3o do carisma franciscano, mas que precisam passar pelo crivo do bom uso.<\/p>\n<p><img loading=\"lazy\" class=\"alignnone size-full wp-image-239075\" src=\"https:\/\/franciscanos.org.br\/noticias\/wp-content\/uploads\/2022\/07\/2022-07-26_encontrobenf2.png\" alt=\"\" width=\"1280\" height=\"720\" srcset=\"https:\/\/franciscanos.org.br\/noticias\/wp-content\/uploads\/2022\/07\/2022-07-26_encontrobenf2.png 1280w, https:\/\/franciscanos.org.br\/noticias\/wp-content\/uploads\/2022\/07\/2022-07-26_encontrobenf2-450x253.png 450w, https:\/\/franciscanos.org.br\/noticias\/wp-content\/uploads\/2022\/07\/2022-07-26_encontrobenf2-1024x576.png 1024w, https:\/\/franciscanos.org.br\/noticias\/wp-content\/uploads\/2022\/07\/2022-07-26_encontrobenf2-768x432.png 768w, https:\/\/franciscanos.org.br\/noticias\/wp-content\/uploads\/2022\/07\/2022-07-26_encontrobenf2-150x84.png 150w\" sizes=\"(max-width: 1280px) 100vw, 1280px\" \/><\/p>\n<p>Como parte do encontro, os benfeitores participaram da Celebra\u00e7\u00e3o Eucar\u00edstica, presidida por Frei Guido Moacir Scheidt e concelebrada pelo Frei Edvaldo Batista Soares e Frei Marcos Hollman.<\/p>\n<p>Em sua homilia, Frei Guido contextualizou sobre o Pr\u00f3-Voca\u00e7\u00f5es e Miss\u00f5es Franciscanas, um servi\u00e7o da Prov\u00edncia da Imaculada, assim como o Servi\u00e7o de Anima\u00e7\u00e3o Vocacional, conduzidos pelos frades. Para o celebrante, os benfeitores ajudam muito na forma\u00e7\u00e3o dos frades, na promo\u00e7\u00e3o do carisma franciscano e tamb\u00e9m na manuten\u00e7\u00e3o daquilo que \u00e9 necess\u00e1rio na forma\u00e7\u00e3o do frade menor. \u201cNosso agradecimento sincero aos frades que trabalham na Anima\u00e7\u00e3o Vocacional e aos nossos benfeitores\u201d, completou Frei Guido.<\/p>\n<p><img loading=\"lazy\" class=\"alignnone size-full wp-image-239076\" src=\"https:\/\/franciscanos.org.br\/noticias\/wp-content\/uploads\/2022\/07\/2022-07-26_encontrobenf3.png\" alt=\"\" width=\"1280\" height=\"720\" srcset=\"https:\/\/franciscanos.org.br\/noticias\/wp-content\/uploads\/2022\/07\/2022-07-26_encontrobenf3.png 1280w, https:\/\/franciscanos.org.br\/noticias\/wp-content\/uploads\/2022\/07\/2022-07-26_encontrobenf3-450x253.png 450w, https:\/\/franciscanos.org.br\/noticias\/wp-content\/uploads\/2022\/07\/2022-07-26_encontrobenf3-1024x576.png 1024w, https:\/\/franciscanos.org.br\/noticias\/wp-content\/uploads\/2022\/07\/2022-07-26_encontrobenf3-768x432.png 768w, https:\/\/franciscanos.org.br\/noticias\/wp-content\/uploads\/2022\/07\/2022-07-26_encontrobenf3-150x84.png 150w\" sizes=\"(max-width: 1280px) 100vw, 1280px\" \/><\/p>\n<p>Nesta mesma celebra\u00e7\u00e3o, Frei Gabriel, que ser\u00e1 ordenado di\u00e1cono no pr\u00f3ximo s\u00e1bado, professou a f\u00e9, jurou fidelidade \u00e0 Igreja Cat\u00f3lica e renovou as promessas batismais publicamente, como parte do rito de ordena\u00e7\u00e3o diaconal.<\/p>\n\n\t\t<style type=\"text\/css\">\n\t\t\t#gallery-1 {\n\t\t\t\tmargin: auto;\n\t\t\t}\n\t\t\t#gallery-1 .gallery-item {\n\t\t\t\tfloat: left;\n\t\t\t\tmargin-top: 10px;\n\t\t\t\ttext-align: center;\n\t\t\t\twidth: 33%;\n\t\t\t}\n\t\t\t#gallery-1 img {\n\t\t\t\tborder: 2px solid #cfcfcf;\n\t\t\t}\n\t\t\t#gallery-1 .gallery-caption {\n\t\t\t\tmargin-left: 0;\n\t\t\t}\n\t\t\t\/* see gallery_shortcode() in wp-includes\/media.php *\/\n\t\t<\/style>\n\t\t<div id='gallery-1' class='gallery galleryid-239072 gallery-columns-3 gallery-size-thumbnail'><dl class='gallery-item'>\n\t\t\t<dt class='gallery-icon landscape'>\n\t\t\t\t<a href='https:\/\/franciscanos.org.br\/noticias\/tarde-de-espiritualidade-com-os-benfeitores-de-sao-paulo.html\/2022-07-26_encontrobenf4'><img width=\"300\" height=\"300\" src=\"https:\/\/franciscanos.org.br\/noticias\/wp-content\/uploads\/2022\/07\/2022-07-26_encontrobenf4-300x300.png\" class=\"attachment-thumbnail size-thumbnail\" alt=\"\" loading=\"lazy\" srcset=\"https:\/\/franciscanos.org.br\/noticias\/wp-content\/uploads\/2022\/07\/2022-07-26_encontrobenf4-300x300.png 300w, https:\/\/franciscanos.org.br\/noticias\/wp-content\/uploads\/2022\/07\/2022-07-26_encontrobenf4-100x100.png 100w\" sizes=\"(max-width: 300px) 100vw, 300px\" \/><\/a>\n\t\t\t<\/dt><\/dl><dl class='gallery-item'>\n\t\t\t<dt class='gallery-icon landscape'>\n\t\t\t\t<a href='https:\/\/franciscanos.org.br\/noticias\/tarde-de-espiritualidade-com-os-benfeitores-de-sao-paulo.html\/2022-07-26_encontrobenf5'><img width=\"300\" height=\"300\" src=\"https:\/\/franciscanos.org.br\/noticias\/wp-content\/uploads\/2022\/07\/2022-07-26_encontrobenf5-300x300.png\" class=\"attachment-thumbnail size-thumbnail\" alt=\"\" loading=\"lazy\" srcset=\"https:\/\/franciscanos.org.br\/noticias\/wp-content\/uploads\/2022\/07\/2022-07-26_encontrobenf5-300x300.png 300w, https:\/\/franciscanos.org.br\/noticias\/wp-content\/uploads\/2022\/07\/2022-07-26_encontrobenf5-100x100.png 100w\" sizes=\"(max-width: 300px) 100vw, 300px\" \/><\/a>\n\t\t\t<\/dt><\/dl><dl class='gallery-item'>\n\t\t\t<dt class='gallery-icon landscape'>\n\t\t\t\t<a href='https:\/\/franciscanos.org.br\/noticias\/tarde-de-espiritualidade-com-os-benfeitores-de-sao-paulo.html\/2022-07-26_encontrobenf6'><img width=\"300\" height=\"300\" src=\"https:\/\/franciscanos.org.br\/noticias\/wp-content\/uploads\/2022\/07\/2022-07-26_encontrobenf6-300x300.png\" class=\"attachment-thumbnail size-thumbnail\" alt=\"\" loading=\"lazy\" srcset=\"https:\/\/franciscanos.org.br\/noticias\/wp-content\/uploads\/2022\/07\/2022-07-26_encontrobenf6-300x300.png 300w, https:\/\/franciscanos.org.br\/noticias\/wp-content\/uploads\/2022\/07\/2022-07-26_encontrobenf6-100x100.png 100w\" sizes=\"(max-width: 300px) 100vw, 300px\" \/><\/a>\n\t\t\t<\/dt><\/dl><br style=\"clear: both\" \/>\n\t\t<\/div>\n\n<p style=\"text-align: center;\"><em>(Clique nas imagens para ampliar)<\/em><\/p>\n<p>Por fim, Frei Gabriel agradeceu a participa\u00e7\u00e3o de todos os presentes e convidou-os a participar da Celebra\u00e7\u00e3o Eucar\u00edstica de sua ordena\u00e7\u00e3o diaconal.<\/p>\n<p>O encontro terminou com a foto oficial e a partilha com um caf\u00e9 da tarde preparado pelo Convento.<\/p>\n<hr \/>\n<p><em>Frei Gabriel Dellandrea, OFM e Lucas Santos<\/em><\/p>\n<p><img loading=\"lazy\" class=\"alignnone size-full wp-image-239080\" src=\"https:\/\/franciscanos.org.br\/noticias\/wp-content\/uploads\/2022\/07\/2022-07-26_encontrobenf7.png\" alt=\"\" width=\"1280\" height=\"720\" srcset=\"https:\/\/franciscanos.org.br\/noticias\/wp-content\/uploads\/2022\/07\/2022-07-26_encontrobenf7.png 1280w, https:\/\/franciscanos.org.br\/noticias\/wp-content\/uploads\/2022\/07\/2022-07-26_encontrobenf7-450x253.png 450w, https:\/\/franciscanos.org.br\/noticias\/wp-content\/uploads\/2022\/07\/2022-07-26_encontrobenf7-1024x576.png 1024w, https:\/\/franciscanos.org.br\/noticias\/wp-content\/uploads\/2022\/07\/2022-07-26_encontrobenf7-768x432.png 768w, https:\/\/franciscanos.org.br\/noticias\/wp-content\/uploads\/2022\/07\/2022-07-26_encontrobenf7-150x84.png 150w\" sizes=\"(max-width: 1280px) 100vw, 1280px\" \/><\/p>\n","protected":false},"excerpt":{"rendered":"<p>Pr\u00f3-Voca\u00e7\u00f5es e Miss\u00f5es Franciscanas<\/p>\n","protected":false},"author":1,"featured_media":239081,"comment_status":"open","ping_status":"open","sticky":false,"template":"","format":"standard","meta":[],"categories":[1],"tags":[254],"acf":[],"yoast_head":"<!-- This site is optimized with the Yoast SEO plugin v19.2 - https:\/\/yoast.com\/wordpress\/plugins\/seo\/ -->\n<title>Tarde de espiritualidade com os benfeitores de S\u00e3o Paulo - Not\u00edcias - Franciscanos<\/title>\n<meta name=\"robots\" content=\"index, follow, max-snippet:-1, max-image-preview:large, max-video-preview:-1\" \/>\n<link rel=\"canonical\" href=\"https:\/\/franciscanos.org.br\/noticias\/tarde-de-espiritualidade-com-os-benfeitores-de-sao-paulo.html\" \/>\n<meta property=\"og:locale\" content=\"pt_BR\" \/>\n<meta property=\"og:type\" content=\"article\" \/>\n<meta property=\"og:title\" content=\"Tarde de espiritualidade com os benfeitores de S\u00e3o Paulo - Not\u00edcias - Franciscanos\" \/>\n<meta property=\"og:description\" content=\"Pr\u00f3-Voca\u00e7\u00f5es e Miss\u00f5es Franciscanas\" \/>\n<meta property=\"og:url\" content=\"https:\/\/franciscanos.org.br\/noticias\/tarde-de-espiritualidade-com-os-benfeitores-de-sao-paulo.html\" \/>\n<meta property=\"og:site_name\" content=\"Not\u00edcias - Franciscanos\" \/>\n<meta property=\"article:published_time\" content=\"2022-07-27T17:18:27+00:00\" \/>\n<meta property=\"article:modified_time\" content=\"2022-07-27T17:19:45+00:00\" \/>\n<meta property=\"og:image\" content=\"https:\/\/franciscanos.org.br\/noticias\/wp-content\/uploads\/2022\/07\/2022-07-26_encontrobenfd.png\" \/>\n\t<meta property=\"og:image:width\" content=\"800\" \/>\n\t<meta property=\"og:image:height\" content=\"550\" \/>\n\t<meta property=\"og:image:type\" content=\"image\/png\" \/>\n<meta name=\"author\" content=\"admin\" \/>\n<meta name=\"twitter:card\" content=\"summary_large_image\" \/>\n<meta name=\"twitter:label1\" content=\"Escrito por\" \/>\n\t<meta name=\"twitter:data1\" content=\"admin\" \/>\n\t<meta name=\"twitter:label2\" content=\"Est. tempo de leitura\" \/>\n\t<meta name=\"twitter:data2\" content=\"2 minutos\" \/>\n<script type=\"application\/ld+json\" class=\"yoast-schema-graph\">{\"@context\":\"https:\/\/schema.org\",\"@graph\":[{\"@type\":\"WebSite\",\"@id\":\"https:\/\/franciscanos.org.br\/noticias\/#website\",\"url\":\"https:\/\/franciscanos.org.br\/noticias\/\",\"name\":\"Not\u00edcias - Franciscanos\",\"description\":\"Prov\u00edncia Franciscana da Imaculada Concei\u00e7\u00e3o do Brasil - Ordem dos Frades Menores - OFM\",\"potentialAction\":[{\"@type\":\"SearchAction\",\"target\":{\"@type\":\"EntryPoint\",\"urlTemplate\":\"https:\/\/franciscanos.org.br\/noticias\/?s={search_term_string}\"},\"query-input\":\"required name=search_term_string\"}],\"inLanguage\":\"pt-BR\"},{\"@type\":\"ImageObject\",\"inLanguage\":\"pt-BR\",\"@id\":\"https:\/\/franciscanos.org.br\/noticias\/tarde-de-espiritualidade-com-os-benfeitores-de-sao-paulo.html#primaryimage\",\"url\":\"https:\/\/franciscanos.org.br\/noticias\/wp-content\/uploads\/2022\/07\/2022-07-26_encontrobenfd.png\",\"contentUrl\":\"https:\/\/franciscanos.org.br\/noticias\/wp-content\/uploads\/2022\/07\/2022-07-26_encontrobenfd.png\",\"width\":800,\"height\":550},{\"@type\":\"WebPage\",\"@id\":\"https:\/\/franciscanos.org.br\/noticias\/tarde-de-espiritualidade-com-os-benfeitores-de-sao-paulo.html#webpage\",\"url\":\"https:\/\/franciscanos.org.br\/noticias\/tarde-de-espiritualidade-com-os-benfeitores-de-sao-paulo.html\",\"name\":\"Tarde de espiritualidade com os benfeitores de S\u00e3o Paulo - Not\u00edcias - Franciscanos\",\"isPartOf\":{\"@id\":\"https:\/\/franciscanos.org.br\/noticias\/#website\"},\"primaryImageOfPage\":{\"@id\":\"https:\/\/franciscanos.org.br\/noticias\/tarde-de-espiritualidade-com-os-benfeitores-de-sao-paulo.html#primaryimage\"},\"datePublished\":\"2022-07-27T17:18:27+00:00\",\"dateModified\":\"2022-07-27T17:19:45+00:00\",\"author\":{\"@id\":\"https:\/\/franciscanos.org.br\/noticias\/#\/schema\/person\/b38fbf43118f02820bd932f2e4b14ad3\"},\"breadcrumb\":{\"@id\":\"https:\/\/franciscanos.org.br\/noticias\/tarde-de-espiritualidade-com-os-benfeitores-de-sao-paulo.html#breadcrumb\"},\"inLanguage\":\"pt-BR\",\"potentialAction\":[{\"@type\":\"ReadAction\",\"target\":[\"https:\/\/franciscanos.org.br\/noticias\/tarde-de-espiritualidade-com-os-benfeitores-de-sao-paulo.html\"]}]},{\"@type\":\"BreadcrumbList\",\"@id\":\"https:\/\/franciscanos.org.br\/noticias\/tarde-de-espiritualidade-com-os-benfeitores-de-sao-paulo.html#breadcrumb\",\"itemListElement\":[{\"@type\":\"ListItem\",\"position\":1,\"name\":\"Home\",\"item\":\"https:\/\/franciscanos.org.br\/noticias\"},{\"@type\":\"ListItem\",\"position\":2,\"name\":\"Tarde de espiritualidade com os benfeitores de S\u00e3o Paulo\"}]},{\"@type\":\"Person\",\"@id\":\"https:\/\/franciscanos.org.br\/noticias\/#\/schema\/person\/b38fbf43118f02820bd932f2e4b14ad3\",\"name\":\"admin\",\"image\":{\"@type\":\"ImageObject\",\"inLanguage\":\"pt-BR\",\"@id\":\"https:\/\/franciscanos.org.br\/noticias\/#\/schema\/person\/image\/\",\"url\":\"https:\/\/secure.gravatar.com\/avatar\/e8495742d34d0ba6448ea1c628263b3e?s=96&d=mm&r=g\",\"contentUrl\":\"https:\/\/secure.gravatar.com\/avatar\/e8495742d34d0ba6448ea1c628263b3e?s=96&d=mm&r=g\",\"caption\":\"admin\"},\"url\":\"https:\/\/franciscanos.org.br\/noticias\/author\/admin\"}]}<\/script>\n<!-- \/ Yoast SEO plugin. -->","yoast_head_json":{"title":"Tarde de espiritualidade com os benfeitores de S\u00e3o Paulo - Not\u00edcias - Franciscanos","robots":{"index":"index","follow":"follow","max-snippet":"max-snippet:-1","max-image-preview":"max-image-preview:large","max-video-preview":"max-video-preview:-1"},"canonical":"https:\/\/franciscanos.org.br\/noticias\/tarde-de-espiritualidade-com-os-benfeitores-de-sao-paulo.html","og_locale":"pt_BR","og_type":"article","og_title":"Tarde de espiritualidade com os benfeitores de S\u00e3o Paulo - Not\u00edcias - Franciscanos","og_description":"Pr\u00f3-Voca\u00e7\u00f5es e Miss\u00f5es Franciscanas","og_url":"https:\/\/franciscanos.org.br\/noticias\/tarde-de-espiritualidade-com-os-benfeitores-de-sao-paulo.html","og_site_name":"Not\u00edcias - Franciscanos","article_published_time":"2022-07-27T17:18:27+00:00","article_modified_time":"2022-07-27T17:19:45+00:00","og_image":[{"width":800,"height":550,"url":"https:\/\/franciscanos.org.br\/noticias\/wp-content\/uploads\/2022\/07\/2022-07-26_encontrobenfd.png","type":"image\/png"}],"author":"admin","twitter_card":"summary_large_image","twitter_misc":{"Escrito por":"admin","Est. tempo de leitura":"2 minutos"},"schema":{"@context":"https:\/\/schema.org","@graph":[{"@type":"WebSite","@id":"https:\/\/franciscanos.org.br\/noticias\/#website","url":"https:\/\/franciscanos.org.br\/noticias\/","name":"Not\u00edcias - Franciscanos","description":"Prov\u00edncia Franciscana da Imaculada Concei\u00e7\u00e3o do Brasil - Ordem dos Frades Menores - OFM","potentialAction":[{"@type":"SearchAction","target":{"@type":"EntryPoint","urlTemplate":"https:\/\/franciscanos.org.br\/noticias\/?s={search_term_string}"},"query-input":"required name=search_term_string"}],"inLanguage":"pt-BR"},{"@type":"ImageObject","inLanguage":"pt-BR","@id":"https:\/\/franciscanos.org.br\/noticias\/tarde-de-espiritualidade-com-os-benfeitores-de-sao-paulo.html#primaryimage","url":"https:\/\/franciscanos.org.br\/noticias\/wp-content\/uploads\/2022\/07\/2022-07-26_encontrobenfd.png","contentUrl":"https:\/\/franciscanos.org.br\/noticias\/wp-content\/uploads\/2022\/07\/2022-07-26_encontrobenfd.png","width":800,"height":550},{"@type":"WebPage","@id":"https:\/\/franciscanos.org.br\/noticias\/tarde-de-espiritualidade-com-os-benfeitores-de-sao-paulo.html#webpage","url":"https:\/\/franciscanos.org.br\/noticias\/tarde-de-espiritualidade-com-os-benfeitores-de-sao-paulo.html","name":"Tarde de espiritualidade com os benfeitores de S\u00e3o Paulo - Not\u00edcias - Franciscanos","isPartOf":{"@id":"https:\/\/franciscanos.org.br\/noticias\/#website"},"primaryImageOfPage":{"@id":"https:\/\/franciscanos.org.br\/noticias\/tarde-de-espiritualidade-com-os-benfeitores-de-sao-paulo.html#primaryimage"},"datePublished":"2022-07-27T17:18:27+00:00","dateModified":"2022-07-27T17:19:45+00:00","author":{"@id":"https:\/\/franciscanos.org.br\/noticias\/#\/schema\/person\/b38fbf43118f02820bd932f2e4b14ad3"},"breadcrumb":{"@id":"https:\/\/franciscanos.org.br\/noticias\/tarde-de-espiritualidade-com-os-benfeitores-de-sao-paulo.html#breadcrumb"},"inLanguage":"pt-BR","potentialAction":[{"@type":"ReadAction","target":["https:\/\/franciscanos.org.br\/noticias\/tarde-de-espiritualidade-com-os-benfeitores-de-sao-paulo.html"]}]},{"@type":"BreadcrumbList","@id":"https:\/\/franciscanos.org.br\/noticias\/tarde-de-espiritualidade-com-os-benfeitores-de-sao-paulo.html#breadcrumb","itemListElement":[{"@type":"ListItem","position":1,"name":"Home","item":"https:\/\/franciscanos.org.br\/noticias"},{"@type":"ListItem","position":2,"name":"Tarde de espiritualidade com os benfeitores de S\u00e3o Paulo"}]},{"@type":"Person","@id":"https:\/\/franciscanos.org.br\/noticias\/#\/schema\/person\/b38fbf43118f02820bd932f2e4b14ad3","name":"admin","image":{"@type":"ImageObject","inLanguage":"pt-BR","@id":"https:\/\/franciscanos.org.br\/noticias\/#\/schema\/person\/image\/","url":"https:\/\/secure.gravatar.com\/avatar\/e8495742d34d0ba6448ea1c628263b3e?s=96&d=mm&r=g","contentUrl":"https:\/\/secure.gravatar.com\/avatar\/e8495742d34d0ba6448ea1c628263b3e?s=96&d=mm&r=g","caption":"admin"},"url":"https:\/\/franciscanos.org.br\/noticias\/author\/admin"}]}},"_links":{"self":[{"href":"https:\/\/franciscanos.org.br\/noticias\/wp-json\/wp\/v2\/posts\/239072"}],"collection":[{"href":"https:\/\/franciscanos.org.br\/noticias\/wp-json\/wp\/v2\/posts"}],"about":[{"href":"https:\/\/franciscanos.org.br\/noticias\/wp-json\/wp\/v2\/types\/post"}],"author":[{"embeddable":true,"href":"https:\/\/franciscanos.org.br\/noticias\/wp-json\/wp\/v2\/users\/1"}],"replies":[{"embeddable":true,"href":"https:\/\/franciscanos.org.br\/noticias\/wp-json\/wp\/v2\/comments?post=239072"}],"version-history":[{"count":2,"href":"https:\/\/franciscanos.org.br\/noticias\/wp-json\/wp\/v2\/posts\/239072\/revisions"}],"predecessor-version":[{"id":239083,"href":"https:\/\/franciscanos.org.br\/noticias\/wp-json\/wp\/v2\/posts\/239072\/revisions\/239083"}],"wp:featuredmedia":[{"embeddable":true,"href":"https:\/\/franciscanos.org.br\/noticias\/wp-json\/wp\/v2\/media\/239081"}],"wp:attachment":[{"href":"https:\/\/franciscanos.org.br\/noticias\/wp-json\/wp\/v2\/media?parent=239072"}],"wp:term":[{"taxonomy":"category","embeddable":true,"href":"https:\/\/franciscanos.org.br\/noticias\/wp-json\/wp\/v2\/categories?post=239072"},{"taxonomy":"post_tag","embeddable":true,"href":"https:\/\/franciscanos.org.br\/noticias\/wp-json\/wp\/v2\/tags?post=239072"}],"curies":[{"name":"wp","href":"https:\/\/api.w.org\/{rel}","templated":true}]}}