{"id":239057,"date":"2022-07-26T16:57:01","date_gmt":"2022-07-26T19:57:01","guid":{"rendered":"https:\/\/franciscanos.org.br\/noticias\/?p=239057"},"modified":"2022-07-26T17:30:21","modified_gmt":"2022-07-26T20:30:21","slug":"todos-somos-responsaveis-pela-administracao-dos-bens-das-nossas-casas-diz-frei-robson-na-assembleia-capitular","status":"publish","type":"post","link":"https:\/\/franciscanos.org.br\/noticias\/todos-somos-responsaveis-pela-administracao-dos-bens-das-nossas-casas-diz-frei-robson-na-assembleia-capitular.html","title":{"rendered":"\u201cTodos somos respons\u00e1veis pela administra\u00e7\u00e3o dos bens das nossas casas\u201d, diz Frei Robson na Assembleia Capitular"},"content":{"rendered":"<p><img loading=\"lazy\" class=\"alignnone size-full wp-image-239058\" src=\"https:\/\/franciscanos.org.br\/noticias\/wp-content\/uploads\/2022\/07\/segundo2622_1.jpg\" alt=\"\" width=\"1280\" height=\"720\" srcset=\"https:\/\/franciscanos.org.br\/noticias\/wp-content\/uploads\/2022\/07\/segundo2622_1.jpg 1280w, https:\/\/franciscanos.org.br\/noticias\/wp-content\/uploads\/2022\/07\/segundo2622_1-450x253.jpg 450w, https:\/\/franciscanos.org.br\/noticias\/wp-content\/uploads\/2022\/07\/segundo2622_1-1024x576.jpg 1024w, https:\/\/franciscanos.org.br\/noticias\/wp-content\/uploads\/2022\/07\/segundo2622_1-768x432.jpg 768w, https:\/\/franciscanos.org.br\/noticias\/wp-content\/uploads\/2022\/07\/segundo2622_1-150x84.jpg 150w\" sizes=\"(max-width: 1280px) 100vw, 1280px\" \/><\/p>\n<p>O segundo dia da Assembleia Capitular da Funda\u00e7\u00e3o Imaculada M\u00e3e de Deus de Angola (FIMDA) ficou marcado, na parte da manh\u00e3, pela leitura dos relat\u00f3rios do presidente da Funda\u00e7\u00e3o, Ant\u00f3nio B. Zovo Baza, e dos Secretariados de Evangeliza\u00e7\u00e3o e Forma\u00e7\u00e3o. Na parte da tarde, Frei Robson Scudela apresentou o documento \u201cEconomia a servi\u00e7o do Carisma e da Miss\u00e3o\u201d. Frei Ivair Bueno de Carvalho e Frei Jos\u00e9 Morais Cambolo \u00a0foram os moderadores das se\u00e7\u00f5es.<\/p>\n<p>Frei Ant\u00f3nio Zovo, em seu relat\u00f3rio, disse que a pandemia da Covid-19 trouxe muitas limita\u00e7\u00f5es, sendo a mais sonante a impossibilidade das reuni\u00f5es presenciais do Conselho. Entretanto, durante o tri\u00eanio foi poss\u00edvel iniciar a constru\u00e7\u00e3o da Igreja matriz da Par\u00f3quia de Santos M\u00e1rtires de Uganda, em Malanje, e \u00a0de S\u00e3o Lucas, em Luanda. Tamb\u00e9m foi assumida a Quase-Par\u00f3quia Santa Teresinha do Menino Jesus, no munic\u00edpio de Cangandala, em Malanje.<\/p>\n<p><img loading=\"lazy\" class=\"alignnone wp-image-239059 size-full\" src=\"https:\/\/franciscanos.org.br\/noticias\/wp-content\/uploads\/2022\/07\/segundo26_422.jpg\" alt=\"\" width=\"1152\" height=\"768\" srcset=\"https:\/\/franciscanos.org.br\/noticias\/wp-content\/uploads\/2022\/07\/segundo26_422.jpg 1152w, https:\/\/franciscanos.org.br\/noticias\/wp-content\/uploads\/2022\/07\/segundo26_422-450x300.jpg 450w, https:\/\/franciscanos.org.br\/noticias\/wp-content\/uploads\/2022\/07\/segundo26_422-1024x683.jpg 1024w, https:\/\/franciscanos.org.br\/noticias\/wp-content\/uploads\/2022\/07\/segundo26_422-768x512.jpg 768w, https:\/\/franciscanos.org.br\/noticias\/wp-content\/uploads\/2022\/07\/segundo26_422-150x100.jpg 150w\" sizes=\"(max-width: 1152px) 100vw, 1152px\" \/><\/p>\n<p>O secret\u00e1rio de Evangeliza\u00e7\u00e3o, Frei Laerte de Faria dos Santos, frisou que, no tocante \u00e0 evangeliza\u00e7\u00e3o, foi feito o poss\u00edvel, mas que ainda h\u00e1 muito por ser feito. Por outro lado, o secret\u00e1rio da Forma\u00e7\u00e3o, Frei Marco Antonio dos Santos, elogiou o n\u00famero crescente de frades, contudo apelou \u00e0 urg\u00eancia da forma\u00e7\u00e3o de formadores para melhor corresponder \u00e0s necessidades do processo formativo na FIMDA. \u00a0Na sequ\u00eancia, passou-se para as discuss\u00f5es nos grupos.<\/p>\n\n\t\t<style type=\"text\/css\">\n\t\t\t#gallery-1 {\n\t\t\t\tmargin: auto;\n\t\t\t}\n\t\t\t#gallery-1 .gallery-item {\n\t\t\t\tfloat: left;\n\t\t\t\tmargin-top: 10px;\n\t\t\t\ttext-align: center;\n\t\t\t\twidth: 16%;\n\t\t\t}\n\t\t\t#gallery-1 img {\n\t\t\t\tborder: 2px solid #cfcfcf;\n\t\t\t}\n\t\t\t#gallery-1 .gallery-caption {\n\t\t\t\tmargin-left: 0;\n\t\t\t}\n\t\t\t\/* see gallery_shortcode() in wp-includes\/media.php *\/\n\t\t<\/style>\n\t\t<div id='gallery-1' class='gallery galleryid-239057 gallery-columns-6 gallery-size-thumbnail'><dl class='gallery-item'>\n\t\t\t<dt class='gallery-icon landscape'>\n\t\t\t\t<a href='https:\/\/franciscanos.org.br\/noticias\/wp-content\/uploads\/2022\/07\/segundo26_122.jpg'><img width=\"300\" height=\"300\" src=\"https:\/\/franciscanos.org.br\/noticias\/wp-content\/uploads\/2022\/07\/segundo26_122-300x300.jpg\" class=\"attachment-thumbnail size-thumbnail\" alt=\"\" loading=\"lazy\" srcset=\"https:\/\/franciscanos.org.br\/noticias\/wp-content\/uploads\/2022\/07\/segundo26_122-300x300.jpg 300w, https:\/\/franciscanos.org.br\/noticias\/wp-content\/uploads\/2022\/07\/segundo26_122-100x100.jpg 100w\" sizes=\"(max-width: 300px) 100vw, 300px\" \/><\/a>\n\t\t\t<\/dt><\/dl><dl class='gallery-item'>\n\t\t\t<dt class='gallery-icon landscape'>\n\t\t\t\t<a href='https:\/\/franciscanos.org.br\/noticias\/wp-content\/uploads\/2022\/07\/segundo26_222.jpg'><img width=\"300\" height=\"300\" src=\"https:\/\/franciscanos.org.br\/noticias\/wp-content\/uploads\/2022\/07\/segundo26_222-300x300.jpg\" class=\"attachment-thumbnail size-thumbnail\" alt=\"\" loading=\"lazy\" srcset=\"https:\/\/franciscanos.org.br\/noticias\/wp-content\/uploads\/2022\/07\/segundo26_222-300x300.jpg 300w, https:\/\/franciscanos.org.br\/noticias\/wp-content\/uploads\/2022\/07\/segundo26_222-100x100.jpg 100w\" sizes=\"(max-width: 300px) 100vw, 300px\" \/><\/a>\n\t\t\t<\/dt><\/dl><dl class='gallery-item'>\n\t\t\t<dt class='gallery-icon landscape'>\n\t\t\t\t<a href='https:\/\/franciscanos.org.br\/noticias\/wp-content\/uploads\/2022\/07\/segundo26_322.jpg'><img width=\"300\" height=\"300\" src=\"https:\/\/franciscanos.org.br\/noticias\/wp-content\/uploads\/2022\/07\/segundo26_322-300x300.jpg\" class=\"attachment-thumbnail size-thumbnail\" alt=\"\" loading=\"lazy\" srcset=\"https:\/\/franciscanos.org.br\/noticias\/wp-content\/uploads\/2022\/07\/segundo26_322-300x300.jpg 300w, https:\/\/franciscanos.org.br\/noticias\/wp-content\/uploads\/2022\/07\/segundo26_322-100x100.jpg 100w\" sizes=\"(max-width: 300px) 100vw, 300px\" \/><\/a>\n\t\t\t<\/dt><\/dl><dl class='gallery-item'>\n\t\t\t<dt class='gallery-icon landscape'>\n\t\t\t\t<a href='https:\/\/franciscanos.org.br\/noticias\/wp-content\/uploads\/2022\/07\/segundo26_622.jpg'><img width=\"300\" height=\"300\" src=\"https:\/\/franciscanos.org.br\/noticias\/wp-content\/uploads\/2022\/07\/segundo26_622-300x300.jpg\" class=\"attachment-thumbnail size-thumbnail\" alt=\"\" loading=\"lazy\" srcset=\"https:\/\/franciscanos.org.br\/noticias\/wp-content\/uploads\/2022\/07\/segundo26_622-300x300.jpg 300w, https:\/\/franciscanos.org.br\/noticias\/wp-content\/uploads\/2022\/07\/segundo26_622-100x100.jpg 100w\" sizes=\"(max-width: 300px) 100vw, 300px\" \/><\/a>\n\t\t\t<\/dt><\/dl><dl class='gallery-item'>\n\t\t\t<dt class='gallery-icon landscape'>\n\t\t\t\t<a href='https:\/\/franciscanos.org.br\/noticias\/wp-content\/uploads\/2022\/07\/segundo26_822.jpg'><img width=\"300\" height=\"300\" src=\"https:\/\/franciscanos.org.br\/noticias\/wp-content\/uploads\/2022\/07\/segundo26_822-300x300.jpg\" class=\"attachment-thumbnail size-thumbnail\" alt=\"\" loading=\"lazy\" srcset=\"https:\/\/franciscanos.org.br\/noticias\/wp-content\/uploads\/2022\/07\/segundo26_822-300x300.jpg 300w, https:\/\/franciscanos.org.br\/noticias\/wp-content\/uploads\/2022\/07\/segundo26_822-100x100.jpg 100w\" sizes=\"(max-width: 300px) 100vw, 300px\" \/><\/a>\n\t\t\t<\/dt><\/dl><dl class='gallery-item'>\n\t\t\t<dt class='gallery-icon landscape'>\n\t\t\t\t<a href='https:\/\/franciscanos.org.br\/noticias\/wp-content\/uploads\/2022\/07\/segundo26_922.jpg'><img width=\"300\" height=\"300\" src=\"https:\/\/franciscanos.org.br\/noticias\/wp-content\/uploads\/2022\/07\/segundo26_922-300x300.jpg\" class=\"attachment-thumbnail size-thumbnail\" alt=\"\" loading=\"lazy\" srcset=\"https:\/\/franciscanos.org.br\/noticias\/wp-content\/uploads\/2022\/07\/segundo26_922-300x300.jpg 300w, https:\/\/franciscanos.org.br\/noticias\/wp-content\/uploads\/2022\/07\/segundo26_922-100x100.jpg 100w\" sizes=\"(max-width: 300px) 100vw, 300px\" \/><\/a>\n\t\t\t<\/dt><\/dl><br style=\"clear: both\" \/>\n\t\t<\/div>\n\n<p><em>\u00a0 \u00a0 \u00a0 \u00a0 \u00a0 \u00a0 \u00a0 \u00a0 \u00a0 \u00a0 \u00a0 \u00a0 \u00a0 \u00a0 \u00a0 \u00a0 \u00a0 \u00a0 \u00a0 \u00a0 \u00a0 \u00a0 \u00a0 \u00a0 \u00a0 \u00a0 \u00a0 \u00a0 \u00a0 \u00a0 \u00a0 \u00a0 \u00a0 \u00a0(toque nas imagens para ampli\u00e1-las)<\/em><\/p>\n<p><img loading=\"lazy\" class=\"alignleft size-full wp-image-239066\" src=\"https:\/\/franciscanos.org.br\/noticias\/wp-content\/uploads\/2022\/07\/segundo26_7222.jpg\" alt=\"\" width=\"531\" height=\"417\" srcset=\"https:\/\/franciscanos.org.br\/noticias\/wp-content\/uploads\/2022\/07\/segundo26_7222.jpg 531w, https:\/\/franciscanos.org.br\/noticias\/wp-content\/uploads\/2022\/07\/segundo26_7222-450x353.jpg 450w, https:\/\/franciscanos.org.br\/noticias\/wp-content\/uploads\/2022\/07\/segundo26_7222-150x118.jpg 150w\" sizes=\"(max-width: 531px) 100vw, 531px\" \/>No per\u00edodo da tarde, Frei Robson apresentou o documento \u201cEconomia a servi\u00e7o do carisma e da miss\u00e3o\u201d. \u00c0 luz do documento, o confrade dizia que \u201ctodos somos respons\u00e1veis pela administra\u00e7\u00e3o dos bens das nossas casas\u201d. \u00a0Igualmente,\u201cos bens e as obras nos s\u00e3o confiados como dom de Deus providente para a realiza\u00e7\u00e3o da miss\u00e3o. Que os bens e coisas que temos estejam a servi\u00e7o do nosso carisma\u201d, disse ele.\u00a0 Al\u00e9m disso, Frei Robson fez tamb\u00e9m a exposi\u00e7\u00e3o das Diretrizes para a Administra\u00e7\u00e3o Econ\u00f4mica e Financeira em vigor na Prov\u00edncia. Indicou caminhos concretos para que a economia esteja a servi\u00e7o do carisma. Fez saber que \u00e9 preciso que o <em>Caixa seja Comum<\/em> e falou da necessidade da presta\u00e7\u00e3o de contas, da apresenta\u00e7\u00e3o de faturas, do colocar em comum a aposentadoria e outras entradas de dinheiro e bens.<\/p>\n<p>O confrade terminou a sua alocu\u00e7\u00e3o falando da urg\u00eancia de se investir financeiramente nas a\u00e7\u00f5es de caridade fraterna para com os empobrecidos e vulner\u00e1veis do nosso tempo. Em seguida foi feita a discuss\u00e3o nos grupos, o plen\u00e1rio e depois o encerramento das atividades deste segundo dia de Assembleia Capitular com a ora\u00e7\u00e3o do Gl\u00f3ria.<\/p>\n<hr \/>\n<p><em>Frei Canga Mazoa, Frei David da Concei\u00e7\u00e3o, Frei Tom\u00e1s Joaquim<\/em><\/p>\n<p>&nbsp;<\/p>\n","protected":false},"excerpt":{"rendered":"<p>Assembleia Capitular da FIMDA<\/p>\n","protected":false},"author":3,"featured_media":239058,"comment_status":"open","ping_status":"open","sticky":false,"template":"","format":"standard","meta":[],"categories":[1],"tags":[360],"acf":[],"yoast_head":"<!-- This site is optimized with the Yoast SEO plugin v19.2 - https:\/\/yoast.com\/wordpress\/plugins\/seo\/ -->\n<title>\u201cTodos somos respons\u00e1veis pela administra\u00e7\u00e3o dos bens das nossas casas\u201d, diz Frei Robson na Assembleia Capitular - Not\u00edcias - Franciscanos<\/title>\n<meta name=\"robots\" content=\"index, follow, max-snippet:-1, max-image-preview:large, max-video-preview:-1\" \/>\n<link rel=\"canonical\" href=\"https:\/\/franciscanos.org.br\/noticias\/todos-somos-responsaveis-pela-administracao-dos-bens-das-nossas-casas-diz-frei-robson-na-assembleia-capitular.html\" \/>\n<meta property=\"og:locale\" content=\"pt_BR\" \/>\n<meta property=\"og:type\" content=\"article\" \/>\n<meta property=\"og:title\" content=\"\u201cTodos somos respons\u00e1veis pela administra\u00e7\u00e3o dos bens das nossas casas\u201d, diz Frei Robson na Assembleia Capitular - Not\u00edcias - Franciscanos\" \/>\n<meta property=\"og:description\" content=\"Assembleia Capitular da FIMDA\" \/>\n<meta property=\"og:url\" content=\"https:\/\/franciscanos.org.br\/noticias\/todos-somos-responsaveis-pela-administracao-dos-bens-das-nossas-casas-diz-frei-robson-na-assembleia-capitular.html\" \/>\n<meta property=\"og:site_name\" content=\"Not\u00edcias - Franciscanos\" \/>\n<meta property=\"article:published_time\" content=\"2022-07-26T19:57:01+00:00\" \/>\n<meta property=\"article:modified_time\" content=\"2022-07-26T20:30:21+00:00\" \/>\n<meta property=\"og:image\" content=\"https:\/\/franciscanos.org.br\/noticias\/wp-content\/uploads\/2022\/07\/segundo2622_1.jpg\" \/>\n\t<meta property=\"og:image:width\" content=\"1280\" \/>\n\t<meta property=\"og:image:height\" content=\"720\" \/>\n\t<meta property=\"og:image:type\" content=\"image\/jpeg\" \/>\n<meta name=\"author\" content=\"moacir\" \/>\n<meta name=\"twitter:card\" content=\"summary_large_image\" \/>\n<meta name=\"twitter:label1\" content=\"Escrito por\" \/>\n\t<meta name=\"twitter:data1\" content=\"moacir\" \/>\n\t<meta name=\"twitter:label2\" content=\"Est. tempo de leitura\" \/>\n\t<meta name=\"twitter:data2\" content=\"3 minutos\" \/>\n<script type=\"application\/ld+json\" class=\"yoast-schema-graph\">{\"@context\":\"https:\/\/schema.org\",\"@graph\":[{\"@type\":\"WebSite\",\"@id\":\"https:\/\/franciscanos.org.br\/noticias\/#website\",\"url\":\"https:\/\/franciscanos.org.br\/noticias\/\",\"name\":\"Not\u00edcias - Franciscanos\",\"description\":\"Prov\u00edncia Franciscana da Imaculada Concei\u00e7\u00e3o do Brasil - Ordem dos Frades Menores - OFM\",\"potentialAction\":[{\"@type\":\"SearchAction\",\"target\":{\"@type\":\"EntryPoint\",\"urlTemplate\":\"https:\/\/franciscanos.org.br\/noticias\/?s={search_term_string}\"},\"query-input\":\"required name=search_term_string\"}],\"inLanguage\":\"pt-BR\"},{\"@type\":\"ImageObject\",\"inLanguage\":\"pt-BR\",\"@id\":\"https:\/\/franciscanos.org.br\/noticias\/todos-somos-responsaveis-pela-administracao-dos-bens-das-nossas-casas-diz-frei-robson-na-assembleia-capitular.html#primaryimage\",\"url\":\"https:\/\/franciscanos.org.br\/noticias\/wp-content\/uploads\/2022\/07\/segundo2622_1.jpg\",\"contentUrl\":\"https:\/\/franciscanos.org.br\/noticias\/wp-content\/uploads\/2022\/07\/segundo2622_1.jpg\",\"width\":1280,\"height\":720},{\"@type\":\"WebPage\",\"@id\":\"https:\/\/franciscanos.org.br\/noticias\/todos-somos-responsaveis-pela-administracao-dos-bens-das-nossas-casas-diz-frei-robson-na-assembleia-capitular.html#webpage\",\"url\":\"https:\/\/franciscanos.org.br\/noticias\/todos-somos-responsaveis-pela-administracao-dos-bens-das-nossas-casas-diz-frei-robson-na-assembleia-capitular.html\",\"name\":\"\u201cTodos somos respons\u00e1veis pela administra\u00e7\u00e3o dos bens das nossas casas\u201d, diz Frei Robson na Assembleia Capitular - Not\u00edcias - Franciscanos\",\"isPartOf\":{\"@id\":\"https:\/\/franciscanos.org.br\/noticias\/#website\"},\"primaryImageOfPage\":{\"@id\":\"https:\/\/franciscanos.org.br\/noticias\/todos-somos-responsaveis-pela-administracao-dos-bens-das-nossas-casas-diz-frei-robson-na-assembleia-capitular.html#primaryimage\"},\"datePublished\":\"2022-07-26T19:57:01+00:00\",\"dateModified\":\"2022-07-26T20:30:21+00:00\",\"author\":{\"@id\":\"https:\/\/franciscanos.org.br\/noticias\/#\/schema\/person\/b5c8cba458c330ccff548b056e95a5d4\"},\"breadcrumb\":{\"@id\":\"https:\/\/franciscanos.org.br\/noticias\/todos-somos-responsaveis-pela-administracao-dos-bens-das-nossas-casas-diz-frei-robson-na-assembleia-capitular.html#breadcrumb\"},\"inLanguage\":\"pt-BR\",\"potentialAction\":[{\"@type\":\"ReadAction\",\"target\":[\"https:\/\/franciscanos.org.br\/noticias\/todos-somos-responsaveis-pela-administracao-dos-bens-das-nossas-casas-diz-frei-robson-na-assembleia-capitular.html\"]}]},{\"@type\":\"BreadcrumbList\",\"@id\":\"https:\/\/franciscanos.org.br\/noticias\/todos-somos-responsaveis-pela-administracao-dos-bens-das-nossas-casas-diz-frei-robson-na-assembleia-capitular.html#breadcrumb\",\"itemListElement\":[{\"@type\":\"ListItem\",\"position\":1,\"name\":\"Home\",\"item\":\"https:\/\/franciscanos.org.br\/noticias\"},{\"@type\":\"ListItem\",\"position\":2,\"name\":\"\u201cTodos somos respons\u00e1veis pela administra\u00e7\u00e3o dos bens das nossas casas\u201d, diz Frei Robson na Assembleia Capitular\"}]},{\"@type\":\"Person\",\"@id\":\"https:\/\/franciscanos.org.br\/noticias\/#\/schema\/person\/b5c8cba458c330ccff548b056e95a5d4\",\"name\":\"moacir\",\"image\":{\"@type\":\"ImageObject\",\"inLanguage\":\"pt-BR\",\"@id\":\"https:\/\/franciscanos.org.br\/noticias\/#\/schema\/person\/image\/\",\"url\":\"https:\/\/secure.gravatar.com\/avatar\/d08aa2ce4c8dd416d4479aa8536fcf64?s=96&d=mm&r=g\",\"contentUrl\":\"https:\/\/secure.gravatar.com\/avatar\/d08aa2ce4c8dd416d4479aa8536fcf64?s=96&d=mm&r=g\",\"caption\":\"moacir\"},\"url\":\"https:\/\/franciscanos.org.br\/noticias\/author\/moacir\"}]}<\/script>\n<!-- \/ Yoast SEO plugin. -->","yoast_head_json":{"title":"\u201cTodos somos respons\u00e1veis pela administra\u00e7\u00e3o dos bens das nossas casas\u201d, diz Frei Robson na Assembleia Capitular - Not\u00edcias - Franciscanos","robots":{"index":"index","follow":"follow","max-snippet":"max-snippet:-1","max-image-preview":"max-image-preview:large","max-video-preview":"max-video-preview:-1"},"canonical":"https:\/\/franciscanos.org.br\/noticias\/todos-somos-responsaveis-pela-administracao-dos-bens-das-nossas-casas-diz-frei-robson-na-assembleia-capitular.html","og_locale":"pt_BR","og_type":"article","og_title":"\u201cTodos somos respons\u00e1veis pela administra\u00e7\u00e3o dos bens das nossas casas\u201d, diz Frei Robson na Assembleia Capitular - Not\u00edcias - Franciscanos","og_description":"Assembleia Capitular da FIMDA","og_url":"https:\/\/franciscanos.org.br\/noticias\/todos-somos-responsaveis-pela-administracao-dos-bens-das-nossas-casas-diz-frei-robson-na-assembleia-capitular.html","og_site_name":"Not\u00edcias - Franciscanos","article_published_time":"2022-07-26T19:57:01+00:00","article_modified_time":"2022-07-26T20:30:21+00:00","og_image":[{"width":1280,"height":720,"url":"https:\/\/franciscanos.org.br\/noticias\/wp-content\/uploads\/2022\/07\/segundo2622_1.jpg","type":"image\/jpeg"}],"author":"moacir","twitter_card":"summary_large_image","twitter_misc":{"Escrito por":"moacir","Est. tempo de leitura":"3 minutos"},"schema":{"@context":"https:\/\/schema.org","@graph":[{"@type":"WebSite","@id":"https:\/\/franciscanos.org.br\/noticias\/#website","url":"https:\/\/franciscanos.org.br\/noticias\/","name":"Not\u00edcias - Franciscanos","description":"Prov\u00edncia Franciscana da Imaculada Concei\u00e7\u00e3o do Brasil - Ordem dos Frades Menores - OFM","potentialAction":[{"@type":"SearchAction","target":{"@type":"EntryPoint","urlTemplate":"https:\/\/franciscanos.org.br\/noticias\/?s={search_term_string}"},"query-input":"required name=search_term_string"}],"inLanguage":"pt-BR"},{"@type":"ImageObject","inLanguage":"pt-BR","@id":"https:\/\/franciscanos.org.br\/noticias\/todos-somos-responsaveis-pela-administracao-dos-bens-das-nossas-casas-diz-frei-robson-na-assembleia-capitular.html#primaryimage","url":"https:\/\/franciscanos.org.br\/noticias\/wp-content\/uploads\/2022\/07\/segundo2622_1.jpg","contentUrl":"https:\/\/franciscanos.org.br\/noticias\/wp-content\/uploads\/2022\/07\/segundo2622_1.jpg","width":1280,"height":720},{"@type":"WebPage","@id":"https:\/\/franciscanos.org.br\/noticias\/todos-somos-responsaveis-pela-administracao-dos-bens-das-nossas-casas-diz-frei-robson-na-assembleia-capitular.html#webpage","url":"https:\/\/franciscanos.org.br\/noticias\/todos-somos-responsaveis-pela-administracao-dos-bens-das-nossas-casas-diz-frei-robson-na-assembleia-capitular.html","name":"\u201cTodos somos respons\u00e1veis pela administra\u00e7\u00e3o dos bens das nossas casas\u201d, diz Frei Robson na Assembleia Capitular - Not\u00edcias - Franciscanos","isPartOf":{"@id":"https:\/\/franciscanos.org.br\/noticias\/#website"},"primaryImageOfPage":{"@id":"https:\/\/franciscanos.org.br\/noticias\/todos-somos-responsaveis-pela-administracao-dos-bens-das-nossas-casas-diz-frei-robson-na-assembleia-capitular.html#primaryimage"},"datePublished":"2022-07-26T19:57:01+00:00","dateModified":"2022-07-26T20:30:21+00:00","author":{"@id":"https:\/\/franciscanos.org.br\/noticias\/#\/schema\/person\/b5c8cba458c330ccff548b056e95a5d4"},"breadcrumb":{"@id":"https:\/\/franciscanos.org.br\/noticias\/todos-somos-responsaveis-pela-administracao-dos-bens-das-nossas-casas-diz-frei-robson-na-assembleia-capitular.html#breadcrumb"},"inLanguage":"pt-BR","potentialAction":[{"@type":"ReadAction","target":["https:\/\/franciscanos.org.br\/noticias\/todos-somos-responsaveis-pela-administracao-dos-bens-das-nossas-casas-diz-frei-robson-na-assembleia-capitular.html"]}]},{"@type":"BreadcrumbList","@id":"https:\/\/franciscanos.org.br\/noticias\/todos-somos-responsaveis-pela-administracao-dos-bens-das-nossas-casas-diz-frei-robson-na-assembleia-capitular.html#breadcrumb","itemListElement":[{"@type":"ListItem","position":1,"name":"Home","item":"https:\/\/franciscanos.org.br\/noticias"},{"@type":"ListItem","position":2,"name":"\u201cTodos somos respons\u00e1veis pela administra\u00e7\u00e3o dos bens das nossas casas\u201d, diz Frei Robson na Assembleia Capitular"}]},{"@type":"Person","@id":"https:\/\/franciscanos.org.br\/noticias\/#\/schema\/person\/b5c8cba458c330ccff548b056e95a5d4","name":"moacir","image":{"@type":"ImageObject","inLanguage":"pt-BR","@id":"https:\/\/franciscanos.org.br\/noticias\/#\/schema\/person\/image\/","url":"https:\/\/secure.gravatar.com\/avatar\/d08aa2ce4c8dd416d4479aa8536fcf64?s=96&d=mm&r=g","contentUrl":"https:\/\/secure.gravatar.com\/avatar\/d08aa2ce4c8dd416d4479aa8536fcf64?s=96&d=mm&r=g","caption":"moacir"},"url":"https:\/\/franciscanos.org.br\/noticias\/author\/moacir"}]}},"_links":{"self":[{"href":"https:\/\/franciscanos.org.br\/noticias\/wp-json\/wp\/v2\/posts\/239057"}],"collection":[{"href":"https:\/\/franciscanos.org.br\/noticias\/wp-json\/wp\/v2\/posts"}],"about":[{"href":"https:\/\/franciscanos.org.br\/noticias\/wp-json\/wp\/v2\/types\/post"}],"author":[{"embeddable":true,"href":"https:\/\/franciscanos.org.br\/noticias\/wp-json\/wp\/v2\/users\/3"}],"replies":[{"embeddable":true,"href":"https:\/\/franciscanos.org.br\/noticias\/wp-json\/wp\/v2\/comments?post=239057"}],"version-history":[{"count":3,"href":"https:\/\/franciscanos.org.br\/noticias\/wp-json\/wp\/v2\/posts\/239057\/revisions"}],"predecessor-version":[{"id":239069,"href":"https:\/\/franciscanos.org.br\/noticias\/wp-json\/wp\/v2\/posts\/239057\/revisions\/239069"}],"wp:featuredmedia":[{"embeddable":true,"href":"https:\/\/franciscanos.org.br\/noticias\/wp-json\/wp\/v2\/media\/239058"}],"wp:attachment":[{"href":"https:\/\/franciscanos.org.br\/noticias\/wp-json\/wp\/v2\/media?parent=239057"}],"wp:term":[{"taxonomy":"category","embeddable":true,"href":"https:\/\/franciscanos.org.br\/noticias\/wp-json\/wp\/v2\/categories?post=239057"},{"taxonomy":"post_tag","embeddable":true,"href":"https:\/\/franciscanos.org.br\/noticias\/wp-json\/wp\/v2\/tags?post=239057"}],"curies":[{"name":"wp","href":"https:\/\/api.w.org\/{rel}","templated":true}]}}