{"id":239036,"date":"2022-07-25T13:43:04","date_gmt":"2022-07-25T16:43:04","guid":{"rendered":"https:\/\/franciscanos.org.br\/noticias\/?p=239036"},"modified":"2022-09-01T16:03:26","modified_gmt":"2022-09-01T19:03:26","slug":"pelo-2-ano-consecutivo-canarinhos-de-petropolis-e-finalista-dos-premios-de-comunicacao-cnbb","status":"publish","type":"post","link":"https:\/\/franciscanos.org.br\/noticias\/pelo-2-ano-consecutivo-canarinhos-de-petropolis-e-finalista-dos-premios-de-comunicacao-cnbb.html","title":{"rendered":"Pelo 2\u00b0 ano consecutivo, Canarinhos de Petr\u00f3polis \u00e9 finalista dos Pr\u00eamios de Comunica\u00e7\u00e3o CNBB  \u00a0"},"content":{"rendered":"<p><img loading=\"lazy\" class=\"alignnone wp-image-239045 size-full\" src=\"https:\/\/franciscanos.org.br\/noticias\/wp-content\/uploads\/2022\/07\/canarinhos_cnbb.jpg\" alt=\"\" width=\"1280\" height=\"720\" srcset=\"https:\/\/franciscanos.org.br\/noticias\/wp-content\/uploads\/2022\/07\/canarinhos_cnbb.jpg 1280w, https:\/\/franciscanos.org.br\/noticias\/wp-content\/uploads\/2022\/07\/canarinhos_cnbb-450x253.jpg 450w, https:\/\/franciscanos.org.br\/noticias\/wp-content\/uploads\/2022\/07\/canarinhos_cnbb-1024x576.jpg 1024w, https:\/\/franciscanos.org.br\/noticias\/wp-content\/uploads\/2022\/07\/canarinhos_cnbb-768x432.jpg 768w, https:\/\/franciscanos.org.br\/noticias\/wp-content\/uploads\/2022\/07\/canarinhos_cnbb-150x84.jpg 150w\" sizes=\"(max-width: 1280px) 100vw, 1280px\" \/><\/p>\n<p style=\"font-weight: 400;\"><strong>Rio de Janeiro (RJ) &#8211;<\/strong> A Confer\u00eancia Nacional dos Bispos do Brasil (CNBB) divulgou no domingo, 24 de julho, por meio de sua Comiss\u00e3o Episcopal Pastoral para a Comunica\u00e7\u00e3o, a lista dos finalistas em todas as sete categorias da 54\u00aa edi\u00e7\u00e3o dos Pr\u00eamios de Comunica\u00e7\u00e3o CNBB. E pelo segundo ano consecutivo, o Coral dos Canarinhos de Petr\u00f3polis est\u00e1 entre os finalistas. Os nomes dos vencedores ser\u00e3o conhecidos em celebra\u00e7\u00e3o presencial, no dia 18 de outubro, diretamente dos est\u00fadios da TV Evangelizar, em Curitiba (PR).<\/p>\n<p style=\"font-weight: 400;\">Com o curta-metragem \u201cCanarinhos de Petr\u00f3polis \u2013 Tradi\u00e7\u00e3o e Contemporaneidade\u201d, o Instituto dos Meninos Cantores de Petr\u00f3polis concorre neste ano na categoria \u201cCinema &#8211; Margarida de Prata\u201d. Os finalistas foram avaliados pela Pontif\u00edcia Universidade Cat\u00f3lica de Minas Gerais (PUC MINAS). O Document\u00e1rio foi exibido pelo canal do YouTube, Facebook e Instagram do Coral dos Canarinhos e tamb\u00e9m pela TvFranciscanos no dia 30 de mar\u00e7o de 2021.<\/p>\n<p style=\"font-weight: 400;\">Como o nome do document\u00e1rio bem aponta, os Canarinhos foram capazes de se adaptar \u00e0 modernidade, sem perder sua ess\u00eancia e a tradi\u00e7\u00e3o que os move. Foram cerca de dois\u00a0meses de produ\u00e7\u00e3o do curta-metragem em que foram reunidas imagens de arquivo, registros de apresenta\u00e7\u00f5es e depoimentos de coralistas, ex-coralistas e fam\u00edlias que acompanharam de perto o que \u00e9 fazer parte do Instituto.<\/p>\n<p style=\"font-weight: 400;\">De acordo com o presidente do Instituto dos Meninos Cantores de Petr\u00f3polis, Frei Marcos Ant\u00f4nio de Andrade, um dos aspectos mais interessantes\u00a0sobre o projeto foi a possibilidade de reunir depoimentos de um ex-canarinho por d\u00e9cada: da funda\u00e7\u00e3o do Instituto, nos anos 40, at\u00e9 os dias de hoje. \u201cVamos comemorar 80 anos de Canarinhos a partir de agosto de 2022, ent\u00e3o a ideia foi recolher depoimentos que traduzissem esses 80 anos de hist\u00f3ria na m\u00fasica, educa\u00e7\u00e3o e forma\u00e7\u00e3o dos coralistas\u201d, disse.<\/p>\n<p style=\"font-weight: 400;\"><strong>REVEJA O DOCUMENT\u00c1RIO:<\/strong><\/p>\n<p><iframe loading=\"lazy\" title=\"YouTube video player\" src=\"https:\/\/www.youtube.com\/embed\/72PlgEPHLC0\" width=\"100%\" height=\"480\" frameborder=\"0\" allowfullscreen=\"allowfullscreen\"><span data-mce-type=\"bookmark\" style=\"display: inline-block; width: 0px; overflow: hidden; line-height: 0;\" class=\"mce_SELRES_start\">\ufeff<\/span><\/iframe><\/p>\n<p style=\"font-weight: 400;\"><strong>PR\u00d3XIMO PASSO: J\u00daRI PASTORAL<\/strong><\/p>\n<p style=\"font-weight: 400;\">Cumprida a fase da escolha pelo \u201cJ\u00fari T\u00e9cnico\u201d agora a vota\u00e7\u00e3o segue para a escolha do \u201cJ\u00fari Pastoral\u201d, uma comiss\u00e3o eleita pelo Conselho Permanente da CNBB, constitu\u00edda por 5 bispos, que realiza a sele\u00e7\u00e3o final dos trabalhos e escolhe os ganhadores de todas as categorias.<\/p>\n<p style=\"font-weight: 400;\">Este ano, a tradicional cerim\u00f4nia de entrega dos Pr\u00eamios de Comunica\u00e7\u00e3o da CNBB voltar\u00e1 a ser presencial em sua 54\u00aa edi\u00e7\u00e3o. A noite de premia\u00e7\u00e3o est\u00e1 marcada para o dia 18 de outubro e ser\u00e1 transmitida pelas emissoras de TV de inspira\u00e7\u00e3o cat\u00f3lica. Os finalistas ir\u00e3o participar da cerim\u00f4nia diretamente dos est\u00fadios da TV Evangelizar \u2013 que\u00a0 coordenar\u00e1 a produ\u00e7\u00e3o, em Curitiba (PR) e que contar\u00e1 ainda com show da cantora Adriana Arydes.<\/p>\n<div id=\"attachment_239040\" style=\"width: 460px\" class=\"wp-caption alignright\"><img aria-describedby=\"caption-attachment-239040\" loading=\"lazy\" class=\"wp-image-239040 size-medium\" src=\"https:\/\/franciscanos.org.br\/noticias\/wp-content\/uploads\/2022\/07\/premios_cnbb.jpeg_1-450x343.jpeg\" alt=\"\" width=\"450\" height=\"343\" srcset=\"https:\/\/franciscanos.org.br\/noticias\/wp-content\/uploads\/2022\/07\/premios_cnbb.jpeg_1-450x343.jpeg 450w, https:\/\/franciscanos.org.br\/noticias\/wp-content\/uploads\/2022\/07\/premios_cnbb.jpeg_1-768x585.jpeg 768w, https:\/\/franciscanos.org.br\/noticias\/wp-content\/uploads\/2022\/07\/premios_cnbb.jpeg_1-150x114.jpeg 150w, https:\/\/franciscanos.org.br\/noticias\/wp-content\/uploads\/2022\/07\/premios_cnbb.jpeg_1.jpeg 979w\" sizes=\"(max-width: 450px) 100vw, 450px\" \/><p id=\"caption-attachment-239040\" class=\"wp-caption-text\">Imagem\/Reprodu\u00e7\u00e3o: CNBB<\/p><\/div>\n<p style=\"font-weight: 400;\"><strong>OS PR\u00caMIOS DE COMUNICA\u00c7\u00c3O DA CNBB<\/strong><\/p>\n<p style=\"font-weight: 400;\">Os Pr\u00eamios de Comunica\u00e7\u00e3o foram criados pela CNBB com o objetivo de oferecer um reconhecimento p\u00fablico da Igreja Cat\u00f3lica Apost\u00f3lica Romana ao trabalho merit\u00f3rio de profissionais da comunica\u00e7\u00e3o social nos diversos meios que apresentaram suas obras e se distinguiram pelo servi\u00e7o \u00e0 dignidade humana e aos valores do Evangelho.<\/p>\n<p style=\"font-weight: 400;\">Eles tamb\u00e9m t\u00eam por objetivo estimular, fomentar e reconhecer as boas iniciativas de trabalho jornal\u00edstico e cultural provenientes de todo o pa\u00eds nas \u00e1reas do Cinema, R\u00e1dio, Televis\u00e3o, Imprensa e Internet, bem como do campo da pesquisa acad\u00eamica em comunica\u00e7\u00e3o e iniciativas da Pastoral da Comunica\u00e7\u00e3o.<\/p>\n<p style=\"font-weight: 400;\">Concess\u00e3o da Confer\u00eancia Nacional dos Bispos do Brasil, os Pr\u00eamios t\u00eam car\u00e1ter exclusivamente cultural e n\u00e3o se vinculam a nenhuma modalidade de sorteio ou a qualquer exig\u00eancia de pagamento pelos concorrentes, tampouco est\u00e3o condicionados \u00e0 aquisi\u00e7\u00e3o ou ao uso de quaisquer bens, direitos ou servi\u00e7os. Eles ser\u00e3o entregues aos profissionais autores dos trabalhos que s\u00e3o apresentados para a sele\u00e7\u00e3o.<\/p>\n<p style=\"font-weight: 400;\">A Prov\u00edncia Franciscana da Imaculada Concei\u00e7\u00e3o do Brasil j\u00e1 levou o pr\u00eamio \u201cMicrofone de Prata\u201d em 2013 com o programa Sala Franciscana, com produ\u00e7\u00e3o de Frei Gustavo Medella. Em 2018, novamente a Prov\u00edncia foi finalista, mas na categoria \u201cIniciativas em Redes Sociais\u201d com as s\u00e9ries tem\u00e1ticas da Web TvFranciscanos. E em 2021, o especial de 78 anos do Coral dos Canarinhos de Petr\u00f3polis tamb\u00e9m ficou entre os finalistas na categoria \u201cDom Luciano Mendes\u201d.<\/p>\n<hr \/>\n<p style=\"font-weight: 400;\"><em>Frei Augusto Luiz Gabriel, com informa\u00e7\u00f5es da CNBB<\/em><\/p>\n","protected":false},"excerpt":{"rendered":"<p>Instituto dos Meninos Cantores de Petr\u00f3polis (RJ)<\/p>\n","protected":false},"author":3,"featured_media":239044,"comment_status":"open","ping_status":"open","sticky":false,"template":"","format":"standard","meta":[],"categories":[1],"tags":[1378,29],"acf":[],"yoast_head":"<!-- This site is optimized with the Yoast SEO plugin v19.2 - https:\/\/yoast.com\/wordpress\/plugins\/seo\/ -->\n<title>Pelo 2\u00b0 ano consecutivo, Canarinhos de Petr\u00f3polis \u00e9 finalista dos Pr\u00eamios de Comunica\u00e7\u00e3o CNBB \u00a0 - Not\u00edcias - Franciscanos<\/title>\n<meta name=\"robots\" content=\"index, follow, max-snippet:-1, max-image-preview:large, max-video-preview:-1\" \/>\n<link rel=\"canonical\" href=\"https:\/\/franciscanos.org.br\/noticias\/pelo-2-ano-consecutivo-canarinhos-de-petropolis-e-finalista-dos-premios-de-comunicacao-cnbb.html\" \/>\n<meta property=\"og:locale\" content=\"pt_BR\" \/>\n<meta property=\"og:type\" content=\"article\" \/>\n<meta property=\"og:title\" content=\"Pelo 2\u00b0 ano consecutivo, Canarinhos de Petr\u00f3polis \u00e9 finalista dos Pr\u00eamios de Comunica\u00e7\u00e3o CNBB \u00a0 - Not\u00edcias - Franciscanos\" \/>\n<meta property=\"og:description\" content=\"Instituto dos Meninos Cantores de Petr\u00f3polis (RJ)\" \/>\n<meta property=\"og:url\" content=\"https:\/\/franciscanos.org.br\/noticias\/pelo-2-ano-consecutivo-canarinhos-de-petropolis-e-finalista-dos-premios-de-comunicacao-cnbb.html\" \/>\n<meta property=\"og:site_name\" content=\"Not\u00edcias - Franciscanos\" \/>\n<meta property=\"article:published_time\" content=\"2022-07-25T16:43:04+00:00\" \/>\n<meta property=\"article:modified_time\" content=\"2022-09-01T19:03:26+00:00\" \/>\n<meta property=\"og:image\" content=\"https:\/\/franciscanos.org.br\/noticias\/wp-content\/uploads\/2022\/07\/canarinhos_cnbb-800-\u00d7-600-px.jpg\" \/>\n\t<meta property=\"og:image:width\" content=\"800\" \/>\n\t<meta property=\"og:image:height\" content=\"600\" \/>\n\t<meta property=\"og:image:type\" content=\"image\/jpeg\" \/>\n<meta name=\"author\" content=\"moacir\" \/>\n<meta name=\"twitter:card\" content=\"summary_large_image\" \/>\n<meta name=\"twitter:label1\" content=\"Escrito por\" \/>\n\t<meta name=\"twitter:data1\" content=\"moacir\" \/>\n\t<meta name=\"twitter:label2\" content=\"Est. tempo de leitura\" \/>\n\t<meta name=\"twitter:data2\" content=\"4 minutos\" \/>\n<script type=\"application\/ld+json\" class=\"yoast-schema-graph\">{\"@context\":\"https:\/\/schema.org\",\"@graph\":[{\"@type\":\"WebSite\",\"@id\":\"https:\/\/franciscanos.org.br\/noticias\/#website\",\"url\":\"https:\/\/franciscanos.org.br\/noticias\/\",\"name\":\"Not\u00edcias - Franciscanos\",\"description\":\"Prov\u00edncia Franciscana da Imaculada Concei\u00e7\u00e3o do Brasil - Ordem dos Frades Menores - OFM\",\"potentialAction\":[{\"@type\":\"SearchAction\",\"target\":{\"@type\":\"EntryPoint\",\"urlTemplate\":\"https:\/\/franciscanos.org.br\/noticias\/?s={search_term_string}\"},\"query-input\":\"required name=search_term_string\"}],\"inLanguage\":\"pt-BR\"},{\"@type\":\"ImageObject\",\"inLanguage\":\"pt-BR\",\"@id\":\"https:\/\/franciscanos.org.br\/noticias\/pelo-2-ano-consecutivo-canarinhos-de-petropolis-e-finalista-dos-premios-de-comunicacao-cnbb.html#primaryimage\",\"url\":\"https:\/\/franciscanos.org.br\/noticias\/wp-content\/uploads\/2022\/07\/canarinhos_cnbb-800-\u00d7-600-px.jpg\",\"contentUrl\":\"https:\/\/franciscanos.org.br\/noticias\/wp-content\/uploads\/2022\/07\/canarinhos_cnbb-800-\u00d7-600-px.jpg\",\"width\":800,\"height\":600},{\"@type\":\"WebPage\",\"@id\":\"https:\/\/franciscanos.org.br\/noticias\/pelo-2-ano-consecutivo-canarinhos-de-petropolis-e-finalista-dos-premios-de-comunicacao-cnbb.html#webpage\",\"url\":\"https:\/\/franciscanos.org.br\/noticias\/pelo-2-ano-consecutivo-canarinhos-de-petropolis-e-finalista-dos-premios-de-comunicacao-cnbb.html\",\"name\":\"Pelo 2\u00b0 ano consecutivo, Canarinhos de Petr\u00f3polis \u00e9 finalista dos Pr\u00eamios de Comunica\u00e7\u00e3o CNBB \u00a0 - Not\u00edcias - Franciscanos\",\"isPartOf\":{\"@id\":\"https:\/\/franciscanos.org.br\/noticias\/#website\"},\"primaryImageOfPage\":{\"@id\":\"https:\/\/franciscanos.org.br\/noticias\/pelo-2-ano-consecutivo-canarinhos-de-petropolis-e-finalista-dos-premios-de-comunicacao-cnbb.html#primaryimage\"},\"datePublished\":\"2022-07-25T16:43:04+00:00\",\"dateModified\":\"2022-09-01T19:03:26+00:00\",\"author\":{\"@id\":\"https:\/\/franciscanos.org.br\/noticias\/#\/schema\/person\/b5c8cba458c330ccff548b056e95a5d4\"},\"breadcrumb\":{\"@id\":\"https:\/\/franciscanos.org.br\/noticias\/pelo-2-ano-consecutivo-canarinhos-de-petropolis-e-finalista-dos-premios-de-comunicacao-cnbb.html#breadcrumb\"},\"inLanguage\":\"pt-BR\",\"potentialAction\":[{\"@type\":\"ReadAction\",\"target\":[\"https:\/\/franciscanos.org.br\/noticias\/pelo-2-ano-consecutivo-canarinhos-de-petropolis-e-finalista-dos-premios-de-comunicacao-cnbb.html\"]}]},{\"@type\":\"BreadcrumbList\",\"@id\":\"https:\/\/franciscanos.org.br\/noticias\/pelo-2-ano-consecutivo-canarinhos-de-petropolis-e-finalista-dos-premios-de-comunicacao-cnbb.html#breadcrumb\",\"itemListElement\":[{\"@type\":\"ListItem\",\"position\":1,\"name\":\"Home\",\"item\":\"https:\/\/franciscanos.org.br\/noticias\"},{\"@type\":\"ListItem\",\"position\":2,\"name\":\"Pelo 2\u00b0 ano consecutivo, Canarinhos de Petr\u00f3polis \u00e9 finalista dos Pr\u00eamios de Comunica\u00e7\u00e3o CNBB \u00a0\"}]},{\"@type\":\"Person\",\"@id\":\"https:\/\/franciscanos.org.br\/noticias\/#\/schema\/person\/b5c8cba458c330ccff548b056e95a5d4\",\"name\":\"moacir\",\"image\":{\"@type\":\"ImageObject\",\"inLanguage\":\"pt-BR\",\"@id\":\"https:\/\/franciscanos.org.br\/noticias\/#\/schema\/person\/image\/\",\"url\":\"https:\/\/secure.gravatar.com\/avatar\/d08aa2ce4c8dd416d4479aa8536fcf64?s=96&d=mm&r=g\",\"contentUrl\":\"https:\/\/secure.gravatar.com\/avatar\/d08aa2ce4c8dd416d4479aa8536fcf64?s=96&d=mm&r=g\",\"caption\":\"moacir\"},\"url\":\"https:\/\/franciscanos.org.br\/noticias\/author\/moacir\"}]}<\/script>\n<!-- \/ Yoast SEO plugin. -->","yoast_head_json":{"title":"Pelo 2\u00b0 ano consecutivo, Canarinhos de Petr\u00f3polis \u00e9 finalista dos Pr\u00eamios de Comunica\u00e7\u00e3o CNBB \u00a0 - Not\u00edcias - Franciscanos","robots":{"index":"index","follow":"follow","max-snippet":"max-snippet:-1","max-image-preview":"max-image-preview:large","max-video-preview":"max-video-preview:-1"},"canonical":"https:\/\/franciscanos.org.br\/noticias\/pelo-2-ano-consecutivo-canarinhos-de-petropolis-e-finalista-dos-premios-de-comunicacao-cnbb.html","og_locale":"pt_BR","og_type":"article","og_title":"Pelo 2\u00b0 ano consecutivo, Canarinhos de Petr\u00f3polis \u00e9 finalista dos Pr\u00eamios de Comunica\u00e7\u00e3o CNBB \u00a0 - Not\u00edcias - Franciscanos","og_description":"Instituto dos Meninos Cantores de Petr\u00f3polis (RJ)","og_url":"https:\/\/franciscanos.org.br\/noticias\/pelo-2-ano-consecutivo-canarinhos-de-petropolis-e-finalista-dos-premios-de-comunicacao-cnbb.html","og_site_name":"Not\u00edcias - Franciscanos","article_published_time":"2022-07-25T16:43:04+00:00","article_modified_time":"2022-09-01T19:03:26+00:00","og_image":[{"width":800,"height":600,"url":"https:\/\/franciscanos.org.br\/noticias\/wp-content\/uploads\/2022\/07\/canarinhos_cnbb-800-\u00d7-600-px.jpg","type":"image\/jpeg"}],"author":"moacir","twitter_card":"summary_large_image","twitter_misc":{"Escrito por":"moacir","Est. tempo de leitura":"4 minutos"},"schema":{"@context":"https:\/\/schema.org","@graph":[{"@type":"WebSite","@id":"https:\/\/franciscanos.org.br\/noticias\/#website","url":"https:\/\/franciscanos.org.br\/noticias\/","name":"Not\u00edcias - Franciscanos","description":"Prov\u00edncia Franciscana da Imaculada Concei\u00e7\u00e3o do Brasil - Ordem dos Frades Menores - OFM","potentialAction":[{"@type":"SearchAction","target":{"@type":"EntryPoint","urlTemplate":"https:\/\/franciscanos.org.br\/noticias\/?s={search_term_string}"},"query-input":"required name=search_term_string"}],"inLanguage":"pt-BR"},{"@type":"ImageObject","inLanguage":"pt-BR","@id":"https:\/\/franciscanos.org.br\/noticias\/pelo-2-ano-consecutivo-canarinhos-de-petropolis-e-finalista-dos-premios-de-comunicacao-cnbb.html#primaryimage","url":"https:\/\/franciscanos.org.br\/noticias\/wp-content\/uploads\/2022\/07\/canarinhos_cnbb-800-\u00d7-600-px.jpg","contentUrl":"https:\/\/franciscanos.org.br\/noticias\/wp-content\/uploads\/2022\/07\/canarinhos_cnbb-800-\u00d7-600-px.jpg","width":800,"height":600},{"@type":"WebPage","@id":"https:\/\/franciscanos.org.br\/noticias\/pelo-2-ano-consecutivo-canarinhos-de-petropolis-e-finalista-dos-premios-de-comunicacao-cnbb.html#webpage","url":"https:\/\/franciscanos.org.br\/noticias\/pelo-2-ano-consecutivo-canarinhos-de-petropolis-e-finalista-dos-premios-de-comunicacao-cnbb.html","name":"Pelo 2\u00b0 ano consecutivo, Canarinhos de Petr\u00f3polis \u00e9 finalista dos Pr\u00eamios de Comunica\u00e7\u00e3o CNBB \u00a0 - Not\u00edcias - Franciscanos","isPartOf":{"@id":"https:\/\/franciscanos.org.br\/noticias\/#website"},"primaryImageOfPage":{"@id":"https:\/\/franciscanos.org.br\/noticias\/pelo-2-ano-consecutivo-canarinhos-de-petropolis-e-finalista-dos-premios-de-comunicacao-cnbb.html#primaryimage"},"datePublished":"2022-07-25T16:43:04+00:00","dateModified":"2022-09-01T19:03:26+00:00","author":{"@id":"https:\/\/franciscanos.org.br\/noticias\/#\/schema\/person\/b5c8cba458c330ccff548b056e95a5d4"},"breadcrumb":{"@id":"https:\/\/franciscanos.org.br\/noticias\/pelo-2-ano-consecutivo-canarinhos-de-petropolis-e-finalista-dos-premios-de-comunicacao-cnbb.html#breadcrumb"},"inLanguage":"pt-BR","potentialAction":[{"@type":"ReadAction","target":["https:\/\/franciscanos.org.br\/noticias\/pelo-2-ano-consecutivo-canarinhos-de-petropolis-e-finalista-dos-premios-de-comunicacao-cnbb.html"]}]},{"@type":"BreadcrumbList","@id":"https:\/\/franciscanos.org.br\/noticias\/pelo-2-ano-consecutivo-canarinhos-de-petropolis-e-finalista-dos-premios-de-comunicacao-cnbb.html#breadcrumb","itemListElement":[{"@type":"ListItem","position":1,"name":"Home","item":"https:\/\/franciscanos.org.br\/noticias"},{"@type":"ListItem","position":2,"name":"Pelo 2\u00b0 ano consecutivo, Canarinhos de Petr\u00f3polis \u00e9 finalista dos Pr\u00eamios de Comunica\u00e7\u00e3o CNBB \u00a0"}]},{"@type":"Person","@id":"https:\/\/franciscanos.org.br\/noticias\/#\/schema\/person\/b5c8cba458c330ccff548b056e95a5d4","name":"moacir","image":{"@type":"ImageObject","inLanguage":"pt-BR","@id":"https:\/\/franciscanos.org.br\/noticias\/#\/schema\/person\/image\/","url":"https:\/\/secure.gravatar.com\/avatar\/d08aa2ce4c8dd416d4479aa8536fcf64?s=96&d=mm&r=g","contentUrl":"https:\/\/secure.gravatar.com\/avatar\/d08aa2ce4c8dd416d4479aa8536fcf64?s=96&d=mm&r=g","caption":"moacir"},"url":"https:\/\/franciscanos.org.br\/noticias\/author\/moacir"}]}},"_links":{"self":[{"href":"https:\/\/franciscanos.org.br\/noticias\/wp-json\/wp\/v2\/posts\/239036"}],"collection":[{"href":"https:\/\/franciscanos.org.br\/noticias\/wp-json\/wp\/v2\/posts"}],"about":[{"href":"https:\/\/franciscanos.org.br\/noticias\/wp-json\/wp\/v2\/types\/post"}],"author":[{"embeddable":true,"href":"https:\/\/franciscanos.org.br\/noticias\/wp-json\/wp\/v2\/users\/3"}],"replies":[{"embeddable":true,"href":"https:\/\/franciscanos.org.br\/noticias\/wp-json\/wp\/v2\/comments?post=239036"}],"version-history":[{"count":5,"href":"https:\/\/franciscanos.org.br\/noticias\/wp-json\/wp\/v2\/posts\/239036\/revisions"}],"predecessor-version":[{"id":239046,"href":"https:\/\/franciscanos.org.br\/noticias\/wp-json\/wp\/v2\/posts\/239036\/revisions\/239046"}],"wp:featuredmedia":[{"embeddable":true,"href":"https:\/\/franciscanos.org.br\/noticias\/wp-json\/wp\/v2\/media\/239044"}],"wp:attachment":[{"href":"https:\/\/franciscanos.org.br\/noticias\/wp-json\/wp\/v2\/media?parent=239036"}],"wp:term":[{"taxonomy":"category","embeddable":true,"href":"https:\/\/franciscanos.org.br\/noticias\/wp-json\/wp\/v2\/categories?post=239036"},{"taxonomy":"post_tag","embeddable":true,"href":"https:\/\/franciscanos.org.br\/noticias\/wp-json\/wp\/v2\/tags?post=239036"}],"curies":[{"name":"wp","href":"https:\/\/api.w.org\/{rel}","templated":true}]}}