{"id":239008,"date":"2022-08-11T08:57:33","date_gmt":"2022-08-11T11:57:33","guid":{"rendered":"https:\/\/franciscanos.org.br\/noticias\/?p=239008"},"modified":"2022-08-11T08:57:33","modified_gmt":"2022-08-11T11:57:33","slug":"e-os-jardins-continuam-florindo-entre-os-lancamentos-da-vozes","status":"publish","type":"post","link":"https:\/\/franciscanos.org.br\/noticias\/e-os-jardins-continuam-florindo-entre-os-lancamentos-da-vozes.html","title":{"rendered":"&#8220;E os jardins continuam florindo&#8221;, entre os lan\u00e7amentos da Vozes"},"content":{"rendered":"<p><img loading=\"lazy\" class=\"alignnone size-full wp-image-239009\" src=\"https:\/\/franciscanos.org.br\/noticias\/wp-content\/uploads\/2022\/07\/Vozes-1280.jpg\" alt=\"\" width=\"1280\" height=\"720\" srcset=\"https:\/\/franciscanos.org.br\/noticias\/wp-content\/uploads\/2022\/07\/Vozes-1280.jpg 1280w, https:\/\/franciscanos.org.br\/noticias\/wp-content\/uploads\/2022\/07\/Vozes-1280-450x253.jpg 450w, https:\/\/franciscanos.org.br\/noticias\/wp-content\/uploads\/2022\/07\/Vozes-1280-1024x576.jpg 1024w, https:\/\/franciscanos.org.br\/noticias\/wp-content\/uploads\/2022\/07\/Vozes-1280-768x432.jpg 768w, https:\/\/franciscanos.org.br\/noticias\/wp-content\/uploads\/2022\/07\/Vozes-1280-150x84.jpg 150w\" sizes=\"(max-width: 1280px) 100vw, 1280px\" \/><\/p>\n<h3><strong>E os jardins continuam florindo<\/strong><\/h3>\n<p>Este livro \u00e9 muito mais do que uma c\u00e2ndida e penosa den\u00fancia. \u00c9 uma ampla e espiritual reflex\u00e3o sobre o doloroso e gozoso mist\u00e9rio da vida que tem muitos jardins. H\u00e1 os jardins do pr\u00f3prio eu, do cora\u00e7\u00e3o, da gra\u00e7a de viver, da religi\u00e3o e da poesia. O poeta maior mato-grossense Manoel de Barros (1916-2014) esculpiu um pensamento redondo e irretoc\u00e1vel: \u201cEntender \u00e9 parede. Procure ser \u00e1rvore\u201d. Na lousa de nossa parede, muitos escreveram como nossos pais, parentes, amigos e inimigos, vizinhos e estranhos, mestres e pedestres de mil estradas. Todo mundo deixou sua mensagem e seus conselhos. Alguns podem ter deixado grandes pontos de interroga\u00e7\u00e3o. Outros, no entanto, plantaram sementes para que nossa \u00e1rvore frutificasse, dando sombra aos passantes cansados e uma copa acolhedora para os passarinhos. \u00c9 olhando para nossa parede que podemos nos entender melhor, mas \u00e9 sendo \u00e1rvore que estamos no caminho de nossa realiza\u00e7\u00e3o pessoal, deixando de ser apenas uma interroga\u00e7\u00e3o ou uma opaca parede. Alegre-se muito e se encante com a beleza da vida que continua florindo.<\/p>\n<hr \/>\n<h3><strong>Livro das delicadezas: o mundo de Maria Amada<\/strong><\/h3>\n<p>Das coisas mais bonitas que ocorreram na minha vida foi conhecer a irm\u00e3 Maria Amada, que considero uma das m\u00edsticas mais singulares que encontrei ao longo de meu caminho. Era algu\u00e9m que tinha o dom de falar com Jesus e Nossa Senhora, de lidar com a natureza de uma forma bela, singela e acolhedora. Tinha sempre o toque da alegria, o gosto pela m\u00fasica, o tra\u00e7o do carinho especial com que recebia todos os que buscavam a vida espiritual nos caminhos do carmelo, localizado num ponto alto da cidade de Juiz de Fora, nas Minas Gerais. Era uma pessoa muito especial, com o dom da acolhida, numa vida domiciliada no testemunho e na simplicidade. O mote de sua atua\u00e7\u00e3o mission\u00e1ria era o de viver simplesmente, de falar amorosamente de sua experi\u00eancia de Deus, sempre com o olhar voltado para o ritmo singelo do cotidiano. O presente livro traz o toque de delicadeza de muitas das hist\u00f3rias contadas pela m\u00edstica mineira, com seu olhar vibrante e seu singelo carinho. Como bem expressou Frei Betto, Maria Amada somava em sua vida todas as qualidades evang\u00e9licas: servidora dos pobres, mission\u00e1ria e amorosa. Nela as bem-aventuran\u00e7as se fizeram s\u00edntese.<\/p>\n<hr \/>\n<h3><strong>Chapeuzinho Vermelho na escola: mil anos de hist\u00f3ria<\/strong><\/h3>\n<p>\u00c0s v\u00e9speras do anivers\u00e1rio de um mil\u00eanio da vers\u00e3o medieval de Chapeuzinho Vermelho, publicada por Egberto de Li\u00e8ge em 1023, este livro tra\u00e7a um hist\u00f3rico de mil anos desse famoso conto em sua rela\u00e7\u00e3o com a institui\u00e7\u00e3o escolar. Para isso, visita a hist\u00f3ria coletada por Delarue e transita pelas consagradas vers\u00f5es de Perrault e dos Grimm. As duas primeiras partes da obra apresentam o conto e sua trajet\u00f3ria. A terceira parte traz sugest\u00f5es de atividades para sala de aula da Educa\u00e7\u00e3o B\u00e1sica a partir de quatro vers\u00f5es contempor\u00e2neas do conto: Deu a louca na Chapeuzinho, anima\u00e7\u00e3o dirigida por Cory Edwards; Fita Verde no Cabelo, escrito por Guimar\u00e3es Rosa; Chapeuzinho Amarelo, de Chico Buarque; e A Indiazinha Chapeuzinho Verde, da autoria de Maria Lucia Takua Peres. Assim, reunindo elementos hist\u00f3ricos, discursivos, tradicionais e liter\u00e1rios do conto, o livro Chapeuzinho Vermelho na escola prop\u00f5e pr\u00e1ticas de letramento liter\u00e1rio, de leitura e de produ\u00e7\u00e3o de texto para crian\u00e7as, jovens e adultos.<\/p>\n<hr \/>\n<h3><strong>Psicologia da Sa\u00fade aplicada \u00e0 Enfermagem<\/strong><\/h3>\n<p>Como a Psicologia pode contribuir para a forma\u00e7\u00e3o dos profissionais de sa\u00fade? A aplica\u00e7\u00e3o da Psicologia \u00e0 forma\u00e7\u00e3o desses profissionais pode se dar de diferentes modos. Em Psicologia da Sa\u00fade Aplicada \u00e0 Enfermagem partimos do pressuposto de que a ci\u00eancia psicol\u00f3gica deve se colocar sempre dispon\u00edvel ao di\u00e1logo com os campos de aplica\u00e7\u00e3o em sa\u00fade, suas demandas, desafios e potencialidades, contribuindo para uma atua\u00e7\u00e3o interprofissional cr\u00edtica e que priorize os movimentos de escuta, de humaniza\u00e7\u00e3o e de integralidade no cuidar. Esta obra busca contribuir para que estudantes de gradua\u00e7\u00e3o e de p\u00f3s-gradua\u00e7\u00e3o em Ci\u00eancias da Sa\u00fade possam estabelecer e manter esse di\u00e1logo vivo com os saberes e as pr\u00e1ticas psicol\u00f3gicas.<\/p>\n<hr \/>\n<h3><strong>Psicologia Social<\/strong><\/h3>\n<p>Psicologia Social \u00e9 um manual consagrado, que deve seu grande sucesso a uma combina\u00e7\u00e3o feliz de duas caracter\u00edsticas essenciais para toda obra que pretende tornar-se referencial em sua \u00e1rea: a fundamenta\u00e7\u00e3o te\u00f3rica e cient\u00edfica, de um lado, e a experi\u00eancia pr\u00e1tica acad\u00eamica, de outro.<\/p>\n<p>Desde as primeiras edi\u00e7\u00f5es \u2013 que inicialmente foram elaboradas apenas por Aroldo Rodrigues, e foram engrandecidas, em seguida, com a contribui\u00e7\u00e3o de dois ex-alunos seus, Eveline Maria Leal Assmar e Bernardo Jablonski, igualmente professores da disciplina de Psicologia Social \u2013 a obra apresentou-se com ineg\u00e1vel qualidade de conte\u00fado, atendendo aos objetivos da disciplina e estruturando-se como um manual de enfoque l\u00facido e objetivo lido por milhares de estudantes no Brasil e nos pa\u00edses de l\u00edngua portuguesa e espanhola desde o in\u00edcio dos anos de 1970. Apesar de suas muitas edi\u00e7\u00f5es, os autores souberam n\u00e3o apenas manter a obra atual, como inserir nela os resultados das pesquisas mais recentes da ci\u00eancia psicol\u00f3gica, de modo que os leitores se beneficiassem de uma obra sempre referencial.<\/p>\n<p>Por outro lado, com a utiliza\u00e7\u00e3o das edi\u00e7\u00f5es em suas aulas, os autores puderam observar a rea\u00e7\u00e3o dos alunos e a aplicabilidade do texto, obtendo dessa forma uma constante renova\u00e7\u00e3o did\u00e1tica a partir desse important\u00edssimo feedback.<\/p>\n<p>A introdu\u00e7\u00e3o de v\u00e1rias ep\u00edgrafes no in\u00edcio dos cap\u00edtulos e de algumas se\u00e7\u00f5es, al\u00e9m de tornar a leitura mais agrad\u00e1vel, mostra como literatos, poetas, humoristas, fil\u00f3sofos, juristas etc. intuem princ\u00edpios e conhecimentos cientificamente estudados pela Psicologia Social.<\/p>\n<p>Ap\u00f3s caracterizarem o que se entende por Psicologia Social cient\u00edfica contempor\u00e2nea, os autores apresentam o que h\u00e1 de mais moderno acerca dos v\u00e1rios fen\u00f4menos psicossociais, incluindo cap\u00edtulos sobre Justi\u00e7a nas rela\u00e7\u00f5es sociais e sobre Algumas \u00e1reas de aplica\u00e7\u00e3o da Psicologia Social. Extensa bibliografia e recomenda\u00e7\u00f5es de leituras relativas ao assunto de cada cap\u00edtulo, juntamente com a apresenta\u00e7\u00e3o de quest\u00f5es para estudo individual ou em grupo, constituem valiosa ajuda aos estudiosos do assunto.<\/p>\n<p>Tudo isto faz de Psicologia Social um livro moderno, atualizado, de leitura amena, farto em fundamenta\u00e7\u00e3o te\u00f3rica, pr\u00f3digo em experimentos e atento \u00e0s aplica\u00e7\u00f5es da teoria ao dia a dia da intera\u00e7\u00e3o social humana. Leitura obrigat\u00f3ria aos interessados no estado atual do conhecimento em Psicologia Social.<\/p>\n<hr \/>\n<h3><strong>Caminhos para a sabedoria: uma introdu\u00e7\u00e3o \u00e0 vida filos\u00f3fica<\/strong><\/h3>\n<p>Nesta introdu\u00e7\u00e3o basilar, Karl Jaspers descreve as origens da Filosofia e a postura do Fil\u00f3sofo diante da ideia de Deus, da morte, da liberdade, do mundo, da hist\u00f3ria, da ci\u00eancia e da religi\u00e3o.<\/p>\n<p>O grande sucesso de suas palestras radiof\u00f4nicas deu-se por conta de algumas felizes conjun\u00e7\u00f5es: est\u00e3o impregnadas do pensamento pessoal de Jaspers, abarcam todo o espectro da tradi\u00e7\u00e3o e foram redigidas em uma linguagem de f\u00e1cil compreens\u00e3o, embora sempre preservando a subst\u00e2ncia das quest\u00f5es.<\/p>\n<p>A coragem da subjetividade, associada ao saber da amplid\u00e3o do at\u00e9 ent\u00e3o pensado, bem como a ousadia da simplicidade, associada \u00e0 sensibilidade para a relev\u00e2ncia dos principais debates filos\u00f3ficos, tornam este livro digno de leitura e estudo, para al\u00e9m do \u00e2mbito especializado, garantindo- lhe, ao mesmo tempo, uma posi\u00e7\u00e3o de destaque.<\/p>\n<p>A atitude reflexiva contida nesta obra torna-se refrescante e curativa porque nos estimula a rever as perspectivas do caminhar pensante em uma dire\u00e7\u00e3oclara rumo \u00e0 <em>Existenz<\/em>. Mas o que \u00e9 a <em>Existenz<\/em>? Ela \u00e9 o caminho de uma <em>Vida Filos\u00f3fica<\/em>, a ado\u00e7\u00e3o de uma atitude que, em situa\u00e7\u00f5es lim\u00edtrofes, leva o indiv\u00edduo \u00e0 compreens\u00e3o do sentido singular de sua pr\u00f3pria exist\u00eancia, sem que esse significado possa ser colocado em palavras por ser, antes de mais nada, um sentimento especial, situado para al\u00e9m de todas as facticidades e do poder da linguagem.<\/p>\n<hr \/>\n<h3><strong>Hist\u00f3ria Digital: a historiografia diante dos recursos e demandas de um novo tempo<\/strong><\/h3>\n<p>Desde os anos 90 do s\u00e9culo passado, vivemos uma nova era que nos define como Sociedade Digital. Fazem parte da vida dos habitantes deste novo mundo as redes sociais, a intercomunica\u00e7\u00e3o e informa\u00e7\u00e3o proporcionada pelos computadores e celulares, os resultados cient\u00edficos potencializados pelos recursos digitais, e a informa\u00e7\u00e3o que nos chega t\u00e3o f\u00e1cil como a desinforma\u00e7\u00e3o e manipula\u00e7\u00e3o. Este livro \u2013 ao reunir sete ensaios sobre quest\u00f5es que colocam em pauta as rela\u00e7\u00f5es entre Hist\u00f3ria e Sociedade Digital \u2013 visa uma discuss\u00e3o de profundidade sobre a Revolu\u00e7\u00e3o Digital, sobre a Internet, sobre as novas tecnologias, sobre os novos objetos e fontes hist\u00f3ricas que a sociedade digital proporciona aos historiadores, sobre os aspectos pr\u00e1ticos e \u00e9ticos relacionados \u00e0 intera\u00e7\u00e3o entre a Hist\u00f3ria e a sociedade da informa\u00e7\u00e3o e desinforma\u00e7\u00e3o. As redes sociais, as v\u00e1rias plataformas como o YouTube e Wikip\u00e9dia, a variedade de aplicativos voltados para a pesquisa ou exposi\u00e7\u00e3o de resultados \u2013 ao lado das novas possibilidades de express\u00e3o e comunica\u00e7\u00e3o das quais podem se valer os historiadores \u2013 s\u00e3o aqui discutidas a partir de um olhar que vem da Historiografia.<\/p>\n<p>O livro interessa a professores, pesquisadores e estudantes de Hist\u00f3ria, mas tamb\u00e9m a profissionais de telecomunica\u00e7\u00f5es, comunicadores, antrop\u00f3logos e soci\u00f3logos que buscam refletir sobre a vida moderna, assim como aqueles que utilizam intensamente as redes sociais e os dispositivos eletr\u00f4nicos no dia a dia. Compreender que a revolu\u00e7\u00e3o digital que vivemos \u00e9 parte de um grande ciclo de revolu\u00e7\u00f5es tecnol\u00f3gicas que beneficiou a humanidade, e que uma hist\u00f3ria interliga e reatualiza estas quatro grandes revolu\u00e7\u00f5es \u2013 agr\u00edcola, urbana, industrial e digital-informacional \u2013 \u00e9 o ponto de partida de um conjunto de ensaios que desvenda as v\u00e1rias rela\u00e7\u00f5es poss\u00edveis entre Hist\u00f3ria e Sociedade Digital.<\/p>\n<p>Os autores \u2013 Jos\u00e9 D\u2019Assun\u00e7\u00e3o Barros, F\u00e1bio Chang, Lucas Piant\u00e1, Pedro Terres, Odir Fontoura, D\u00e9bora El-Jaick Andrade, Eric Brasil, Leonardo Nascimento e Danielle Lacerda \u2013 s\u00e3o pesquisadores ligados \u00e0 historiografia e que se uniram para examinar e refletir, em todas as suas rela\u00e7\u00f5es poss\u00edveis, sobre esta que podemos chamar de Hist\u00f3ria Digital.<\/p>\n<hr \/>\n<h3><strong>TDAH: o que fazer e o que evitar: guia r\u00e1pido para professores e professoras do Ensino Fundamental<\/strong><\/h3>\n<p>Esta obra tem como objetivo trazer um panorama te\u00f3rico para que os professores compreendam o funcionamento cognitivo de crian\u00e7as e jovens com TDAH e para que possam aplicar t\u00e9cnicas educacionais e pedag\u00f3gicas especifica-se, portanto, mais eficazes para a sala de aula. O livro est\u00e1 dividido em 15 cap\u00edtulos agrupados em tr\u00eas macros se\u00e7\u00f5es: hiperatividade, impulsividade e desaten\u00e7\u00e3o, que s\u00e3o os comportamentos problem\u00e1ticos t\u00edpicos de crian\u00e7as com TDAH na faixa et\u00e1ria de 6 a 11 anos. Inicialmente, o motivo de cada comportamento problem\u00e1tico \u00e9 brevemente explicado, e em seguida a autora oferece indica\u00e7\u00f5es simples para o professor sobre as atitudes a adotar e evitar. Ao final de cada cap\u00edtulo h\u00e1 conselhos de especialistas e um pequeno par\u00e1grafo de resumo com sugest\u00f5es pr\u00e1ticas para serem postas em pr\u00e1tica imediatamente.<\/p>\n<hr \/>\n<h3><strong>Autismo: o que fazer e o que evitar: guia r\u00e1pido para professores e professoras do Ensino Fundamental<\/strong><\/h3>\n<p>Esta obra \u00e9 voltada principalmente a professores dos primeiros anos do Ensino Fundamental de turmas que possuem alunos com transtorno do espectro do autismo em idade escolar de 6 a 11 anos. A proposta do autor \u00e9 oferecer ferramentas para que o professor possa acolher no dia a dia as necessidades desses alunos, promovendo uma aprendizagem facilitada.<\/p>\n<p>O livro est\u00e1 dividido em 3 partes: Intera\u00e7\u00e3o social; Comunica\u00e7\u00e3o; e Comportamentos, interesses, atividades. Cada cap\u00edtulo analisa as caracter\u00edsticas, necessidades e comportamentos encontrados com mais frequ\u00eancia nessas macro\u00e1reas. O autor tem o cuidado de inicialmente explicar a motiva\u00e7\u00e3o que est\u00e1 por tr\u00e1s de cada comportamento, e depois oferece indica\u00e7\u00f5es de atitudes que o professor pode adotar ou deve evitar para cada caso. Segue-se um estudo aprofundado sobre o tema e ferramentas, e estrat\u00e9gias s\u00e3o fornecidas sobre como intervir em rela\u00e7\u00e3o a alguns aspectos educacionais e did\u00e1ticos cruciais.<\/p>\n<hr \/>\n<p style=\"padding-left: 40px;\">Todos esses produtos podem ser adquiridos pelos sites\u00a0<a href=\"http:\/\/www.livrariavozes.com.br\/\">www.livrariavozes.com.br<\/a>\u00a0ou \u00a0site:\u00a0<a href=\"http:\/\/vozes.com.br\/\">http:\/\/vozes.com.br<\/a><\/p>\n<p style=\"padding-left: 40px;\"><strong>E-mail<\/strong>:\u00a0<a href=\"mailto:contato@vozes.com.br\" target=\"_blank\" rel=\"noopener noreferrer\">contato@vozes.com.br<\/a><\/p>\n<p style=\"padding-left: 40px;\"><strong>Tel.<\/strong> 11 3101 8451<\/p>\n","protected":false},"excerpt":{"rendered":"<p>Editora Vozes<\/p>\n","protected":false},"author":7,"featured_media":239010,"comment_status":"open","ping_status":"open","sticky":false,"template":"","format":"standard","meta":[],"categories":[1],"tags":[238],"acf":[],"yoast_head":"<!-- This site is optimized with the Yoast SEO plugin v19.2 - https:\/\/yoast.com\/wordpress\/plugins\/seo\/ -->\n<title>&quot;E os jardins continuam florindo&quot;, entre os lan\u00e7amentos da Vozes - Not\u00edcias - Franciscanos<\/title>\n<meta name=\"robots\" content=\"index, follow, max-snippet:-1, max-image-preview:large, max-video-preview:-1\" \/>\n<link rel=\"canonical\" href=\"https:\/\/franciscanos.org.br\/noticias\/e-os-jardins-continuam-florindo-entre-os-lancamentos-da-vozes.html\" \/>\n<meta property=\"og:locale\" content=\"pt_BR\" \/>\n<meta property=\"og:type\" content=\"article\" \/>\n<meta property=\"og:title\" content=\"&quot;E os jardins continuam florindo&quot;, entre os lan\u00e7amentos da Vozes - Not\u00edcias - Franciscanos\" \/>\n<meta property=\"og:description\" content=\"Editora Vozes\" \/>\n<meta property=\"og:url\" content=\"https:\/\/franciscanos.org.br\/noticias\/e-os-jardins-continuam-florindo-entre-os-lancamentos-da-vozes.html\" \/>\n<meta property=\"og:site_name\" content=\"Not\u00edcias - Franciscanos\" \/>\n<meta property=\"article:published_time\" content=\"2022-08-11T11:57:33+00:00\" \/>\n<meta property=\"og:image\" content=\"https:\/\/franciscanos.org.br\/noticias\/wp-content\/uploads\/2022\/07\/Vozes-800.jpg\" \/>\n\t<meta property=\"og:image:width\" content=\"800\" \/>\n\t<meta property=\"og:image:height\" content=\"550\" \/>\n\t<meta property=\"og:image:type\" content=\"image\/jpeg\" \/>\n<meta name=\"author\" content=\"jovenal\" \/>\n<meta name=\"twitter:card\" content=\"summary_large_image\" \/>\n<meta name=\"twitter:label1\" content=\"Escrito por\" \/>\n\t<meta name=\"twitter:data1\" content=\"jovenal\" \/>\n\t<meta name=\"twitter:label2\" content=\"Est. tempo de leitura\" \/>\n\t<meta name=\"twitter:data2\" content=\"11 minutos\" \/>\n<script type=\"application\/ld+json\" class=\"yoast-schema-graph\">{\"@context\":\"https:\/\/schema.org\",\"@graph\":[{\"@type\":\"WebSite\",\"@id\":\"https:\/\/franciscanos.org.br\/noticias\/#website\",\"url\":\"https:\/\/franciscanos.org.br\/noticias\/\",\"name\":\"Not\u00edcias - Franciscanos\",\"description\":\"Prov\u00edncia Franciscana da Imaculada Concei\u00e7\u00e3o do Brasil - Ordem dos Frades Menores - OFM\",\"potentialAction\":[{\"@type\":\"SearchAction\",\"target\":{\"@type\":\"EntryPoint\",\"urlTemplate\":\"https:\/\/franciscanos.org.br\/noticias\/?s={search_term_string}\"},\"query-input\":\"required name=search_term_string\"}],\"inLanguage\":\"pt-BR\"},{\"@type\":\"ImageObject\",\"inLanguage\":\"pt-BR\",\"@id\":\"https:\/\/franciscanos.org.br\/noticias\/e-os-jardins-continuam-florindo-entre-os-lancamentos-da-vozes.html#primaryimage\",\"url\":\"https:\/\/franciscanos.org.br\/noticias\/wp-content\/uploads\/2022\/07\/Vozes-800.jpg\",\"contentUrl\":\"https:\/\/franciscanos.org.br\/noticias\/wp-content\/uploads\/2022\/07\/Vozes-800.jpg\",\"width\":800,\"height\":550},{\"@type\":\"WebPage\",\"@id\":\"https:\/\/franciscanos.org.br\/noticias\/e-os-jardins-continuam-florindo-entre-os-lancamentos-da-vozes.html#webpage\",\"url\":\"https:\/\/franciscanos.org.br\/noticias\/e-os-jardins-continuam-florindo-entre-os-lancamentos-da-vozes.html\",\"name\":\"\\\"E os jardins continuam florindo\\\", entre os lan\u00e7amentos da Vozes - Not\u00edcias - Franciscanos\",\"isPartOf\":{\"@id\":\"https:\/\/franciscanos.org.br\/noticias\/#website\"},\"primaryImageOfPage\":{\"@id\":\"https:\/\/franciscanos.org.br\/noticias\/e-os-jardins-continuam-florindo-entre-os-lancamentos-da-vozes.html#primaryimage\"},\"datePublished\":\"2022-08-11T11:57:33+00:00\",\"dateModified\":\"2022-08-11T11:57:33+00:00\",\"author\":{\"@id\":\"https:\/\/franciscanos.org.br\/noticias\/#\/schema\/person\/c3a26b08313dd1772495ce300ab257cc\"},\"breadcrumb\":{\"@id\":\"https:\/\/franciscanos.org.br\/noticias\/e-os-jardins-continuam-florindo-entre-os-lancamentos-da-vozes.html#breadcrumb\"},\"inLanguage\":\"pt-BR\",\"potentialAction\":[{\"@type\":\"ReadAction\",\"target\":[\"https:\/\/franciscanos.org.br\/noticias\/e-os-jardins-continuam-florindo-entre-os-lancamentos-da-vozes.html\"]}]},{\"@type\":\"BreadcrumbList\",\"@id\":\"https:\/\/franciscanos.org.br\/noticias\/e-os-jardins-continuam-florindo-entre-os-lancamentos-da-vozes.html#breadcrumb\",\"itemListElement\":[{\"@type\":\"ListItem\",\"position\":1,\"name\":\"Home\",\"item\":\"https:\/\/franciscanos.org.br\/noticias\"},{\"@type\":\"ListItem\",\"position\":2,\"name\":\"&#8220;E os jardins continuam florindo&#8221;, entre os lan\u00e7amentos da Vozes\"}]},{\"@type\":\"Person\",\"@id\":\"https:\/\/franciscanos.org.br\/noticias\/#\/schema\/person\/c3a26b08313dd1772495ce300ab257cc\",\"name\":\"jovenal\",\"image\":{\"@type\":\"ImageObject\",\"inLanguage\":\"pt-BR\",\"@id\":\"https:\/\/franciscanos.org.br\/noticias\/#\/schema\/person\/image\/\",\"url\":\"https:\/\/secure.gravatar.com\/avatar\/e94509f531086e2eaf97e72f29ea00f9?s=96&d=mm&r=g\",\"contentUrl\":\"https:\/\/secure.gravatar.com\/avatar\/e94509f531086e2eaf97e72f29ea00f9?s=96&d=mm&r=g\",\"caption\":\"jovenal\"},\"url\":\"https:\/\/franciscanos.org.br\/noticias\/author\/jovenal\"}]}<\/script>\n<!-- \/ Yoast SEO plugin. -->","yoast_head_json":{"title":"\"E os jardins continuam florindo\", entre os lan\u00e7amentos da Vozes - Not\u00edcias - Franciscanos","robots":{"index":"index","follow":"follow","max-snippet":"max-snippet:-1","max-image-preview":"max-image-preview:large","max-video-preview":"max-video-preview:-1"},"canonical":"https:\/\/franciscanos.org.br\/noticias\/e-os-jardins-continuam-florindo-entre-os-lancamentos-da-vozes.html","og_locale":"pt_BR","og_type":"article","og_title":"\"E os jardins continuam florindo\", entre os lan\u00e7amentos da Vozes - Not\u00edcias - Franciscanos","og_description":"Editora Vozes","og_url":"https:\/\/franciscanos.org.br\/noticias\/e-os-jardins-continuam-florindo-entre-os-lancamentos-da-vozes.html","og_site_name":"Not\u00edcias - Franciscanos","article_published_time":"2022-08-11T11:57:33+00:00","og_image":[{"width":800,"height":550,"url":"https:\/\/franciscanos.org.br\/noticias\/wp-content\/uploads\/2022\/07\/Vozes-800.jpg","type":"image\/jpeg"}],"author":"jovenal","twitter_card":"summary_large_image","twitter_misc":{"Escrito por":"jovenal","Est. tempo de leitura":"11 minutos"},"schema":{"@context":"https:\/\/schema.org","@graph":[{"@type":"WebSite","@id":"https:\/\/franciscanos.org.br\/noticias\/#website","url":"https:\/\/franciscanos.org.br\/noticias\/","name":"Not\u00edcias - Franciscanos","description":"Prov\u00edncia Franciscana da Imaculada Concei\u00e7\u00e3o do Brasil - Ordem dos Frades Menores - OFM","potentialAction":[{"@type":"SearchAction","target":{"@type":"EntryPoint","urlTemplate":"https:\/\/franciscanos.org.br\/noticias\/?s={search_term_string}"},"query-input":"required name=search_term_string"}],"inLanguage":"pt-BR"},{"@type":"ImageObject","inLanguage":"pt-BR","@id":"https:\/\/franciscanos.org.br\/noticias\/e-os-jardins-continuam-florindo-entre-os-lancamentos-da-vozes.html#primaryimage","url":"https:\/\/franciscanos.org.br\/noticias\/wp-content\/uploads\/2022\/07\/Vozes-800.jpg","contentUrl":"https:\/\/franciscanos.org.br\/noticias\/wp-content\/uploads\/2022\/07\/Vozes-800.jpg","width":800,"height":550},{"@type":"WebPage","@id":"https:\/\/franciscanos.org.br\/noticias\/e-os-jardins-continuam-florindo-entre-os-lancamentos-da-vozes.html#webpage","url":"https:\/\/franciscanos.org.br\/noticias\/e-os-jardins-continuam-florindo-entre-os-lancamentos-da-vozes.html","name":"\"E os jardins continuam florindo\", entre os lan\u00e7amentos da Vozes - Not\u00edcias - Franciscanos","isPartOf":{"@id":"https:\/\/franciscanos.org.br\/noticias\/#website"},"primaryImageOfPage":{"@id":"https:\/\/franciscanos.org.br\/noticias\/e-os-jardins-continuam-florindo-entre-os-lancamentos-da-vozes.html#primaryimage"},"datePublished":"2022-08-11T11:57:33+00:00","dateModified":"2022-08-11T11:57:33+00:00","author":{"@id":"https:\/\/franciscanos.org.br\/noticias\/#\/schema\/person\/c3a26b08313dd1772495ce300ab257cc"},"breadcrumb":{"@id":"https:\/\/franciscanos.org.br\/noticias\/e-os-jardins-continuam-florindo-entre-os-lancamentos-da-vozes.html#breadcrumb"},"inLanguage":"pt-BR","potentialAction":[{"@type":"ReadAction","target":["https:\/\/franciscanos.org.br\/noticias\/e-os-jardins-continuam-florindo-entre-os-lancamentos-da-vozes.html"]}]},{"@type":"BreadcrumbList","@id":"https:\/\/franciscanos.org.br\/noticias\/e-os-jardins-continuam-florindo-entre-os-lancamentos-da-vozes.html#breadcrumb","itemListElement":[{"@type":"ListItem","position":1,"name":"Home","item":"https:\/\/franciscanos.org.br\/noticias"},{"@type":"ListItem","position":2,"name":"&#8220;E os jardins continuam florindo&#8221;, entre os lan\u00e7amentos da Vozes"}]},{"@type":"Person","@id":"https:\/\/franciscanos.org.br\/noticias\/#\/schema\/person\/c3a26b08313dd1772495ce300ab257cc","name":"jovenal","image":{"@type":"ImageObject","inLanguage":"pt-BR","@id":"https:\/\/franciscanos.org.br\/noticias\/#\/schema\/person\/image\/","url":"https:\/\/secure.gravatar.com\/avatar\/e94509f531086e2eaf97e72f29ea00f9?s=96&d=mm&r=g","contentUrl":"https:\/\/secure.gravatar.com\/avatar\/e94509f531086e2eaf97e72f29ea00f9?s=96&d=mm&r=g","caption":"jovenal"},"url":"https:\/\/franciscanos.org.br\/noticias\/author\/jovenal"}]}},"_links":{"self":[{"href":"https:\/\/franciscanos.org.br\/noticias\/wp-json\/wp\/v2\/posts\/239008"}],"collection":[{"href":"https:\/\/franciscanos.org.br\/noticias\/wp-json\/wp\/v2\/posts"}],"about":[{"href":"https:\/\/franciscanos.org.br\/noticias\/wp-json\/wp\/v2\/types\/post"}],"author":[{"embeddable":true,"href":"https:\/\/franciscanos.org.br\/noticias\/wp-json\/wp\/v2\/users\/7"}],"replies":[{"embeddable":true,"href":"https:\/\/franciscanos.org.br\/noticias\/wp-json\/wp\/v2\/comments?post=239008"}],"version-history":[{"count":3,"href":"https:\/\/franciscanos.org.br\/noticias\/wp-json\/wp\/v2\/posts\/239008\/revisions"}],"predecessor-version":[{"id":239013,"href":"https:\/\/franciscanos.org.br\/noticias\/wp-json\/wp\/v2\/posts\/239008\/revisions\/239013"}],"wp:featuredmedia":[{"embeddable":true,"href":"https:\/\/franciscanos.org.br\/noticias\/wp-json\/wp\/v2\/media\/239010"}],"wp:attachment":[{"href":"https:\/\/franciscanos.org.br\/noticias\/wp-json\/wp\/v2\/media?parent=239008"}],"wp:term":[{"taxonomy":"category","embeddable":true,"href":"https:\/\/franciscanos.org.br\/noticias\/wp-json\/wp\/v2\/categories?post=239008"},{"taxonomy":"post_tag","embeddable":true,"href":"https:\/\/franciscanos.org.br\/noticias\/wp-json\/wp\/v2\/tags?post=239008"}],"curies":[{"name":"wp","href":"https:\/\/api.w.org\/{rel}","templated":true}]}}