{"id":239004,"date":"2022-07-20T07:54:47","date_gmt":"2022-07-20T10:54:47","guid":{"rendered":"https:\/\/franciscanos.org.br\/noticias\/?p=239004"},"modified":"2022-07-20T07:54:47","modified_gmt":"2022-07-20T10:54:47","slug":"paroquia-de-agudos-realiza-arraia-no-clima-do-ano-jubilar-de-125-anos","status":"publish","type":"post","link":"https:\/\/franciscanos.org.br\/noticias\/paroquia-de-agudos-realiza-arraia-no-clima-do-ano-jubilar-de-125-anos.html","title":{"rendered":"Par\u00f3quia de Agudos realiza Arrai\u00e1 no clima do Ano Jubilar de 125 anos"},"content":{"rendered":"<p><img loading=\"lazy\" class=\"alignleft size-full wp-image-239005\" src=\"https:\/\/franciscanos.org.br\/noticias\/wp-content\/uploads\/2022\/07\/agudos_2007.jpg\" alt=\"\" width=\"1200\" height=\"689\" srcset=\"https:\/\/franciscanos.org.br\/noticias\/wp-content\/uploads\/2022\/07\/agudos_2007.jpg 1200w, https:\/\/franciscanos.org.br\/noticias\/wp-content\/uploads\/2022\/07\/agudos_2007-450x258.jpg 450w, https:\/\/franciscanos.org.br\/noticias\/wp-content\/uploads\/2022\/07\/agudos_2007-1024x588.jpg 1024w, https:\/\/franciscanos.org.br\/noticias\/wp-content\/uploads\/2022\/07\/agudos_2007-768x441.jpg 768w, https:\/\/franciscanos.org.br\/noticias\/wp-content\/uploads\/2022\/07\/agudos_2007-150x86.jpg 150w\" sizes=\"(max-width: 1200px) 100vw, 1200px\" \/><\/p>\n<p>&nbsp;<\/p>\n<p>A Par\u00f3quia S\u00e3o Paulo Ap\u00f3stolo, em Agudos (SP) j\u00e1 come\u00e7ou a viver o Ano Jubilar de 125 anos de sua funda\u00e7\u00e3o. Depois da Festa em homenagem ao Padroeiro no dia 3 de julho, a Par\u00f3quia realiza o Arrai\u00e1 Resgatando Tradi\u00e7\u00f5es, de 22 a 24, em frente \u00e0 Igreja Matriz. A festa, com a tradicional quermesse de rua, tamb\u00e9m agrega a 23\u00aa edi\u00e7\u00e3o da Festa de S\u00e3o Crist\u00f3v\u00e3o, no dia 24.<\/p>\n<p>Nesses dias, ap\u00f3s a Missa das 19 horas, o p\u00fablico encontrar\u00e1 a pra\u00e7a de alimenta\u00e7\u00e3o, o tradicional bingo do bolo e do frango, bingo para crian\u00e7as e pescaria, al\u00e9m de shows com as duplas R\u00e9gis e Douglas e Alcides e Jurandir.<\/p>\n<p>No dia 24, a 23\u00aa Festa de S\u00e3o Crist\u00f3v\u00e3o tem in\u00edcio, \u00e0s 9h, na Comunidade S\u00e3o Francisco de Assis com a santa Missa. Ap\u00f3s, carreata e cavalgada pelas ruas de Agudos, b\u00ean\u00e7\u00e3o dos ve\u00edculos e comitivas em frente \u00e0 matriz, show com a dupla Ruan e Z\u00e9 Paulo, venda de espetos e refrigerante e o almo\u00e7o de S\u00e3o Crist\u00f3v\u00e3o, um delicioso arroz carreteiro, acompanhado de farofa e espeto de carne bovina, prato feito a R$ 20,00.<\/p>\n<p><img loading=\"lazy\" class=\"alignnone wp-image-239006 size-full\" src=\"https:\/\/franciscanos.org.br\/noticias\/wp-content\/uploads\/2022\/07\/agudos_02.jpg\" alt=\"\" width=\"1077\" height=\"1077\" srcset=\"https:\/\/franciscanos.org.br\/noticias\/wp-content\/uploads\/2022\/07\/agudos_02.jpg 1077w, https:\/\/franciscanos.org.br\/noticias\/wp-content\/uploads\/2022\/07\/agudos_02-450x450.jpg 450w, https:\/\/franciscanos.org.br\/noticias\/wp-content\/uploads\/2022\/07\/agudos_02-1024x1024.jpg 1024w, https:\/\/franciscanos.org.br\/noticias\/wp-content\/uploads\/2022\/07\/agudos_02-300x300.jpg 300w, https:\/\/franciscanos.org.br\/noticias\/wp-content\/uploads\/2022\/07\/agudos_02-768x768.jpg 768w, https:\/\/franciscanos.org.br\/noticias\/wp-content\/uploads\/2022\/07\/agudos_02-150x150.jpg 150w, https:\/\/franciscanos.org.br\/noticias\/wp-content\/uploads\/2022\/07\/agudos_02-100x100.jpg 100w\" sizes=\"(max-width: 1077px) 100vw, 1077px\" \/><\/p>\n<p><strong>AS ORIGENS<\/strong><\/p>\n<p>A Par\u00f3quia, que est\u00e1 prestes a completar seu Jubileu de 125 anos em 2023, \u00e9 conhecida como o cora\u00e7\u00e3o da cidade de Agudos, pois o munic\u00edpio foi se constituindo ao seu redor.<\/p>\n<p>A Par\u00f3quia foi criada a 13 de junho de 1898 e instalada a 3 de julho do mesmo ano. Foi desmembrada da Par\u00f3quia de Len\u00e7\u00f3is Paulista. Naquela ocasi\u00e3o, Agudos pertencia \u00e0 Arquidiocese de S\u00e3o Paulo, passando \u00e0 Diocese de Botucatu, quando esta foi criada em 1908 e \u00e0 Diocese de Bauru, que foi criada em 1964.<\/p>\n<p>A Par\u00f3quia de S\u00e3o Paulo Ap\u00f3stolo foi dirigida pelo clero diocesano at\u00e9 1970. Ap\u00f3s essa data, os franciscanos da Prov\u00edncia da Imaculada Concei\u00e7\u00e3o do Brasil que chegaram em Agudos em 1945 para construir o Semin\u00e1rio Santo Ant\u00f4nio, assumiram os trabalhos pastorais da Par\u00f3quia.<\/p>\n<p>Atualmente, a Par\u00f3quia tem como p\u00e1roco Frei S\u00edlvio Trindade Werlingue, vig\u00e1rio paroquial.<\/p>\n<p>A Par\u00f3quia S\u00e3o Paulo Ap\u00f3stolo de Agudos fica na Av. Benedito Otoni, 582, Centro, Agudos \u2013 SP. Informa\u00e7\u00f5es pelo telefone: (14) 3262-1237.<\/p>\n<hr \/>\n<p><em>Pascom da Par\u00f3quia S\u00e3o Paulo Ap\u00f3stolo de Agudos<\/em><\/p>\n","protected":false},"excerpt":{"rendered":"<p>Par\u00f3quia S\u00e3o Paulo Ap\u00f3stolo de Agudos<\/p>\n","protected":false},"author":3,"featured_media":239005,"comment_status":"open","ping_status":"open","sticky":false,"template":"","format":"standard","meta":[],"categories":[1],"tags":[1385],"acf":[],"yoast_head":"<!-- This site is optimized with the Yoast SEO plugin v19.2 - https:\/\/yoast.com\/wordpress\/plugins\/seo\/ -->\n<title>Par\u00f3quia de Agudos realiza Arrai\u00e1 no clima do Ano Jubilar de 125 anos - Not\u00edcias - Franciscanos<\/title>\n<meta name=\"robots\" content=\"index, follow, max-snippet:-1, max-image-preview:large, max-video-preview:-1\" \/>\n<link rel=\"canonical\" href=\"https:\/\/franciscanos.org.br\/noticias\/paroquia-de-agudos-realiza-arraia-no-clima-do-ano-jubilar-de-125-anos.html\" \/>\n<meta property=\"og:locale\" content=\"pt_BR\" \/>\n<meta property=\"og:type\" content=\"article\" \/>\n<meta property=\"og:title\" content=\"Par\u00f3quia de Agudos realiza Arrai\u00e1 no clima do Ano Jubilar de 125 anos - Not\u00edcias - Franciscanos\" \/>\n<meta property=\"og:description\" content=\"Par\u00f3quia S\u00e3o Paulo Ap\u00f3stolo de Agudos\" \/>\n<meta property=\"og:url\" content=\"https:\/\/franciscanos.org.br\/noticias\/paroquia-de-agudos-realiza-arraia-no-clima-do-ano-jubilar-de-125-anos.html\" \/>\n<meta property=\"og:site_name\" content=\"Not\u00edcias - Franciscanos\" \/>\n<meta property=\"article:published_time\" content=\"2022-07-20T10:54:47+00:00\" \/>\n<meta property=\"og:image\" content=\"https:\/\/franciscanos.org.br\/noticias\/wp-content\/uploads\/2022\/07\/agudos_2007.jpg\" \/>\n\t<meta property=\"og:image:width\" content=\"1200\" \/>\n\t<meta property=\"og:image:height\" content=\"689\" \/>\n\t<meta property=\"og:image:type\" content=\"image\/jpeg\" \/>\n<meta name=\"author\" content=\"moacir\" \/>\n<meta name=\"twitter:card\" content=\"summary_large_image\" \/>\n<meta name=\"twitter:label1\" content=\"Escrito por\" \/>\n\t<meta name=\"twitter:data1\" content=\"moacir\" \/>\n\t<meta name=\"twitter:label2\" content=\"Est. tempo de leitura\" \/>\n\t<meta name=\"twitter:data2\" content=\"3 minutos\" \/>\n<script type=\"application\/ld+json\" class=\"yoast-schema-graph\">{\"@context\":\"https:\/\/schema.org\",\"@graph\":[{\"@type\":\"WebSite\",\"@id\":\"https:\/\/franciscanos.org.br\/noticias\/#website\",\"url\":\"https:\/\/franciscanos.org.br\/noticias\/\",\"name\":\"Not\u00edcias - Franciscanos\",\"description\":\"Prov\u00edncia Franciscana da Imaculada Concei\u00e7\u00e3o do Brasil - Ordem dos Frades Menores - OFM\",\"potentialAction\":[{\"@type\":\"SearchAction\",\"target\":{\"@type\":\"EntryPoint\",\"urlTemplate\":\"https:\/\/franciscanos.org.br\/noticias\/?s={search_term_string}\"},\"query-input\":\"required name=search_term_string\"}],\"inLanguage\":\"pt-BR\"},{\"@type\":\"ImageObject\",\"inLanguage\":\"pt-BR\",\"@id\":\"https:\/\/franciscanos.org.br\/noticias\/paroquia-de-agudos-realiza-arraia-no-clima-do-ano-jubilar-de-125-anos.html#primaryimage\",\"url\":\"https:\/\/franciscanos.org.br\/noticias\/wp-content\/uploads\/2022\/07\/agudos_2007.jpg\",\"contentUrl\":\"https:\/\/franciscanos.org.br\/noticias\/wp-content\/uploads\/2022\/07\/agudos_2007.jpg\",\"width\":1200,\"height\":689},{\"@type\":\"WebPage\",\"@id\":\"https:\/\/franciscanos.org.br\/noticias\/paroquia-de-agudos-realiza-arraia-no-clima-do-ano-jubilar-de-125-anos.html#webpage\",\"url\":\"https:\/\/franciscanos.org.br\/noticias\/paroquia-de-agudos-realiza-arraia-no-clima-do-ano-jubilar-de-125-anos.html\",\"name\":\"Par\u00f3quia de Agudos realiza Arrai\u00e1 no clima do Ano Jubilar de 125 anos - Not\u00edcias - Franciscanos\",\"isPartOf\":{\"@id\":\"https:\/\/franciscanos.org.br\/noticias\/#website\"},\"primaryImageOfPage\":{\"@id\":\"https:\/\/franciscanos.org.br\/noticias\/paroquia-de-agudos-realiza-arraia-no-clima-do-ano-jubilar-de-125-anos.html#primaryimage\"},\"datePublished\":\"2022-07-20T10:54:47+00:00\",\"dateModified\":\"2022-07-20T10:54:47+00:00\",\"author\":{\"@id\":\"https:\/\/franciscanos.org.br\/noticias\/#\/schema\/person\/b5c8cba458c330ccff548b056e95a5d4\"},\"breadcrumb\":{\"@id\":\"https:\/\/franciscanos.org.br\/noticias\/paroquia-de-agudos-realiza-arraia-no-clima-do-ano-jubilar-de-125-anos.html#breadcrumb\"},\"inLanguage\":\"pt-BR\",\"potentialAction\":[{\"@type\":\"ReadAction\",\"target\":[\"https:\/\/franciscanos.org.br\/noticias\/paroquia-de-agudos-realiza-arraia-no-clima-do-ano-jubilar-de-125-anos.html\"]}]},{\"@type\":\"BreadcrumbList\",\"@id\":\"https:\/\/franciscanos.org.br\/noticias\/paroquia-de-agudos-realiza-arraia-no-clima-do-ano-jubilar-de-125-anos.html#breadcrumb\",\"itemListElement\":[{\"@type\":\"ListItem\",\"position\":1,\"name\":\"Home\",\"item\":\"https:\/\/franciscanos.org.br\/noticias\"},{\"@type\":\"ListItem\",\"position\":2,\"name\":\"Par\u00f3quia de Agudos realiza Arrai\u00e1 no clima do Ano Jubilar de 125 anos\"}]},{\"@type\":\"Person\",\"@id\":\"https:\/\/franciscanos.org.br\/noticias\/#\/schema\/person\/b5c8cba458c330ccff548b056e95a5d4\",\"name\":\"moacir\",\"image\":{\"@type\":\"ImageObject\",\"inLanguage\":\"pt-BR\",\"@id\":\"https:\/\/franciscanos.org.br\/noticias\/#\/schema\/person\/image\/\",\"url\":\"https:\/\/secure.gravatar.com\/avatar\/d08aa2ce4c8dd416d4479aa8536fcf64?s=96&d=mm&r=g\",\"contentUrl\":\"https:\/\/secure.gravatar.com\/avatar\/d08aa2ce4c8dd416d4479aa8536fcf64?s=96&d=mm&r=g\",\"caption\":\"moacir\"},\"url\":\"https:\/\/franciscanos.org.br\/noticias\/author\/moacir\"}]}<\/script>\n<!-- \/ Yoast SEO plugin. -->","yoast_head_json":{"title":"Par\u00f3quia de Agudos realiza Arrai\u00e1 no clima do Ano Jubilar de 125 anos - Not\u00edcias - Franciscanos","robots":{"index":"index","follow":"follow","max-snippet":"max-snippet:-1","max-image-preview":"max-image-preview:large","max-video-preview":"max-video-preview:-1"},"canonical":"https:\/\/franciscanos.org.br\/noticias\/paroquia-de-agudos-realiza-arraia-no-clima-do-ano-jubilar-de-125-anos.html","og_locale":"pt_BR","og_type":"article","og_title":"Par\u00f3quia de Agudos realiza Arrai\u00e1 no clima do Ano Jubilar de 125 anos - Not\u00edcias - Franciscanos","og_description":"Par\u00f3quia S\u00e3o Paulo Ap\u00f3stolo de Agudos","og_url":"https:\/\/franciscanos.org.br\/noticias\/paroquia-de-agudos-realiza-arraia-no-clima-do-ano-jubilar-de-125-anos.html","og_site_name":"Not\u00edcias - Franciscanos","article_published_time":"2022-07-20T10:54:47+00:00","og_image":[{"width":1200,"height":689,"url":"https:\/\/franciscanos.org.br\/noticias\/wp-content\/uploads\/2022\/07\/agudos_2007.jpg","type":"image\/jpeg"}],"author":"moacir","twitter_card":"summary_large_image","twitter_misc":{"Escrito por":"moacir","Est. tempo de leitura":"3 minutos"},"schema":{"@context":"https:\/\/schema.org","@graph":[{"@type":"WebSite","@id":"https:\/\/franciscanos.org.br\/noticias\/#website","url":"https:\/\/franciscanos.org.br\/noticias\/","name":"Not\u00edcias - Franciscanos","description":"Prov\u00edncia Franciscana da Imaculada Concei\u00e7\u00e3o do Brasil - Ordem dos Frades Menores - OFM","potentialAction":[{"@type":"SearchAction","target":{"@type":"EntryPoint","urlTemplate":"https:\/\/franciscanos.org.br\/noticias\/?s={search_term_string}"},"query-input":"required name=search_term_string"}],"inLanguage":"pt-BR"},{"@type":"ImageObject","inLanguage":"pt-BR","@id":"https:\/\/franciscanos.org.br\/noticias\/paroquia-de-agudos-realiza-arraia-no-clima-do-ano-jubilar-de-125-anos.html#primaryimage","url":"https:\/\/franciscanos.org.br\/noticias\/wp-content\/uploads\/2022\/07\/agudos_2007.jpg","contentUrl":"https:\/\/franciscanos.org.br\/noticias\/wp-content\/uploads\/2022\/07\/agudos_2007.jpg","width":1200,"height":689},{"@type":"WebPage","@id":"https:\/\/franciscanos.org.br\/noticias\/paroquia-de-agudos-realiza-arraia-no-clima-do-ano-jubilar-de-125-anos.html#webpage","url":"https:\/\/franciscanos.org.br\/noticias\/paroquia-de-agudos-realiza-arraia-no-clima-do-ano-jubilar-de-125-anos.html","name":"Par\u00f3quia de Agudos realiza Arrai\u00e1 no clima do Ano Jubilar de 125 anos - Not\u00edcias - Franciscanos","isPartOf":{"@id":"https:\/\/franciscanos.org.br\/noticias\/#website"},"primaryImageOfPage":{"@id":"https:\/\/franciscanos.org.br\/noticias\/paroquia-de-agudos-realiza-arraia-no-clima-do-ano-jubilar-de-125-anos.html#primaryimage"},"datePublished":"2022-07-20T10:54:47+00:00","dateModified":"2022-07-20T10:54:47+00:00","author":{"@id":"https:\/\/franciscanos.org.br\/noticias\/#\/schema\/person\/b5c8cba458c330ccff548b056e95a5d4"},"breadcrumb":{"@id":"https:\/\/franciscanos.org.br\/noticias\/paroquia-de-agudos-realiza-arraia-no-clima-do-ano-jubilar-de-125-anos.html#breadcrumb"},"inLanguage":"pt-BR","potentialAction":[{"@type":"ReadAction","target":["https:\/\/franciscanos.org.br\/noticias\/paroquia-de-agudos-realiza-arraia-no-clima-do-ano-jubilar-de-125-anos.html"]}]},{"@type":"BreadcrumbList","@id":"https:\/\/franciscanos.org.br\/noticias\/paroquia-de-agudos-realiza-arraia-no-clima-do-ano-jubilar-de-125-anos.html#breadcrumb","itemListElement":[{"@type":"ListItem","position":1,"name":"Home","item":"https:\/\/franciscanos.org.br\/noticias"},{"@type":"ListItem","position":2,"name":"Par\u00f3quia de Agudos realiza Arrai\u00e1 no clima do Ano Jubilar de 125 anos"}]},{"@type":"Person","@id":"https:\/\/franciscanos.org.br\/noticias\/#\/schema\/person\/b5c8cba458c330ccff548b056e95a5d4","name":"moacir","image":{"@type":"ImageObject","inLanguage":"pt-BR","@id":"https:\/\/franciscanos.org.br\/noticias\/#\/schema\/person\/image\/","url":"https:\/\/secure.gravatar.com\/avatar\/d08aa2ce4c8dd416d4479aa8536fcf64?s=96&d=mm&r=g","contentUrl":"https:\/\/secure.gravatar.com\/avatar\/d08aa2ce4c8dd416d4479aa8536fcf64?s=96&d=mm&r=g","caption":"moacir"},"url":"https:\/\/franciscanos.org.br\/noticias\/author\/moacir"}]}},"_links":{"self":[{"href":"https:\/\/franciscanos.org.br\/noticias\/wp-json\/wp\/v2\/posts\/239004"}],"collection":[{"href":"https:\/\/franciscanos.org.br\/noticias\/wp-json\/wp\/v2\/posts"}],"about":[{"href":"https:\/\/franciscanos.org.br\/noticias\/wp-json\/wp\/v2\/types\/post"}],"author":[{"embeddable":true,"href":"https:\/\/franciscanos.org.br\/noticias\/wp-json\/wp\/v2\/users\/3"}],"replies":[{"embeddable":true,"href":"https:\/\/franciscanos.org.br\/noticias\/wp-json\/wp\/v2\/comments?post=239004"}],"version-history":[{"count":1,"href":"https:\/\/franciscanos.org.br\/noticias\/wp-json\/wp\/v2\/posts\/239004\/revisions"}],"predecessor-version":[{"id":239007,"href":"https:\/\/franciscanos.org.br\/noticias\/wp-json\/wp\/v2\/posts\/239004\/revisions\/239007"}],"wp:featuredmedia":[{"embeddable":true,"href":"https:\/\/franciscanos.org.br\/noticias\/wp-json\/wp\/v2\/media\/239005"}],"wp:attachment":[{"href":"https:\/\/franciscanos.org.br\/noticias\/wp-json\/wp\/v2\/media?parent=239004"}],"wp:term":[{"taxonomy":"category","embeddable":true,"href":"https:\/\/franciscanos.org.br\/noticias\/wp-json\/wp\/v2\/categories?post=239004"},{"taxonomy":"post_tag","embeddable":true,"href":"https:\/\/franciscanos.org.br\/noticias\/wp-json\/wp\/v2\/tags?post=239004"}],"curies":[{"name":"wp","href":"https:\/\/api.w.org\/{rel}","templated":true}]}}