{"id":238991,"date":"2022-07-18T17:24:58","date_gmt":"2022-07-18T20:24:58","guid":{"rendered":"https:\/\/franciscanos.org.br\/noticias\/?p=238991"},"modified":"2022-07-18T17:24:58","modified_gmt":"2022-07-18T20:24:58","slug":"paroquia-santa-clara-de-assis-promove-luau-e-caminhada-ecologica","status":"publish","type":"post","link":"https:\/\/franciscanos.org.br\/noticias\/paroquia-santa-clara-de-assis-promove-luau-e-caminhada-ecologica.html","title":{"rendered":"Par\u00f3quia Santa Clara de Assis promove luau e caminhada ecol\u00f3gica"},"content":{"rendered":"<p><img loading=\"lazy\" class=\"alignleft size-full wp-image-238992\" src=\"https:\/\/franciscanos.org.br\/noticias\/wp-content\/uploads\/2022\/07\/colatina_02.jpg\" alt=\"\" width=\"1280\" height=\"720\" srcset=\"https:\/\/franciscanos.org.br\/noticias\/wp-content\/uploads\/2022\/07\/colatina_02.jpg 1280w, https:\/\/franciscanos.org.br\/noticias\/wp-content\/uploads\/2022\/07\/colatina_02-450x253.jpg 450w, https:\/\/franciscanos.org.br\/noticias\/wp-content\/uploads\/2022\/07\/colatina_02-1024x576.jpg 1024w, https:\/\/franciscanos.org.br\/noticias\/wp-content\/uploads\/2022\/07\/colatina_02-768x432.jpg 768w, https:\/\/franciscanos.org.br\/noticias\/wp-content\/uploads\/2022\/07\/colatina_02-150x84.jpg 150w\" sizes=\"(max-width: 1280px) 100vw, 1280px\" \/><\/p>\n<p>Nos dias 16 e 17 de julho, a Par\u00f3quia Santa Clara, em Colatina, organizou dois momentos importantes e que muito configura o povo \u00e0 simplicidade do carisma franciscano. No dia 16, s\u00e1bado \u00e0 noite, a Comunidade Santa Teresinha, no Bairro Bela Vista, acolheu alguns jovens para um momento de espiritualidade e de entretenimento, um luau com tem\u00e1tica \u201cEu Sou a Luz do Mundo\u201d, baseada no Evangelho de Jo\u00e3o 8, 12. Com momentos de evangeliza\u00e7\u00e3o, de divers\u00e3o e muita alegria, de m\u00fasicas e escuta atenta aos momentos fortes da espiritualidade, de um jeito leve e descontra\u00eddo, o trabalho com os jovens, aos poucos, come\u00e7a a ganhar for\u00e7a novamente, ap\u00f3s dois anos de completa estagna\u00e7\u00e3o com as atividades voltadas a eles.<\/p>\n<p>Outro grande momento foi a Caminhada Ecol\u00f3gica, promovida pela Pastoral da Ecologia paroquial. Esse momento, iniciado no domingo de manh\u00e3zinha, contou com a participa\u00e7\u00e3o de comunidades de outras par\u00f3quias da Diocese. A caminhada, em forma de circuito, em meio \u00e0 natureza exuberante e cen\u00e1rios que mais pareciam ter sido tirados de filmes, tamanha beleza, contou com cerca de trinta pessoas. O percurso durou em torno de quatro horas e meia, por treze quil\u00f4metros, com paradas para descanso, caf\u00e9 da manh\u00e3, mas tamb\u00e9m uma experi\u00eancia para entranhar e perceber o que o Pobrezinho de Assis vivia e nos ensina a cada momento, que \u00e9 a rever\u00eancia e o cuidado \u00e0 cria\u00e7\u00e3o, louvando com ela, o Criador.<\/p>\n<p><img loading=\"lazy\" class=\"alignleft size-full wp-image-238993\" src=\"https:\/\/franciscanos.org.br\/noticias\/wp-content\/uploads\/2022\/07\/colatina08.jpg\" alt=\"\" width=\"900\" height=\"904\" srcset=\"https:\/\/franciscanos.org.br\/noticias\/wp-content\/uploads\/2022\/07\/colatina08.jpg 900w, https:\/\/franciscanos.org.br\/noticias\/wp-content\/uploads\/2022\/07\/colatina08-448x450.jpg 448w, https:\/\/franciscanos.org.br\/noticias\/wp-content\/uploads\/2022\/07\/colatina08-300x300.jpg 300w, https:\/\/franciscanos.org.br\/noticias\/wp-content\/uploads\/2022\/07\/colatina08-768x771.jpg 768w, https:\/\/franciscanos.org.br\/noticias\/wp-content\/uploads\/2022\/07\/colatina08-150x151.jpg 150w, https:\/\/franciscanos.org.br\/noticias\/wp-content\/uploads\/2022\/07\/colatina08-100x100.jpg 100w\" sizes=\"(max-width: 900px) 100vw, 900px\" \/><\/p>\n<p>As duas experi\u00eancias, voltadas a uma intimidade com Deus, trouxe a cada um de n\u00f3s uma tranquilidade e paz de esp\u00edrito muito intensas e um desejo de que isso perdure e se fortale\u00e7a cada vez mais nestes tempos que vivemos. Em meio ao caos e a viol\u00eancia, os pequenos gestos de que Deus se faz presente e est\u00e1, n\u00e3o acima de todos, mas no meio de n\u00f3s, oferece \u00e0 comunidade em que vivemos e aos jovens, a oportunidade de se abrir ao simples, a perceber Deus nas pequenas coisas e a compreenderem que Ele fala em cada um de n\u00f3s com a voz que sabemos ouvir e do jeito que sabemos ser.<\/p>\n\n\t\t<style type=\"text\/css\">\n\t\t\t#gallery-1 {\n\t\t\t\tmargin: auto;\n\t\t\t}\n\t\t\t#gallery-1 .gallery-item {\n\t\t\t\tfloat: left;\n\t\t\t\tmargin-top: 10px;\n\t\t\t\ttext-align: center;\n\t\t\t\twidth: 33%;\n\t\t\t}\n\t\t\t#gallery-1 img {\n\t\t\t\tborder: 2px solid #cfcfcf;\n\t\t\t}\n\t\t\t#gallery-1 .gallery-caption {\n\t\t\t\tmargin-left: 0;\n\t\t\t}\n\t\t\t\/* see gallery_shortcode() in wp-includes\/media.php *\/\n\t\t<\/style>\n\t\t<div id='gallery-1' class='gallery galleryid-238991 gallery-columns-3 gallery-size-thumbnail'><dl class='gallery-item'>\n\t\t\t<dt class='gallery-icon landscape'>\n\t\t\t\t<a href='https:\/\/franciscanos.org.br\/noticias\/wp-content\/uploads\/2022\/07\/colatina07.jpg'><img width=\"300\" height=\"300\" src=\"https:\/\/franciscanos.org.br\/noticias\/wp-content\/uploads\/2022\/07\/colatina07-300x300.jpg\" class=\"attachment-thumbnail size-thumbnail\" alt=\"\" loading=\"lazy\" srcset=\"https:\/\/franciscanos.org.br\/noticias\/wp-content\/uploads\/2022\/07\/colatina07-300x300.jpg 300w, https:\/\/franciscanos.org.br\/noticias\/wp-content\/uploads\/2022\/07\/colatina07-100x100.jpg 100w\" sizes=\"(max-width: 300px) 100vw, 300px\" \/><\/a>\n\t\t\t<\/dt><\/dl><dl class='gallery-item'>\n\t\t\t<dt class='gallery-icon landscape'>\n\t\t\t\t<a href='https:\/\/franciscanos.org.br\/noticias\/wp-content\/uploads\/2022\/07\/colatina_04.jpg'><img width=\"300\" height=\"300\" src=\"https:\/\/franciscanos.org.br\/noticias\/wp-content\/uploads\/2022\/07\/colatina_04-300x300.jpg\" class=\"attachment-thumbnail size-thumbnail\" alt=\"\" loading=\"lazy\" srcset=\"https:\/\/franciscanos.org.br\/noticias\/wp-content\/uploads\/2022\/07\/colatina_04-300x300.jpg 300w, https:\/\/franciscanos.org.br\/noticias\/wp-content\/uploads\/2022\/07\/colatina_04-150x149.jpg 150w, https:\/\/franciscanos.org.br\/noticias\/wp-content\/uploads\/2022\/07\/colatina_04-100x100.jpg 100w\" sizes=\"(max-width: 300px) 100vw, 300px\" \/><\/a>\n\t\t\t<\/dt><\/dl><dl class='gallery-item'>\n\t\t\t<dt class='gallery-icon portrait'>\n\t\t\t\t<a href='https:\/\/franciscanos.org.br\/noticias\/wp-content\/uploads\/2022\/07\/colatina5.jpg'><img width=\"300\" height=\"300\" src=\"https:\/\/franciscanos.org.br\/noticias\/wp-content\/uploads\/2022\/07\/colatina5-300x300.jpg\" class=\"attachment-thumbnail size-thumbnail\" alt=\"\" loading=\"lazy\" srcset=\"https:\/\/franciscanos.org.br\/noticias\/wp-content\/uploads\/2022\/07\/colatina5-300x300.jpg 300w, https:\/\/franciscanos.org.br\/noticias\/wp-content\/uploads\/2022\/07\/colatina5-100x100.jpg 100w\" sizes=\"(max-width: 300px) 100vw, 300px\" \/><\/a>\n\t\t\t<\/dt><\/dl><br style=\"clear: both\" \/>\n\t\t<\/div>\n\n<p>Na simplicidade desse gesto, seja na caminhada em meio \u00e0 natureza ou mesmo um momento de encontro para cantar e ouvir a Palavra que se fez Presen\u00e7a no meio de n\u00f3s, muitos cora\u00e7\u00f5es, atrav\u00e9s de mensagens de agradecimento, sentiram-se agraciados e agradecidos, ansiosos por mais. O desejo de todos \u00e9 que tudo isso seja estruturado cada vez mais, para atrair e acolher a nossa juventude, mas tamb\u00e9m a todas as comunidades de nossa Par\u00f3quia, bebendo do carisma de Francisco e aprendendo dele o louvor a Deus, nos gestos mais simples e de todo o cora\u00e7\u00e3o.<\/p>\n<p><img loading=\"lazy\" class=\"alignleft size-full wp-image-238997\" src=\"https:\/\/franciscanos.org.br\/noticias\/wp-content\/uploads\/2022\/07\/colatina_01.jpg\" alt=\"\" width=\"1200\" height=\"900\" srcset=\"https:\/\/franciscanos.org.br\/noticias\/wp-content\/uploads\/2022\/07\/colatina_01.jpg 1200w, https:\/\/franciscanos.org.br\/noticias\/wp-content\/uploads\/2022\/07\/colatina_01-450x338.jpg 450w, https:\/\/franciscanos.org.br\/noticias\/wp-content\/uploads\/2022\/07\/colatina_01-1024x768.jpg 1024w, https:\/\/franciscanos.org.br\/noticias\/wp-content\/uploads\/2022\/07\/colatina_01-768x576.jpg 768w, https:\/\/franciscanos.org.br\/noticias\/wp-content\/uploads\/2022\/07\/colatina_01-150x113.jpg 150w, https:\/\/franciscanos.org.br\/noticias\/wp-content\/uploads\/2022\/07\/colatina_01-600x450.jpg 600w\" sizes=\"(max-width: 1200px) 100vw, 1200px\" \/><\/p>\n<p>O que foi percept\u00edvel em cada pessoa era o desejo marcante que inspirou Francisco de Assis; conhecendo a vontade de Deus para cada um, o que \u201couvimos\u201d nos olhares e sorrisos deles foi a marcante profiss\u00e3o de f\u00e9 de Francisco: \u201c\u00c9 isso que eu quero, \u00e9 isso que eu procuro, \u00e9 isso que eu desejo de todo o meu cora\u00e7\u00e3o! \u201c. Paz e Bem!<\/p>\n<hr \/>\n<p><em>Frei Josielio da Silva Oliveira<\/em><\/p>\n","protected":false},"excerpt":{"rendered":"<p>Em Colatina<\/p>\n","protected":false},"author":3,"featured_media":238992,"comment_status":"open","ping_status":"open","sticky":false,"template":"","format":"standard","meta":[],"categories":[1],"tags":[1896],"acf":[],"yoast_head":"<!-- This site is optimized with the Yoast SEO plugin v19.2 - https:\/\/yoast.com\/wordpress\/plugins\/seo\/ -->\n<title>Par\u00f3quia Santa Clara de Assis promove luau e caminhada ecol\u00f3gica - Not\u00edcias - Franciscanos<\/title>\n<meta name=\"robots\" content=\"index, follow, max-snippet:-1, max-image-preview:large, max-video-preview:-1\" \/>\n<link rel=\"canonical\" href=\"https:\/\/franciscanos.org.br\/noticias\/paroquia-santa-clara-de-assis-promove-luau-e-caminhada-ecologica.html\" \/>\n<meta property=\"og:locale\" content=\"pt_BR\" \/>\n<meta property=\"og:type\" content=\"article\" \/>\n<meta property=\"og:title\" content=\"Par\u00f3quia Santa Clara de Assis promove luau e caminhada ecol\u00f3gica - Not\u00edcias - Franciscanos\" \/>\n<meta property=\"og:description\" content=\"Em Colatina\" \/>\n<meta property=\"og:url\" content=\"https:\/\/franciscanos.org.br\/noticias\/paroquia-santa-clara-de-assis-promove-luau-e-caminhada-ecologica.html\" \/>\n<meta property=\"og:site_name\" content=\"Not\u00edcias - Franciscanos\" \/>\n<meta property=\"article:published_time\" content=\"2022-07-18T20:24:58+00:00\" \/>\n<meta property=\"og:image\" content=\"https:\/\/franciscanos.org.br\/noticias\/wp-content\/uploads\/2022\/07\/colatina_02.jpg\" \/>\n\t<meta property=\"og:image:width\" content=\"1280\" \/>\n\t<meta property=\"og:image:height\" content=\"720\" \/>\n\t<meta property=\"og:image:type\" content=\"image\/jpeg\" \/>\n<meta name=\"author\" content=\"moacir\" \/>\n<meta name=\"twitter:card\" content=\"summary_large_image\" \/>\n<meta name=\"twitter:label1\" content=\"Escrito por\" \/>\n\t<meta name=\"twitter:data1\" content=\"moacir\" \/>\n\t<meta name=\"twitter:label2\" content=\"Est. tempo de leitura\" \/>\n\t<meta name=\"twitter:data2\" content=\"4 minutos\" \/>\n<script type=\"application\/ld+json\" class=\"yoast-schema-graph\">{\"@context\":\"https:\/\/schema.org\",\"@graph\":[{\"@type\":\"WebSite\",\"@id\":\"https:\/\/franciscanos.org.br\/noticias\/#website\",\"url\":\"https:\/\/franciscanos.org.br\/noticias\/\",\"name\":\"Not\u00edcias - Franciscanos\",\"description\":\"Prov\u00edncia Franciscana da Imaculada Concei\u00e7\u00e3o do Brasil - Ordem dos Frades Menores - OFM\",\"potentialAction\":[{\"@type\":\"SearchAction\",\"target\":{\"@type\":\"EntryPoint\",\"urlTemplate\":\"https:\/\/franciscanos.org.br\/noticias\/?s={search_term_string}\"},\"query-input\":\"required name=search_term_string\"}],\"inLanguage\":\"pt-BR\"},{\"@type\":\"ImageObject\",\"inLanguage\":\"pt-BR\",\"@id\":\"https:\/\/franciscanos.org.br\/noticias\/paroquia-santa-clara-de-assis-promove-luau-e-caminhada-ecologica.html#primaryimage\",\"url\":\"https:\/\/franciscanos.org.br\/noticias\/wp-content\/uploads\/2022\/07\/colatina_02.jpg\",\"contentUrl\":\"https:\/\/franciscanos.org.br\/noticias\/wp-content\/uploads\/2022\/07\/colatina_02.jpg\",\"width\":1280,\"height\":720},{\"@type\":\"WebPage\",\"@id\":\"https:\/\/franciscanos.org.br\/noticias\/paroquia-santa-clara-de-assis-promove-luau-e-caminhada-ecologica.html#webpage\",\"url\":\"https:\/\/franciscanos.org.br\/noticias\/paroquia-santa-clara-de-assis-promove-luau-e-caminhada-ecologica.html\",\"name\":\"Par\u00f3quia Santa Clara de Assis promove luau e caminhada ecol\u00f3gica - Not\u00edcias - Franciscanos\",\"isPartOf\":{\"@id\":\"https:\/\/franciscanos.org.br\/noticias\/#website\"},\"primaryImageOfPage\":{\"@id\":\"https:\/\/franciscanos.org.br\/noticias\/paroquia-santa-clara-de-assis-promove-luau-e-caminhada-ecologica.html#primaryimage\"},\"datePublished\":\"2022-07-18T20:24:58+00:00\",\"dateModified\":\"2022-07-18T20:24:58+00:00\",\"author\":{\"@id\":\"https:\/\/franciscanos.org.br\/noticias\/#\/schema\/person\/b5c8cba458c330ccff548b056e95a5d4\"},\"breadcrumb\":{\"@id\":\"https:\/\/franciscanos.org.br\/noticias\/paroquia-santa-clara-de-assis-promove-luau-e-caminhada-ecologica.html#breadcrumb\"},\"inLanguage\":\"pt-BR\",\"potentialAction\":[{\"@type\":\"ReadAction\",\"target\":[\"https:\/\/franciscanos.org.br\/noticias\/paroquia-santa-clara-de-assis-promove-luau-e-caminhada-ecologica.html\"]}]},{\"@type\":\"BreadcrumbList\",\"@id\":\"https:\/\/franciscanos.org.br\/noticias\/paroquia-santa-clara-de-assis-promove-luau-e-caminhada-ecologica.html#breadcrumb\",\"itemListElement\":[{\"@type\":\"ListItem\",\"position\":1,\"name\":\"Home\",\"item\":\"https:\/\/franciscanos.org.br\/noticias\"},{\"@type\":\"ListItem\",\"position\":2,\"name\":\"Par\u00f3quia Santa Clara de Assis promove luau e caminhada ecol\u00f3gica\"}]},{\"@type\":\"Person\",\"@id\":\"https:\/\/franciscanos.org.br\/noticias\/#\/schema\/person\/b5c8cba458c330ccff548b056e95a5d4\",\"name\":\"moacir\",\"image\":{\"@type\":\"ImageObject\",\"inLanguage\":\"pt-BR\",\"@id\":\"https:\/\/franciscanos.org.br\/noticias\/#\/schema\/person\/image\/\",\"url\":\"https:\/\/secure.gravatar.com\/avatar\/d08aa2ce4c8dd416d4479aa8536fcf64?s=96&d=mm&r=g\",\"contentUrl\":\"https:\/\/secure.gravatar.com\/avatar\/d08aa2ce4c8dd416d4479aa8536fcf64?s=96&d=mm&r=g\",\"caption\":\"moacir\"},\"url\":\"https:\/\/franciscanos.org.br\/noticias\/author\/moacir\"}]}<\/script>\n<!-- \/ Yoast SEO plugin. -->","yoast_head_json":{"title":"Par\u00f3quia Santa Clara de Assis promove luau e caminhada ecol\u00f3gica - Not\u00edcias - Franciscanos","robots":{"index":"index","follow":"follow","max-snippet":"max-snippet:-1","max-image-preview":"max-image-preview:large","max-video-preview":"max-video-preview:-1"},"canonical":"https:\/\/franciscanos.org.br\/noticias\/paroquia-santa-clara-de-assis-promove-luau-e-caminhada-ecologica.html","og_locale":"pt_BR","og_type":"article","og_title":"Par\u00f3quia Santa Clara de Assis promove luau e caminhada ecol\u00f3gica - Not\u00edcias - Franciscanos","og_description":"Em Colatina","og_url":"https:\/\/franciscanos.org.br\/noticias\/paroquia-santa-clara-de-assis-promove-luau-e-caminhada-ecologica.html","og_site_name":"Not\u00edcias - Franciscanos","article_published_time":"2022-07-18T20:24:58+00:00","og_image":[{"width":1280,"height":720,"url":"https:\/\/franciscanos.org.br\/noticias\/wp-content\/uploads\/2022\/07\/colatina_02.jpg","type":"image\/jpeg"}],"author":"moacir","twitter_card":"summary_large_image","twitter_misc":{"Escrito por":"moacir","Est. tempo de leitura":"4 minutos"},"schema":{"@context":"https:\/\/schema.org","@graph":[{"@type":"WebSite","@id":"https:\/\/franciscanos.org.br\/noticias\/#website","url":"https:\/\/franciscanos.org.br\/noticias\/","name":"Not\u00edcias - Franciscanos","description":"Prov\u00edncia Franciscana da Imaculada Concei\u00e7\u00e3o do Brasil - Ordem dos Frades Menores - OFM","potentialAction":[{"@type":"SearchAction","target":{"@type":"EntryPoint","urlTemplate":"https:\/\/franciscanos.org.br\/noticias\/?s={search_term_string}"},"query-input":"required name=search_term_string"}],"inLanguage":"pt-BR"},{"@type":"ImageObject","inLanguage":"pt-BR","@id":"https:\/\/franciscanos.org.br\/noticias\/paroquia-santa-clara-de-assis-promove-luau-e-caminhada-ecologica.html#primaryimage","url":"https:\/\/franciscanos.org.br\/noticias\/wp-content\/uploads\/2022\/07\/colatina_02.jpg","contentUrl":"https:\/\/franciscanos.org.br\/noticias\/wp-content\/uploads\/2022\/07\/colatina_02.jpg","width":1280,"height":720},{"@type":"WebPage","@id":"https:\/\/franciscanos.org.br\/noticias\/paroquia-santa-clara-de-assis-promove-luau-e-caminhada-ecologica.html#webpage","url":"https:\/\/franciscanos.org.br\/noticias\/paroquia-santa-clara-de-assis-promove-luau-e-caminhada-ecologica.html","name":"Par\u00f3quia Santa Clara de Assis promove luau e caminhada ecol\u00f3gica - Not\u00edcias - Franciscanos","isPartOf":{"@id":"https:\/\/franciscanos.org.br\/noticias\/#website"},"primaryImageOfPage":{"@id":"https:\/\/franciscanos.org.br\/noticias\/paroquia-santa-clara-de-assis-promove-luau-e-caminhada-ecologica.html#primaryimage"},"datePublished":"2022-07-18T20:24:58+00:00","dateModified":"2022-07-18T20:24:58+00:00","author":{"@id":"https:\/\/franciscanos.org.br\/noticias\/#\/schema\/person\/b5c8cba458c330ccff548b056e95a5d4"},"breadcrumb":{"@id":"https:\/\/franciscanos.org.br\/noticias\/paroquia-santa-clara-de-assis-promove-luau-e-caminhada-ecologica.html#breadcrumb"},"inLanguage":"pt-BR","potentialAction":[{"@type":"ReadAction","target":["https:\/\/franciscanos.org.br\/noticias\/paroquia-santa-clara-de-assis-promove-luau-e-caminhada-ecologica.html"]}]},{"@type":"BreadcrumbList","@id":"https:\/\/franciscanos.org.br\/noticias\/paroquia-santa-clara-de-assis-promove-luau-e-caminhada-ecologica.html#breadcrumb","itemListElement":[{"@type":"ListItem","position":1,"name":"Home","item":"https:\/\/franciscanos.org.br\/noticias"},{"@type":"ListItem","position":2,"name":"Par\u00f3quia Santa Clara de Assis promove luau e caminhada ecol\u00f3gica"}]},{"@type":"Person","@id":"https:\/\/franciscanos.org.br\/noticias\/#\/schema\/person\/b5c8cba458c330ccff548b056e95a5d4","name":"moacir","image":{"@type":"ImageObject","inLanguage":"pt-BR","@id":"https:\/\/franciscanos.org.br\/noticias\/#\/schema\/person\/image\/","url":"https:\/\/secure.gravatar.com\/avatar\/d08aa2ce4c8dd416d4479aa8536fcf64?s=96&d=mm&r=g","contentUrl":"https:\/\/secure.gravatar.com\/avatar\/d08aa2ce4c8dd416d4479aa8536fcf64?s=96&d=mm&r=g","caption":"moacir"},"url":"https:\/\/franciscanos.org.br\/noticias\/author\/moacir"}]}},"_links":{"self":[{"href":"https:\/\/franciscanos.org.br\/noticias\/wp-json\/wp\/v2\/posts\/238991"}],"collection":[{"href":"https:\/\/franciscanos.org.br\/noticias\/wp-json\/wp\/v2\/posts"}],"about":[{"href":"https:\/\/franciscanos.org.br\/noticias\/wp-json\/wp\/v2\/types\/post"}],"author":[{"embeddable":true,"href":"https:\/\/franciscanos.org.br\/noticias\/wp-json\/wp\/v2\/users\/3"}],"replies":[{"embeddable":true,"href":"https:\/\/franciscanos.org.br\/noticias\/wp-json\/wp\/v2\/comments?post=238991"}],"version-history":[{"count":1,"href":"https:\/\/franciscanos.org.br\/noticias\/wp-json\/wp\/v2\/posts\/238991\/revisions"}],"predecessor-version":[{"id":238998,"href":"https:\/\/franciscanos.org.br\/noticias\/wp-json\/wp\/v2\/posts\/238991\/revisions\/238998"}],"wp:featuredmedia":[{"embeddable":true,"href":"https:\/\/franciscanos.org.br\/noticias\/wp-json\/wp\/v2\/media\/238992"}],"wp:attachment":[{"href":"https:\/\/franciscanos.org.br\/noticias\/wp-json\/wp\/v2\/media?parent=238991"}],"wp:term":[{"taxonomy":"category","embeddable":true,"href":"https:\/\/franciscanos.org.br\/noticias\/wp-json\/wp\/v2\/categories?post=238991"},{"taxonomy":"post_tag","embeddable":true,"href":"https:\/\/franciscanos.org.br\/noticias\/wp-json\/wp\/v2\/tags?post=238991"}],"curies":[{"name":"wp","href":"https:\/\/api.w.org\/{rel}","templated":true}]}}