{"id":238974,"date":"2022-07-13T10:04:04","date_gmt":"2022-07-13T13:04:04","guid":{"rendered":"https:\/\/franciscanos.org.br\/noticias\/?p=238974"},"modified":"2022-07-13T10:27:36","modified_gmt":"2022-07-13T13:27:36","slug":"pvfesav","status":"publish","type":"post","link":"https:\/\/franciscanos.org.br\/noticias\/pvfesav.html","title":{"rendered":"Atividades da anima\u00e7\u00e3o vocacional e dos benfeitores em Vila Velha"},"content":{"rendered":"<p><img loading=\"lazy\" class=\"size-full wp-image-238975 alignnone\" src=\"https:\/\/franciscanos.org.br\/noticias\/wp-content\/uploads\/2022\/07\/sav_130722_01.jpg\" alt=\"\" width=\"1280\" height=\"720\" srcset=\"https:\/\/franciscanos.org.br\/noticias\/wp-content\/uploads\/2022\/07\/sav_130722_01.jpg 1280w, https:\/\/franciscanos.org.br\/noticias\/wp-content\/uploads\/2022\/07\/sav_130722_01-450x253.jpg 450w, https:\/\/franciscanos.org.br\/noticias\/wp-content\/uploads\/2022\/07\/sav_130722_01-1024x576.jpg 1024w, https:\/\/franciscanos.org.br\/noticias\/wp-content\/uploads\/2022\/07\/sav_130722_01-768x432.jpg 768w, https:\/\/franciscanos.org.br\/noticias\/wp-content\/uploads\/2022\/07\/sav_130722_01-150x84.jpg 150w\" sizes=\"(max-width: 1280px) 100vw, 1280px\" \/><\/p>\n<p>O povo capixaba facilmente entende um trecho do Evangelho: a imagem da pessoa que deve conduzir sua vida a partir da f\u00e9 em Deus assim como um pedreiro s\u00e1bio constr\u00f3i a casa sobre a rocha (Mt 7,24). E o maior s\u00edmbolo do Estado, o Convento da Penha, evidencia muito bem essa met\u00e1fora, gra\u00e7as \u00e0 teimosia de Maria que quis transformar esse evangelho em catequese por insistir em posicionar sua casa ali e tamb\u00e9m pela vis\u00e3o evangelizadora de Frei Pedro Pal\u00e1cios.<\/p>\n<p>E os frades do Servi\u00e7o de Anima\u00e7\u00e3o Vocacional (SAV) que tamb\u00e9m fazem parte da equipe do Pr\u00f3-Voca\u00e7\u00f5es e Miss\u00f5es Franciscanas (PVF) \u2013 Gabriel Dellandrea e Je\u00e2 Paulo Andrade \u2013 puderam experimentar em alguns dias (05-12\/07) a for\u00e7a da f\u00e9 do povo de Vila Velha (ES), que fundados sobre a rocha firme do seguimento a Cristo, aderiram com generosidade \u00e0s iniciativas propostas para alguns dias de atividades. No \u00e2mbito vocacional, os frades tiveram a grata satisfa\u00e7\u00e3o de participar de um encontro com os vocacionados da regi\u00e3o e os frades animadores locais desta prioridade da Prov\u00edncia (a dupla de irm\u00e3os Adriano e Alessandro Dias do Nascimento). Al\u00e9m disso, participaram de um momento de encontro com os jovens crismandos, ac\u00f3litos e coroinhas apresentando o carisma franciscano, respondendo perguntas e fazendo o convite expl\u00edcito. Por fim, uma reuni\u00e3o para iniciar uma proposta de Pastoral Vocacional na Par\u00f3quia Nossa Senhora do Ros\u00e1rio, que contou com representantes de diversas pastorais e da Ordem Franciscana Secular.<\/p>\n\n\t\t<style type=\"text\/css\">\n\t\t\t#gallery-1 {\n\t\t\t\tmargin: auto;\n\t\t\t}\n\t\t\t#gallery-1 .gallery-item {\n\t\t\t\tfloat: left;\n\t\t\t\tmargin-top: 10px;\n\t\t\t\ttext-align: center;\n\t\t\t\twidth: 25%;\n\t\t\t}\n\t\t\t#gallery-1 img {\n\t\t\t\tborder: 2px solid #cfcfcf;\n\t\t\t}\n\t\t\t#gallery-1 .gallery-caption {\n\t\t\t\tmargin-left: 0;\n\t\t\t}\n\t\t\t\/* see gallery_shortcode() in wp-includes\/media.php *\/\n\t\t<\/style>\n\t\t<div id='gallery-1' class='gallery galleryid-238974 gallery-columns-4 gallery-size-thumbnail'><dl class='gallery-item'>\n\t\t\t<dt class='gallery-icon landscape'>\n\t\t\t\t<a href='https:\/\/franciscanos.org.br\/noticias\/wp-content\/uploads\/2022\/07\/sav_130722_02.jpg'><img width=\"300\" height=\"300\" src=\"https:\/\/franciscanos.org.br\/noticias\/wp-content\/uploads\/2022\/07\/sav_130722_02-300x300.jpg\" class=\"attachment-thumbnail size-thumbnail\" alt=\"\" loading=\"lazy\" srcset=\"https:\/\/franciscanos.org.br\/noticias\/wp-content\/uploads\/2022\/07\/sav_130722_02-300x300.jpg 300w, https:\/\/franciscanos.org.br\/noticias\/wp-content\/uploads\/2022\/07\/sav_130722_02-100x100.jpg 100w\" sizes=\"(max-width: 300px) 100vw, 300px\" \/><\/a>\n\t\t\t<\/dt><\/dl><dl class='gallery-item'>\n\t\t\t<dt class='gallery-icon landscape'>\n\t\t\t\t<a href='https:\/\/franciscanos.org.br\/noticias\/wp-content\/uploads\/2022\/07\/sav_130722_03.jpg'><img width=\"300\" height=\"300\" src=\"https:\/\/franciscanos.org.br\/noticias\/wp-content\/uploads\/2022\/07\/sav_130722_03-300x300.jpg\" class=\"attachment-thumbnail size-thumbnail\" alt=\"\" loading=\"lazy\" srcset=\"https:\/\/franciscanos.org.br\/noticias\/wp-content\/uploads\/2022\/07\/sav_130722_03-300x300.jpg 300w, https:\/\/franciscanos.org.br\/noticias\/wp-content\/uploads\/2022\/07\/sav_130722_03-100x100.jpg 100w\" sizes=\"(max-width: 300px) 100vw, 300px\" \/><\/a>\n\t\t\t<\/dt><\/dl><dl class='gallery-item'>\n\t\t\t<dt class='gallery-icon landscape'>\n\t\t\t\t<a href='https:\/\/franciscanos.org.br\/noticias\/wp-content\/uploads\/2022\/07\/sav_130722_04.jpg'><img width=\"300\" height=\"300\" src=\"https:\/\/franciscanos.org.br\/noticias\/wp-content\/uploads\/2022\/07\/sav_130722_04-300x300.jpg\" class=\"attachment-thumbnail size-thumbnail\" alt=\"\" loading=\"lazy\" srcset=\"https:\/\/franciscanos.org.br\/noticias\/wp-content\/uploads\/2022\/07\/sav_130722_04-300x300.jpg 300w, https:\/\/franciscanos.org.br\/noticias\/wp-content\/uploads\/2022\/07\/sav_130722_04-100x100.jpg 100w\" sizes=\"(max-width: 300px) 100vw, 300px\" \/><\/a>\n\t\t\t<\/dt><\/dl><dl class='gallery-item'>\n\t\t\t<dt class='gallery-icon landscape'>\n\t\t\t\t<a href='https:\/\/franciscanos.org.br\/noticias\/wp-content\/uploads\/2022\/07\/sav_130722_05.jpg'><img width=\"300\" height=\"300\" src=\"https:\/\/franciscanos.org.br\/noticias\/wp-content\/uploads\/2022\/07\/sav_130722_05-300x300.jpg\" class=\"attachment-thumbnail size-thumbnail\" alt=\"\" loading=\"lazy\" srcset=\"https:\/\/franciscanos.org.br\/noticias\/wp-content\/uploads\/2022\/07\/sav_130722_05-300x300.jpg 300w, https:\/\/franciscanos.org.br\/noticias\/wp-content\/uploads\/2022\/07\/sav_130722_05-100x100.jpg 100w\" sizes=\"(max-width: 300px) 100vw, 300px\" \/><\/a>\n\t\t\t<\/dt><\/dl><br style=\"clear: both\" \/>\n\t\t<\/div>\n\n<p><em>\u00a0 \u00a0 \u00a0 \u00a0 \u00a0 \u00a0 \u00a0 \u00a0 \u00a0 \u00a0 \u00a0 \u00a0 \u00a0 \u00a0 \u00a0 \u00a0 \u00a0 \u00a0 \u00a0 \u00a0 \u00a0 \u00a0 \u00a0 \u00a0 \u00a0 \u00a0 \u00a0 \u00a0 \u00a0 \u00a0 \u00a0 \u00a0 \u00a0 \u00a0 \u00a0 \u00a0 \u00a0 \u00a0 \u00a0 \u00a0 \u00a0 \u00a0 \u00a0 \u00a0 \u00a0 \u00a0 \u00a0 \u00a0 \u00a0 \u00a0 \u00a0 \u00a0 \u00a0 \u00a0 \u00a0 \u00a0 \u00a0 \u00a0 \u00a0 \u00a0 (toque nas imagens para ampli\u00e1-las)<\/em><\/p>\n<p>Com os benfeitores, o trabalho se concentrou em tr\u00eas iniciativas: os frades percorreram algumas ruas visitando benfeitores, acompanhados por \u201cguias\u201d da comunidade paroquial. Nas casas, o clima foi de muita gratid\u00e3o \u2013 dos anfitri\u00f5es pela visita e dos frades pelo apoio. Se no tempo da pandemia \u201ca miss\u00e3o n\u00e3o parou\u201d \u00e9 porque muitos n\u00e3o deixaram ela parar. E agradecer por isso se tornou uma forma de render louvores a Deus por ser t\u00e3o pr\u00f3digo. Al\u00e9m disso, nas missas se recordou como inten\u00e7\u00e3o por todos os benfeitores, vivos e falecidos, que auxiliaram tanto na forma\u00e7\u00e3o franciscana de v\u00e1rios jovens. A \u00faltima atividade envolvendo o PVF foi a campanha em vista de novos irm\u00e3os e irm\u00e3s que aceitassem o convite para apoiarem a iniciativa. E o povo respondeu com carinho a este convite, mostrando assim a sua generosidade.<\/p>\n<p><img loading=\"lazy\" class=\"alignnone size-full wp-image-238980\" src=\"https:\/\/franciscanos.org.br\/noticias\/wp-content\/uploads\/2022\/07\/sav_130722_07.jpg\" alt=\"\" width=\"1280\" height=\"726\" srcset=\"https:\/\/franciscanos.org.br\/noticias\/wp-content\/uploads\/2022\/07\/sav_130722_07.jpg 1280w, https:\/\/franciscanos.org.br\/noticias\/wp-content\/uploads\/2022\/07\/sav_130722_07-450x255.jpg 450w, https:\/\/franciscanos.org.br\/noticias\/wp-content\/uploads\/2022\/07\/sav_130722_07-1024x581.jpg 1024w, https:\/\/franciscanos.org.br\/noticias\/wp-content\/uploads\/2022\/07\/sav_130722_07-768x436.jpg 768w, https:\/\/franciscanos.org.br\/noticias\/wp-content\/uploads\/2022\/07\/sav_130722_07-150x85.jpg 150w\" sizes=\"(max-width: 1280px) 100vw, 1280px\" \/><\/p>\n<p>Al\u00e9m dessas propostas, os frades puderam realizar algumas atividades de visitas \u00e0s Fraternidades do Convento da Penha e de Colatina, para conversar com os aspirantes e frades. Estas iniciativas buscaram dinamizar as atividades de concretiza\u00e7\u00e3o da import\u00e2ncia da anima\u00e7\u00e3o vocacional como prioridade de cada Fraternidade e tamb\u00e9m agradecer aos benfeitores franciscanos pelo carinho para conosco! Que Deus continue derramando suas gra\u00e7as e b\u00ean\u00e7\u00e3os ao fiel povo capixaba que com carinho e aten\u00e7\u00e3o acolhe o carisma franciscano em seu cora\u00e7\u00e3o a fim de ser mais um \u201ccomposto mineral\u201d da pedra sob a qual fundamentam a sua f\u00e9.<\/p>\n<hr \/>\n<p><em>Frei Gabriel Dellandrea, OFM<\/em><\/p>\n","protected":false},"excerpt":{"rendered":"<p>SAV e PVF<\/p>\n","protected":false},"author":9,"featured_media":238981,"comment_status":"open","ping_status":"open","sticky":false,"template":"","format":"standard","meta":[],"categories":[1],"tags":[2045],"acf":[],"yoast_head":"<!-- This site is optimized with the Yoast SEO plugin v19.2 - https:\/\/yoast.com\/wordpress\/plugins\/seo\/ -->\n<title>Atividades da anima\u00e7\u00e3o vocacional e dos benfeitores em Vila Velha - Not\u00edcias - Franciscanos<\/title>\n<meta name=\"robots\" content=\"index, follow, max-snippet:-1, max-image-preview:large, max-video-preview:-1\" \/>\n<link rel=\"canonical\" href=\"https:\/\/franciscanos.org.br\/noticias\/pvfesav.html\" \/>\n<meta property=\"og:locale\" content=\"pt_BR\" \/>\n<meta property=\"og:type\" content=\"article\" \/>\n<meta property=\"og:title\" content=\"Atividades da anima\u00e7\u00e3o vocacional e dos benfeitores em Vila Velha - Not\u00edcias - Franciscanos\" \/>\n<meta property=\"og:description\" content=\"SAV e PVF\" \/>\n<meta property=\"og:url\" content=\"https:\/\/franciscanos.org.br\/noticias\/pvfesav.html\" \/>\n<meta property=\"og:site_name\" content=\"Not\u00edcias - Franciscanos\" \/>\n<meta property=\"article:published_time\" content=\"2022-07-13T13:04:04+00:00\" \/>\n<meta property=\"article:modified_time\" content=\"2022-07-13T13:27:36+00:00\" \/>\n<meta property=\"og:image\" content=\"https:\/\/franciscanos.org.br\/noticias\/wp-content\/uploads\/2022\/07\/sav_130722_01d.jpg\" \/>\n\t<meta property=\"og:image:width\" content=\"800\" \/>\n\t<meta property=\"og:image:height\" content=\"549\" \/>\n\t<meta property=\"og:image:type\" content=\"image\/jpeg\" \/>\n<meta name=\"author\" content=\"Frei Rodrigo\" \/>\n<meta name=\"twitter:card\" content=\"summary_large_image\" \/>\n<meta name=\"twitter:label1\" content=\"Escrito por\" \/>\n\t<meta name=\"twitter:data1\" content=\"Frei Rodrigo\" \/>\n\t<meta name=\"twitter:label2\" content=\"Est. tempo de leitura\" \/>\n\t<meta name=\"twitter:data2\" content=\"3 minutos\" \/>\n<script type=\"application\/ld+json\" class=\"yoast-schema-graph\">{\"@context\":\"https:\/\/schema.org\",\"@graph\":[{\"@type\":\"WebSite\",\"@id\":\"https:\/\/franciscanos.org.br\/noticias\/#website\",\"url\":\"https:\/\/franciscanos.org.br\/noticias\/\",\"name\":\"Not\u00edcias - Franciscanos\",\"description\":\"Prov\u00edncia Franciscana da Imaculada Concei\u00e7\u00e3o do Brasil - Ordem dos Frades Menores - OFM\",\"potentialAction\":[{\"@type\":\"SearchAction\",\"target\":{\"@type\":\"EntryPoint\",\"urlTemplate\":\"https:\/\/franciscanos.org.br\/noticias\/?s={search_term_string}\"},\"query-input\":\"required name=search_term_string\"}],\"inLanguage\":\"pt-BR\"},{\"@type\":\"ImageObject\",\"inLanguage\":\"pt-BR\",\"@id\":\"https:\/\/franciscanos.org.br\/noticias\/pvfesav.html#primaryimage\",\"url\":\"https:\/\/franciscanos.org.br\/noticias\/wp-content\/uploads\/2022\/07\/sav_130722_01d.jpg\",\"contentUrl\":\"https:\/\/franciscanos.org.br\/noticias\/wp-content\/uploads\/2022\/07\/sav_130722_01d.jpg\",\"width\":800,\"height\":549},{\"@type\":\"WebPage\",\"@id\":\"https:\/\/franciscanos.org.br\/noticias\/pvfesav.html#webpage\",\"url\":\"https:\/\/franciscanos.org.br\/noticias\/pvfesav.html\",\"name\":\"Atividades da anima\u00e7\u00e3o vocacional e dos benfeitores em Vila Velha - Not\u00edcias - Franciscanos\",\"isPartOf\":{\"@id\":\"https:\/\/franciscanos.org.br\/noticias\/#website\"},\"primaryImageOfPage\":{\"@id\":\"https:\/\/franciscanos.org.br\/noticias\/pvfesav.html#primaryimage\"},\"datePublished\":\"2022-07-13T13:04:04+00:00\",\"dateModified\":\"2022-07-13T13:27:36+00:00\",\"author\":{\"@id\":\"https:\/\/franciscanos.org.br\/noticias\/#\/schema\/person\/6ac38b733f436ae6d03a3a3f87613144\"},\"breadcrumb\":{\"@id\":\"https:\/\/franciscanos.org.br\/noticias\/pvfesav.html#breadcrumb\"},\"inLanguage\":\"pt-BR\",\"potentialAction\":[{\"@type\":\"ReadAction\",\"target\":[\"https:\/\/franciscanos.org.br\/noticias\/pvfesav.html\"]}]},{\"@type\":\"BreadcrumbList\",\"@id\":\"https:\/\/franciscanos.org.br\/noticias\/pvfesav.html#breadcrumb\",\"itemListElement\":[{\"@type\":\"ListItem\",\"position\":1,\"name\":\"Home\",\"item\":\"https:\/\/franciscanos.org.br\/noticias\"},{\"@type\":\"ListItem\",\"position\":2,\"name\":\"Atividades da anima\u00e7\u00e3o vocacional e dos benfeitores em Vila Velha\"}]},{\"@type\":\"Person\",\"@id\":\"https:\/\/franciscanos.org.br\/noticias\/#\/schema\/person\/6ac38b733f436ae6d03a3a3f87613144\",\"name\":\"Frei Rodrigo\",\"image\":{\"@type\":\"ImageObject\",\"inLanguage\":\"pt-BR\",\"@id\":\"https:\/\/franciscanos.org.br\/noticias\/#\/schema\/person\/image\/\",\"url\":\"https:\/\/secure.gravatar.com\/avatar\/e66602ec925709df5bc3ba0b036b93fe?s=96&d=mm&r=g\",\"contentUrl\":\"https:\/\/secure.gravatar.com\/avatar\/e66602ec925709df5bc3ba0b036b93fe?s=96&d=mm&r=g\",\"caption\":\"Frei Rodrigo\"},\"url\":\"https:\/\/franciscanos.org.br\/noticias\/author\/frei-rodrigo\"}]}<\/script>\n<!-- \/ Yoast SEO plugin. -->","yoast_head_json":{"title":"Atividades da anima\u00e7\u00e3o vocacional e dos benfeitores em Vila Velha - Not\u00edcias - Franciscanos","robots":{"index":"index","follow":"follow","max-snippet":"max-snippet:-1","max-image-preview":"max-image-preview:large","max-video-preview":"max-video-preview:-1"},"canonical":"https:\/\/franciscanos.org.br\/noticias\/pvfesav.html","og_locale":"pt_BR","og_type":"article","og_title":"Atividades da anima\u00e7\u00e3o vocacional e dos benfeitores em Vila Velha - Not\u00edcias - Franciscanos","og_description":"SAV e PVF","og_url":"https:\/\/franciscanos.org.br\/noticias\/pvfesav.html","og_site_name":"Not\u00edcias - Franciscanos","article_published_time":"2022-07-13T13:04:04+00:00","article_modified_time":"2022-07-13T13:27:36+00:00","og_image":[{"width":800,"height":549,"url":"https:\/\/franciscanos.org.br\/noticias\/wp-content\/uploads\/2022\/07\/sav_130722_01d.jpg","type":"image\/jpeg"}],"author":"Frei Rodrigo","twitter_card":"summary_large_image","twitter_misc":{"Escrito por":"Frei Rodrigo","Est. tempo de leitura":"3 minutos"},"schema":{"@context":"https:\/\/schema.org","@graph":[{"@type":"WebSite","@id":"https:\/\/franciscanos.org.br\/noticias\/#website","url":"https:\/\/franciscanos.org.br\/noticias\/","name":"Not\u00edcias - Franciscanos","description":"Prov\u00edncia Franciscana da Imaculada Concei\u00e7\u00e3o do Brasil - Ordem dos Frades Menores - OFM","potentialAction":[{"@type":"SearchAction","target":{"@type":"EntryPoint","urlTemplate":"https:\/\/franciscanos.org.br\/noticias\/?s={search_term_string}"},"query-input":"required name=search_term_string"}],"inLanguage":"pt-BR"},{"@type":"ImageObject","inLanguage":"pt-BR","@id":"https:\/\/franciscanos.org.br\/noticias\/pvfesav.html#primaryimage","url":"https:\/\/franciscanos.org.br\/noticias\/wp-content\/uploads\/2022\/07\/sav_130722_01d.jpg","contentUrl":"https:\/\/franciscanos.org.br\/noticias\/wp-content\/uploads\/2022\/07\/sav_130722_01d.jpg","width":800,"height":549},{"@type":"WebPage","@id":"https:\/\/franciscanos.org.br\/noticias\/pvfesav.html#webpage","url":"https:\/\/franciscanos.org.br\/noticias\/pvfesav.html","name":"Atividades da anima\u00e7\u00e3o vocacional e dos benfeitores em Vila Velha - Not\u00edcias - Franciscanos","isPartOf":{"@id":"https:\/\/franciscanos.org.br\/noticias\/#website"},"primaryImageOfPage":{"@id":"https:\/\/franciscanos.org.br\/noticias\/pvfesav.html#primaryimage"},"datePublished":"2022-07-13T13:04:04+00:00","dateModified":"2022-07-13T13:27:36+00:00","author":{"@id":"https:\/\/franciscanos.org.br\/noticias\/#\/schema\/person\/6ac38b733f436ae6d03a3a3f87613144"},"breadcrumb":{"@id":"https:\/\/franciscanos.org.br\/noticias\/pvfesav.html#breadcrumb"},"inLanguage":"pt-BR","potentialAction":[{"@type":"ReadAction","target":["https:\/\/franciscanos.org.br\/noticias\/pvfesav.html"]}]},{"@type":"BreadcrumbList","@id":"https:\/\/franciscanos.org.br\/noticias\/pvfesav.html#breadcrumb","itemListElement":[{"@type":"ListItem","position":1,"name":"Home","item":"https:\/\/franciscanos.org.br\/noticias"},{"@type":"ListItem","position":2,"name":"Atividades da anima\u00e7\u00e3o vocacional e dos benfeitores em Vila Velha"}]},{"@type":"Person","@id":"https:\/\/franciscanos.org.br\/noticias\/#\/schema\/person\/6ac38b733f436ae6d03a3a3f87613144","name":"Frei Rodrigo","image":{"@type":"ImageObject","inLanguage":"pt-BR","@id":"https:\/\/franciscanos.org.br\/noticias\/#\/schema\/person\/image\/","url":"https:\/\/secure.gravatar.com\/avatar\/e66602ec925709df5bc3ba0b036b93fe?s=96&d=mm&r=g","contentUrl":"https:\/\/secure.gravatar.com\/avatar\/e66602ec925709df5bc3ba0b036b93fe?s=96&d=mm&r=g","caption":"Frei Rodrigo"},"url":"https:\/\/franciscanos.org.br\/noticias\/author\/frei-rodrigo"}]}},"_links":{"self":[{"href":"https:\/\/franciscanos.org.br\/noticias\/wp-json\/wp\/v2\/posts\/238974"}],"collection":[{"href":"https:\/\/franciscanos.org.br\/noticias\/wp-json\/wp\/v2\/posts"}],"about":[{"href":"https:\/\/franciscanos.org.br\/noticias\/wp-json\/wp\/v2\/types\/post"}],"author":[{"embeddable":true,"href":"https:\/\/franciscanos.org.br\/noticias\/wp-json\/wp\/v2\/users\/9"}],"replies":[{"embeddable":true,"href":"https:\/\/franciscanos.org.br\/noticias\/wp-json\/wp\/v2\/comments?post=238974"}],"version-history":[{"count":3,"href":"https:\/\/franciscanos.org.br\/noticias\/wp-json\/wp\/v2\/posts\/238974\/revisions"}],"predecessor-version":[{"id":238984,"href":"https:\/\/franciscanos.org.br\/noticias\/wp-json\/wp\/v2\/posts\/238974\/revisions\/238984"}],"wp:featuredmedia":[{"embeddable":true,"href":"https:\/\/franciscanos.org.br\/noticias\/wp-json\/wp\/v2\/media\/238981"}],"wp:attachment":[{"href":"https:\/\/franciscanos.org.br\/noticias\/wp-json\/wp\/v2\/media?parent=238974"}],"wp:term":[{"taxonomy":"category","embeddable":true,"href":"https:\/\/franciscanos.org.br\/noticias\/wp-json\/wp\/v2\/categories?post=238974"},{"taxonomy":"post_tag","embeddable":true,"href":"https:\/\/franciscanos.org.br\/noticias\/wp-json\/wp\/v2\/tags?post=238974"}],"curies":[{"name":"wp","href":"https:\/\/api.w.org\/{rel}","templated":true}]}}