{"id":238960,"date":"2022-07-13T08:02:32","date_gmt":"2022-07-13T11:02:32","guid":{"rendered":"https:\/\/franciscanos.org.br\/noticias\/?p=238960"},"modified":"2022-07-13T09:31:09","modified_gmt":"2022-07-13T12:31:09","slug":"papa-se-eu-renunciasse-permaneceria-em-roma-como-bispo-emerito","status":"publish","type":"post","link":"https:\/\/franciscanos.org.br\/noticias\/papa-se-eu-renunciasse-permaneceria-em-roma-como-bispo-emerito.html","title":{"rendered":"Papa: &#8220;N\u00e3o tenho nenhuma inten\u00e7\u00e3o de renunciar, n\u00e3o por enquanto&#8221;"},"content":{"rendered":"<div id=\"attachment_238961\" style=\"width: 1010px\" class=\"wp-caption alignnone\"><img aria-describedby=\"caption-attachment-238961\" loading=\"lazy\" class=\"wp-image-238961 size-full\" src=\"https:\/\/franciscanos.org.br\/noticias\/wp-content\/uploads\/2022\/07\/papa_entrevista.jpeg\" alt=\"\" width=\"1000\" height=\"563\" srcset=\"https:\/\/franciscanos.org.br\/noticias\/wp-content\/uploads\/2022\/07\/papa_entrevista.jpeg 1000w, https:\/\/franciscanos.org.br\/noticias\/wp-content\/uploads\/2022\/07\/papa_entrevista-450x253.jpeg 450w, https:\/\/franciscanos.org.br\/noticias\/wp-content\/uploads\/2022\/07\/papa_entrevista-768x432.jpeg 768w, https:\/\/franciscanos.org.br\/noticias\/wp-content\/uploads\/2022\/07\/papa_entrevista-150x84.jpeg 150w\" sizes=\"(max-width: 1000px) 100vw, 1000px\" \/><p id=\"caption-attachment-238961\" class=\"wp-caption-text\"><em>Imagem: Reprodu\u00e7\u00e3o feita pela Vatican News da entrevista \u00e0 Televisa Univision<\/em><\/p><\/div>\n<p>&#8220;N\u00e3o tenho nenhuma inten\u00e7\u00e3o de renunciar, n\u00e3o por enquanto&#8221;, Foi o que afirmou o Papa Francisco em uma ampla entrevista concedida \u00e0s jornalistas mexicanas Maria Antonieta Collins e Valentina Alazraki para o canal streaming ViX da Televisa Univision. Em um trecho da entrevista publicada no canal no YouTube da Univision Noticias, Francisco se det\u00e9m particularmente sobre seu estado de sa\u00fade e os rumores que, nas \u00faltimas semanas, t\u00eam especulado sobre uma sua ren\u00fancia ao minist\u00e9rio Petrino. &#8220;No momento, n\u00e3o sinto que o Senhor esteja me pedindo isso &#8211; disse o Papa -, &#8220;se eu sentisse que Ele estava me pedindo isso, sim&#8221;. Em seguida, ele chamou de &#8220;casualidade&#8221; o fato que ir\u00e1 a L&#8217;Aquila, onde est\u00e1 enterrado Celestino V, durante o pr\u00f3ximo Consist\u00f3rio, no final de agosto.<\/p>\n<p>Com rela\u00e7\u00e3o \u00e0 condi\u00e7\u00e3o de seu joelho, o Papa enfatizou que embora se sinta &#8220;limitado&#8221;, &#8220;est\u00e1 melhorando&#8221;. Entretanto, acrescentou, a viagem ao Congo &#8220;certamente&#8221; n\u00e3o poderia ter sido feita. &#8220;Eu n\u00e3o tinha a for\u00e7a &#8211; explicou -, agora, vinte dias depois, h\u00e1 este progresso&#8221;. Reiterou assim o &#8220;grande exemplo dado por Bento XVI&#8221; que o ajudar\u00e1 a &#8220;tomar uma decis\u00e3o&#8221;, caso seja necess\u00e1rio. Ele falou de sua &#8220;grande simpatia&#8221; pelo Papa em\u00e9rito, &#8220;um homem que sustenta a Igreja com sua bondade e seu retiro&#8221; de ora\u00e7\u00e3o. E confidenciou que sente alegria cada vez que o visita no mosteiro <em>Mater Ecclesiae.<\/em><\/p>\n<p>Respondendo a uma pergunta sobre a possibilidade de se ter normas sobre a figura do Papa em\u00e9rito, Francisco observou que &#8220;a pr\u00f3pria hist\u00f3ria ajudar\u00e1 a regular melhor&#8221;, &#8220;a primeira experi\u00eancia correu muito bem&#8221;, porque Bento XVI &#8220;\u00e9 um homem santo e discreto&#8221;. Para o futuro, por\u00e9m, &#8220;\u00e9 melhor delimitar as coisas ou explic\u00e1-las melhor&#8221;. Assim, a respeito de uma sua eventual ren\u00fancia, respondeu que n\u00e3o iria para a Argentina: &#8220;Eu sou o bispo de Roma, nesse caso eu seria o bispo em\u00e9rito de Roma&#8221;. E sobre a possibilidade de que nesse caso ele ficaria em S\u00e3o Jo\u00e3o de Latr\u00e3o, respondeu que sim, &#8220;poderia ser&#8221; assim.<\/p>\n<p>O Papa lembrou que, antes do Conclave, ele j\u00e1 havia preparado sua aposentadoria como arcebispo em\u00e9rito de Buenos Aires. Para ele, recorda, teria sido fundamental &#8220;ir atender confiss\u00f5es e visitar os doentes&#8221;. Este teria sido seu &#8220;apostolado&#8221;, seu &#8220;trabalho&#8221;. &#8220;Estar a servi\u00e7o das pessoas onde for poss\u00edvel &#8211; disse ele -, foi isto que pensei em Buenos Aires&#8221;. Um projeto, acrescentou, que ele apreciaria mesmo se sobrevivesse a uma eventual ren\u00fancia.<\/p>\n<p>Na entrevista, transmitida na \u00edntegra pela Televisa Univision, o Papa abordou muitas outras quest\u00f5es de grande atualidade. Estas inclu\u00edram a pandemia, recordando o momento tocante da Statio Orbis em 27 de mar\u00e7o de 2020. Em seguida, ofereceu sua pr\u00f3pria reflex\u00e3o sobre a guerra na Ucr\u00e2nia, enfatizando que para ele \u00e9 fundamental falar do &#8220;pa\u00eds que est\u00e1 sendo atacado e n\u00e3o dos agressores&#8221;. Ent\u00e3o, confirmou sua inten\u00e7\u00e3o de se encontrar com o patriarca russo Kirill em setembro no evento inter-religioso que vai se realizar no Cazaquist\u00e3o. Citando o drama de pa\u00edses devastados pela viol\u00eancia &#8211; como o I\u00eamen, a S\u00edria -, reiterou que o que estamos vivendo \u00e9 uma &#8220;Terceira Guerra Mundial em peda\u00e7os&#8221; e que as armas nucleares &#8220;s\u00e3o imorais&#8221;, incluindo sua posse e n\u00e3o apenas seu uso.<\/p>\n<p>Francisco reafirmou sua condena\u00e7\u00e3o ao aborto, porque \u00e9 totalmente injusto eliminar uma vida humana, e isto, continuou ele, pode ser afirmado &#8220;a partir de dados cient\u00edficos&#8221; que n\u00e3o s\u00e3o negoci\u00e1veis. Com rela\u00e7\u00e3o \u00e0 quest\u00e3o nos EUA, ap\u00f3s a decis\u00e3o da Suprema Corte de anular a decis\u00e3o sobre o direito ao aborto, o Papa observou a polariza\u00e7\u00e3o presente no pa\u00eds, reiterando que os pastores devem sempre cuidar da dimens\u00e3o pastoral, caso contr\u00e1rio se cria um problema pol\u00edtico. Como comportar-se, portanto, no caso de um estadista cat\u00f3lico que apoia o aborto, foi-lhe perguntado. &#8220;Deixo \u00e0 sua consci\u00eancia &#8211; disse Francisco &#8211; que fale com seu bispo, com seu pastor, com seu p\u00e1roco sobre esta incoer\u00eancia&#8221;. Dos EUA, para Cuba. Francisco expressou seu amor ao povo cubano e aos bispos do pa\u00eds. Ele confidenciou ter uma rela\u00e7\u00e3o humana tamb\u00e9m com o ex-presidente Ra\u00fal Castro, expressando satisfa\u00e7\u00e3o pelo restabelecimento das rela\u00e7\u00f5es diplom\u00e1ticas entre Cuba e os EUA durante a presid\u00eancia Obama.<\/p>\n<p>O Papa, que tamb\u00e9m falou das expectativas para a pr\u00f3xima viagem ao Canad\u00e1 no sinal do perd\u00e3o pelo mal praticado no passado, por fim se deteve sobre o drama dos feminic\u00eddios, das novas formas de escravid\u00e3o e, em particular, sobre o flagelo da pedofilia na Igreja. Francisco lembrou o impacto que os esc\u00e2ndalos tiveram nos EUA, citando em particular o Relat\u00f3rio da Pensilv\u00e2nia. &#8220;O vaso foi descoberto&#8221;, reconheceu ele, &#8220;hoje a Igreja se tornou cada vez mais consciente&#8221; sobre os abusos sexuais, um crime monstruoso. A Igreja, reiterou ele com veem\u00eancia, tem a &#8220;vontade de seguir adiante&#8221; e de n\u00e3o mais ser &#8220;c\u00famplice&#8221; destes delitos.<\/p>\n<hr \/>\n<p><em>Fonte: Vatican News<\/em><\/p>\n","protected":false},"excerpt":{"rendered":"<p>Entrevista<\/p>\n","protected":false},"author":3,"featured_media":238961,"comment_status":"open","ping_status":"open","sticky":false,"template":"","format":"standard","meta":[],"categories":[1428],"tags":[17],"acf":[],"yoast_head":"<!-- This site is optimized with the Yoast SEO plugin v19.2 - https:\/\/yoast.com\/wordpress\/plugins\/seo\/ -->\n<title>Papa: &quot;N\u00e3o tenho nenhuma inten\u00e7\u00e3o de renunciar, n\u00e3o por enquanto&quot; - Not\u00edcias - Franciscanos<\/title>\n<meta name=\"robots\" content=\"index, follow, max-snippet:-1, max-image-preview:large, max-video-preview:-1\" \/>\n<link rel=\"canonical\" href=\"https:\/\/franciscanos.org.br\/noticias\/papa-se-eu-renunciasse-permaneceria-em-roma-como-bispo-emerito.html\" \/>\n<meta property=\"og:locale\" content=\"pt_BR\" \/>\n<meta property=\"og:type\" content=\"article\" \/>\n<meta property=\"og:title\" content=\"Papa: &quot;N\u00e3o tenho nenhuma inten\u00e7\u00e3o de renunciar, n\u00e3o por enquanto&quot; - Not\u00edcias - Franciscanos\" \/>\n<meta property=\"og:description\" content=\"Entrevista\" \/>\n<meta property=\"og:url\" content=\"https:\/\/franciscanos.org.br\/noticias\/papa-se-eu-renunciasse-permaneceria-em-roma-como-bispo-emerito.html\" \/>\n<meta property=\"og:site_name\" content=\"Not\u00edcias - Franciscanos\" \/>\n<meta property=\"article:published_time\" content=\"2022-07-13T11:02:32+00:00\" \/>\n<meta property=\"article:modified_time\" content=\"2022-07-13T12:31:09+00:00\" \/>\n<meta property=\"og:image\" content=\"https:\/\/franciscanos.org.br\/noticias\/wp-content\/uploads\/2022\/07\/papa_entrevista.jpeg\" \/>\n\t<meta property=\"og:image:width\" content=\"1000\" \/>\n\t<meta property=\"og:image:height\" content=\"563\" \/>\n\t<meta property=\"og:image:type\" content=\"image\/jpeg\" \/>\n<meta name=\"author\" content=\"moacir\" \/>\n<meta name=\"twitter:card\" content=\"summary_large_image\" \/>\n<meta name=\"twitter:label1\" content=\"Escrito por\" \/>\n\t<meta name=\"twitter:data1\" content=\"moacir\" \/>\n\t<meta name=\"twitter:label2\" content=\"Est. tempo de leitura\" \/>\n\t<meta name=\"twitter:data2\" content=\"4 minutos\" \/>\n<script type=\"application\/ld+json\" class=\"yoast-schema-graph\">{\"@context\":\"https:\/\/schema.org\",\"@graph\":[{\"@type\":\"WebSite\",\"@id\":\"https:\/\/franciscanos.org.br\/noticias\/#website\",\"url\":\"https:\/\/franciscanos.org.br\/noticias\/\",\"name\":\"Not\u00edcias - Franciscanos\",\"description\":\"Prov\u00edncia Franciscana da Imaculada Concei\u00e7\u00e3o do Brasil - Ordem dos Frades Menores - OFM\",\"potentialAction\":[{\"@type\":\"SearchAction\",\"target\":{\"@type\":\"EntryPoint\",\"urlTemplate\":\"https:\/\/franciscanos.org.br\/noticias\/?s={search_term_string}\"},\"query-input\":\"required name=search_term_string\"}],\"inLanguage\":\"pt-BR\"},{\"@type\":\"ImageObject\",\"inLanguage\":\"pt-BR\",\"@id\":\"https:\/\/franciscanos.org.br\/noticias\/papa-se-eu-renunciasse-permaneceria-em-roma-como-bispo-emerito.html#primaryimage\",\"url\":\"https:\/\/franciscanos.org.br\/noticias\/wp-content\/uploads\/2022\/07\/papa_entrevista.jpeg\",\"contentUrl\":\"https:\/\/franciscanos.org.br\/noticias\/wp-content\/uploads\/2022\/07\/papa_entrevista.jpeg\",\"width\":1000,\"height\":563},{\"@type\":\"WebPage\",\"@id\":\"https:\/\/franciscanos.org.br\/noticias\/papa-se-eu-renunciasse-permaneceria-em-roma-como-bispo-emerito.html#webpage\",\"url\":\"https:\/\/franciscanos.org.br\/noticias\/papa-se-eu-renunciasse-permaneceria-em-roma-como-bispo-emerito.html\",\"name\":\"Papa: \\\"N\u00e3o tenho nenhuma inten\u00e7\u00e3o de renunciar, n\u00e3o por enquanto\\\" - Not\u00edcias - Franciscanos\",\"isPartOf\":{\"@id\":\"https:\/\/franciscanos.org.br\/noticias\/#website\"},\"primaryImageOfPage\":{\"@id\":\"https:\/\/franciscanos.org.br\/noticias\/papa-se-eu-renunciasse-permaneceria-em-roma-como-bispo-emerito.html#primaryimage\"},\"datePublished\":\"2022-07-13T11:02:32+00:00\",\"dateModified\":\"2022-07-13T12:31:09+00:00\",\"author\":{\"@id\":\"https:\/\/franciscanos.org.br\/noticias\/#\/schema\/person\/b5c8cba458c330ccff548b056e95a5d4\"},\"breadcrumb\":{\"@id\":\"https:\/\/franciscanos.org.br\/noticias\/papa-se-eu-renunciasse-permaneceria-em-roma-como-bispo-emerito.html#breadcrumb\"},\"inLanguage\":\"pt-BR\",\"potentialAction\":[{\"@type\":\"ReadAction\",\"target\":[\"https:\/\/franciscanos.org.br\/noticias\/papa-se-eu-renunciasse-permaneceria-em-roma-como-bispo-emerito.html\"]}]},{\"@type\":\"BreadcrumbList\",\"@id\":\"https:\/\/franciscanos.org.br\/noticias\/papa-se-eu-renunciasse-permaneceria-em-roma-como-bispo-emerito.html#breadcrumb\",\"itemListElement\":[{\"@type\":\"ListItem\",\"position\":1,\"name\":\"Home\",\"item\":\"https:\/\/franciscanos.org.br\/noticias\"},{\"@type\":\"ListItem\",\"position\":2,\"name\":\"Papa: &#8220;N\u00e3o tenho nenhuma inten\u00e7\u00e3o de renunciar, n\u00e3o por enquanto&#8221;\"}]},{\"@type\":\"Person\",\"@id\":\"https:\/\/franciscanos.org.br\/noticias\/#\/schema\/person\/b5c8cba458c330ccff548b056e95a5d4\",\"name\":\"moacir\",\"image\":{\"@type\":\"ImageObject\",\"inLanguage\":\"pt-BR\",\"@id\":\"https:\/\/franciscanos.org.br\/noticias\/#\/schema\/person\/image\/\",\"url\":\"https:\/\/secure.gravatar.com\/avatar\/d08aa2ce4c8dd416d4479aa8536fcf64?s=96&d=mm&r=g\",\"contentUrl\":\"https:\/\/secure.gravatar.com\/avatar\/d08aa2ce4c8dd416d4479aa8536fcf64?s=96&d=mm&r=g\",\"caption\":\"moacir\"},\"url\":\"https:\/\/franciscanos.org.br\/noticias\/author\/moacir\"}]}<\/script>\n<!-- \/ Yoast SEO plugin. -->","yoast_head_json":{"title":"Papa: \"N\u00e3o tenho nenhuma inten\u00e7\u00e3o de renunciar, n\u00e3o por enquanto\" - Not\u00edcias - Franciscanos","robots":{"index":"index","follow":"follow","max-snippet":"max-snippet:-1","max-image-preview":"max-image-preview:large","max-video-preview":"max-video-preview:-1"},"canonical":"https:\/\/franciscanos.org.br\/noticias\/papa-se-eu-renunciasse-permaneceria-em-roma-como-bispo-emerito.html","og_locale":"pt_BR","og_type":"article","og_title":"Papa: \"N\u00e3o tenho nenhuma inten\u00e7\u00e3o de renunciar, n\u00e3o por enquanto\" - Not\u00edcias - Franciscanos","og_description":"Entrevista","og_url":"https:\/\/franciscanos.org.br\/noticias\/papa-se-eu-renunciasse-permaneceria-em-roma-como-bispo-emerito.html","og_site_name":"Not\u00edcias - Franciscanos","article_published_time":"2022-07-13T11:02:32+00:00","article_modified_time":"2022-07-13T12:31:09+00:00","og_image":[{"width":1000,"height":563,"url":"https:\/\/franciscanos.org.br\/noticias\/wp-content\/uploads\/2022\/07\/papa_entrevista.jpeg","type":"image\/jpeg"}],"author":"moacir","twitter_card":"summary_large_image","twitter_misc":{"Escrito por":"moacir","Est. tempo de leitura":"4 minutos"},"schema":{"@context":"https:\/\/schema.org","@graph":[{"@type":"WebSite","@id":"https:\/\/franciscanos.org.br\/noticias\/#website","url":"https:\/\/franciscanos.org.br\/noticias\/","name":"Not\u00edcias - Franciscanos","description":"Prov\u00edncia Franciscana da Imaculada Concei\u00e7\u00e3o do Brasil - Ordem dos Frades Menores - OFM","potentialAction":[{"@type":"SearchAction","target":{"@type":"EntryPoint","urlTemplate":"https:\/\/franciscanos.org.br\/noticias\/?s={search_term_string}"},"query-input":"required name=search_term_string"}],"inLanguage":"pt-BR"},{"@type":"ImageObject","inLanguage":"pt-BR","@id":"https:\/\/franciscanos.org.br\/noticias\/papa-se-eu-renunciasse-permaneceria-em-roma-como-bispo-emerito.html#primaryimage","url":"https:\/\/franciscanos.org.br\/noticias\/wp-content\/uploads\/2022\/07\/papa_entrevista.jpeg","contentUrl":"https:\/\/franciscanos.org.br\/noticias\/wp-content\/uploads\/2022\/07\/papa_entrevista.jpeg","width":1000,"height":563},{"@type":"WebPage","@id":"https:\/\/franciscanos.org.br\/noticias\/papa-se-eu-renunciasse-permaneceria-em-roma-como-bispo-emerito.html#webpage","url":"https:\/\/franciscanos.org.br\/noticias\/papa-se-eu-renunciasse-permaneceria-em-roma-como-bispo-emerito.html","name":"Papa: \"N\u00e3o tenho nenhuma inten\u00e7\u00e3o de renunciar, n\u00e3o por enquanto\" - Not\u00edcias - Franciscanos","isPartOf":{"@id":"https:\/\/franciscanos.org.br\/noticias\/#website"},"primaryImageOfPage":{"@id":"https:\/\/franciscanos.org.br\/noticias\/papa-se-eu-renunciasse-permaneceria-em-roma-como-bispo-emerito.html#primaryimage"},"datePublished":"2022-07-13T11:02:32+00:00","dateModified":"2022-07-13T12:31:09+00:00","author":{"@id":"https:\/\/franciscanos.org.br\/noticias\/#\/schema\/person\/b5c8cba458c330ccff548b056e95a5d4"},"breadcrumb":{"@id":"https:\/\/franciscanos.org.br\/noticias\/papa-se-eu-renunciasse-permaneceria-em-roma-como-bispo-emerito.html#breadcrumb"},"inLanguage":"pt-BR","potentialAction":[{"@type":"ReadAction","target":["https:\/\/franciscanos.org.br\/noticias\/papa-se-eu-renunciasse-permaneceria-em-roma-como-bispo-emerito.html"]}]},{"@type":"BreadcrumbList","@id":"https:\/\/franciscanos.org.br\/noticias\/papa-se-eu-renunciasse-permaneceria-em-roma-como-bispo-emerito.html#breadcrumb","itemListElement":[{"@type":"ListItem","position":1,"name":"Home","item":"https:\/\/franciscanos.org.br\/noticias"},{"@type":"ListItem","position":2,"name":"Papa: &#8220;N\u00e3o tenho nenhuma inten\u00e7\u00e3o de renunciar, n\u00e3o por enquanto&#8221;"}]},{"@type":"Person","@id":"https:\/\/franciscanos.org.br\/noticias\/#\/schema\/person\/b5c8cba458c330ccff548b056e95a5d4","name":"moacir","image":{"@type":"ImageObject","inLanguage":"pt-BR","@id":"https:\/\/franciscanos.org.br\/noticias\/#\/schema\/person\/image\/","url":"https:\/\/secure.gravatar.com\/avatar\/d08aa2ce4c8dd416d4479aa8536fcf64?s=96&d=mm&r=g","contentUrl":"https:\/\/secure.gravatar.com\/avatar\/d08aa2ce4c8dd416d4479aa8536fcf64?s=96&d=mm&r=g","caption":"moacir"},"url":"https:\/\/franciscanos.org.br\/noticias\/author\/moacir"}]}},"_links":{"self":[{"href":"https:\/\/franciscanos.org.br\/noticias\/wp-json\/wp\/v2\/posts\/238960"}],"collection":[{"href":"https:\/\/franciscanos.org.br\/noticias\/wp-json\/wp\/v2\/posts"}],"about":[{"href":"https:\/\/franciscanos.org.br\/noticias\/wp-json\/wp\/v2\/types\/post"}],"author":[{"embeddable":true,"href":"https:\/\/franciscanos.org.br\/noticias\/wp-json\/wp\/v2\/users\/3"}],"replies":[{"embeddable":true,"href":"https:\/\/franciscanos.org.br\/noticias\/wp-json\/wp\/v2\/comments?post=238960"}],"version-history":[{"count":3,"href":"https:\/\/franciscanos.org.br\/noticias\/wp-json\/wp\/v2\/posts\/238960\/revisions"}],"predecessor-version":[{"id":238971,"href":"https:\/\/franciscanos.org.br\/noticias\/wp-json\/wp\/v2\/posts\/238960\/revisions\/238971"}],"wp:featuredmedia":[{"embeddable":true,"href":"https:\/\/franciscanos.org.br\/noticias\/wp-json\/wp\/v2\/media\/238961"}],"wp:attachment":[{"href":"https:\/\/franciscanos.org.br\/noticias\/wp-json\/wp\/v2\/media?parent=238960"}],"wp:term":[{"taxonomy":"category","embeddable":true,"href":"https:\/\/franciscanos.org.br\/noticias\/wp-json\/wp\/v2\/categories?post=238960"},{"taxonomy":"post_tag","embeddable":true,"href":"https:\/\/franciscanos.org.br\/noticias\/wp-json\/wp\/v2\/tags?post=238960"}],"curies":[{"name":"wp","href":"https:\/\/api.w.org\/{rel}","templated":true}]}}