{"id":238955,"date":"2022-07-13T07:54:14","date_gmt":"2022-07-13T10:54:14","guid":{"rendered":"https:\/\/franciscanos.org.br\/noticias\/?p=238955"},"modified":"2022-07-27T09:16:48","modified_gmt":"2022-07-27T12:16:48","slug":"franciscanos-e-beneditinos-fazem-momento-celebrativo-em-sorocaba","status":"publish","type":"post","link":"https:\/\/franciscanos.org.br\/noticias\/franciscanos-e-beneditinos-fazem-momento-celebrativo-em-sorocaba.html","title":{"rendered":"Franciscanos e beneditinos fazem momento celebrativo em Sorocaba"},"content":{"rendered":"<p><img loading=\"lazy\" class=\"alignnone size-full wp-image-238956\" src=\"https:\/\/franciscanos.org.br\/noticias\/wp-content\/uploads\/2022\/07\/sorocaba_13.jpg\" alt=\"\" width=\"1000\" height=\"563\" srcset=\"https:\/\/franciscanos.org.br\/noticias\/wp-content\/uploads\/2022\/07\/sorocaba_13.jpg 1000w, https:\/\/franciscanos.org.br\/noticias\/wp-content\/uploads\/2022\/07\/sorocaba_13-450x253.jpg 450w, https:\/\/franciscanos.org.br\/noticias\/wp-content\/uploads\/2022\/07\/sorocaba_13-768x432.jpg 768w, https:\/\/franciscanos.org.br\/noticias\/wp-content\/uploads\/2022\/07\/sorocaba_13-150x84.jpg 150w\" sizes=\"(max-width: 1000px) 100vw, 1000px\" \/><\/p>\n<p>Muita gente n\u00e3o sabe, mas as duas Ordens, a Beneditina e a Franciscana, t\u00eam uma aproxima\u00e7\u00e3o peculiar. O fato \u00e9 que Francisco se aproximou dos monges beneditinos do Monte Sub\u00e1sio, nas proximidades de Assis, na It\u00e1lia, h\u00e1 mais de 800 anos, e ganhou deles a igrejinha da Porci\u00fancula, que depois se tornou o ber\u00e7o da Ordem Franciscana.<\/p>\n<p><img loading=\"lazy\" class=\" wp-image-238957 alignright\" src=\"https:\/\/franciscanos.org.br\/noticias\/wp-content\/uploads\/2022\/07\/sorocaba_03.jpg\" alt=\"\" width=\"290\" height=\"317\" srcset=\"https:\/\/franciscanos.org.br\/noticias\/wp-content\/uploads\/2022\/07\/sorocaba_03.jpg 480w, https:\/\/franciscanos.org.br\/noticias\/wp-content\/uploads\/2022\/07\/sorocaba_03-411x450.jpg 411w, https:\/\/franciscanos.org.br\/noticias\/wp-content\/uploads\/2022\/07\/sorocaba_03-150x164.jpg 150w\" sizes=\"(max-width: 290px) 100vw, 290px\" \/>No s\u00e1bado, dia 9 de julho de 2022, o grupo de jovens \u201cPeregrinos\u201d, da Par\u00f3quia Bom Jesus dos Aflitos (Sorocaba, SP), familiares dos jovens, catequistas e o Frei Jos\u00e9 Raimundo de Souza, OFM, foram at\u00e9 o Mosteiro de S\u00e3o Bento (Sorocaba) para um momento celebrativo entre Beneditinos e Franciscanos. O dia de S\u00e3o Bento \u00e9 celebrado em 11 de julho.<\/p>\n<p>Pela primeira vez as duas Ordens se reuniram dentro do Mosteiro de S\u00e3o Bento. Na &#8220;Celebra\u00e7\u00e3o da Gratid\u00e3o&#8221;, nome escolhido para o encontro, Frei Jos\u00e9 Raimundo leu o texto nas Fontes Franciscanas &#8211; Compila\u00e7\u00e3o de Assis, cap\u00edtulo 56 &#8211; que narra como os Monges Beneditinos disponibilizaram a Francisco e seus companheiros o uso da igrejinha, como os frades passaram a retribuir a gentileza e generosidade dos monges, e o valor que o local passou a ter na vida do santo de Assis.<\/p>\n<p>Em seguida, Frei Jos\u00e9 prop\u00f4s uma reflex\u00e3o sobre a querida capela de Santa Maria dos Anjos., acentuando o seguinte trecho biogr\u00e1fico: \u201cFrancisco disse aos frades que jamais deveriam abandonar este lugar. Se algu\u00e9m expulsasse os frades por uma porta, que entrassem pela outra. Este lugar \u00e9 sagrado\u201d, ressaltou ele.<\/p>\n<p>Dom Rocco Fraioli, OSB, confirmou o fato pela vis\u00e3o beneditina ao destacar que os monges entregavam aos frades um barril de azeite, especiaria muito importante para a \u00e9poca: \u201cservia para acender as lamparinas, para fazer comida, para cuidar das feridas\u201d. O monge tamb\u00e9m explanou sobre o modo de vida dos beneditinos e a import\u00e2ncia do Mosteiro para a cidade de Sorocaba.<\/p>\n<p>Foi com muita alegria e entusiasmo que Dom Rocco, monge respons\u00e1vel pelo mosteiro, acolheu a todos, possibilitando um agrad\u00e1vel encontro fraterno de troca de experi\u00eancias. Reunidos no presbit\u00e9rio da igreja do mosteiro, em clima celebrativo e descontra\u00eddo, aconteceram as trocas de presentes, conforme o que diz nas Fontes Franciscanas: \u201cE quando os frades levavam todos os anos os peixinhos para os monges, eles, por causa da humildade do bem-aventurado Francisco, que fazia aquilo porque queria, davam a ele e a seus irm\u00e3os uma vasilha cheia de azeite (Compila\u00e7\u00e3o de Assis, 56).<\/p>\n<p>E assim foi feito: os beneditinos entregaram aos visitantes uma garrafa de azeite e uma de vinho e os franciscanos levaram aos beneditinos peixes e uma cesta de frutas.<\/p>\n<p>O encerramento da celebra\u00e7\u00e3o ocorreu na \u00e1rea lateral do mosteiro, onde todos os participantes se confraternizaram e tomaram um lanche oferecido por Dom Rocco. Nesse momento uniu-se ao grupo outro monge que trabalha no mosteiro, Dom In\u00e1cio Caciagli, OSB.<\/p>\n<p><img loading=\"lazy\" class=\"size-full wp-image-238958 alignnone\" src=\"https:\/\/franciscanos.org.br\/noticias\/wp-content\/uploads\/2022\/07\/sorocaba_2.jpg\" alt=\"\" width=\"1063\" height=\"675\" srcset=\"https:\/\/franciscanos.org.br\/noticias\/wp-content\/uploads\/2022\/07\/sorocaba_2.jpg 1063w, https:\/\/franciscanos.org.br\/noticias\/wp-content\/uploads\/2022\/07\/sorocaba_2-450x286.jpg 450w, https:\/\/franciscanos.org.br\/noticias\/wp-content\/uploads\/2022\/07\/sorocaba_2-1024x650.jpg 1024w, https:\/\/franciscanos.org.br\/noticias\/wp-content\/uploads\/2022\/07\/sorocaba_2-768x488.jpg 768w, https:\/\/franciscanos.org.br\/noticias\/wp-content\/uploads\/2022\/07\/sorocaba_2-150x95.jpg 150w\" sizes=\"(max-width: 1063px) 100vw, 1063px\" \/><\/p>\n<p>A \u201cCelebra\u00e7\u00e3o da Gratid\u00e3o\u201d foi conclu\u00edda com a b\u00ean\u00e7\u00e3o final dada por Dom Rocco. Que os santos, S\u00e3o Francisco de Assis e S\u00e3o Bento, intercedam a Deus por n\u00f3s!<\/p>\n<hr \/>\n<p><em>PasCom\/Par\u00f3quia Bom Jesus dos Aflitos &#8211; Sorocaba (SP)<\/em><\/p>\n","protected":false},"excerpt":{"rendered":"<p>Par\u00f3quia Bom Jesus dos Aflitos &#8211; Sorocaba<\/p>\n","protected":false},"author":3,"featured_media":238956,"comment_status":"open","ping_status":"open","sticky":false,"template":"","format":"standard","meta":[],"categories":[1],"tags":[1884],"acf":[],"yoast_head":"<!-- This site is optimized with the Yoast SEO plugin v19.2 - https:\/\/yoast.com\/wordpress\/plugins\/seo\/ -->\n<title>Franciscanos e beneditinos fazem momento celebrativo em Sorocaba - Not\u00edcias - Franciscanos<\/title>\n<meta name=\"robots\" content=\"index, follow, max-snippet:-1, max-image-preview:large, max-video-preview:-1\" \/>\n<link rel=\"canonical\" href=\"https:\/\/franciscanos.org.br\/noticias\/franciscanos-e-beneditinos-fazem-momento-celebrativo-em-sorocaba.html\" \/>\n<meta property=\"og:locale\" content=\"pt_BR\" \/>\n<meta property=\"og:type\" content=\"article\" \/>\n<meta property=\"og:title\" content=\"Franciscanos e beneditinos fazem momento celebrativo em Sorocaba - Not\u00edcias - Franciscanos\" \/>\n<meta property=\"og:description\" content=\"Par\u00f3quia Bom Jesus dos Aflitos - Sorocaba\" \/>\n<meta property=\"og:url\" content=\"https:\/\/franciscanos.org.br\/noticias\/franciscanos-e-beneditinos-fazem-momento-celebrativo-em-sorocaba.html\" \/>\n<meta property=\"og:site_name\" content=\"Not\u00edcias - Franciscanos\" \/>\n<meta property=\"article:published_time\" content=\"2022-07-13T10:54:14+00:00\" \/>\n<meta property=\"article:modified_time\" content=\"2022-07-27T12:16:48+00:00\" \/>\n<meta property=\"og:image\" content=\"https:\/\/franciscanos.org.br\/noticias\/wp-content\/uploads\/2022\/07\/sorocaba_13.jpg\" \/>\n\t<meta property=\"og:image:width\" content=\"1000\" \/>\n\t<meta property=\"og:image:height\" content=\"563\" \/>\n\t<meta property=\"og:image:type\" content=\"image\/jpeg\" \/>\n<meta name=\"author\" content=\"moacir\" \/>\n<meta name=\"twitter:card\" content=\"summary_large_image\" \/>\n<meta name=\"twitter:label1\" content=\"Escrito por\" \/>\n\t<meta name=\"twitter:data1\" content=\"moacir\" \/>\n\t<meta name=\"twitter:label2\" content=\"Est. tempo de leitura\" \/>\n\t<meta name=\"twitter:data2\" content=\"4 minutos\" \/>\n<script type=\"application\/ld+json\" class=\"yoast-schema-graph\">{\"@context\":\"https:\/\/schema.org\",\"@graph\":[{\"@type\":\"WebSite\",\"@id\":\"https:\/\/franciscanos.org.br\/noticias\/#website\",\"url\":\"https:\/\/franciscanos.org.br\/noticias\/\",\"name\":\"Not\u00edcias - Franciscanos\",\"description\":\"Prov\u00edncia Franciscana da Imaculada Concei\u00e7\u00e3o do Brasil - Ordem dos Frades Menores - OFM\",\"potentialAction\":[{\"@type\":\"SearchAction\",\"target\":{\"@type\":\"EntryPoint\",\"urlTemplate\":\"https:\/\/franciscanos.org.br\/noticias\/?s={search_term_string}\"},\"query-input\":\"required name=search_term_string\"}],\"inLanguage\":\"pt-BR\"},{\"@type\":\"ImageObject\",\"inLanguage\":\"pt-BR\",\"@id\":\"https:\/\/franciscanos.org.br\/noticias\/franciscanos-e-beneditinos-fazem-momento-celebrativo-em-sorocaba.html#primaryimage\",\"url\":\"https:\/\/franciscanos.org.br\/noticias\/wp-content\/uploads\/2022\/07\/sorocaba_13.jpg\",\"contentUrl\":\"https:\/\/franciscanos.org.br\/noticias\/wp-content\/uploads\/2022\/07\/sorocaba_13.jpg\",\"width\":1000,\"height\":563},{\"@type\":\"WebPage\",\"@id\":\"https:\/\/franciscanos.org.br\/noticias\/franciscanos-e-beneditinos-fazem-momento-celebrativo-em-sorocaba.html#webpage\",\"url\":\"https:\/\/franciscanos.org.br\/noticias\/franciscanos-e-beneditinos-fazem-momento-celebrativo-em-sorocaba.html\",\"name\":\"Franciscanos e beneditinos fazem momento celebrativo em Sorocaba - Not\u00edcias - Franciscanos\",\"isPartOf\":{\"@id\":\"https:\/\/franciscanos.org.br\/noticias\/#website\"},\"primaryImageOfPage\":{\"@id\":\"https:\/\/franciscanos.org.br\/noticias\/franciscanos-e-beneditinos-fazem-momento-celebrativo-em-sorocaba.html#primaryimage\"},\"datePublished\":\"2022-07-13T10:54:14+00:00\",\"dateModified\":\"2022-07-27T12:16:48+00:00\",\"author\":{\"@id\":\"https:\/\/franciscanos.org.br\/noticias\/#\/schema\/person\/b5c8cba458c330ccff548b056e95a5d4\"},\"breadcrumb\":{\"@id\":\"https:\/\/franciscanos.org.br\/noticias\/franciscanos-e-beneditinos-fazem-momento-celebrativo-em-sorocaba.html#breadcrumb\"},\"inLanguage\":\"pt-BR\",\"potentialAction\":[{\"@type\":\"ReadAction\",\"target\":[\"https:\/\/franciscanos.org.br\/noticias\/franciscanos-e-beneditinos-fazem-momento-celebrativo-em-sorocaba.html\"]}]},{\"@type\":\"BreadcrumbList\",\"@id\":\"https:\/\/franciscanos.org.br\/noticias\/franciscanos-e-beneditinos-fazem-momento-celebrativo-em-sorocaba.html#breadcrumb\",\"itemListElement\":[{\"@type\":\"ListItem\",\"position\":1,\"name\":\"Home\",\"item\":\"https:\/\/franciscanos.org.br\/noticias\"},{\"@type\":\"ListItem\",\"position\":2,\"name\":\"Franciscanos e beneditinos fazem momento celebrativo em Sorocaba\"}]},{\"@type\":\"Person\",\"@id\":\"https:\/\/franciscanos.org.br\/noticias\/#\/schema\/person\/b5c8cba458c330ccff548b056e95a5d4\",\"name\":\"moacir\",\"image\":{\"@type\":\"ImageObject\",\"inLanguage\":\"pt-BR\",\"@id\":\"https:\/\/franciscanos.org.br\/noticias\/#\/schema\/person\/image\/\",\"url\":\"https:\/\/secure.gravatar.com\/avatar\/d08aa2ce4c8dd416d4479aa8536fcf64?s=96&d=mm&r=g\",\"contentUrl\":\"https:\/\/secure.gravatar.com\/avatar\/d08aa2ce4c8dd416d4479aa8536fcf64?s=96&d=mm&r=g\",\"caption\":\"moacir\"},\"url\":\"https:\/\/franciscanos.org.br\/noticias\/author\/moacir\"}]}<\/script>\n<!-- \/ Yoast SEO plugin. -->","yoast_head_json":{"title":"Franciscanos e beneditinos fazem momento celebrativo em Sorocaba - Not\u00edcias - Franciscanos","robots":{"index":"index","follow":"follow","max-snippet":"max-snippet:-1","max-image-preview":"max-image-preview:large","max-video-preview":"max-video-preview:-1"},"canonical":"https:\/\/franciscanos.org.br\/noticias\/franciscanos-e-beneditinos-fazem-momento-celebrativo-em-sorocaba.html","og_locale":"pt_BR","og_type":"article","og_title":"Franciscanos e beneditinos fazem momento celebrativo em Sorocaba - Not\u00edcias - Franciscanos","og_description":"Par\u00f3quia Bom Jesus dos Aflitos - Sorocaba","og_url":"https:\/\/franciscanos.org.br\/noticias\/franciscanos-e-beneditinos-fazem-momento-celebrativo-em-sorocaba.html","og_site_name":"Not\u00edcias - Franciscanos","article_published_time":"2022-07-13T10:54:14+00:00","article_modified_time":"2022-07-27T12:16:48+00:00","og_image":[{"width":1000,"height":563,"url":"https:\/\/franciscanos.org.br\/noticias\/wp-content\/uploads\/2022\/07\/sorocaba_13.jpg","type":"image\/jpeg"}],"author":"moacir","twitter_card":"summary_large_image","twitter_misc":{"Escrito por":"moacir","Est. tempo de leitura":"4 minutos"},"schema":{"@context":"https:\/\/schema.org","@graph":[{"@type":"WebSite","@id":"https:\/\/franciscanos.org.br\/noticias\/#website","url":"https:\/\/franciscanos.org.br\/noticias\/","name":"Not\u00edcias - Franciscanos","description":"Prov\u00edncia Franciscana da Imaculada Concei\u00e7\u00e3o do Brasil - Ordem dos Frades Menores - OFM","potentialAction":[{"@type":"SearchAction","target":{"@type":"EntryPoint","urlTemplate":"https:\/\/franciscanos.org.br\/noticias\/?s={search_term_string}"},"query-input":"required name=search_term_string"}],"inLanguage":"pt-BR"},{"@type":"ImageObject","inLanguage":"pt-BR","@id":"https:\/\/franciscanos.org.br\/noticias\/franciscanos-e-beneditinos-fazem-momento-celebrativo-em-sorocaba.html#primaryimage","url":"https:\/\/franciscanos.org.br\/noticias\/wp-content\/uploads\/2022\/07\/sorocaba_13.jpg","contentUrl":"https:\/\/franciscanos.org.br\/noticias\/wp-content\/uploads\/2022\/07\/sorocaba_13.jpg","width":1000,"height":563},{"@type":"WebPage","@id":"https:\/\/franciscanos.org.br\/noticias\/franciscanos-e-beneditinos-fazem-momento-celebrativo-em-sorocaba.html#webpage","url":"https:\/\/franciscanos.org.br\/noticias\/franciscanos-e-beneditinos-fazem-momento-celebrativo-em-sorocaba.html","name":"Franciscanos e beneditinos fazem momento celebrativo em Sorocaba - Not\u00edcias - Franciscanos","isPartOf":{"@id":"https:\/\/franciscanos.org.br\/noticias\/#website"},"primaryImageOfPage":{"@id":"https:\/\/franciscanos.org.br\/noticias\/franciscanos-e-beneditinos-fazem-momento-celebrativo-em-sorocaba.html#primaryimage"},"datePublished":"2022-07-13T10:54:14+00:00","dateModified":"2022-07-27T12:16:48+00:00","author":{"@id":"https:\/\/franciscanos.org.br\/noticias\/#\/schema\/person\/b5c8cba458c330ccff548b056e95a5d4"},"breadcrumb":{"@id":"https:\/\/franciscanos.org.br\/noticias\/franciscanos-e-beneditinos-fazem-momento-celebrativo-em-sorocaba.html#breadcrumb"},"inLanguage":"pt-BR","potentialAction":[{"@type":"ReadAction","target":["https:\/\/franciscanos.org.br\/noticias\/franciscanos-e-beneditinos-fazem-momento-celebrativo-em-sorocaba.html"]}]},{"@type":"BreadcrumbList","@id":"https:\/\/franciscanos.org.br\/noticias\/franciscanos-e-beneditinos-fazem-momento-celebrativo-em-sorocaba.html#breadcrumb","itemListElement":[{"@type":"ListItem","position":1,"name":"Home","item":"https:\/\/franciscanos.org.br\/noticias"},{"@type":"ListItem","position":2,"name":"Franciscanos e beneditinos fazem momento celebrativo em Sorocaba"}]},{"@type":"Person","@id":"https:\/\/franciscanos.org.br\/noticias\/#\/schema\/person\/b5c8cba458c330ccff548b056e95a5d4","name":"moacir","image":{"@type":"ImageObject","inLanguage":"pt-BR","@id":"https:\/\/franciscanos.org.br\/noticias\/#\/schema\/person\/image\/","url":"https:\/\/secure.gravatar.com\/avatar\/d08aa2ce4c8dd416d4479aa8536fcf64?s=96&d=mm&r=g","contentUrl":"https:\/\/secure.gravatar.com\/avatar\/d08aa2ce4c8dd416d4479aa8536fcf64?s=96&d=mm&r=g","caption":"moacir"},"url":"https:\/\/franciscanos.org.br\/noticias\/author\/moacir"}]}},"_links":{"self":[{"href":"https:\/\/franciscanos.org.br\/noticias\/wp-json\/wp\/v2\/posts\/238955"}],"collection":[{"href":"https:\/\/franciscanos.org.br\/noticias\/wp-json\/wp\/v2\/posts"}],"about":[{"href":"https:\/\/franciscanos.org.br\/noticias\/wp-json\/wp\/v2\/types\/post"}],"author":[{"embeddable":true,"href":"https:\/\/franciscanos.org.br\/noticias\/wp-json\/wp\/v2\/users\/3"}],"replies":[{"embeddable":true,"href":"https:\/\/franciscanos.org.br\/noticias\/wp-json\/wp\/v2\/comments?post=238955"}],"version-history":[{"count":2,"href":"https:\/\/franciscanos.org.br\/noticias\/wp-json\/wp\/v2\/posts\/238955\/revisions"}],"predecessor-version":[{"id":239070,"href":"https:\/\/franciscanos.org.br\/noticias\/wp-json\/wp\/v2\/posts\/238955\/revisions\/239070"}],"wp:featuredmedia":[{"embeddable":true,"href":"https:\/\/franciscanos.org.br\/noticias\/wp-json\/wp\/v2\/media\/238956"}],"wp:attachment":[{"href":"https:\/\/franciscanos.org.br\/noticias\/wp-json\/wp\/v2\/media?parent=238955"}],"wp:term":[{"taxonomy":"category","embeddable":true,"href":"https:\/\/franciscanos.org.br\/noticias\/wp-json\/wp\/v2\/categories?post=238955"},{"taxonomy":"post_tag","embeddable":true,"href":"https:\/\/franciscanos.org.br\/noticias\/wp-json\/wp\/v2\/tags?post=238955"}],"curies":[{"name":"wp","href":"https:\/\/api.w.org\/{rel}","templated":true}]}}