{"id":238946,"date":"2022-07-11T09:03:51","date_gmt":"2022-07-11T12:03:51","guid":{"rendered":"https:\/\/franciscanos.org.br\/noticias\/?p=238946"},"modified":"2022-07-11T09:28:25","modified_gmt":"2022-07-11T12:28:25","slug":"encontro-de-formacao-franciscana-com-coordenadores-e-diretores-da-fae","status":"publish","type":"post","link":"https:\/\/franciscanos.org.br\/noticias\/encontro-de-formacao-franciscana-com-coordenadores-e-diretores-da-fae.html","title":{"rendered":"Encontro de forma\u00e7\u00e3o franciscana com coordenadores e diretores da FAE"},"content":{"rendered":"<p><img loading=\"lazy\" class=\"alignnone size-full wp-image-238947\" src=\"https:\/\/franciscanos.org.br\/noticias\/wp-content\/uploads\/2022\/07\/fae_1107.jpg\" alt=\"\" width=\"1280\" height=\"720\" srcset=\"https:\/\/franciscanos.org.br\/noticias\/wp-content\/uploads\/2022\/07\/fae_1107.jpg 1280w, https:\/\/franciscanos.org.br\/noticias\/wp-content\/uploads\/2022\/07\/fae_1107-450x253.jpg 450w, https:\/\/franciscanos.org.br\/noticias\/wp-content\/uploads\/2022\/07\/fae_1107-1024x576.jpg 1024w, https:\/\/franciscanos.org.br\/noticias\/wp-content\/uploads\/2022\/07\/fae_1107-768x432.jpg 768w, https:\/\/franciscanos.org.br\/noticias\/wp-content\/uploads\/2022\/07\/fae_1107-150x84.jpg 150w\" sizes=\"(max-width: 1280px) 100vw, 1280px\" \/><\/p>\n<p>No m\u00eas de junho, foi realizado o<strong>\u00a0Encontro dos Coordenadores e Diretores<\/strong>\u00a0da FAE Centro Universit\u00e1rio, no Hotel Sesc Caiob\u00e1, PR.<\/p>\n<p>Com o tema<strong><em>\u00a0Educar para a fraternidade e a paz<\/em><\/strong>, o evento foi aberto pelo presidente do Grupo,\u00a0<strong>Frei Jo\u00e3o Mannes<\/strong>, que trouxe uma contundente reflex\u00e3o baseada na Carta Enc\u00edclica do Papa Francisco\u00a0<strong><em>Fratelli Tutti<\/em><\/strong>, sobre a fraternidade e a amizade social.<\/p>\n<p>Inicialmente, explicitou que hoje precisamos de uma mudan\u00e7a de cultura, de um novo modelo de ser humano, de sociedade e de rela\u00e7\u00e3o com a natureza. Nunca, como agora, houve necessidade de unir esfor\u00e7os para formar pessoas maduras, capazes de superar fragmenta\u00e7\u00f5es e reconstruir as rela\u00e7\u00f5es humanas em vista de uma sociedade justa, sustent\u00e1vel e feliz.<\/p>\n<p>Al\u00e9m disso, enfatizou o Frei Jo\u00e3o Mannes, que \u201ctoda proposta educativa tem subjacente uma concep\u00e7\u00e3o\u00a0do ser humano, da cultura e da sociedade\u201d. Precisamos, ent\u00e3o, de um modelo educacional que se inspire em Francisco de Assis, que educou pela sua maneira amorosa de ser, pensar, agir e de se relacionar respeitosamente consigo mesmo e com todas as criaturas.<\/p>\n<p>Durante dois dias, os participantes do evento da FAE vivenciaram um encontro bastante produtivo envolvendo palestras, trocas de experi\u00eancias e trabalhos coletivos, e vivenciando momentos de integra\u00e7\u00e3o, uni\u00e3o e muita alegria.<\/p>\n<p>Segue uma s\u00edntese do Frei Jo\u00e3o, sobre o tema norteador do encontro: &#8220;<strong>Educar para a Fraternidade e a Paz:<\/strong><\/p>\n<p><em>EDUCAR na perspectiva crist\u00e3 e franciscana exige de todos os agentes uma cont\u00ednua reorienta\u00e7\u00e3o da exist\u00eancia \u00e0 luz das atitudes e dos valores que nortearam a vida de S\u00e3o Francisco. A educa\u00e7\u00e3o \u00e9 um ato de amor e de esperan\u00e7a no desenvolvimento integral da pessoa a servi\u00e7o da comunidade.<\/em><\/p>\n<p><em>\u00c9 sobretudo pela viv\u00eancia do amor que se constr\u00f3i a FRATERNIDADE, pois, na vis\u00e3o franciscana, o ser humano \u00e9 um n\u00facleo de rela\u00e7\u00f5es consigo mesmo, com seus semelhantes, com os seres do Universo e com o Transcendente. Sob essa vis\u00e3o, a educa\u00e7\u00e3o se responsabiliza pela realiza\u00e7\u00e3o do ser humano em suas m\u00faltiplas dimens\u00f5es e pelo cuidado da casa comum.<\/em><\/p>\n<p><em>Assim, o Grupo Educacional Bom Jesus realiza a miss\u00e3o de orientar crian\u00e7as, adolescentes e jovens para as virtudes do amor, da humildade, do di\u00e1logo, da empatia, do respeito \u00e0 alteridade e da solidariedade, entre outras, com o objetivo de construir a fraternidade universal que \u00e9 o caminho para a PAZ.<\/em><\/p>\n<hr \/>\n<p><em>Divulga\u00e7\u00e3o FAE Centro Universist\u00e1rio<\/em><\/p>\n","protected":false},"excerpt":{"rendered":"<p>FAE<\/p>\n","protected":false},"author":3,"featured_media":238947,"comment_status":"open","ping_status":"open","sticky":false,"template":"","format":"standard","meta":[],"categories":[1],"tags":[548],"acf":[],"yoast_head":"<!-- This site is optimized with the Yoast SEO plugin v19.2 - https:\/\/yoast.com\/wordpress\/plugins\/seo\/ -->\n<title>Encontro de forma\u00e7\u00e3o franciscana com coordenadores e diretores da FAE - Not\u00edcias - Franciscanos<\/title>\n<meta name=\"robots\" content=\"index, follow, max-snippet:-1, max-image-preview:large, max-video-preview:-1\" \/>\n<link rel=\"canonical\" href=\"https:\/\/franciscanos.org.br\/noticias\/encontro-de-formacao-franciscana-com-coordenadores-e-diretores-da-fae.html\" \/>\n<meta property=\"og:locale\" content=\"pt_BR\" \/>\n<meta property=\"og:type\" content=\"article\" \/>\n<meta property=\"og:title\" content=\"Encontro de forma\u00e7\u00e3o franciscana com coordenadores e diretores da FAE - Not\u00edcias - Franciscanos\" \/>\n<meta property=\"og:description\" content=\"FAE\" \/>\n<meta property=\"og:url\" content=\"https:\/\/franciscanos.org.br\/noticias\/encontro-de-formacao-franciscana-com-coordenadores-e-diretores-da-fae.html\" \/>\n<meta property=\"og:site_name\" content=\"Not\u00edcias - Franciscanos\" \/>\n<meta property=\"article:published_time\" content=\"2022-07-11T12:03:51+00:00\" \/>\n<meta property=\"article:modified_time\" content=\"2022-07-11T12:28:25+00:00\" \/>\n<meta property=\"og:image\" content=\"https:\/\/franciscanos.org.br\/noticias\/wp-content\/uploads\/2022\/07\/fae_1107.jpg\" \/>\n\t<meta property=\"og:image:width\" content=\"1280\" \/>\n\t<meta property=\"og:image:height\" content=\"720\" \/>\n\t<meta property=\"og:image:type\" content=\"image\/jpeg\" \/>\n<meta name=\"author\" content=\"moacir\" \/>\n<meta name=\"twitter:card\" content=\"summary_large_image\" \/>\n<meta name=\"twitter:label1\" content=\"Escrito por\" \/>\n\t<meta name=\"twitter:data1\" content=\"moacir\" \/>\n\t<meta name=\"twitter:label2\" content=\"Est. tempo de leitura\" \/>\n\t<meta name=\"twitter:data2\" content=\"2 minutos\" \/>\n<script type=\"application\/ld+json\" class=\"yoast-schema-graph\">{\"@context\":\"https:\/\/schema.org\",\"@graph\":[{\"@type\":\"WebSite\",\"@id\":\"https:\/\/franciscanos.org.br\/noticias\/#website\",\"url\":\"https:\/\/franciscanos.org.br\/noticias\/\",\"name\":\"Not\u00edcias - Franciscanos\",\"description\":\"Prov\u00edncia Franciscana da Imaculada Concei\u00e7\u00e3o do Brasil - Ordem dos Frades Menores - OFM\",\"potentialAction\":[{\"@type\":\"SearchAction\",\"target\":{\"@type\":\"EntryPoint\",\"urlTemplate\":\"https:\/\/franciscanos.org.br\/noticias\/?s={search_term_string}\"},\"query-input\":\"required name=search_term_string\"}],\"inLanguage\":\"pt-BR\"},{\"@type\":\"ImageObject\",\"inLanguage\":\"pt-BR\",\"@id\":\"https:\/\/franciscanos.org.br\/noticias\/encontro-de-formacao-franciscana-com-coordenadores-e-diretores-da-fae.html#primaryimage\",\"url\":\"https:\/\/franciscanos.org.br\/noticias\/wp-content\/uploads\/2022\/07\/fae_1107.jpg\",\"contentUrl\":\"https:\/\/franciscanos.org.br\/noticias\/wp-content\/uploads\/2022\/07\/fae_1107.jpg\",\"width\":1280,\"height\":720},{\"@type\":\"WebPage\",\"@id\":\"https:\/\/franciscanos.org.br\/noticias\/encontro-de-formacao-franciscana-com-coordenadores-e-diretores-da-fae.html#webpage\",\"url\":\"https:\/\/franciscanos.org.br\/noticias\/encontro-de-formacao-franciscana-com-coordenadores-e-diretores-da-fae.html\",\"name\":\"Encontro de forma\u00e7\u00e3o franciscana com coordenadores e diretores da FAE - Not\u00edcias - Franciscanos\",\"isPartOf\":{\"@id\":\"https:\/\/franciscanos.org.br\/noticias\/#website\"},\"primaryImageOfPage\":{\"@id\":\"https:\/\/franciscanos.org.br\/noticias\/encontro-de-formacao-franciscana-com-coordenadores-e-diretores-da-fae.html#primaryimage\"},\"datePublished\":\"2022-07-11T12:03:51+00:00\",\"dateModified\":\"2022-07-11T12:28:25+00:00\",\"author\":{\"@id\":\"https:\/\/franciscanos.org.br\/noticias\/#\/schema\/person\/b5c8cba458c330ccff548b056e95a5d4\"},\"breadcrumb\":{\"@id\":\"https:\/\/franciscanos.org.br\/noticias\/encontro-de-formacao-franciscana-com-coordenadores-e-diretores-da-fae.html#breadcrumb\"},\"inLanguage\":\"pt-BR\",\"potentialAction\":[{\"@type\":\"ReadAction\",\"target\":[\"https:\/\/franciscanos.org.br\/noticias\/encontro-de-formacao-franciscana-com-coordenadores-e-diretores-da-fae.html\"]}]},{\"@type\":\"BreadcrumbList\",\"@id\":\"https:\/\/franciscanos.org.br\/noticias\/encontro-de-formacao-franciscana-com-coordenadores-e-diretores-da-fae.html#breadcrumb\",\"itemListElement\":[{\"@type\":\"ListItem\",\"position\":1,\"name\":\"Home\",\"item\":\"https:\/\/franciscanos.org.br\/noticias\"},{\"@type\":\"ListItem\",\"position\":2,\"name\":\"Encontro de forma\u00e7\u00e3o franciscana com coordenadores e diretores da FAE\"}]},{\"@type\":\"Person\",\"@id\":\"https:\/\/franciscanos.org.br\/noticias\/#\/schema\/person\/b5c8cba458c330ccff548b056e95a5d4\",\"name\":\"moacir\",\"image\":{\"@type\":\"ImageObject\",\"inLanguage\":\"pt-BR\",\"@id\":\"https:\/\/franciscanos.org.br\/noticias\/#\/schema\/person\/image\/\",\"url\":\"https:\/\/secure.gravatar.com\/avatar\/d08aa2ce4c8dd416d4479aa8536fcf64?s=96&d=mm&r=g\",\"contentUrl\":\"https:\/\/secure.gravatar.com\/avatar\/d08aa2ce4c8dd416d4479aa8536fcf64?s=96&d=mm&r=g\",\"caption\":\"moacir\"},\"url\":\"https:\/\/franciscanos.org.br\/noticias\/author\/moacir\"}]}<\/script>\n<!-- \/ Yoast SEO plugin. -->","yoast_head_json":{"title":"Encontro de forma\u00e7\u00e3o franciscana com coordenadores e diretores da FAE - Not\u00edcias - Franciscanos","robots":{"index":"index","follow":"follow","max-snippet":"max-snippet:-1","max-image-preview":"max-image-preview:large","max-video-preview":"max-video-preview:-1"},"canonical":"https:\/\/franciscanos.org.br\/noticias\/encontro-de-formacao-franciscana-com-coordenadores-e-diretores-da-fae.html","og_locale":"pt_BR","og_type":"article","og_title":"Encontro de forma\u00e7\u00e3o franciscana com coordenadores e diretores da FAE - Not\u00edcias - Franciscanos","og_description":"FAE","og_url":"https:\/\/franciscanos.org.br\/noticias\/encontro-de-formacao-franciscana-com-coordenadores-e-diretores-da-fae.html","og_site_name":"Not\u00edcias - Franciscanos","article_published_time":"2022-07-11T12:03:51+00:00","article_modified_time":"2022-07-11T12:28:25+00:00","og_image":[{"width":1280,"height":720,"url":"https:\/\/franciscanos.org.br\/noticias\/wp-content\/uploads\/2022\/07\/fae_1107.jpg","type":"image\/jpeg"}],"author":"moacir","twitter_card":"summary_large_image","twitter_misc":{"Escrito por":"moacir","Est. tempo de leitura":"2 minutos"},"schema":{"@context":"https:\/\/schema.org","@graph":[{"@type":"WebSite","@id":"https:\/\/franciscanos.org.br\/noticias\/#website","url":"https:\/\/franciscanos.org.br\/noticias\/","name":"Not\u00edcias - Franciscanos","description":"Prov\u00edncia Franciscana da Imaculada Concei\u00e7\u00e3o do Brasil - Ordem dos Frades Menores - OFM","potentialAction":[{"@type":"SearchAction","target":{"@type":"EntryPoint","urlTemplate":"https:\/\/franciscanos.org.br\/noticias\/?s={search_term_string}"},"query-input":"required name=search_term_string"}],"inLanguage":"pt-BR"},{"@type":"ImageObject","inLanguage":"pt-BR","@id":"https:\/\/franciscanos.org.br\/noticias\/encontro-de-formacao-franciscana-com-coordenadores-e-diretores-da-fae.html#primaryimage","url":"https:\/\/franciscanos.org.br\/noticias\/wp-content\/uploads\/2022\/07\/fae_1107.jpg","contentUrl":"https:\/\/franciscanos.org.br\/noticias\/wp-content\/uploads\/2022\/07\/fae_1107.jpg","width":1280,"height":720},{"@type":"WebPage","@id":"https:\/\/franciscanos.org.br\/noticias\/encontro-de-formacao-franciscana-com-coordenadores-e-diretores-da-fae.html#webpage","url":"https:\/\/franciscanos.org.br\/noticias\/encontro-de-formacao-franciscana-com-coordenadores-e-diretores-da-fae.html","name":"Encontro de forma\u00e7\u00e3o franciscana com coordenadores e diretores da FAE - Not\u00edcias - Franciscanos","isPartOf":{"@id":"https:\/\/franciscanos.org.br\/noticias\/#website"},"primaryImageOfPage":{"@id":"https:\/\/franciscanos.org.br\/noticias\/encontro-de-formacao-franciscana-com-coordenadores-e-diretores-da-fae.html#primaryimage"},"datePublished":"2022-07-11T12:03:51+00:00","dateModified":"2022-07-11T12:28:25+00:00","author":{"@id":"https:\/\/franciscanos.org.br\/noticias\/#\/schema\/person\/b5c8cba458c330ccff548b056e95a5d4"},"breadcrumb":{"@id":"https:\/\/franciscanos.org.br\/noticias\/encontro-de-formacao-franciscana-com-coordenadores-e-diretores-da-fae.html#breadcrumb"},"inLanguage":"pt-BR","potentialAction":[{"@type":"ReadAction","target":["https:\/\/franciscanos.org.br\/noticias\/encontro-de-formacao-franciscana-com-coordenadores-e-diretores-da-fae.html"]}]},{"@type":"BreadcrumbList","@id":"https:\/\/franciscanos.org.br\/noticias\/encontro-de-formacao-franciscana-com-coordenadores-e-diretores-da-fae.html#breadcrumb","itemListElement":[{"@type":"ListItem","position":1,"name":"Home","item":"https:\/\/franciscanos.org.br\/noticias"},{"@type":"ListItem","position":2,"name":"Encontro de forma\u00e7\u00e3o franciscana com coordenadores e diretores da FAE"}]},{"@type":"Person","@id":"https:\/\/franciscanos.org.br\/noticias\/#\/schema\/person\/b5c8cba458c330ccff548b056e95a5d4","name":"moacir","image":{"@type":"ImageObject","inLanguage":"pt-BR","@id":"https:\/\/franciscanos.org.br\/noticias\/#\/schema\/person\/image\/","url":"https:\/\/secure.gravatar.com\/avatar\/d08aa2ce4c8dd416d4479aa8536fcf64?s=96&d=mm&r=g","contentUrl":"https:\/\/secure.gravatar.com\/avatar\/d08aa2ce4c8dd416d4479aa8536fcf64?s=96&d=mm&r=g","caption":"moacir"},"url":"https:\/\/franciscanos.org.br\/noticias\/author\/moacir"}]}},"_links":{"self":[{"href":"https:\/\/franciscanos.org.br\/noticias\/wp-json\/wp\/v2\/posts\/238946"}],"collection":[{"href":"https:\/\/franciscanos.org.br\/noticias\/wp-json\/wp\/v2\/posts"}],"about":[{"href":"https:\/\/franciscanos.org.br\/noticias\/wp-json\/wp\/v2\/types\/post"}],"author":[{"embeddable":true,"href":"https:\/\/franciscanos.org.br\/noticias\/wp-json\/wp\/v2\/users\/3"}],"replies":[{"embeddable":true,"href":"https:\/\/franciscanos.org.br\/noticias\/wp-json\/wp\/v2\/comments?post=238946"}],"version-history":[{"count":6,"href":"https:\/\/franciscanos.org.br\/noticias\/wp-json\/wp\/v2\/posts\/238946\/revisions"}],"predecessor-version":[{"id":238952,"href":"https:\/\/franciscanos.org.br\/noticias\/wp-json\/wp\/v2\/posts\/238946\/revisions\/238952"}],"wp:featuredmedia":[{"embeddable":true,"href":"https:\/\/franciscanos.org.br\/noticias\/wp-json\/wp\/v2\/media\/238947"}],"wp:attachment":[{"href":"https:\/\/franciscanos.org.br\/noticias\/wp-json\/wp\/v2\/media?parent=238946"}],"wp:term":[{"taxonomy":"category","embeddable":true,"href":"https:\/\/franciscanos.org.br\/noticias\/wp-json\/wp\/v2\/categories?post=238946"},{"taxonomy":"post_tag","embeddable":true,"href":"https:\/\/franciscanos.org.br\/noticias\/wp-json\/wp\/v2\/tags?post=238946"}],"curies":[{"name":"wp","href":"https:\/\/api.w.org\/{rel}","templated":true}]}}