{"id":238942,"date":"2022-07-11T07:56:32","date_gmt":"2022-07-11T10:56:32","guid":{"rendered":"https:\/\/franciscanos.org.br\/noticias\/?p=238942"},"modified":"2022-07-11T07:57:22","modified_gmt":"2022-07-11T10:57:22","slug":"papa-indica-o-educador-paulo-freire-educar-nos-em-comunhaoe","status":"publish","type":"post","link":"https:\/\/franciscanos.org.br\/noticias\/papa-indica-o-educador-paulo-freire-educar-nos-em-comunhaoe.html","title":{"rendered":"Papa indica o educador Paulo Freire aos jovens: &#8220;Educar-nos em comunh\u00e3o&#8221;"},"content":{"rendered":"<div id=\"attachment_238943\" style=\"width: 1010px\" class=\"wp-caption alignnone\"><img aria-describedby=\"caption-attachment-238943\" loading=\"lazy\" class=\"wp-image-238943 size-full\" src=\"https:\/\/franciscanos.org.br\/noticias\/wp-content\/uploads\/2022\/07\/jovens_papa.jpeg\" alt=\"\" width=\"1000\" height=\"563\" srcset=\"https:\/\/franciscanos.org.br\/noticias\/wp-content\/uploads\/2022\/07\/jovens_papa.jpeg 1000w, https:\/\/franciscanos.org.br\/noticias\/wp-content\/uploads\/2022\/07\/jovens_papa-450x253.jpeg 450w, https:\/\/franciscanos.org.br\/noticias\/wp-content\/uploads\/2022\/07\/jovens_papa-768x432.jpeg 768w, https:\/\/franciscanos.org.br\/noticias\/wp-content\/uploads\/2022\/07\/jovens_papa-150x84.jpeg 150w\" sizes=\"(max-width: 1000px) 100vw, 1000px\" \/><p id=\"caption-attachment-238943\" class=\"wp-caption-text\"><em> \u00a0 \u00a0 \u00a0 \u00a0Imagem: Vatican Media<\/em><\/p><\/div>\n<p>O Papa Francisco enviou uma mensagem aos participantes da Confer\u00eancia Europeia da Juventude, que se realiza de 11 a 13 de julho em Praga, na Rep\u00fablica Tcheca, convidando-os a transformar o \u201cVelho Continente\u201d num \u201ccontinente novo\u201d, e isto s\u00f3 \u00e9 poss\u00edvel convosco, frisou.<\/p>\n<p>\u201cV\u00f3s, jovens europeus, tendes uma miss\u00e3o importante. Se outrora os vossos antepassados se aventuraram para outros continentes, nem sempre por interesses nobres, agora compete-vos a v\u00f3s apresentar ao mundo um novo rosto da Europa\u201d, \u00e9 a exorta\u00e7\u00e3o do Pont\u00edfice j\u00e1 no in\u00edcio de sua mensagem. Francisco dedica grande parte da mesma \u00e0 iniciativa, lan\u00e7ada em setembro de 2019, designada Pacto Educativo Global.<\/p>\n<p><strong>Educar as gera\u00e7\u00f5es para a fraternidade<\/strong><br \/>\n\u201cTrata-se duma alian\u00e7a entre os educadores de todo o mundo com a finalidade de educar as gera\u00e7\u00f5es jovens para a fraternidade. Mas, vendo como est\u00e1 a andar este mundo guiado por adultos e idosos, parece que dever\u00edeis antes ser v\u00f3s a educar os adultos para a fraternidade e a conviv\u00eancia pac\u00edfica!\u201d \u2013 observa.<\/p>\n<p>Entre os primeiros compromissos do Pacto Educativo, aparece o de ouvir as crian\u00e7as, os adolescentes e os jovens. Por isso, acrescenta o Santo Padre, \u201cqueridos jovens, fazei ouvir a vossa voz! Se n\u00e3o vos ouvirem, gritai ainda mais forte, fazei rumor, tendes todo o direito de dar a vossa opini\u00e3o sobre o que diz respeito ao vosso futuro. Encorajo-vos a ser empreendedores, criativos e cr\u00edticos\u201d.<\/p>\n<p><strong>Paulo Freire: todos chamados a educar-nos em comunh\u00e3o<\/strong><br \/>\nNeste Pacto, n\u00e3o h\u00e1 \u201cremetentes\u201d e \u201cdestinat\u00e1rios\u201d, mas todos somos chamados a educar-nos em comunh\u00e3o, como sugeria o pedagogo brasileiro Paulo Freire, aponta o Pont\u00edfice.<\/p>\n<p>De entre as v\u00e1rias propostas do Pacto Educativo Global, Papa destaca a de \u201cabrir-se ao acolhimento\u201d, ou seja, o valor da inclus\u00e3o, referida tamb\u00e9m na Confer\u00eancia dos jovens. Francisco exorta os jovens a n\u00e3o se deixarem \u201carrastar por ideologias m\u00edopes que pretendem mostrar-vos o outro, o diverso como um inimigo\u201d.<\/p>\n<p>O Santo Padre destaca ainda que o objetivo principal do Pacto Educativo \u00e9 educar a todos para uma vida mais fraterna, baseada, n\u00e3o na competitividade, mas na solidariedade.<\/p>\n<p><strong>Conflito na Ucr\u00e2nia, uma guerra absurda<\/strong><br \/>\nO Papa volta seu olhar para o conflito na Ucr\u00e2nia: \u201cQueridos jovens, ao mesmo tempo que estais a realizar a vossa Confer\u00eancia, na Ucr\u00e2nia (que n\u00e3o \u00e9 Uni\u00e3o Europeia, mas \u00e9 Europa), combate-se uma guerra absurda. Esta, juntando-se aos numerosos conflitos em curso em diversas regi\u00f5es do mundo, torna ainda mais urgente um Pacto Educativo que a todos instrua para a fraternidade\u201d.<\/p>\n<p>Francisco acrescenta que a ideia duma Europa Unida brotou dum forte anseio de paz, depois de tantas guerras travadas no Continente, e levou a um per\u00edodo de paz que durou setenta anos. \u201cAgora todos nos devemos empenhar para p\u00f4r fim a esta loucura da guerra, onde, como de costume, uns poucos poderosos decidem e mandam a combater e morrer milhares de jovens. Em casos como este, \u00e9 leg\u00edtimo rebelar-se!\u201d<\/p>\n<p><strong>Europa seja, para todos, terra de paz, liberdade e dignidade<\/strong><br \/>\nDisse algu\u00e9m que, se o mundo fosse governado pelas mulheres, n\u00e3o haveria tantas guerras, porque elas que t\u00eam a miss\u00e3o de dar a vida n\u00e3o podem abra\u00e7ar op\u00e7\u00f5es de morte, disse ainda o Santo Padre. \u201cDe modo semelhante apraz-me pensar que, se o mundo fosse governado pelos jovens, n\u00e3o haveria tantas guerras: aqueles que t\u00eam toda a vida diante de si, n\u00e3o a querem esfrangalhar e malbaratar, mas viv\u00ea-la em plenitude\u201d, ressalta.<\/p>\n<p>Antes de concluir, o Pont\u00edfice os convida a todos para a Jornada Mundial da Juventude do pr\u00f3ximo ano em Lisboa, \u201conde podeis partilhar os vossos sonhos mais belos com jovens de todo o mundo\u201d.<\/p>\n<p>Por fim, o Papa Francisco faz uma premente exorta\u00e7\u00e3o aos participantes da Confer\u00eancia: \u201cque sejais jovens generativos, capazes de gerar novas ideias, novas vis\u00f5es do mundo, da economia, da pol\u00edtica, da conviv\u00eancia social; e n\u00e3o s\u00f3 novas ideias, mas sobretudo novos caminhos para serem percorridos juntos. E que sejais generosos tamb\u00e9m em gerar novas vidas, sempre e s\u00f3 por amor! Amor ao vosso marido e \u00e0 vossa esposa, amor \u00e0 fam\u00edlia, amor aos vossos filhos, e tamb\u00e9m amor \u00e0 Europa a fim de ser, para todos, terra de paz, liberdade e dignidade\u201d.<\/p>\n<hr \/>\n<p><em>Fonte: Vatican News (texto de Raimundo de Lima)<\/em><\/p>\n","protected":false},"excerpt":{"rendered":"<p>Confer\u00eancia Europeia da Juventude<\/p>\n","protected":false},"author":3,"featured_media":238943,"comment_status":"open","ping_status":"open","sticky":false,"template":"","format":"standard","meta":[],"categories":[1428],"tags":[55],"acf":[],"yoast_head":"<!-- This site is optimized with the Yoast SEO plugin v19.2 - https:\/\/yoast.com\/wordpress\/plugins\/seo\/ -->\n<title>Papa indica o educador Paulo Freire aos jovens: &quot;Educar-nos em comunh\u00e3o&quot; - Not\u00edcias - Franciscanos<\/title>\n<meta name=\"robots\" content=\"index, follow, max-snippet:-1, max-image-preview:large, max-video-preview:-1\" \/>\n<link rel=\"canonical\" href=\"https:\/\/franciscanos.org.br\/noticias\/papa-indica-o-educador-paulo-freire-educar-nos-em-comunhaoe.html\" \/>\n<meta property=\"og:locale\" content=\"pt_BR\" \/>\n<meta property=\"og:type\" content=\"article\" \/>\n<meta property=\"og:title\" content=\"Papa indica o educador Paulo Freire aos jovens: &quot;Educar-nos em comunh\u00e3o&quot; - Not\u00edcias - Franciscanos\" \/>\n<meta property=\"og:description\" content=\"Confer\u00eancia Europeia da Juventude\" \/>\n<meta property=\"og:url\" content=\"https:\/\/franciscanos.org.br\/noticias\/papa-indica-o-educador-paulo-freire-educar-nos-em-comunhaoe.html\" \/>\n<meta property=\"og:site_name\" content=\"Not\u00edcias - Franciscanos\" \/>\n<meta property=\"article:published_time\" content=\"2022-07-11T10:56:32+00:00\" \/>\n<meta property=\"article:modified_time\" content=\"2022-07-11T10:57:22+00:00\" \/>\n<meta property=\"og:image\" content=\"https:\/\/franciscanos.org.br\/noticias\/wp-content\/uploads\/2022\/07\/jovens_papa.jpeg\" \/>\n\t<meta property=\"og:image:width\" content=\"1000\" \/>\n\t<meta property=\"og:image:height\" content=\"563\" \/>\n\t<meta property=\"og:image:type\" content=\"image\/jpeg\" \/>\n<meta name=\"author\" content=\"moacir\" \/>\n<meta name=\"twitter:card\" content=\"summary_large_image\" \/>\n<meta name=\"twitter:label1\" content=\"Escrito por\" \/>\n\t<meta name=\"twitter:data1\" content=\"moacir\" \/>\n\t<meta name=\"twitter:label2\" content=\"Est. tempo de leitura\" \/>\n\t<meta name=\"twitter:data2\" content=\"4 minutos\" \/>\n<script type=\"application\/ld+json\" class=\"yoast-schema-graph\">{\"@context\":\"https:\/\/schema.org\",\"@graph\":[{\"@type\":\"WebSite\",\"@id\":\"https:\/\/franciscanos.org.br\/noticias\/#website\",\"url\":\"https:\/\/franciscanos.org.br\/noticias\/\",\"name\":\"Not\u00edcias - Franciscanos\",\"description\":\"Prov\u00edncia Franciscana da Imaculada Concei\u00e7\u00e3o do Brasil - Ordem dos Frades Menores - OFM\",\"potentialAction\":[{\"@type\":\"SearchAction\",\"target\":{\"@type\":\"EntryPoint\",\"urlTemplate\":\"https:\/\/franciscanos.org.br\/noticias\/?s={search_term_string}\"},\"query-input\":\"required name=search_term_string\"}],\"inLanguage\":\"pt-BR\"},{\"@type\":\"ImageObject\",\"inLanguage\":\"pt-BR\",\"@id\":\"https:\/\/franciscanos.org.br\/noticias\/papa-indica-o-educador-paulo-freire-educar-nos-em-comunhaoe.html#primaryimage\",\"url\":\"https:\/\/franciscanos.org.br\/noticias\/wp-content\/uploads\/2022\/07\/jovens_papa.jpeg\",\"contentUrl\":\"https:\/\/franciscanos.org.br\/noticias\/wp-content\/uploads\/2022\/07\/jovens_papa.jpeg\",\"width\":1000,\"height\":563},{\"@type\":\"WebPage\",\"@id\":\"https:\/\/franciscanos.org.br\/noticias\/papa-indica-o-educador-paulo-freire-educar-nos-em-comunhaoe.html#webpage\",\"url\":\"https:\/\/franciscanos.org.br\/noticias\/papa-indica-o-educador-paulo-freire-educar-nos-em-comunhaoe.html\",\"name\":\"Papa indica o educador Paulo Freire aos jovens: \\\"Educar-nos em comunh\u00e3o\\\" - Not\u00edcias - Franciscanos\",\"isPartOf\":{\"@id\":\"https:\/\/franciscanos.org.br\/noticias\/#website\"},\"primaryImageOfPage\":{\"@id\":\"https:\/\/franciscanos.org.br\/noticias\/papa-indica-o-educador-paulo-freire-educar-nos-em-comunhaoe.html#primaryimage\"},\"datePublished\":\"2022-07-11T10:56:32+00:00\",\"dateModified\":\"2022-07-11T10:57:22+00:00\",\"author\":{\"@id\":\"https:\/\/franciscanos.org.br\/noticias\/#\/schema\/person\/b5c8cba458c330ccff548b056e95a5d4\"},\"breadcrumb\":{\"@id\":\"https:\/\/franciscanos.org.br\/noticias\/papa-indica-o-educador-paulo-freire-educar-nos-em-comunhaoe.html#breadcrumb\"},\"inLanguage\":\"pt-BR\",\"potentialAction\":[{\"@type\":\"ReadAction\",\"target\":[\"https:\/\/franciscanos.org.br\/noticias\/papa-indica-o-educador-paulo-freire-educar-nos-em-comunhaoe.html\"]}]},{\"@type\":\"BreadcrumbList\",\"@id\":\"https:\/\/franciscanos.org.br\/noticias\/papa-indica-o-educador-paulo-freire-educar-nos-em-comunhaoe.html#breadcrumb\",\"itemListElement\":[{\"@type\":\"ListItem\",\"position\":1,\"name\":\"Home\",\"item\":\"https:\/\/franciscanos.org.br\/noticias\"},{\"@type\":\"ListItem\",\"position\":2,\"name\":\"Papa indica o educador Paulo Freire aos jovens: &#8220;Educar-nos em comunh\u00e3o&#8221;\"}]},{\"@type\":\"Person\",\"@id\":\"https:\/\/franciscanos.org.br\/noticias\/#\/schema\/person\/b5c8cba458c330ccff548b056e95a5d4\",\"name\":\"moacir\",\"image\":{\"@type\":\"ImageObject\",\"inLanguage\":\"pt-BR\",\"@id\":\"https:\/\/franciscanos.org.br\/noticias\/#\/schema\/person\/image\/\",\"url\":\"https:\/\/secure.gravatar.com\/avatar\/d08aa2ce4c8dd416d4479aa8536fcf64?s=96&d=mm&r=g\",\"contentUrl\":\"https:\/\/secure.gravatar.com\/avatar\/d08aa2ce4c8dd416d4479aa8536fcf64?s=96&d=mm&r=g\",\"caption\":\"moacir\"},\"url\":\"https:\/\/franciscanos.org.br\/noticias\/author\/moacir\"}]}<\/script>\n<!-- \/ Yoast SEO plugin. -->","yoast_head_json":{"title":"Papa indica o educador Paulo Freire aos jovens: \"Educar-nos em comunh\u00e3o\" - Not\u00edcias - Franciscanos","robots":{"index":"index","follow":"follow","max-snippet":"max-snippet:-1","max-image-preview":"max-image-preview:large","max-video-preview":"max-video-preview:-1"},"canonical":"https:\/\/franciscanos.org.br\/noticias\/papa-indica-o-educador-paulo-freire-educar-nos-em-comunhaoe.html","og_locale":"pt_BR","og_type":"article","og_title":"Papa indica o educador Paulo Freire aos jovens: \"Educar-nos em comunh\u00e3o\" - Not\u00edcias - Franciscanos","og_description":"Confer\u00eancia Europeia da Juventude","og_url":"https:\/\/franciscanos.org.br\/noticias\/papa-indica-o-educador-paulo-freire-educar-nos-em-comunhaoe.html","og_site_name":"Not\u00edcias - Franciscanos","article_published_time":"2022-07-11T10:56:32+00:00","article_modified_time":"2022-07-11T10:57:22+00:00","og_image":[{"width":1000,"height":563,"url":"https:\/\/franciscanos.org.br\/noticias\/wp-content\/uploads\/2022\/07\/jovens_papa.jpeg","type":"image\/jpeg"}],"author":"moacir","twitter_card":"summary_large_image","twitter_misc":{"Escrito por":"moacir","Est. tempo de leitura":"4 minutos"},"schema":{"@context":"https:\/\/schema.org","@graph":[{"@type":"WebSite","@id":"https:\/\/franciscanos.org.br\/noticias\/#website","url":"https:\/\/franciscanos.org.br\/noticias\/","name":"Not\u00edcias - Franciscanos","description":"Prov\u00edncia Franciscana da Imaculada Concei\u00e7\u00e3o do Brasil - Ordem dos Frades Menores - OFM","potentialAction":[{"@type":"SearchAction","target":{"@type":"EntryPoint","urlTemplate":"https:\/\/franciscanos.org.br\/noticias\/?s={search_term_string}"},"query-input":"required name=search_term_string"}],"inLanguage":"pt-BR"},{"@type":"ImageObject","inLanguage":"pt-BR","@id":"https:\/\/franciscanos.org.br\/noticias\/papa-indica-o-educador-paulo-freire-educar-nos-em-comunhaoe.html#primaryimage","url":"https:\/\/franciscanos.org.br\/noticias\/wp-content\/uploads\/2022\/07\/jovens_papa.jpeg","contentUrl":"https:\/\/franciscanos.org.br\/noticias\/wp-content\/uploads\/2022\/07\/jovens_papa.jpeg","width":1000,"height":563},{"@type":"WebPage","@id":"https:\/\/franciscanos.org.br\/noticias\/papa-indica-o-educador-paulo-freire-educar-nos-em-comunhaoe.html#webpage","url":"https:\/\/franciscanos.org.br\/noticias\/papa-indica-o-educador-paulo-freire-educar-nos-em-comunhaoe.html","name":"Papa indica o educador Paulo Freire aos jovens: \"Educar-nos em comunh\u00e3o\" - Not\u00edcias - Franciscanos","isPartOf":{"@id":"https:\/\/franciscanos.org.br\/noticias\/#website"},"primaryImageOfPage":{"@id":"https:\/\/franciscanos.org.br\/noticias\/papa-indica-o-educador-paulo-freire-educar-nos-em-comunhaoe.html#primaryimage"},"datePublished":"2022-07-11T10:56:32+00:00","dateModified":"2022-07-11T10:57:22+00:00","author":{"@id":"https:\/\/franciscanos.org.br\/noticias\/#\/schema\/person\/b5c8cba458c330ccff548b056e95a5d4"},"breadcrumb":{"@id":"https:\/\/franciscanos.org.br\/noticias\/papa-indica-o-educador-paulo-freire-educar-nos-em-comunhaoe.html#breadcrumb"},"inLanguage":"pt-BR","potentialAction":[{"@type":"ReadAction","target":["https:\/\/franciscanos.org.br\/noticias\/papa-indica-o-educador-paulo-freire-educar-nos-em-comunhaoe.html"]}]},{"@type":"BreadcrumbList","@id":"https:\/\/franciscanos.org.br\/noticias\/papa-indica-o-educador-paulo-freire-educar-nos-em-comunhaoe.html#breadcrumb","itemListElement":[{"@type":"ListItem","position":1,"name":"Home","item":"https:\/\/franciscanos.org.br\/noticias"},{"@type":"ListItem","position":2,"name":"Papa indica o educador Paulo Freire aos jovens: &#8220;Educar-nos em comunh\u00e3o&#8221;"}]},{"@type":"Person","@id":"https:\/\/franciscanos.org.br\/noticias\/#\/schema\/person\/b5c8cba458c330ccff548b056e95a5d4","name":"moacir","image":{"@type":"ImageObject","inLanguage":"pt-BR","@id":"https:\/\/franciscanos.org.br\/noticias\/#\/schema\/person\/image\/","url":"https:\/\/secure.gravatar.com\/avatar\/d08aa2ce4c8dd416d4479aa8536fcf64?s=96&d=mm&r=g","contentUrl":"https:\/\/secure.gravatar.com\/avatar\/d08aa2ce4c8dd416d4479aa8536fcf64?s=96&d=mm&r=g","caption":"moacir"},"url":"https:\/\/franciscanos.org.br\/noticias\/author\/moacir"}]}},"_links":{"self":[{"href":"https:\/\/franciscanos.org.br\/noticias\/wp-json\/wp\/v2\/posts\/238942"}],"collection":[{"href":"https:\/\/franciscanos.org.br\/noticias\/wp-json\/wp\/v2\/posts"}],"about":[{"href":"https:\/\/franciscanos.org.br\/noticias\/wp-json\/wp\/v2\/types\/post"}],"author":[{"embeddable":true,"href":"https:\/\/franciscanos.org.br\/noticias\/wp-json\/wp\/v2\/users\/3"}],"replies":[{"embeddable":true,"href":"https:\/\/franciscanos.org.br\/noticias\/wp-json\/wp\/v2\/comments?post=238942"}],"version-history":[{"count":2,"href":"https:\/\/franciscanos.org.br\/noticias\/wp-json\/wp\/v2\/posts\/238942\/revisions"}],"predecessor-version":[{"id":238945,"href":"https:\/\/franciscanos.org.br\/noticias\/wp-json\/wp\/v2\/posts\/238942\/revisions\/238945"}],"wp:featuredmedia":[{"embeddable":true,"href":"https:\/\/franciscanos.org.br\/noticias\/wp-json\/wp\/v2\/media\/238943"}],"wp:attachment":[{"href":"https:\/\/franciscanos.org.br\/noticias\/wp-json\/wp\/v2\/media?parent=238942"}],"wp:term":[{"taxonomy":"category","embeddable":true,"href":"https:\/\/franciscanos.org.br\/noticias\/wp-json\/wp\/v2\/categories?post=238942"},{"taxonomy":"post_tag","embeddable":true,"href":"https:\/\/franciscanos.org.br\/noticias\/wp-json\/wp\/v2\/tags?post=238942"}],"curies":[{"name":"wp","href":"https:\/\/api.w.org\/{rel}","templated":true}]}}