{"id":238939,"date":"2022-07-10T08:34:10","date_gmt":"2022-07-10T11:34:10","guid":{"rendered":"https:\/\/franciscanos.org.br\/noticias\/?p=238939"},"modified":"2022-07-10T08:34:10","modified_gmt":"2022-07-10T11:34:10","slug":"papa-caminhando-com-jesus-se-aprende-a-ver-o-outro-e-sentir-compaixao","status":"publish","type":"post","link":"https:\/\/franciscanos.org.br\/noticias\/papa-caminhando-com-jesus-se-aprende-a-ver-o-outro-e-sentir-compaixao.html","title":{"rendered":"Papa: caminhando com Jesus, se aprende a ver o outro e sentir compaix\u00e3o"},"content":{"rendered":"<div id=\"attachment_238940\" style=\"width: 1290px\" class=\"wp-caption alignnone\"><img aria-describedby=\"caption-attachment-238940\" loading=\"lazy\" class=\"wp-image-238940 size-full\" src=\"https:\/\/franciscanos.org.br\/noticias\/wp-content\/uploads\/2022\/07\/angelus_10.jpg\" alt=\"\" width=\"1280\" height=\"720\" srcset=\"https:\/\/franciscanos.org.br\/noticias\/wp-content\/uploads\/2022\/07\/angelus_10.jpg 1280w, https:\/\/franciscanos.org.br\/noticias\/wp-content\/uploads\/2022\/07\/angelus_10-450x253.jpg 450w, https:\/\/franciscanos.org.br\/noticias\/wp-content\/uploads\/2022\/07\/angelus_10-1024x576.jpg 1024w, https:\/\/franciscanos.org.br\/noticias\/wp-content\/uploads\/2022\/07\/angelus_10-768x432.jpg 768w, https:\/\/franciscanos.org.br\/noticias\/wp-content\/uploads\/2022\/07\/angelus_10-150x84.jpg 150w\" sizes=\"(max-width: 1280px) 100vw, 1280px\" \/><p id=\"caption-attachment-238940\" class=\"wp-caption-text\">\u00a0 \u00a0 \u00a0 \u00a0 \u00a0 \u00a0 \u00a0 \u00a0 \u00a0 \u00a0 \u00a0 \u00a0 \u00a0 \u00a0 \u00a0 \u00a0 \u00a0 \u00a0 \u00a0 \u00a0 \u00a0 \u00a0 \u00a0 \u00a0 \u00a0 \u00a0 \u00a0 \u00a0 \u00a0 \u00a0 \u00a0 \u00a0 \u00a0 \u00a0 \u00a0 \u00a0 \u00a0 <em>\u00a0 \u00a0 \u00a0 Imagem: Reprodu\u00e7\u00e3o do v\u00eddeo da Vatican News<\/em><\/p><\/div>\n<p>\u201cE Jesus perguntou: \u201cNa tua opini\u00e3o, qual dos tr\u00eas foi o pr\u00f3ximo do homem que caiu nas m\u00e3os dos assaltantes?\u201d Ele respondeu: \u201cAquele que usou de miseric\u00f3rdia para com ele\u201d. Ent\u00e3o Jesus lhe disse: \u201cVai e faze a mesma coisa\u201d. Lc 10, 36-37\u201d.<\/p>\n<p>\u00c9 importante conhecer a Deus, prestar-lhe culto, mas acima de tudo, \u00e9 importante colocar em pr\u00e1tica o que se aprende \u201ccaminhando nas pegadas de Cristo\u201d, como o samaritano, pois se aprende \u201ca ver e a sentir compaix\u00e3o.\u201d E quando dou esmola, se n\u00e3o olho nos olhos da pessoa que ajudo, se n\u00e3o toco a sua mis\u00e9ria, ent\u00e3o aquela esmola \u00e9 para mim mesmo.<\/p>\n<p><strong>Viu e sentiu compaix\u00e3o<\/strong><\/p>\n<p>\u201cVer e sentir compaix\u00e3o\u201d: dirigindo-se aos milhares de fi\u00e9is e turistas reunidos na Pra\u00e7a S\u00e3o Pedro para o Angelus dominical deste XV Domingo do Tempo Comum, o Papa inspirou sua reflex\u00e3o a partir dessas duas palavras presentes na Par\u00e1bola do Bom Samaritano, narrada no Evangelho de Lucas (Lc 10,25-37). Duas atitudes que o \u201cdisc\u00edpulo do Caminho\u201d aprende ao mudar gradativamente seu modo de pensar e agir ao seguir o Mestre, conformando-se a Ele.<\/p>\n<p>Toda a cena se passa na estrada de Jerusal\u00e9m a Jeric\u00f3, onde \u00e0 beira do caminho est\u00e1 um homem que foi espancado e roubado. Por ele passam um sacerdote &#8211; que \u201co v\u00ea, mas n\u00e3o para, segue adiante\u201d &#8211; e um levita. Quem para diante da cena, \u00e9 um samaritano que estava viajando: \u201cchegou perto dele, viu e sentiu compaix\u00e3o&#8221;, diz o Evangelho: &#8220;N\u00e3o se esque\u00e7a destas palavras: \u201csentiu compaix\u00e3o dele\u201d; \u00e9 o que Deus sente cada vez que nos v\u00ea em um problema, em um pecado, em uma mis\u00e9ria: \u201csentiu compaix\u00e3o dele\u201d. O evangelista faz quest\u00e3o de salientar que ele estava viajando. Portanto, aquele Samaritano, apesar de ter seus planos e estar direcionado para um objetivo distante, n\u00e3o encontra desculpas e se deixa interpelar pelo que acontece ao longo do caminho. Pensemos nisso: o Senhor n\u00e3o nos ensina a fazer exatamente isso? Olhar para a frente, para a meta final, prestando muita aten\u00e7\u00e3o, no entanto, aos passos a serem dados, aqui e agora, para chegar l\u00e1&#8221;.<\/p>\n<p><strong>Aprendizado dos &#8220;disc\u00edpulos do Caminho&#8221; \u00e9 cont\u00ednuo<\/strong><\/p>\n<p>O Papa recorda que os primeiros crist\u00e3os eram chamados de &#8220;disc\u00edpulos do Caminho&#8221;, pois no seguimento de Jesus est\u00e3o aprendendo todos os dias, em caminho, viajantes, o que muito os assemelha ao samaritano: &#8220;O disc\u00edpulo de Cristo caminha seguindo-o, tornando-se assim um &#8220;disc\u00edpulo do Caminho&#8221;. Ele vai atr\u00e1s do Senhor, que n\u00e3o \u00e9 um sedent\u00e1rio, mas sempre em movimento: pelo caminho encontra pessoas, cura doentes, visita povoados e cidades&#8221;.<\/p>\n<p>Assim \u2013 observou Francisco &#8211; o &#8220;disc\u00edpulo do Caminho&#8221; v\u00ea que \u201cseu modo de pensar e agir muda gradativamente, tornando-se cada vez mais conforme ao do Mestre. Caminhando nas pegadas de Cristo \u2013 diz o Papa &#8211; torna-se um viajante e aprende &#8211; como o samaritano &#8211; a ver e a ter compaix\u00e3o\u201d. Mas antes de tudo, ele v\u00ea: &#8220;Ele abre os olhos para a realidade, n\u00e3o se fecha egoisticamente no c\u00edrculo de seus pr\u00f3prios pensamentos. Em vez disso, o sacerdote e o levita veem a v\u00edtima, mas \u00e9 como se n\u00e3o o vissem, seguem adiante&#8221;.<\/p>\n<p>Mas o seguir Jesus, al\u00e9m de ver, tamb\u00e9m ensina a ter compaix\u00e3o: &#8220;O Evangelho nos educa a ver: orienta cada um de n\u00f3s a compreender corretamente a realidade, superando preconceitos e dogmatismos dia ap\u00f3s dia. Tantos crentes se refugiam nos dogmatismos para defender-se da realidade. E depois ensina-nos a seguir Jesus, porque seguir Jesus ensina-nos a ter compaix\u00e3o: estar atentos aos outros, especialmente aos que sofrem, aos que mais precisam. E intervir como o samaritano, n\u00e3o seguir em frente, mas parar&#8221;.<\/p>\n<p><strong>Pedir a gra\u00e7a de ver e sentir compaix\u00e3o<\/strong><\/p>\n<p>E diante desta Par\u00e1bola \u2013 chama a aten\u00e7\u00e3o o Papa \u2013 pode existir o risco de apontarmos o dedo para os outros, \u201ccomparando-os ao sacerdote e ao levita\u201d, ou para n\u00f3s mesmos, \u201cenumerando a falta de aten\u00e7\u00e3o ao pr\u00f3ximo\u201d. Assim, o exerc\u00edcio a ser feito \u00e9 outro, sugere: &#8220;N\u00e3o tanto o de nos culpar-nos. Claro, devemos reconhecer quando fomos indiferentes e nos justificamos, mas n\u00e3o nos detenhamos a\u00ed. Devemo-lo reconhecer, \u00e9 um erro, mas pe\u00e7amos ao Senhor que nos fa\u00e7a sair da nossa indiferen\u00e7a ego\u00edsta e nos coloque no Caminho. Pe\u00e7amos a ele para ver e sentir compaix\u00e3o. Esta \u00e9 uma gra\u00e7a, devemos pedi-la ao Senhor: &#8220;Senhor, que eu veja, que eu sinta compaix\u00e3o, como Tu me v\u00eas e Tu sentes compaix\u00e3o de mim&#8221;. Esta \u00e9 a ora\u00e7\u00e3o que vos sugiro hoje (&#8230;). Que sintamos compaix\u00e3o daqueles que encontramos ao longo do caminho, especialmente aqueles que sofrem e est\u00e3o necessitados, para nos aproximarmos e fazer o que pudermos para dar uma m\u00e3o&#8221;.<\/p>\n<p><strong>Tocar a mis\u00e9ria daqueles a quem ajudo<\/strong><\/p>\n<p>Ent\u00e3o, saindo do texto preparado, o convite do Santo Padre a tocarmos as mis\u00e9rias dos que sofrem: &#8220;Tantas vezes quando me encontro com algum crist\u00e3o ou crist\u00e3, que vem falar de coisas espirituais, eu pergunto se d\u00e3o esmola. \u201cSim!\u201d, me dizem. Diga-me: Tu tocas a m\u00e3o da pessoa para a qual d\u00e1s a moeda? \u201cN\u00e3o, n\u00e3o, a coloco ali\u201d. E tu olhas nos olhos dessa pessoa? \u201cN\u00e3o, n\u00e3o me vem em mente\u201d. Se tu d\u00e1s a esmola sem tocar a realidade, sem olhar nos olhos da pessoa necessitada, aquela esmola \u00e9 para ti, n\u00e3o para ele. Pense nisso. Eu toco as mis\u00e9rias &#8211; tamb\u00e9m aquela mis\u00e9ria que eu ajudo -, eu olho nos olhos das pessoas que sofrem, das pessoas as quais eu ajudo? Deixo-vos esse pensamento. Ver e ter compaix\u00e3o!&#8221;<\/p>\n<p>Que a Virgem Maria &#8211; disse ao concluir &#8211; nos acompanhe neste caminho de crescimento. Ela, que &#8220;nos mostra o Caminho&#8221;, isto \u00e9, Jesus, tamb\u00e9m nos ajude a ser cada vez mais &#8220;disc\u00edpulos do Caminho&#8221;.<\/p>\n<hr \/>\n<p><em>Fonte: Vatican News (texto de Jackson Erpen)<\/em><\/p>\n","protected":false},"excerpt":{"rendered":"<p>Angelus<\/p>\n","protected":false},"author":3,"featured_media":238940,"comment_status":"open","ping_status":"open","sticky":false,"template":"","format":"standard","meta":[],"categories":[1428],"tags":[403],"acf":[],"yoast_head":"<!-- This site is optimized with the Yoast SEO plugin v19.2 - https:\/\/yoast.com\/wordpress\/plugins\/seo\/ -->\n<title>Papa: caminhando com Jesus, se aprende a ver o outro e sentir compaix\u00e3o - Not\u00edcias - Franciscanos<\/title>\n<meta name=\"robots\" content=\"index, follow, max-snippet:-1, max-image-preview:large, max-video-preview:-1\" \/>\n<link rel=\"canonical\" href=\"https:\/\/franciscanos.org.br\/noticias\/papa-caminhando-com-jesus-se-aprende-a-ver-o-outro-e-sentir-compaixao.html\" \/>\n<meta property=\"og:locale\" content=\"pt_BR\" \/>\n<meta property=\"og:type\" content=\"article\" \/>\n<meta property=\"og:title\" content=\"Papa: caminhando com Jesus, se aprende a ver o outro e sentir compaix\u00e3o - Not\u00edcias - Franciscanos\" \/>\n<meta property=\"og:description\" content=\"Angelus\" \/>\n<meta property=\"og:url\" content=\"https:\/\/franciscanos.org.br\/noticias\/papa-caminhando-com-jesus-se-aprende-a-ver-o-outro-e-sentir-compaixao.html\" \/>\n<meta property=\"og:site_name\" content=\"Not\u00edcias - Franciscanos\" \/>\n<meta property=\"article:published_time\" content=\"2022-07-10T11:34:10+00:00\" \/>\n<meta property=\"og:image\" content=\"https:\/\/franciscanos.org.br\/noticias\/wp-content\/uploads\/2022\/07\/angelus_10.jpg\" \/>\n\t<meta property=\"og:image:width\" content=\"1280\" \/>\n\t<meta property=\"og:image:height\" content=\"720\" \/>\n\t<meta property=\"og:image:type\" content=\"image\/jpeg\" \/>\n<meta name=\"author\" content=\"moacir\" \/>\n<meta name=\"twitter:card\" content=\"summary_large_image\" \/>\n<meta name=\"twitter:label1\" content=\"Escrito por\" \/>\n\t<meta name=\"twitter:data1\" content=\"moacir\" \/>\n\t<meta name=\"twitter:label2\" content=\"Est. tempo de leitura\" \/>\n\t<meta name=\"twitter:data2\" content=\"5 minutos\" \/>\n<script type=\"application\/ld+json\" class=\"yoast-schema-graph\">{\"@context\":\"https:\/\/schema.org\",\"@graph\":[{\"@type\":\"WebSite\",\"@id\":\"https:\/\/franciscanos.org.br\/noticias\/#website\",\"url\":\"https:\/\/franciscanos.org.br\/noticias\/\",\"name\":\"Not\u00edcias - Franciscanos\",\"description\":\"Prov\u00edncia Franciscana da Imaculada Concei\u00e7\u00e3o do Brasil - Ordem dos Frades Menores - OFM\",\"potentialAction\":[{\"@type\":\"SearchAction\",\"target\":{\"@type\":\"EntryPoint\",\"urlTemplate\":\"https:\/\/franciscanos.org.br\/noticias\/?s={search_term_string}\"},\"query-input\":\"required name=search_term_string\"}],\"inLanguage\":\"pt-BR\"},{\"@type\":\"ImageObject\",\"inLanguage\":\"pt-BR\",\"@id\":\"https:\/\/franciscanos.org.br\/noticias\/papa-caminhando-com-jesus-se-aprende-a-ver-o-outro-e-sentir-compaixao.html#primaryimage\",\"url\":\"https:\/\/franciscanos.org.br\/noticias\/wp-content\/uploads\/2022\/07\/angelus_10.jpg\",\"contentUrl\":\"https:\/\/franciscanos.org.br\/noticias\/wp-content\/uploads\/2022\/07\/angelus_10.jpg\",\"width\":1280,\"height\":720},{\"@type\":\"WebPage\",\"@id\":\"https:\/\/franciscanos.org.br\/noticias\/papa-caminhando-com-jesus-se-aprende-a-ver-o-outro-e-sentir-compaixao.html#webpage\",\"url\":\"https:\/\/franciscanos.org.br\/noticias\/papa-caminhando-com-jesus-se-aprende-a-ver-o-outro-e-sentir-compaixao.html\",\"name\":\"Papa: caminhando com Jesus, se aprende a ver o outro e sentir compaix\u00e3o - Not\u00edcias - Franciscanos\",\"isPartOf\":{\"@id\":\"https:\/\/franciscanos.org.br\/noticias\/#website\"},\"primaryImageOfPage\":{\"@id\":\"https:\/\/franciscanos.org.br\/noticias\/papa-caminhando-com-jesus-se-aprende-a-ver-o-outro-e-sentir-compaixao.html#primaryimage\"},\"datePublished\":\"2022-07-10T11:34:10+00:00\",\"dateModified\":\"2022-07-10T11:34:10+00:00\",\"author\":{\"@id\":\"https:\/\/franciscanos.org.br\/noticias\/#\/schema\/person\/b5c8cba458c330ccff548b056e95a5d4\"},\"breadcrumb\":{\"@id\":\"https:\/\/franciscanos.org.br\/noticias\/papa-caminhando-com-jesus-se-aprende-a-ver-o-outro-e-sentir-compaixao.html#breadcrumb\"},\"inLanguage\":\"pt-BR\",\"potentialAction\":[{\"@type\":\"ReadAction\",\"target\":[\"https:\/\/franciscanos.org.br\/noticias\/papa-caminhando-com-jesus-se-aprende-a-ver-o-outro-e-sentir-compaixao.html\"]}]},{\"@type\":\"BreadcrumbList\",\"@id\":\"https:\/\/franciscanos.org.br\/noticias\/papa-caminhando-com-jesus-se-aprende-a-ver-o-outro-e-sentir-compaixao.html#breadcrumb\",\"itemListElement\":[{\"@type\":\"ListItem\",\"position\":1,\"name\":\"Home\",\"item\":\"https:\/\/franciscanos.org.br\/noticias\"},{\"@type\":\"ListItem\",\"position\":2,\"name\":\"Papa: caminhando com Jesus, se aprende a ver o outro e sentir compaix\u00e3o\"}]},{\"@type\":\"Person\",\"@id\":\"https:\/\/franciscanos.org.br\/noticias\/#\/schema\/person\/b5c8cba458c330ccff548b056e95a5d4\",\"name\":\"moacir\",\"image\":{\"@type\":\"ImageObject\",\"inLanguage\":\"pt-BR\",\"@id\":\"https:\/\/franciscanos.org.br\/noticias\/#\/schema\/person\/image\/\",\"url\":\"https:\/\/secure.gravatar.com\/avatar\/d08aa2ce4c8dd416d4479aa8536fcf64?s=96&d=mm&r=g\",\"contentUrl\":\"https:\/\/secure.gravatar.com\/avatar\/d08aa2ce4c8dd416d4479aa8536fcf64?s=96&d=mm&r=g\",\"caption\":\"moacir\"},\"url\":\"https:\/\/franciscanos.org.br\/noticias\/author\/moacir\"}]}<\/script>\n<!-- \/ Yoast SEO plugin. -->","yoast_head_json":{"title":"Papa: caminhando com Jesus, se aprende a ver o outro e sentir compaix\u00e3o - Not\u00edcias - Franciscanos","robots":{"index":"index","follow":"follow","max-snippet":"max-snippet:-1","max-image-preview":"max-image-preview:large","max-video-preview":"max-video-preview:-1"},"canonical":"https:\/\/franciscanos.org.br\/noticias\/papa-caminhando-com-jesus-se-aprende-a-ver-o-outro-e-sentir-compaixao.html","og_locale":"pt_BR","og_type":"article","og_title":"Papa: caminhando com Jesus, se aprende a ver o outro e sentir compaix\u00e3o - Not\u00edcias - Franciscanos","og_description":"Angelus","og_url":"https:\/\/franciscanos.org.br\/noticias\/papa-caminhando-com-jesus-se-aprende-a-ver-o-outro-e-sentir-compaixao.html","og_site_name":"Not\u00edcias - Franciscanos","article_published_time":"2022-07-10T11:34:10+00:00","og_image":[{"width":1280,"height":720,"url":"https:\/\/franciscanos.org.br\/noticias\/wp-content\/uploads\/2022\/07\/angelus_10.jpg","type":"image\/jpeg"}],"author":"moacir","twitter_card":"summary_large_image","twitter_misc":{"Escrito por":"moacir","Est. tempo de leitura":"5 minutos"},"schema":{"@context":"https:\/\/schema.org","@graph":[{"@type":"WebSite","@id":"https:\/\/franciscanos.org.br\/noticias\/#website","url":"https:\/\/franciscanos.org.br\/noticias\/","name":"Not\u00edcias - Franciscanos","description":"Prov\u00edncia Franciscana da Imaculada Concei\u00e7\u00e3o do Brasil - Ordem dos Frades Menores - OFM","potentialAction":[{"@type":"SearchAction","target":{"@type":"EntryPoint","urlTemplate":"https:\/\/franciscanos.org.br\/noticias\/?s={search_term_string}"},"query-input":"required name=search_term_string"}],"inLanguage":"pt-BR"},{"@type":"ImageObject","inLanguage":"pt-BR","@id":"https:\/\/franciscanos.org.br\/noticias\/papa-caminhando-com-jesus-se-aprende-a-ver-o-outro-e-sentir-compaixao.html#primaryimage","url":"https:\/\/franciscanos.org.br\/noticias\/wp-content\/uploads\/2022\/07\/angelus_10.jpg","contentUrl":"https:\/\/franciscanos.org.br\/noticias\/wp-content\/uploads\/2022\/07\/angelus_10.jpg","width":1280,"height":720},{"@type":"WebPage","@id":"https:\/\/franciscanos.org.br\/noticias\/papa-caminhando-com-jesus-se-aprende-a-ver-o-outro-e-sentir-compaixao.html#webpage","url":"https:\/\/franciscanos.org.br\/noticias\/papa-caminhando-com-jesus-se-aprende-a-ver-o-outro-e-sentir-compaixao.html","name":"Papa: caminhando com Jesus, se aprende a ver o outro e sentir compaix\u00e3o - Not\u00edcias - Franciscanos","isPartOf":{"@id":"https:\/\/franciscanos.org.br\/noticias\/#website"},"primaryImageOfPage":{"@id":"https:\/\/franciscanos.org.br\/noticias\/papa-caminhando-com-jesus-se-aprende-a-ver-o-outro-e-sentir-compaixao.html#primaryimage"},"datePublished":"2022-07-10T11:34:10+00:00","dateModified":"2022-07-10T11:34:10+00:00","author":{"@id":"https:\/\/franciscanos.org.br\/noticias\/#\/schema\/person\/b5c8cba458c330ccff548b056e95a5d4"},"breadcrumb":{"@id":"https:\/\/franciscanos.org.br\/noticias\/papa-caminhando-com-jesus-se-aprende-a-ver-o-outro-e-sentir-compaixao.html#breadcrumb"},"inLanguage":"pt-BR","potentialAction":[{"@type":"ReadAction","target":["https:\/\/franciscanos.org.br\/noticias\/papa-caminhando-com-jesus-se-aprende-a-ver-o-outro-e-sentir-compaixao.html"]}]},{"@type":"BreadcrumbList","@id":"https:\/\/franciscanos.org.br\/noticias\/papa-caminhando-com-jesus-se-aprende-a-ver-o-outro-e-sentir-compaixao.html#breadcrumb","itemListElement":[{"@type":"ListItem","position":1,"name":"Home","item":"https:\/\/franciscanos.org.br\/noticias"},{"@type":"ListItem","position":2,"name":"Papa: caminhando com Jesus, se aprende a ver o outro e sentir compaix\u00e3o"}]},{"@type":"Person","@id":"https:\/\/franciscanos.org.br\/noticias\/#\/schema\/person\/b5c8cba458c330ccff548b056e95a5d4","name":"moacir","image":{"@type":"ImageObject","inLanguage":"pt-BR","@id":"https:\/\/franciscanos.org.br\/noticias\/#\/schema\/person\/image\/","url":"https:\/\/secure.gravatar.com\/avatar\/d08aa2ce4c8dd416d4479aa8536fcf64?s=96&d=mm&r=g","contentUrl":"https:\/\/secure.gravatar.com\/avatar\/d08aa2ce4c8dd416d4479aa8536fcf64?s=96&d=mm&r=g","caption":"moacir"},"url":"https:\/\/franciscanos.org.br\/noticias\/author\/moacir"}]}},"_links":{"self":[{"href":"https:\/\/franciscanos.org.br\/noticias\/wp-json\/wp\/v2\/posts\/238939"}],"collection":[{"href":"https:\/\/franciscanos.org.br\/noticias\/wp-json\/wp\/v2\/posts"}],"about":[{"href":"https:\/\/franciscanos.org.br\/noticias\/wp-json\/wp\/v2\/types\/post"}],"author":[{"embeddable":true,"href":"https:\/\/franciscanos.org.br\/noticias\/wp-json\/wp\/v2\/users\/3"}],"replies":[{"embeddable":true,"href":"https:\/\/franciscanos.org.br\/noticias\/wp-json\/wp\/v2\/comments?post=238939"}],"version-history":[{"count":1,"href":"https:\/\/franciscanos.org.br\/noticias\/wp-json\/wp\/v2\/posts\/238939\/revisions"}],"predecessor-version":[{"id":238941,"href":"https:\/\/franciscanos.org.br\/noticias\/wp-json\/wp\/v2\/posts\/238939\/revisions\/238941"}],"wp:featuredmedia":[{"embeddable":true,"href":"https:\/\/franciscanos.org.br\/noticias\/wp-json\/wp\/v2\/media\/238940"}],"wp:attachment":[{"href":"https:\/\/franciscanos.org.br\/noticias\/wp-json\/wp\/v2\/media?parent=238939"}],"wp:term":[{"taxonomy":"category","embeddable":true,"href":"https:\/\/franciscanos.org.br\/noticias\/wp-json\/wp\/v2\/categories?post=238939"},{"taxonomy":"post_tag","embeddable":true,"href":"https:\/\/franciscanos.org.br\/noticias\/wp-json\/wp\/v2\/tags?post=238939"}],"curies":[{"name":"wp","href":"https:\/\/api.w.org\/{rel}","templated":true}]}}