{"id":238857,"date":"2022-07-03T16:02:58","date_gmt":"2022-07-03T19:02:58","guid":{"rendered":"https:\/\/franciscanos.org.br\/noticias\/?p=238857"},"modified":"2023-01-03T13:35:22","modified_gmt":"2023-01-03T16:35:22","slug":"e-vos-quem-dizeis-que-eu-sou-jesus-espera-a-nossa-resposta-diz-frei-pedro","status":"publish","type":"post","link":"https:\/\/franciscanos.org.br\/noticias\/e-vos-quem-dizeis-que-eu-sou-jesus-espera-a-nossa-resposta-diz-frei-pedro.html","title":{"rendered":"&#8220;E v\u00f3s, quem dizeis que eu sou?&#8221;. Jesus espera a nossa resposta, diz Frei Pedro"},"content":{"rendered":"<p><img loading=\"lazy\" class=\"alignnone size-full wp-image-238858\" src=\"https:\/\/franciscanos.org.br\/noticias\/wp-content\/uploads\/2022\/07\/solenidade_0307.jpg\" alt=\"\" width=\"1280\" height=\"720\" srcset=\"https:\/\/franciscanos.org.br\/noticias\/wp-content\/uploads\/2022\/07\/solenidade_0307.jpg 1280w, https:\/\/franciscanos.org.br\/noticias\/wp-content\/uploads\/2022\/07\/solenidade_0307-450x253.jpg 450w, https:\/\/franciscanos.org.br\/noticias\/wp-content\/uploads\/2022\/07\/solenidade_0307-1024x576.jpg 1024w, https:\/\/franciscanos.org.br\/noticias\/wp-content\/uploads\/2022\/07\/solenidade_0307-768x432.jpg 768w, https:\/\/franciscanos.org.br\/noticias\/wp-content\/uploads\/2022\/07\/solenidade_0307-150x84.jpg 150w\" sizes=\"(max-width: 1280px) 100vw, 1280px\" \/><\/p>\n<p><strong>Gaspar (SP)<\/strong> &#8211; A Missa Solene da Festa de S\u00e3o Pedro Ap\u00f3stolo de Gaspar (SC), neste domingo, 3 de julho, teve in\u00edcio, \u00e0s 9 horas, com a prociss\u00e3o dos festeiros, das comunidades, da imagem do Padroeiro e da entrada do presidente da celebra\u00e7\u00e3o, o p\u00e1roco Frei Pedro da Silva, juntamente com os concelebrantes: Frei Aldolino Bankhardt, Frei Jhones Martins, os di\u00e1conos e toda a equipe de celebra\u00e7\u00e3o.<\/p>\n<p>A 172\u00aa edi\u00e7\u00e3o da Festa, que marcou tamb\u00e9m 150 anos da presen\u00e7a franciscana em Gaspar, chegou cheia de expectativa ap\u00f3s dois anos de pandemia e celebra\u00e7\u00f5es sem o calor dos abra\u00e7os, dos apertos de m\u00e3os e das ora\u00e7\u00f5es presenciais. E para brindar esse momento de retomada das festividades, o Padroeiro aben\u00e7oou seu querido povo com belos dias de sol como a manh\u00e3 deste domingo.<\/p>\n<p>Na prociss\u00e3o de entrada, foram apresentados os festeiros deste evento. Casais caminharam com velas acesas, enquanto o povo aplaudia reconhecendo a dedica\u00e7\u00e3o e a doa\u00e7\u00e3o para que este evento pudesse se realizar novamente. Em seguida, a imagem do Padroeiro veio sobre um andor em forma de barca e foi saudada no meio da igreja pelo som de um trompete.<\/p>\n<p>O Coral Santa Cec\u00edlia e a Banda de M\u00fasica S\u00e3o Pedro contribu\u00edram para aumentar o tom solene da celebra\u00e7\u00e3o.<\/p>\n<p><img loading=\"lazy\" class=\"alignnone size-full wp-image-238860\" src=\"https:\/\/franciscanos.org.br\/noticias\/wp-content\/uploads\/2022\/07\/solenidade_03.jpg\" alt=\"\" width=\"1280\" height=\"789\" srcset=\"https:\/\/franciscanos.org.br\/noticias\/wp-content\/uploads\/2022\/07\/solenidade_03.jpg 1280w, https:\/\/franciscanos.org.br\/noticias\/wp-content\/uploads\/2022\/07\/solenidade_03-450x277.jpg 450w, https:\/\/franciscanos.org.br\/noticias\/wp-content\/uploads\/2022\/07\/solenidade_03-1024x631.jpg 1024w, https:\/\/franciscanos.org.br\/noticias\/wp-content\/uploads\/2022\/07\/solenidade_03-768x473.jpg 768w, https:\/\/franciscanos.org.br\/noticias\/wp-content\/uploads\/2022\/07\/solenidade_03-150x92.jpg 150w\" sizes=\"(max-width: 1280px) 100vw, 1280px\" \/><\/p>\n<p>Para Frei Pedro, chegar ao ponto alto da Festa de S\u00e3o Pedro Ap\u00f3stolo \u00e9 levar o grande louvor de gratid\u00e3o a Deus. &#8220;Estamos na grande Festa de S\u00e3o Pedro, por um longo tempo esperada, t\u00e3o carinhosamente preparada e agora uma realidade que est\u00e1 acontecendo. O melhor da festa \u00e9 sempre esperar por ela. Mas n\u00e3o \u00e9 uma espera passiva. \u00c9 sempre uma espera que se d\u00e1 na dedica\u00e7\u00e3o, se d\u00e1 no envolvimento e nos servi\u00e7os&#8221;, disse o celebrante.<\/p>\n<p>&#8220;Como n\u00e3o bendizer a Deus hoje e todos esses dias, pela generosidade de tantas pessoas. E temos dito que s\u00e3o mais de tr\u00eas centenas de pessoas que se envolveram, fora outro tanto de pessoas que, de uma forma ou de outra, envolveram-se pela doa\u00e7\u00e3o, pela presen\u00e7a, pelo carinho, pelo amor, pela admira\u00e7\u00e3o dessa grande Festa. Somente Deus pode pagar por tudo isso&#8221;, externou sua gratid\u00e3o.<\/p>\n<p><img loading=\"lazy\" class=\"alignnone size-full wp-image-238861\" src=\"https:\/\/franciscanos.org.br\/noticias\/wp-content\/uploads\/2022\/07\/solenidade_0307_6.jpg\" alt=\"\" width=\"1280\" height=\"853\" srcset=\"https:\/\/franciscanos.org.br\/noticias\/wp-content\/uploads\/2022\/07\/solenidade_0307_6.jpg 1280w, https:\/\/franciscanos.org.br\/noticias\/wp-content\/uploads\/2022\/07\/solenidade_0307_6-450x300.jpg 450w, https:\/\/franciscanos.org.br\/noticias\/wp-content\/uploads\/2022\/07\/solenidade_0307_6-1024x682.jpg 1024w, https:\/\/franciscanos.org.br\/noticias\/wp-content\/uploads\/2022\/07\/solenidade_0307_6-768x512.jpg 768w, https:\/\/franciscanos.org.br\/noticias\/wp-content\/uploads\/2022\/07\/solenidade_0307_6-150x100.jpg 150w\" sizes=\"(max-width: 1280px) 100vw, 1280px\" \/><\/p>\n<p>Segundo Frei Pedro, festa quer dizer express\u00e3o de alegria. &#8220;Festejar quer dizer bem-vinda seja a vida, o dom, como presente de Deus&#8221;, disse. Ele recordou que o evangelista S\u00e3o Jo\u00e3o registra que Jesus iniciou a sua miss\u00e3o participando de uma festa de casamento onde estavam convidados seus disc\u00edpulos e sua m\u00e3e. E l\u00e1, no final da festa, quando estava terminando o vinho, \u00e9 Maria que percebe e faz com que Jesus antecipe a sua hora e os d\u00e1 o melhor vinho. &#8220;Jesus Cristo \u00e9 o vinho de nossa festa. Ou seja, sem a presen\u00e7a dele, a nossa festa perderia o sabor e a vida o seu sentido. Que Ele esteja sempre presente tamb\u00e9m nas festas de nossa vida. Se aqui n\u00f3s festejamos \u00e9 justamente para beber desse vinho e podermos realizar a nossa miss\u00e3o&#8221;, explicou.<\/p>\n<p>Para o presidente da celebra\u00e7\u00e3o, ningu\u00e9m festeja sozinho. Uma festa sempre requer companhia, como um anivers\u00e1rio, quando se convida pessoas e encomenda um bolo. &#8220;Neste momento vemos que a festa \u00e9 o grande momento de encontros e reencontros. Especialmente como foi dito no coment\u00e1rio inicial, depois de dois anos n\u00f3s podemos dar as m\u00e3os, abra\u00e7ar, celebrar presencialmente, sentir o calor humano e sentir a for\u00e7a da nossa f\u00e9. Por isso, de novo digo, como \u00e9 bom acolher as pessoas. Uma festa se caracteriza pela acolhida e pela hospitalidade. E n\u00f3s sabemos, pela equipe de coordena\u00e7\u00e3o da festa, quanto carinho e com quanta preocupa\u00e7\u00e3o tudo foi preparado. E sabemos que os espa\u00e7os se tornam t\u00e3o pequenos e t\u00e3o limitados com tanta gente. Mas Deus seja louvado pela presen\u00e7a. Por tudo isso, que Deus lhes pague!&#8221;, agradeceu o frade.<\/p>\n\n\t\t<style type=\"text\/css\">\n\t\t\t#gallery-1 {\n\t\t\t\tmargin: auto;\n\t\t\t}\n\t\t\t#gallery-1 .gallery-item {\n\t\t\t\tfloat: left;\n\t\t\t\tmargin-top: 10px;\n\t\t\t\ttext-align: center;\n\t\t\t\twidth: 14%;\n\t\t\t}\n\t\t\t#gallery-1 img {\n\t\t\t\tborder: 2px solid #cfcfcf;\n\t\t\t}\n\t\t\t#gallery-1 .gallery-caption {\n\t\t\t\tmargin-left: 0;\n\t\t\t}\n\t\t\t\/* see gallery_shortcode() in wp-includes\/media.php *\/\n\t\t<\/style>\n\t\t<div id='gallery-1' class='gallery galleryid-238857 gallery-columns-7 gallery-size-thumbnail'><dl class='gallery-item'>\n\t\t\t<dt class='gallery-icon landscape'>\n\t\t\t\t<a href='https:\/\/franciscanos.org.br\/noticias\/wp-content\/uploads\/2022\/07\/solenidade_0307_3.jpg'><img width=\"300\" height=\"300\" src=\"https:\/\/franciscanos.org.br\/noticias\/wp-content\/uploads\/2022\/07\/solenidade_0307_3-300x300.jpg\" class=\"attachment-thumbnail size-thumbnail\" alt=\"\" loading=\"lazy\" srcset=\"https:\/\/franciscanos.org.br\/noticias\/wp-content\/uploads\/2022\/07\/solenidade_0307_3-300x300.jpg 300w, https:\/\/franciscanos.org.br\/noticias\/wp-content\/uploads\/2022\/07\/solenidade_0307_3-100x100.jpg 100w\" sizes=\"(max-width: 300px) 100vw, 300px\" \/><\/a>\n\t\t\t<\/dt><\/dl><dl class='gallery-item'>\n\t\t\t<dt class='gallery-icon landscape'>\n\t\t\t\t<a href='https:\/\/franciscanos.org.br\/noticias\/wp-content\/uploads\/2022\/07\/solenidade_0307_4.jpg'><img width=\"300\" height=\"300\" src=\"https:\/\/franciscanos.org.br\/noticias\/wp-content\/uploads\/2022\/07\/solenidade_0307_4-300x300.jpg\" class=\"attachment-thumbnail size-thumbnail\" alt=\"\" loading=\"lazy\" srcset=\"https:\/\/franciscanos.org.br\/noticias\/wp-content\/uploads\/2022\/07\/solenidade_0307_4-300x300.jpg 300w, https:\/\/franciscanos.org.br\/noticias\/wp-content\/uploads\/2022\/07\/solenidade_0307_4-100x100.jpg 100w\" sizes=\"(max-width: 300px) 100vw, 300px\" \/><\/a>\n\t\t\t<\/dt><\/dl><dl class='gallery-item'>\n\t\t\t<dt class='gallery-icon landscape'>\n\t\t\t\t<a href='https:\/\/franciscanos.org.br\/noticias\/wp-content\/uploads\/2022\/07\/solenidade_0307_5.jpg'><img width=\"300\" height=\"300\" src=\"https:\/\/franciscanos.org.br\/noticias\/wp-content\/uploads\/2022\/07\/solenidade_0307_5-300x300.jpg\" class=\"attachment-thumbnail size-thumbnail\" alt=\"\" loading=\"lazy\" srcset=\"https:\/\/franciscanos.org.br\/noticias\/wp-content\/uploads\/2022\/07\/solenidade_0307_5-300x300.jpg 300w, https:\/\/franciscanos.org.br\/noticias\/wp-content\/uploads\/2022\/07\/solenidade_0307_5-100x100.jpg 100w\" sizes=\"(max-width: 300px) 100vw, 300px\" \/><\/a>\n\t\t\t<\/dt><\/dl><dl class='gallery-item'>\n\t\t\t<dt class='gallery-icon landscape'>\n\t\t\t\t<a href='https:\/\/franciscanos.org.br\/noticias\/wp-content\/uploads\/2022\/07\/solenidade_0307_7.jpg'><img width=\"300\" height=\"300\" src=\"https:\/\/franciscanos.org.br\/noticias\/wp-content\/uploads\/2022\/07\/solenidade_0307_7-300x300.jpg\" class=\"attachment-thumbnail size-thumbnail\" alt=\"\" loading=\"lazy\" srcset=\"https:\/\/franciscanos.org.br\/noticias\/wp-content\/uploads\/2022\/07\/solenidade_0307_7-300x300.jpg 300w, https:\/\/franciscanos.org.br\/noticias\/wp-content\/uploads\/2022\/07\/solenidade_0307_7-100x100.jpg 100w\" sizes=\"(max-width: 300px) 100vw, 300px\" \/><\/a>\n\t\t\t<\/dt><\/dl><dl class='gallery-item'>\n\t\t\t<dt class='gallery-icon landscape'>\n\t\t\t\t<a href='https:\/\/franciscanos.org.br\/noticias\/wp-content\/uploads\/2022\/07\/solenidade_0307_8.jpg'><img width=\"300\" height=\"300\" src=\"https:\/\/franciscanos.org.br\/noticias\/wp-content\/uploads\/2022\/07\/solenidade_0307_8-300x300.jpg\" class=\"attachment-thumbnail size-thumbnail\" alt=\"\" loading=\"lazy\" srcset=\"https:\/\/franciscanos.org.br\/noticias\/wp-content\/uploads\/2022\/07\/solenidade_0307_8-300x300.jpg 300w, https:\/\/franciscanos.org.br\/noticias\/wp-content\/uploads\/2022\/07\/solenidade_0307_8-100x100.jpg 100w\" sizes=\"(max-width: 300px) 100vw, 300px\" \/><\/a>\n\t\t\t<\/dt><\/dl><dl class='gallery-item'>\n\t\t\t<dt class='gallery-icon landscape'>\n\t\t\t\t<a href='https:\/\/franciscanos.org.br\/noticias\/wp-content\/uploads\/2022\/07\/solenidade_0307_9.jpg'><img width=\"300\" height=\"300\" src=\"https:\/\/franciscanos.org.br\/noticias\/wp-content\/uploads\/2022\/07\/solenidade_0307_9-300x300.jpg\" class=\"attachment-thumbnail size-thumbnail\" alt=\"\" loading=\"lazy\" srcset=\"https:\/\/franciscanos.org.br\/noticias\/wp-content\/uploads\/2022\/07\/solenidade_0307_9-300x300.jpg 300w, https:\/\/franciscanos.org.br\/noticias\/wp-content\/uploads\/2022\/07\/solenidade_0307_9-100x100.jpg 100w\" sizes=\"(max-width: 300px) 100vw, 300px\" \/><\/a>\n\t\t\t<\/dt><\/dl><dl class='gallery-item'>\n\t\t\t<dt class='gallery-icon landscape'>\n\t\t\t\t<a href='https:\/\/franciscanos.org.br\/noticias\/wp-content\/uploads\/2022\/07\/solenidade_0307_13.jpg'><img width=\"300\" height=\"300\" src=\"https:\/\/franciscanos.org.br\/noticias\/wp-content\/uploads\/2022\/07\/solenidade_0307_13-300x300.jpg\" class=\"attachment-thumbnail size-thumbnail\" alt=\"\" loading=\"lazy\" srcset=\"https:\/\/franciscanos.org.br\/noticias\/wp-content\/uploads\/2022\/07\/solenidade_0307_13-300x300.jpg 300w, https:\/\/franciscanos.org.br\/noticias\/wp-content\/uploads\/2022\/07\/solenidade_0307_13-100x100.jpg 100w\" sizes=\"(max-width: 300px) 100vw, 300px\" \/><\/a>\n\t\t\t<\/dt><\/dl><br style=\"clear: both\" \/>\n\t\t<\/div>\n\n<p><em>\u00a0 \u00a0 \u00a0 \u00a0 \u00a0 \u00a0 \u00a0 \u00a0 \u00a0 \u00a0 \u00a0 \u00a0 \u00a0 \u00a0 \u00a0 \u00a0 \u00a0 \u00a0 \u00a0 \u00a0 \u00a0 \u00a0 \u00a0 \u00a0 \u00a0 \u00a0 \u00a0 \u00a0 \u00a0 \u00a0 \u00a0 \u00a0 \u00a0 \u00a0 \u00a0 \u00a0 \u00a0 \u00a0(toque nas imagens para ampli\u00e1-las)<\/em><\/p>\n<p>Frei Pedro explicou que quando celebramos uma festa, a celebramos sob a inspira\u00e7\u00e3o de um Padroeiro. &#8220;Os Padroeiros s\u00e3o exemplos, s\u00e3o modelos, que nos convidam a modelar a nossa vida. Os padroeiros s\u00e3o espelhos. Olhando para eles, n\u00f3s nos vemos melhor. Assim como olhando para o espelho n\u00f3s nos vemos melhor, e procuramos tamb\u00e9m nos amar para condizer com a imagem que n\u00f3s recebemos e gostamos de ter, assim quando nos olhamos para o Padroeiro, ele nos convida a um olhar interior radiogr\u00e1fico: O que n\u00f3s fomos e o que n\u00e3o somos e o que precisamos caminhar para ser como eles foram e conforme eles nos querem que sejamos como Cristo, porque os santos e santas sempre s\u00e3o setas indicativas. Eles est\u00e3o a nos dizer: &#8216;olha, o meio \u00e9 Jesus&#8217;. Ali\u00e1s \u00e9 Santo Ant\u00f4nio, outro grande santo das festas juninas que, em seus &#8216;Serm\u00f5es&#8217;, vai dizer: &#8216;O lugar pr\u00f3prio de Jesus \u00e9 o meio, o centro. Ele \u00e9 o centro de nossa comunidade&#8217;. Santos e santas s\u00e3o setas que nos indicam este centro para que nossa devo\u00e7\u00e3o a eles seja express\u00e3o de uma sadia espiritualidade&#8221;, refletiu.<\/p>\n<p>Mas o frade lembrou que \u00e9 importante ter em mente que os santos e santas n\u00e3o nasceram santos, mas percorreram o nosso caminho, sentiram os limites, as nossas fraquezas, mas foram capazes de grandes vit\u00f3rias. &#8220;Esses s\u00e3o santos e santas, que viveram as fraquezas como n\u00f3s, mas por isso mesmo se santificaram, pois somente quem se reconhece que \u00e9 pecador pode chegar ao cume da santidade&#8221;, disse, citando que S\u00e3o Pedro e S\u00e3o Paulo s\u00e3o sempre lembrados juntos, mas foram muito diferentes um do outro. Segundo o frade, o Novo Testamento registra alguns constrangimentos, at\u00e9 desentendimentos, na maneira de ver, de entender e de anunciar Jesus Cristo e seu Evangelho. &#8220;Mas eles nunca se separam, sempre estiveram unidos e morreram unidos no mesmo amor a Cristo, recebendo a coroa do mart\u00edrio&#8221;, disse, enfatizando: Esses santos imitaram a Cristo na vida, na morte e na ressurrei\u00e7\u00e3o.<\/p>\n<div id=\"attachment_238867\" style=\"width: 1290px\" class=\"wp-caption alignnone\"><img aria-describedby=\"caption-attachment-238867\" loading=\"lazy\" class=\"wp-image-238867 size-full\" src=\"https:\/\/franciscanos.org.br\/noticias\/wp-content\/uploads\/2022\/07\/solenidade_0307_14.jpg\" alt=\"\" width=\"1280\" height=\"853\" srcset=\"https:\/\/franciscanos.org.br\/noticias\/wp-content\/uploads\/2022\/07\/solenidade_0307_14.jpg 1280w, https:\/\/franciscanos.org.br\/noticias\/wp-content\/uploads\/2022\/07\/solenidade_0307_14-450x300.jpg 450w, https:\/\/franciscanos.org.br\/noticias\/wp-content\/uploads\/2022\/07\/solenidade_0307_14-1024x682.jpg 1024w, https:\/\/franciscanos.org.br\/noticias\/wp-content\/uploads\/2022\/07\/solenidade_0307_14-768x512.jpg 768w, https:\/\/franciscanos.org.br\/noticias\/wp-content\/uploads\/2022\/07\/solenidade_0307_14-150x100.jpg 150w\" sizes=\"(max-width: 1280px) 100vw, 1280px\" \/><p id=\"caption-attachment-238867\" class=\"wp-caption-text\"><em>Foto oficial dos festeiros 2022 e dos representantes das 17 Comunidades da Par\u00f3quia S\u00e3o Pedro Ap\u00f3stolo<\/em><\/p><\/div>\n<p>Na conclus\u00e3o de sua homilia, disse que resta para n\u00f3s agora a grande resposta que os ap\u00f3stolos j\u00e1 deram: &#8220;O testemunho de Pedro e Paulo \u00e9 uma resposta a esta pergunta que Jesus fez: &#8216;E v\u00f3s, quem dizeis que eu sou?&#8217; N\u00e3o \u00e9 uma resposta que se d\u00e1 teoricamente, mas se responde atrav\u00e9s da vida como fizeram os grandes camp\u00f5es da f\u00e9. Diz tamb\u00e9m o Papa Jo\u00e3o Paulo II que a nossa vida, que a nossa hist\u00f3ria e que o nosso destino, presente e futuro, depende da resposta que n\u00f3s dermos com convic\u00e7\u00e3o e limpidez a esta pergunta de Jesus. E n\u00f3s vamos dando atrav\u00e9s da nossa vida. Por isso, conhecer Jesus Cristo deve ser a nossa alegria, diziam os bispos latino-americanos, t\u00ea-Lo encontrado foi o melhor que aconteceu em nossas vidas e faz\u00ea-Lo agora conhecido por palavras e obras \u00e9 a nossa miss\u00e3o, a exemplo desses grandes santos da f\u00e9&#8221;.<\/p>\n<div id=\"attachment_238873\" style=\"width: 1290px\" class=\"wp-caption alignnone\"><img aria-describedby=\"caption-attachment-238873\" loading=\"lazy\" class=\"wp-image-238873 size-full\" src=\"https:\/\/franciscanos.org.br\/noticias\/wp-content\/uploads\/2022\/07\/solenidade_0307_16.jpg\" alt=\"\" width=\"1280\" height=\"853\" srcset=\"https:\/\/franciscanos.org.br\/noticias\/wp-content\/uploads\/2022\/07\/solenidade_0307_16.jpg 1280w, https:\/\/franciscanos.org.br\/noticias\/wp-content\/uploads\/2022\/07\/solenidade_0307_16-450x300.jpg 450w, https:\/\/franciscanos.org.br\/noticias\/wp-content\/uploads\/2022\/07\/solenidade_0307_16-1024x682.jpg 1024w, https:\/\/franciscanos.org.br\/noticias\/wp-content\/uploads\/2022\/07\/solenidade_0307_16-768x512.jpg 768w, https:\/\/franciscanos.org.br\/noticias\/wp-content\/uploads\/2022\/07\/solenidade_0307_16-150x100.jpg 150w\" sizes=\"(max-width: 1280px) 100vw, 1280px\" \/><p id=\"caption-attachment-238873\" class=\"wp-caption-text\"><em>Espa\u00e7o no Passeio S\u00e3o Pedro para cartazes e imagens das pastorais, movimentos e Comunidades<\/em><\/p><\/div>\n<p><strong>A MELHOR FESTA POSS\u00cdVEL<\/strong><\/p>\n<p>O coordenador do Conselho de Pastoral da Comunidade (CPC), Cuniberto Francisco Kuhnen, falou em nome da comunidade e da organiza\u00e7\u00e3o da Festa. \u00a0Segundo ele, h\u00e1 poucos mais de tr\u00eas meses se decidiu pela realiza\u00e7\u00e3o da Festa de S\u00e3o Pedro, apesar das d\u00favidas em fun\u00e7\u00e3o da pandemia, do espa\u00e7o f\u00edsico e da disponibilidade em geral das pessoas. &#8220;O consenso foi: &#8216;Vamos fazer a melhor festa poss\u00edvel. N\u00e3o a mais grandiosa, nem a mais bela, nem a mais rent\u00e1vel, simplesmente a mais vi\u00e1vel poss\u00edvel&#8221;, contou.<\/p>\n<div id=\"attachment_238868\" style=\"width: 1290px\" class=\"wp-caption alignnone\"><img aria-describedby=\"caption-attachment-238868\" loading=\"lazy\" class=\"wp-image-238868 size-full\" src=\"https:\/\/franciscanos.org.br\/noticias\/wp-content\/uploads\/2022\/07\/solenidade_0307_12.jpg\" alt=\"\" width=\"1280\" height=\"720\" srcset=\"https:\/\/franciscanos.org.br\/noticias\/wp-content\/uploads\/2022\/07\/solenidade_0307_12.jpg 1280w, https:\/\/franciscanos.org.br\/noticias\/wp-content\/uploads\/2022\/07\/solenidade_0307_12-450x253.jpg 450w, https:\/\/franciscanos.org.br\/noticias\/wp-content\/uploads\/2022\/07\/solenidade_0307_12-1024x576.jpg 1024w, https:\/\/franciscanos.org.br\/noticias\/wp-content\/uploads\/2022\/07\/solenidade_0307_12-768x432.jpg 768w, https:\/\/franciscanos.org.br\/noticias\/wp-content\/uploads\/2022\/07\/solenidade_0307_12-150x84.jpg 150w\" sizes=\"(max-width: 1280px) 100vw, 1280px\" \/><p id=\"caption-attachment-238868\" class=\"wp-caption-text\"><em>O coordenador do Conselho de Pastoral da Comunidade (CPC), Cuniberto Francisco Kuhnen e a esposa Madalena <\/em><\/p><\/div>\n<p>Segundo o coordenador, o primeiro desafio foi formar as equipes de festeiros, mas em uma semana j\u00e1 se tinha 50 festeiros comprometidos com a Festa. Depois havia o desafio de reunir as equipes de apoio, que estavam dispersas devido aos dois anos de pandemia. Mas n\u00e3o demorou muito e a generosidade falou mais alto e as pessoas deram o sim. &#8220;Diversas reuni\u00f5es, cada equipe montou o seu grupo de trabalho e, juntos, formamos um grande grupo de volunt\u00e1rios. A partir da\u00ed, tudo ficou mais f\u00e1cil. Aquilo que parecia um fardo pesado, tornou-se mais leve. E hoje estamos aqui alegremente celebrando 172 anos de festejos do nosso Padroeiro S\u00e3o Pedro Ap\u00f3stolo e 150 anos da comunidade franciscana em nossa Par\u00f3quia. Por isso, lembro o tema geral: &#8216;Com S\u00e3o Pedro e S\u00e3o Francisco, somos instrumentos do amor e da paz&#8217;\u201d, disse Cuniberto.<\/p>\n<p>&#8220;E tenho certeza que foi com esse sentimento de amor e paz que voc\u00ea festeiro, festeira, equipes de apoio, acolheram este objetivo de fazer a melhor Festa poss\u00edvel. A todos o nosso sentimento de profunda gratid\u00e3o&#8221;, completou, pedindo uma salva de palmas.<\/p>\n<p><img loading=\"lazy\" class=\"alignnone size-full wp-image-238869\" src=\"https:\/\/franciscanos.org.br\/noticias\/wp-content\/uploads\/2022\/07\/solenidade_030722.jpg\" alt=\"\" width=\"1280\" height=\"1920\" srcset=\"https:\/\/franciscanos.org.br\/noticias\/wp-content\/uploads\/2022\/07\/solenidade_030722.jpg 720w, https:\/\/franciscanos.org.br\/noticias\/wp-content\/uploads\/2022\/07\/solenidade_030722-300x450.jpg 300w, https:\/\/franciscanos.org.br\/noticias\/wp-content\/uploads\/2022\/07\/solenidade_030722-683x1024.jpg 683w, https:\/\/franciscanos.org.br\/noticias\/wp-content\/uploads\/2022\/07\/solenidade_030722-768x1152.jpg 768w, https:\/\/franciscanos.org.br\/noticias\/wp-content\/uploads\/2022\/07\/solenidade_030722-1024x1536.jpg 1024w, https:\/\/franciscanos.org.br\/noticias\/wp-content\/uploads\/2022\/07\/solenidade_030722-150x225.jpg 150w\" sizes=\"(max-width: 1280px) 100vw, 1280px\" \/><\/p>\n<p>A Missa terminou com a foto oficial dos festeiros em frente a bela Matriz de Gaspar. Em prociss\u00e3o, a Sinf\u00f4nica de S\u00e3o Pedro conduziu os festeiros, os frades e os representantes das 17 comunidades da Par\u00f3quia at\u00e9 o Passeio S\u00e3o Pedro, onde estava a imagem de S\u00e3o Pedro e todos os cartazes e imagens das pastorais, movimentos e comunidades. Durante toda a tarde, o grande destaque dos festejos populares foi o leil\u00e3o de gado.<\/p>\n<h3><strong>Coro Misto Santa Cec\u00edlia: 123 anos de beleza e f\u00e9<\/strong><\/h3>\n<p>J\u00e1 se tornou uma tradi\u00e7\u00e3o nas Missas solenes do dia do Padroeiro de Gaspar. As vozes do Coro Misto Santa Cec\u00edlia deixam ainda mais bela e solene a Igreja Matriz de Gaspar. N\u00e3o foi diferente neste domingo, na 172\u00aa Festa de S\u00e3o Pedro Ap\u00f3stolo. Com 123 anos de funda\u00e7\u00e3o, o Coro Misto Santa Cec\u00edlia participa de diversos eventos culturais na cidade e das liturgias e missas solenes comemorativas. Tamb\u00e9m j\u00e1 se apresentou no Teatro Carlos Gomes com a Orquestra Prel\u00fadio e participa de eventos culturais e celebra\u00e7\u00f5es de casamentos em Gaspar e regi\u00e3o.<\/p>\n<p><img loading=\"lazy\" class=\"alignnone size-full wp-image-238870\" src=\"https:\/\/franciscanos.org.br\/noticias\/wp-content\/uploads\/2022\/07\/solenidade_0307_1.jpg\" alt=\"\" width=\"1280\" height=\"771\" srcset=\"https:\/\/franciscanos.org.br\/noticias\/wp-content\/uploads\/2022\/07\/solenidade_0307_1.jpg 1280w, https:\/\/franciscanos.org.br\/noticias\/wp-content\/uploads\/2022\/07\/solenidade_0307_1-450x271.jpg 450w, https:\/\/franciscanos.org.br\/noticias\/wp-content\/uploads\/2022\/07\/solenidade_0307_1-1024x617.jpg 1024w, https:\/\/franciscanos.org.br\/noticias\/wp-content\/uploads\/2022\/07\/solenidade_0307_1-768x463.jpg 768w, https:\/\/franciscanos.org.br\/noticias\/wp-content\/uploads\/2022\/07\/solenidade_0307_1-150x90.jpg 150w\" sizes=\"(max-width: 1280px) 100vw, 1280px\" \/><\/p>\n<p>Nos 150 anos de presen\u00e7a franciscana em Gaspar, o Coro \u00e9 um dos frutos colhidos pelos frades franciscanos que residiam na Fraternidade de Blumenau e que prestavam assist\u00eancia religiosa na regi\u00e3o. No come\u00e7o, era regido especialmente pelos frades e, por isso, o repert\u00f3rio era composto de m\u00fasicas sacras e cantos gregorianos. Mas em 1958, Egon Bohn assumiu a organiza\u00e7\u00e3o do coro, admitindo jovens cantores, um novo regente de instru\u00e7\u00e3o te\u00f3rica e t\u00e9cnica vocal, o que levou \u00e0 amplia\u00e7\u00e3o do repert\u00f3rio para m\u00fasicas populares e folcl\u00f3ricas.<\/p>\n<p>Em 1977 houve a fus\u00e3o com o Clube Musical S\u00e3o Pedro, passando a dividir espa\u00e7o f\u00edsico na sede social, o que proporcionou a parceria em diversos trabalhos musicais. Em 30 de outubro de 1997, foi constitu\u00eddo juridicamente como entidade cultural sem fins lucrativos.<\/p>\n<div id=\"attachment_238871\" style=\"width: 1290px\" class=\"wp-caption alignnone\"><img aria-describedby=\"caption-attachment-238871\" loading=\"lazy\" class=\"wp-image-238871 size-full\" src=\"https:\/\/franciscanos.org.br\/noticias\/wp-content\/uploads\/2022\/07\/solenidade_0307_2.jpg\" alt=\"\" width=\"1280\" height=\"777\" srcset=\"https:\/\/franciscanos.org.br\/noticias\/wp-content\/uploads\/2022\/07\/solenidade_0307_2.jpg 1280w, https:\/\/franciscanos.org.br\/noticias\/wp-content\/uploads\/2022\/07\/solenidade_0307_2-450x273.jpg 450w, https:\/\/franciscanos.org.br\/noticias\/wp-content\/uploads\/2022\/07\/solenidade_0307_2-1024x622.jpg 1024w, https:\/\/franciscanos.org.br\/noticias\/wp-content\/uploads\/2022\/07\/solenidade_0307_2-768x466.jpg 768w, https:\/\/franciscanos.org.br\/noticias\/wp-content\/uploads\/2022\/07\/solenidade_0307_2-150x91.jpg 150w\" sizes=\"(max-width: 1280px) 100vw, 1280px\" \/><p id=\"caption-attachment-238871\" class=\"wp-caption-text\"><em>Da esq. para a dir.: Daniel, Cibele, Deise, Andr\u00e9, Artur e Helena<\/em><\/p><\/div>\n<p>O coro \u00e9 uma das paix\u00f5es de Deise de Souza Bohn. Prova disso s\u00e3o os 64 anos de dedica\u00e7\u00e3o \u00e0 m\u00fasica. &#8220;A m\u00fasica foi o fator determinante para que a nossa vida fosse muito aben\u00e7oada, porque vivemos m\u00fasica e canto, desde crian\u00e7a. Nos momentos mais dif\u00edceis eu n\u00e3o queria estar em outro lugar. S\u00f3 queria estar aqui. Ent\u00e3o, s\u00f3 tenho uma palavra para isso: amor&#8221;, diz Deise. M\u00e3e de quatro filhos, para ela, sua vida foi aben\u00e7oada por esse trabalho. &#8220;Eles vieram porque tanto o pai como a m\u00e3e participavam. Eles vinham juntos e aprenderam m\u00fasica. Sempre fizeram parte do trabalho&#8221;, conta.<\/p>\n<hr \/>\n<p><em>Comunica\u00e7\u00e3o da Prov\u00edncia da Imaculada Concei\u00e7\u00e3o\u00a0 e Jo\u00e3o Guilherme Simon<\/em><\/p>\n<div id=\"attachment_238872\" style=\"width: 1290px\" class=\"wp-caption alignnone\"><img aria-describedby=\"caption-attachment-238872\" loading=\"lazy\" class=\"wp-image-238872 size-full\" src=\"https:\/\/franciscanos.org.br\/noticias\/wp-content\/uploads\/2022\/07\/solenidade_0307_15.jpg\" alt=\"\" width=\"1280\" height=\"936\" srcset=\"https:\/\/franciscanos.org.br\/noticias\/wp-content\/uploads\/2022\/07\/solenidade_0307_15.jpg 1280w, https:\/\/franciscanos.org.br\/noticias\/wp-content\/uploads\/2022\/07\/solenidade_0307_15-450x329.jpg 450w, https:\/\/franciscanos.org.br\/noticias\/wp-content\/uploads\/2022\/07\/solenidade_0307_15-1024x749.jpg 1024w, https:\/\/franciscanos.org.br\/noticias\/wp-content\/uploads\/2022\/07\/solenidade_0307_15-768x562.jpg 768w, https:\/\/franciscanos.org.br\/noticias\/wp-content\/uploads\/2022\/07\/solenidade_0307_15-150x110.jpg 150w\" sizes=\"(max-width: 1280px) 100vw, 1280px\" \/><p id=\"caption-attachment-238872\" class=\"wp-caption-text\"><em>Banda Sinf\u00f4nica do Clube Musical S\u00e3o Pedro: 76 anos <\/em><\/p><\/div>\n<p>&nbsp;<\/p>\n","protected":false},"excerpt":{"rendered":"<p>172\u00aa Festa de S\u00e3o Pedro Ap\u00f3stolo de Gaspar<\/p>\n","protected":false},"author":3,"featured_media":238858,"comment_status":"open","ping_status":"open","sticky":false,"template":"","format":"standard","meta":[],"categories":[1],"tags":[2040],"acf":[],"yoast_head":"<!-- This site is optimized with the Yoast SEO plugin v19.2 - https:\/\/yoast.com\/wordpress\/plugins\/seo\/ -->\n<title>&quot;E v\u00f3s, quem dizeis que eu sou?&quot;. Jesus espera a nossa resposta, diz Frei Pedro - Not\u00edcias - Franciscanos<\/title>\n<meta name=\"robots\" content=\"index, follow, max-snippet:-1, max-image-preview:large, max-video-preview:-1\" \/>\n<link rel=\"canonical\" href=\"https:\/\/franciscanos.org.br\/noticias\/e-vos-quem-dizeis-que-eu-sou-jesus-espera-a-nossa-resposta-diz-frei-pedro.html\" \/>\n<meta property=\"og:locale\" content=\"pt_BR\" \/>\n<meta property=\"og:type\" content=\"article\" \/>\n<meta property=\"og:title\" content=\"&quot;E v\u00f3s, quem dizeis que eu sou?&quot;. Jesus espera a nossa resposta, diz Frei Pedro - Not\u00edcias - Franciscanos\" \/>\n<meta property=\"og:description\" content=\"172\u00aa Festa de S\u00e3o Pedro Ap\u00f3stolo de Gaspar\" \/>\n<meta property=\"og:url\" content=\"https:\/\/franciscanos.org.br\/noticias\/e-vos-quem-dizeis-que-eu-sou-jesus-espera-a-nossa-resposta-diz-frei-pedro.html\" \/>\n<meta property=\"og:site_name\" content=\"Not\u00edcias - Franciscanos\" \/>\n<meta property=\"article:published_time\" content=\"2022-07-03T19:02:58+00:00\" \/>\n<meta property=\"article:modified_time\" content=\"2023-01-03T16:35:22+00:00\" \/>\n<meta property=\"og:image\" content=\"https:\/\/franciscanos.org.br\/noticias\/wp-content\/uploads\/2022\/07\/solenidade_0307.jpg\" \/>\n\t<meta property=\"og:image:width\" content=\"1280\" \/>\n\t<meta property=\"og:image:height\" content=\"720\" \/>\n\t<meta property=\"og:image:type\" content=\"image\/jpeg\" \/>\n<meta name=\"author\" content=\"moacir\" \/>\n<meta name=\"twitter:card\" content=\"summary_large_image\" \/>\n<meta name=\"twitter:label1\" content=\"Escrito por\" \/>\n\t<meta name=\"twitter:data1\" content=\"moacir\" \/>\n\t<meta name=\"twitter:label2\" content=\"Est. tempo de leitura\" \/>\n\t<meta name=\"twitter:data2\" content=\"10 minutos\" \/>\n<script type=\"application\/ld+json\" class=\"yoast-schema-graph\">{\"@context\":\"https:\/\/schema.org\",\"@graph\":[{\"@type\":\"WebSite\",\"@id\":\"https:\/\/franciscanos.org.br\/noticias\/#website\",\"url\":\"https:\/\/franciscanos.org.br\/noticias\/\",\"name\":\"Not\u00edcias - Franciscanos\",\"description\":\"Prov\u00edncia Franciscana da Imaculada Concei\u00e7\u00e3o do Brasil - Ordem dos Frades Menores - OFM\",\"potentialAction\":[{\"@type\":\"SearchAction\",\"target\":{\"@type\":\"EntryPoint\",\"urlTemplate\":\"https:\/\/franciscanos.org.br\/noticias\/?s={search_term_string}\"},\"query-input\":\"required name=search_term_string\"}],\"inLanguage\":\"pt-BR\"},{\"@type\":\"ImageObject\",\"inLanguage\":\"pt-BR\",\"@id\":\"https:\/\/franciscanos.org.br\/noticias\/e-vos-quem-dizeis-que-eu-sou-jesus-espera-a-nossa-resposta-diz-frei-pedro.html#primaryimage\",\"url\":\"https:\/\/franciscanos.org.br\/noticias\/wp-content\/uploads\/2022\/07\/solenidade_0307.jpg\",\"contentUrl\":\"https:\/\/franciscanos.org.br\/noticias\/wp-content\/uploads\/2022\/07\/solenidade_0307.jpg\",\"width\":1280,\"height\":720},{\"@type\":\"WebPage\",\"@id\":\"https:\/\/franciscanos.org.br\/noticias\/e-vos-quem-dizeis-que-eu-sou-jesus-espera-a-nossa-resposta-diz-frei-pedro.html#webpage\",\"url\":\"https:\/\/franciscanos.org.br\/noticias\/e-vos-quem-dizeis-que-eu-sou-jesus-espera-a-nossa-resposta-diz-frei-pedro.html\",\"name\":\"\\\"E v\u00f3s, quem dizeis que eu sou?\\\". Jesus espera a nossa resposta, diz Frei Pedro - Not\u00edcias - Franciscanos\",\"isPartOf\":{\"@id\":\"https:\/\/franciscanos.org.br\/noticias\/#website\"},\"primaryImageOfPage\":{\"@id\":\"https:\/\/franciscanos.org.br\/noticias\/e-vos-quem-dizeis-que-eu-sou-jesus-espera-a-nossa-resposta-diz-frei-pedro.html#primaryimage\"},\"datePublished\":\"2022-07-03T19:02:58+00:00\",\"dateModified\":\"2023-01-03T16:35:22+00:00\",\"author\":{\"@id\":\"https:\/\/franciscanos.org.br\/noticias\/#\/schema\/person\/b5c8cba458c330ccff548b056e95a5d4\"},\"breadcrumb\":{\"@id\":\"https:\/\/franciscanos.org.br\/noticias\/e-vos-quem-dizeis-que-eu-sou-jesus-espera-a-nossa-resposta-diz-frei-pedro.html#breadcrumb\"},\"inLanguage\":\"pt-BR\",\"potentialAction\":[{\"@type\":\"ReadAction\",\"target\":[\"https:\/\/franciscanos.org.br\/noticias\/e-vos-quem-dizeis-que-eu-sou-jesus-espera-a-nossa-resposta-diz-frei-pedro.html\"]}]},{\"@type\":\"BreadcrumbList\",\"@id\":\"https:\/\/franciscanos.org.br\/noticias\/e-vos-quem-dizeis-que-eu-sou-jesus-espera-a-nossa-resposta-diz-frei-pedro.html#breadcrumb\",\"itemListElement\":[{\"@type\":\"ListItem\",\"position\":1,\"name\":\"Home\",\"item\":\"https:\/\/franciscanos.org.br\/noticias\"},{\"@type\":\"ListItem\",\"position\":2,\"name\":\"&#8220;E v\u00f3s, quem dizeis que eu sou?&#8221;. Jesus espera a nossa resposta, diz Frei Pedro\"}]},{\"@type\":\"Person\",\"@id\":\"https:\/\/franciscanos.org.br\/noticias\/#\/schema\/person\/b5c8cba458c330ccff548b056e95a5d4\",\"name\":\"moacir\",\"image\":{\"@type\":\"ImageObject\",\"inLanguage\":\"pt-BR\",\"@id\":\"https:\/\/franciscanos.org.br\/noticias\/#\/schema\/person\/image\/\",\"url\":\"https:\/\/secure.gravatar.com\/avatar\/d08aa2ce4c8dd416d4479aa8536fcf64?s=96&d=mm&r=g\",\"contentUrl\":\"https:\/\/secure.gravatar.com\/avatar\/d08aa2ce4c8dd416d4479aa8536fcf64?s=96&d=mm&r=g\",\"caption\":\"moacir\"},\"url\":\"https:\/\/franciscanos.org.br\/noticias\/author\/moacir\"}]}<\/script>\n<!-- \/ Yoast SEO plugin. -->","yoast_head_json":{"title":"\"E v\u00f3s, quem dizeis que eu sou?\". Jesus espera a nossa resposta, diz Frei Pedro - Not\u00edcias - Franciscanos","robots":{"index":"index","follow":"follow","max-snippet":"max-snippet:-1","max-image-preview":"max-image-preview:large","max-video-preview":"max-video-preview:-1"},"canonical":"https:\/\/franciscanos.org.br\/noticias\/e-vos-quem-dizeis-que-eu-sou-jesus-espera-a-nossa-resposta-diz-frei-pedro.html","og_locale":"pt_BR","og_type":"article","og_title":"\"E v\u00f3s, quem dizeis que eu sou?\". Jesus espera a nossa resposta, diz Frei Pedro - Not\u00edcias - Franciscanos","og_description":"172\u00aa Festa de S\u00e3o Pedro Ap\u00f3stolo de Gaspar","og_url":"https:\/\/franciscanos.org.br\/noticias\/e-vos-quem-dizeis-que-eu-sou-jesus-espera-a-nossa-resposta-diz-frei-pedro.html","og_site_name":"Not\u00edcias - Franciscanos","article_published_time":"2022-07-03T19:02:58+00:00","article_modified_time":"2023-01-03T16:35:22+00:00","og_image":[{"width":1280,"height":720,"url":"https:\/\/franciscanos.org.br\/noticias\/wp-content\/uploads\/2022\/07\/solenidade_0307.jpg","type":"image\/jpeg"}],"author":"moacir","twitter_card":"summary_large_image","twitter_misc":{"Escrito por":"moacir","Est. tempo de leitura":"10 minutos"},"schema":{"@context":"https:\/\/schema.org","@graph":[{"@type":"WebSite","@id":"https:\/\/franciscanos.org.br\/noticias\/#website","url":"https:\/\/franciscanos.org.br\/noticias\/","name":"Not\u00edcias - Franciscanos","description":"Prov\u00edncia Franciscana da Imaculada Concei\u00e7\u00e3o do Brasil - Ordem dos Frades Menores - OFM","potentialAction":[{"@type":"SearchAction","target":{"@type":"EntryPoint","urlTemplate":"https:\/\/franciscanos.org.br\/noticias\/?s={search_term_string}"},"query-input":"required name=search_term_string"}],"inLanguage":"pt-BR"},{"@type":"ImageObject","inLanguage":"pt-BR","@id":"https:\/\/franciscanos.org.br\/noticias\/e-vos-quem-dizeis-que-eu-sou-jesus-espera-a-nossa-resposta-diz-frei-pedro.html#primaryimage","url":"https:\/\/franciscanos.org.br\/noticias\/wp-content\/uploads\/2022\/07\/solenidade_0307.jpg","contentUrl":"https:\/\/franciscanos.org.br\/noticias\/wp-content\/uploads\/2022\/07\/solenidade_0307.jpg","width":1280,"height":720},{"@type":"WebPage","@id":"https:\/\/franciscanos.org.br\/noticias\/e-vos-quem-dizeis-que-eu-sou-jesus-espera-a-nossa-resposta-diz-frei-pedro.html#webpage","url":"https:\/\/franciscanos.org.br\/noticias\/e-vos-quem-dizeis-que-eu-sou-jesus-espera-a-nossa-resposta-diz-frei-pedro.html","name":"\"E v\u00f3s, quem dizeis que eu sou?\". Jesus espera a nossa resposta, diz Frei Pedro - Not\u00edcias - Franciscanos","isPartOf":{"@id":"https:\/\/franciscanos.org.br\/noticias\/#website"},"primaryImageOfPage":{"@id":"https:\/\/franciscanos.org.br\/noticias\/e-vos-quem-dizeis-que-eu-sou-jesus-espera-a-nossa-resposta-diz-frei-pedro.html#primaryimage"},"datePublished":"2022-07-03T19:02:58+00:00","dateModified":"2023-01-03T16:35:22+00:00","author":{"@id":"https:\/\/franciscanos.org.br\/noticias\/#\/schema\/person\/b5c8cba458c330ccff548b056e95a5d4"},"breadcrumb":{"@id":"https:\/\/franciscanos.org.br\/noticias\/e-vos-quem-dizeis-que-eu-sou-jesus-espera-a-nossa-resposta-diz-frei-pedro.html#breadcrumb"},"inLanguage":"pt-BR","potentialAction":[{"@type":"ReadAction","target":["https:\/\/franciscanos.org.br\/noticias\/e-vos-quem-dizeis-que-eu-sou-jesus-espera-a-nossa-resposta-diz-frei-pedro.html"]}]},{"@type":"BreadcrumbList","@id":"https:\/\/franciscanos.org.br\/noticias\/e-vos-quem-dizeis-que-eu-sou-jesus-espera-a-nossa-resposta-diz-frei-pedro.html#breadcrumb","itemListElement":[{"@type":"ListItem","position":1,"name":"Home","item":"https:\/\/franciscanos.org.br\/noticias"},{"@type":"ListItem","position":2,"name":"&#8220;E v\u00f3s, quem dizeis que eu sou?&#8221;. Jesus espera a nossa resposta, diz Frei Pedro"}]},{"@type":"Person","@id":"https:\/\/franciscanos.org.br\/noticias\/#\/schema\/person\/b5c8cba458c330ccff548b056e95a5d4","name":"moacir","image":{"@type":"ImageObject","inLanguage":"pt-BR","@id":"https:\/\/franciscanos.org.br\/noticias\/#\/schema\/person\/image\/","url":"https:\/\/secure.gravatar.com\/avatar\/d08aa2ce4c8dd416d4479aa8536fcf64?s=96&d=mm&r=g","contentUrl":"https:\/\/secure.gravatar.com\/avatar\/d08aa2ce4c8dd416d4479aa8536fcf64?s=96&d=mm&r=g","caption":"moacir"},"url":"https:\/\/franciscanos.org.br\/noticias\/author\/moacir"}]}},"_links":{"self":[{"href":"https:\/\/franciscanos.org.br\/noticias\/wp-json\/wp\/v2\/posts\/238857"}],"collection":[{"href":"https:\/\/franciscanos.org.br\/noticias\/wp-json\/wp\/v2\/posts"}],"about":[{"href":"https:\/\/franciscanos.org.br\/noticias\/wp-json\/wp\/v2\/types\/post"}],"author":[{"embeddable":true,"href":"https:\/\/franciscanos.org.br\/noticias\/wp-json\/wp\/v2\/users\/3"}],"replies":[{"embeddable":true,"href":"https:\/\/franciscanos.org.br\/noticias\/wp-json\/wp\/v2\/comments?post=238857"}],"version-history":[{"count":5,"href":"https:\/\/franciscanos.org.br\/noticias\/wp-json\/wp\/v2\/posts\/238857\/revisions"}],"predecessor-version":[{"id":241495,"href":"https:\/\/franciscanos.org.br\/noticias\/wp-json\/wp\/v2\/posts\/238857\/revisions\/241495"}],"wp:featuredmedia":[{"embeddable":true,"href":"https:\/\/franciscanos.org.br\/noticias\/wp-json\/wp\/v2\/media\/238858"}],"wp:attachment":[{"href":"https:\/\/franciscanos.org.br\/noticias\/wp-json\/wp\/v2\/media?parent=238857"}],"wp:term":[{"taxonomy":"category","embeddable":true,"href":"https:\/\/franciscanos.org.br\/noticias\/wp-json\/wp\/v2\/categories?post=238857"},{"taxonomy":"post_tag","embeddable":true,"href":"https:\/\/franciscanos.org.br\/noticias\/wp-json\/wp\/v2\/tags?post=238857"}],"curies":[{"name":"wp","href":"https:\/\/api.w.org\/{rel}","templated":true}]}}