{"id":238853,"date":"2022-07-03T07:43:43","date_gmt":"2022-07-03T10:43:43","guid":{"rendered":"https:\/\/franciscanos.org.br\/noticias\/?p=238853"},"modified":"2022-07-03T07:44:16","modified_gmt":"2022-07-03T10:44:16","slug":"papa-missao-evangelizadora-testemunho-do-amor-fraterno","status":"publish","type":"post","link":"https:\/\/franciscanos.org.br\/noticias\/papa-missao-evangelizadora-testemunho-do-amor-fraterno.html","title":{"rendered":"Papa: miss\u00e3o evangelizadora, testemunho do amor fraterno"},"content":{"rendered":"<div id=\"attachment_238854\" style=\"width: 1510px\" class=\"wp-caption alignnone\"><img aria-describedby=\"caption-attachment-238854\" loading=\"lazy\" class=\"wp-image-238854 size-full\" src=\"https:\/\/franciscanos.org.br\/noticias\/wp-content\/uploads\/2022\/07\/angelus_03.jpeg\" alt=\"\" width=\"1500\" height=\"844\" srcset=\"https:\/\/franciscanos.org.br\/noticias\/wp-content\/uploads\/2022\/07\/angelus_03.jpeg 1500w, https:\/\/franciscanos.org.br\/noticias\/wp-content\/uploads\/2022\/07\/angelus_03-450x253.jpeg 450w, https:\/\/franciscanos.org.br\/noticias\/wp-content\/uploads\/2022\/07\/angelus_03-1024x576.jpeg 1024w, https:\/\/franciscanos.org.br\/noticias\/wp-content\/uploads\/2022\/07\/angelus_03-768x432.jpeg 768w, https:\/\/franciscanos.org.br\/noticias\/wp-content\/uploads\/2022\/07\/angelus_03-150x84.jpeg 150w\" sizes=\"(max-width: 1500px) 100vw, 1500px\" \/><p id=\"caption-attachment-238854\" class=\"wp-caption-text\">\u00a0 \u00a0 \u00a0 \u00a0 \u00a0 \u00a0 \u00a0 \u00a0 \u00a0 \u00a0 \u00a0 \u00a0 \u00a0 \u00a0 \u00a0 \u00a0 \u00a0 \u00a0 \u00a0 \u00a0 \u00a0 \u00a0 \u00a0 \u00a0 \u00a0 \u00a0 \u00a0 \u00a0 \u00a0 \u00a0 \u00a0 \u00a0 \u00a0 \u00a0 \u00a0 \u00a0 \u00a0 \u00a0 \u00a0 \u00a0 \u00a0 \u00a0 \u00a0 \u00a0 \u00a0 \u00a0 \u00a0 \u00a0 \u00a0 \u00a0 \u00a0 \u00a0<em> \u00a0 \u00a0 \u00a0 Imagem: Vatican Media<\/em><\/p><\/div>\n<p>No Angelus deste domingo, 3 de julho, o Papa Francisco falou sobre a miss\u00e3o evangelizadora que nos foi confiada por Cristo. Ao comentar o Evangelho disse: \u201cOs disc\u00edpulos foram enviados dois a dois, n\u00e3o individualmente. Ir em miss\u00e3o dois a dois, de um ponto de vista pr\u00e1tico, parece ter mais desvantagens do que vantagens. H\u00e1 o risco de que os dois n\u00e3o se entendam, que tenham um ritmo diferente, que um fique cansado ou doente pelo caminho, for\u00e7ando o outro a parar tamb\u00e9m\u201d. Entretanto, continua, Jesus n\u00e3o pensa assim, \u201cn\u00e3o envia solit\u00e1rios \u00e0 sua frente, mas disc\u00edpulos que v\u00e3o dois a dois. Perguntemo-nos: qual \u00e9 a raz\u00e3o desta escolha do Senhor?\u201d.<\/p>\n<p><strong>Mais sobre o testemunho do que sobre as palavras<\/strong><br \/>\n\u201cA tarefa dos disc\u00edpulos \u00e9 ir \u00e0 frente e preparar o povo para receber Jesus; e as instru\u00e7\u00f5es que Ele lhes d\u00e1 n\u00e3o s\u00e3o tanto sobre o que devem dizer, mas sobre como devem ser: mais sobre o testemunho a ser dado do que sobre as palavras a serem ditas: \u201cDe fato, os chama de oper\u00e1rios: isto \u00e9, s\u00e3o chamados a operar, a evangelizar atrav\u00e9s de seu comportamento. E a primeira a\u00e7\u00e3o concreta pela qual os disc\u00edpulos realizam sua miss\u00e3o \u00e9 precisamente a de ir dois a dois\u201d.<\/p>\n<p><strong>Disponibilidade para a fraternidade<\/strong><br \/>\nFrancisco continua: \u201cPode-se elaborar planos pastorais perfeitos, implementar projetos bem elaborados, organizar-se at\u00e9 os m\u00ednimos detalhes; pode-se convocar multid\u00f5es e ter muitos meios; mas se n\u00e3o houver disponibilidade para a fraternidade, a miss\u00e3o evang\u00e9lica n\u00e3o avan\u00e7a\u201d.<br \/>\nConcluindo seu pensamento Francisco afirma: \u201cA miss\u00e3o evangelizadora n\u00e3o se baseia no ativismo pessoal, ou seja, no \u2018fazer\u2019, mas no testemunho do amor fraterno, mesmo atrav\u00e9s das dificuldades que a conviv\u00eancia implica\u201d.<\/p>\n<p><strong>Respeitamos quem nos rodeia?<\/strong><br \/>\nPor fim o Papa pondera: \u201cEnt\u00e3o podemos nos perguntar: como levamos a boa nova do Evangelho aos outros? Fazemo-lo com esp\u00edrito e estilo fraterno, ou \u00e0 maneira do mundo, com protagonismo, competitividade e efici\u00eancia? Perguntemo-nos se temos a capacidade de colaborar, se sabemos tomar decis\u00f5es em conjunto, respeitando sinceramente quem nos rodeia e levando em conta seu ponto de vista. \u00c9 sobretudo desta maneira que a vida do disc\u00edpulo permite que a do Mestre transpare\u00e7a, anunciando-o verdadeiramente aos outros\u201d.<\/p>\n<hr \/>\n<p><em>Fonte: Vatican News (texto de Jane Nogara)<\/em><\/p>\n","protected":false},"excerpt":{"rendered":"<p>Angelus<\/p>\n","protected":false},"author":3,"featured_media":238854,"comment_status":"open","ping_status":"open","sticky":false,"template":"","format":"standard","meta":[],"categories":[1428],"tags":[403],"acf":[],"yoast_head":"<!-- This site is optimized with the Yoast SEO plugin v19.2 - https:\/\/yoast.com\/wordpress\/plugins\/seo\/ -->\n<title>Papa: miss\u00e3o evangelizadora, testemunho do amor fraterno - Not\u00edcias - Franciscanos<\/title>\n<meta name=\"robots\" content=\"index, follow, max-snippet:-1, max-image-preview:large, max-video-preview:-1\" \/>\n<link rel=\"canonical\" href=\"https:\/\/franciscanos.org.br\/noticias\/papa-missao-evangelizadora-testemunho-do-amor-fraterno.html\" \/>\n<meta property=\"og:locale\" content=\"pt_BR\" \/>\n<meta property=\"og:type\" content=\"article\" \/>\n<meta property=\"og:title\" content=\"Papa: miss\u00e3o evangelizadora, testemunho do amor fraterno - Not\u00edcias - Franciscanos\" \/>\n<meta property=\"og:description\" content=\"Angelus\" \/>\n<meta property=\"og:url\" content=\"https:\/\/franciscanos.org.br\/noticias\/papa-missao-evangelizadora-testemunho-do-amor-fraterno.html\" \/>\n<meta property=\"og:site_name\" content=\"Not\u00edcias - Franciscanos\" \/>\n<meta property=\"article:published_time\" content=\"2022-07-03T10:43:43+00:00\" \/>\n<meta property=\"article:modified_time\" content=\"2022-07-03T10:44:16+00:00\" \/>\n<meta property=\"og:image\" content=\"https:\/\/franciscanos.org.br\/noticias\/wp-content\/uploads\/2022\/07\/angelus_03.jpeg\" \/>\n\t<meta property=\"og:image:width\" content=\"1500\" \/>\n\t<meta property=\"og:image:height\" content=\"844\" \/>\n\t<meta property=\"og:image:type\" content=\"image\/jpeg\" \/>\n<meta name=\"author\" content=\"moacir\" \/>\n<meta name=\"twitter:card\" content=\"summary_large_image\" \/>\n<meta name=\"twitter:label1\" content=\"Escrito por\" \/>\n\t<meta name=\"twitter:data1\" content=\"moacir\" \/>\n\t<meta name=\"twitter:label2\" content=\"Est. tempo de leitura\" \/>\n\t<meta name=\"twitter:data2\" content=\"2 minutos\" \/>\n<script type=\"application\/ld+json\" class=\"yoast-schema-graph\">{\"@context\":\"https:\/\/schema.org\",\"@graph\":[{\"@type\":\"WebSite\",\"@id\":\"https:\/\/franciscanos.org.br\/noticias\/#website\",\"url\":\"https:\/\/franciscanos.org.br\/noticias\/\",\"name\":\"Not\u00edcias - Franciscanos\",\"description\":\"Prov\u00edncia Franciscana da Imaculada Concei\u00e7\u00e3o do Brasil - Ordem dos Frades Menores - OFM\",\"potentialAction\":[{\"@type\":\"SearchAction\",\"target\":{\"@type\":\"EntryPoint\",\"urlTemplate\":\"https:\/\/franciscanos.org.br\/noticias\/?s={search_term_string}\"},\"query-input\":\"required name=search_term_string\"}],\"inLanguage\":\"pt-BR\"},{\"@type\":\"ImageObject\",\"inLanguage\":\"pt-BR\",\"@id\":\"https:\/\/franciscanos.org.br\/noticias\/papa-missao-evangelizadora-testemunho-do-amor-fraterno.html#primaryimage\",\"url\":\"https:\/\/franciscanos.org.br\/noticias\/wp-content\/uploads\/2022\/07\/angelus_03.jpeg\",\"contentUrl\":\"https:\/\/franciscanos.org.br\/noticias\/wp-content\/uploads\/2022\/07\/angelus_03.jpeg\",\"width\":1500,\"height\":844},{\"@type\":\"WebPage\",\"@id\":\"https:\/\/franciscanos.org.br\/noticias\/papa-missao-evangelizadora-testemunho-do-amor-fraterno.html#webpage\",\"url\":\"https:\/\/franciscanos.org.br\/noticias\/papa-missao-evangelizadora-testemunho-do-amor-fraterno.html\",\"name\":\"Papa: miss\u00e3o evangelizadora, testemunho do amor fraterno - Not\u00edcias - Franciscanos\",\"isPartOf\":{\"@id\":\"https:\/\/franciscanos.org.br\/noticias\/#website\"},\"primaryImageOfPage\":{\"@id\":\"https:\/\/franciscanos.org.br\/noticias\/papa-missao-evangelizadora-testemunho-do-amor-fraterno.html#primaryimage\"},\"datePublished\":\"2022-07-03T10:43:43+00:00\",\"dateModified\":\"2022-07-03T10:44:16+00:00\",\"author\":{\"@id\":\"https:\/\/franciscanos.org.br\/noticias\/#\/schema\/person\/b5c8cba458c330ccff548b056e95a5d4\"},\"breadcrumb\":{\"@id\":\"https:\/\/franciscanos.org.br\/noticias\/papa-missao-evangelizadora-testemunho-do-amor-fraterno.html#breadcrumb\"},\"inLanguage\":\"pt-BR\",\"potentialAction\":[{\"@type\":\"ReadAction\",\"target\":[\"https:\/\/franciscanos.org.br\/noticias\/papa-missao-evangelizadora-testemunho-do-amor-fraterno.html\"]}]},{\"@type\":\"BreadcrumbList\",\"@id\":\"https:\/\/franciscanos.org.br\/noticias\/papa-missao-evangelizadora-testemunho-do-amor-fraterno.html#breadcrumb\",\"itemListElement\":[{\"@type\":\"ListItem\",\"position\":1,\"name\":\"Home\",\"item\":\"https:\/\/franciscanos.org.br\/noticias\"},{\"@type\":\"ListItem\",\"position\":2,\"name\":\"Papa: miss\u00e3o evangelizadora, testemunho do amor fraterno\"}]},{\"@type\":\"Person\",\"@id\":\"https:\/\/franciscanos.org.br\/noticias\/#\/schema\/person\/b5c8cba458c330ccff548b056e95a5d4\",\"name\":\"moacir\",\"image\":{\"@type\":\"ImageObject\",\"inLanguage\":\"pt-BR\",\"@id\":\"https:\/\/franciscanos.org.br\/noticias\/#\/schema\/person\/image\/\",\"url\":\"https:\/\/secure.gravatar.com\/avatar\/d08aa2ce4c8dd416d4479aa8536fcf64?s=96&d=mm&r=g\",\"contentUrl\":\"https:\/\/secure.gravatar.com\/avatar\/d08aa2ce4c8dd416d4479aa8536fcf64?s=96&d=mm&r=g\",\"caption\":\"moacir\"},\"url\":\"https:\/\/franciscanos.org.br\/noticias\/author\/moacir\"}]}<\/script>\n<!-- \/ Yoast SEO plugin. -->","yoast_head_json":{"title":"Papa: miss\u00e3o evangelizadora, testemunho do amor fraterno - Not\u00edcias - Franciscanos","robots":{"index":"index","follow":"follow","max-snippet":"max-snippet:-1","max-image-preview":"max-image-preview:large","max-video-preview":"max-video-preview:-1"},"canonical":"https:\/\/franciscanos.org.br\/noticias\/papa-missao-evangelizadora-testemunho-do-amor-fraterno.html","og_locale":"pt_BR","og_type":"article","og_title":"Papa: miss\u00e3o evangelizadora, testemunho do amor fraterno - Not\u00edcias - Franciscanos","og_description":"Angelus","og_url":"https:\/\/franciscanos.org.br\/noticias\/papa-missao-evangelizadora-testemunho-do-amor-fraterno.html","og_site_name":"Not\u00edcias - Franciscanos","article_published_time":"2022-07-03T10:43:43+00:00","article_modified_time":"2022-07-03T10:44:16+00:00","og_image":[{"width":1500,"height":844,"url":"https:\/\/franciscanos.org.br\/noticias\/wp-content\/uploads\/2022\/07\/angelus_03.jpeg","type":"image\/jpeg"}],"author":"moacir","twitter_card":"summary_large_image","twitter_misc":{"Escrito por":"moacir","Est. tempo de leitura":"2 minutos"},"schema":{"@context":"https:\/\/schema.org","@graph":[{"@type":"WebSite","@id":"https:\/\/franciscanos.org.br\/noticias\/#website","url":"https:\/\/franciscanos.org.br\/noticias\/","name":"Not\u00edcias - Franciscanos","description":"Prov\u00edncia Franciscana da Imaculada Concei\u00e7\u00e3o do Brasil - Ordem dos Frades Menores - OFM","potentialAction":[{"@type":"SearchAction","target":{"@type":"EntryPoint","urlTemplate":"https:\/\/franciscanos.org.br\/noticias\/?s={search_term_string}"},"query-input":"required name=search_term_string"}],"inLanguage":"pt-BR"},{"@type":"ImageObject","inLanguage":"pt-BR","@id":"https:\/\/franciscanos.org.br\/noticias\/papa-missao-evangelizadora-testemunho-do-amor-fraterno.html#primaryimage","url":"https:\/\/franciscanos.org.br\/noticias\/wp-content\/uploads\/2022\/07\/angelus_03.jpeg","contentUrl":"https:\/\/franciscanos.org.br\/noticias\/wp-content\/uploads\/2022\/07\/angelus_03.jpeg","width":1500,"height":844},{"@type":"WebPage","@id":"https:\/\/franciscanos.org.br\/noticias\/papa-missao-evangelizadora-testemunho-do-amor-fraterno.html#webpage","url":"https:\/\/franciscanos.org.br\/noticias\/papa-missao-evangelizadora-testemunho-do-amor-fraterno.html","name":"Papa: miss\u00e3o evangelizadora, testemunho do amor fraterno - Not\u00edcias - Franciscanos","isPartOf":{"@id":"https:\/\/franciscanos.org.br\/noticias\/#website"},"primaryImageOfPage":{"@id":"https:\/\/franciscanos.org.br\/noticias\/papa-missao-evangelizadora-testemunho-do-amor-fraterno.html#primaryimage"},"datePublished":"2022-07-03T10:43:43+00:00","dateModified":"2022-07-03T10:44:16+00:00","author":{"@id":"https:\/\/franciscanos.org.br\/noticias\/#\/schema\/person\/b5c8cba458c330ccff548b056e95a5d4"},"breadcrumb":{"@id":"https:\/\/franciscanos.org.br\/noticias\/papa-missao-evangelizadora-testemunho-do-amor-fraterno.html#breadcrumb"},"inLanguage":"pt-BR","potentialAction":[{"@type":"ReadAction","target":["https:\/\/franciscanos.org.br\/noticias\/papa-missao-evangelizadora-testemunho-do-amor-fraterno.html"]}]},{"@type":"BreadcrumbList","@id":"https:\/\/franciscanos.org.br\/noticias\/papa-missao-evangelizadora-testemunho-do-amor-fraterno.html#breadcrumb","itemListElement":[{"@type":"ListItem","position":1,"name":"Home","item":"https:\/\/franciscanos.org.br\/noticias"},{"@type":"ListItem","position":2,"name":"Papa: miss\u00e3o evangelizadora, testemunho do amor fraterno"}]},{"@type":"Person","@id":"https:\/\/franciscanos.org.br\/noticias\/#\/schema\/person\/b5c8cba458c330ccff548b056e95a5d4","name":"moacir","image":{"@type":"ImageObject","inLanguage":"pt-BR","@id":"https:\/\/franciscanos.org.br\/noticias\/#\/schema\/person\/image\/","url":"https:\/\/secure.gravatar.com\/avatar\/d08aa2ce4c8dd416d4479aa8536fcf64?s=96&d=mm&r=g","contentUrl":"https:\/\/secure.gravatar.com\/avatar\/d08aa2ce4c8dd416d4479aa8536fcf64?s=96&d=mm&r=g","caption":"moacir"},"url":"https:\/\/franciscanos.org.br\/noticias\/author\/moacir"}]}},"_links":{"self":[{"href":"https:\/\/franciscanos.org.br\/noticias\/wp-json\/wp\/v2\/posts\/238853"}],"collection":[{"href":"https:\/\/franciscanos.org.br\/noticias\/wp-json\/wp\/v2\/posts"}],"about":[{"href":"https:\/\/franciscanos.org.br\/noticias\/wp-json\/wp\/v2\/types\/post"}],"author":[{"embeddable":true,"href":"https:\/\/franciscanos.org.br\/noticias\/wp-json\/wp\/v2\/users\/3"}],"replies":[{"embeddable":true,"href":"https:\/\/franciscanos.org.br\/noticias\/wp-json\/wp\/v2\/comments?post=238853"}],"version-history":[{"count":2,"href":"https:\/\/franciscanos.org.br\/noticias\/wp-json\/wp\/v2\/posts\/238853\/revisions"}],"predecessor-version":[{"id":238856,"href":"https:\/\/franciscanos.org.br\/noticias\/wp-json\/wp\/v2\/posts\/238853\/revisions\/238856"}],"wp:featuredmedia":[{"embeddable":true,"href":"https:\/\/franciscanos.org.br\/noticias\/wp-json\/wp\/v2\/media\/238854"}],"wp:attachment":[{"href":"https:\/\/franciscanos.org.br\/noticias\/wp-json\/wp\/v2\/media?parent=238853"}],"wp:term":[{"taxonomy":"category","embeddable":true,"href":"https:\/\/franciscanos.org.br\/noticias\/wp-json\/wp\/v2\/categories?post=238853"},{"taxonomy":"post_tag","embeddable":true,"href":"https:\/\/franciscanos.org.br\/noticias\/wp-json\/wp\/v2\/tags?post=238853"}],"curies":[{"name":"wp","href":"https:\/\/api.w.org\/{rel}","templated":true}]}}