{"id":238836,"date":"2022-07-02T23:10:53","date_gmt":"2022-07-03T02:10:53","guid":{"rendered":"https:\/\/franciscanos.org.br\/noticias\/?p=238836"},"modified":"2023-01-03T13:36:15","modified_gmt":"2023-01-03T16:36:15","slug":"encerramento-do-triduo-se-aqui-estamos-e-por-causa-dessa-rocha-firme-diz-frei-aldolino","status":"publish","type":"post","link":"https:\/\/franciscanos.org.br\/noticias\/encerramento-do-triduo-se-aqui-estamos-e-por-causa-dessa-rocha-firme-diz-frei-aldolino.html","title":{"rendered":"Encerramento do Tr\u00edduo: \u201cSe aqui estamos \u00e9 por causa dessa rocha firme\u201d, diz Frei Aldolino"},"content":{"rendered":"<p><img loading=\"lazy\" class=\"alignnone size-full wp-image-238837\" src=\"https:\/\/franciscanos.org.br\/noticias\/wp-content\/uploads\/2022\/07\/encerramento_0207_4.jpg\" alt=\"\" width=\"1280\" height=\"720\" srcset=\"https:\/\/franciscanos.org.br\/noticias\/wp-content\/uploads\/2022\/07\/encerramento_0207_4.jpg 1280w, https:\/\/franciscanos.org.br\/noticias\/wp-content\/uploads\/2022\/07\/encerramento_0207_4-450x253.jpg 450w, https:\/\/franciscanos.org.br\/noticias\/wp-content\/uploads\/2022\/07\/encerramento_0207_4-1024x576.jpg 1024w, https:\/\/franciscanos.org.br\/noticias\/wp-content\/uploads\/2022\/07\/encerramento_0207_4-768x432.jpg 768w, https:\/\/franciscanos.org.br\/noticias\/wp-content\/uploads\/2022\/07\/encerramento_0207_4-150x84.jpg 150w\" sizes=\"(max-width: 1280px) 100vw, 1280px\" \/><\/p>\n<p><strong>Gaspar (SC)<\/strong> &#8211; Terminou nesta sexta-feira, 2 de julho, o Tr\u00edduo preparat\u00f3rio para a 172\u00aa Festa de S\u00e3o Pedro Ap\u00f3stolo, em Gaspar (SC), durante a Celebra\u00e7\u00e3o Eucar\u00edstica, \u00e0s 19 horas, presidida por Frei Aldolino Bankhardt e concelebrada pelo p\u00e1roco Frei Pedro da Silva e Frei Jhones Martins.<\/p>\n<p>Segundo o pregador, a prepara\u00e7\u00e3o para a Festa durou algumas semanas e se fez de maneira significativa, levando mais do que a imagem do Padroeiro S\u00e3o Pedro \u00e0s 17 comunidades desta Par\u00f3quia. Um tema maior foi emoldurado pela espiritualidade de S\u00e3o Francisco e S\u00e3o Pedro: \u201cCom S\u00e3o Pedro e S\u00e3o Francisco, somos instrumentos do amor e da paz\u201d. Hoje, o Tr\u00edduo se fecha com o tema: &#8220;Pedro funda a Igreja dos irm\u00e3os que partilhavam tudo entre si. Francisco deixa o legado da pobreza a todos os irm\u00e3os\u201d.<\/p>\n<p><img loading=\"lazy\" class=\"alignnone size-full wp-image-238838\" src=\"https:\/\/franciscanos.org.br\/noticias\/wp-content\/uploads\/2022\/07\/encerramento_0207_3.jpg\" alt=\"\" width=\"1280\" height=\"820\" srcset=\"https:\/\/franciscanos.org.br\/noticias\/wp-content\/uploads\/2022\/07\/encerramento_0207_3.jpg 1280w, https:\/\/franciscanos.org.br\/noticias\/wp-content\/uploads\/2022\/07\/encerramento_0207_3-450x288.jpg 450w, https:\/\/franciscanos.org.br\/noticias\/wp-content\/uploads\/2022\/07\/encerramento_0207_3-1024x656.jpg 1024w, https:\/\/franciscanos.org.br\/noticias\/wp-content\/uploads\/2022\/07\/encerramento_0207_3-768x492.jpg 768w, https:\/\/franciscanos.org.br\/noticias\/wp-content\/uploads\/2022\/07\/encerramento_0207_3-150x96.jpg 150w\" sizes=\"(max-width: 1280px) 100vw, 1280px\" \/><\/p>\n<p>&#8220;Queremos finalizar o nosso ocular sobre S\u00e3o Pedro e S\u00e3o Francisco, n\u00e3o porque esgotamos todos os assuntos, mas fechamos o calend\u00e1rio de prepara\u00e7\u00e3o hoje. Amanh\u00e3, na solene festa, temos a Missa de A\u00e7\u00e3o de Gra\u00e7as&#8221;, explicou.<\/p>\n<p>&#8220;Queremos olhar para S\u00e3o Pedro, que funda a Igreja dos irm\u00e3os, e queremos recordar a rocha firme que foi a base de S\u00e3o Pedro. A sua profiss\u00e3o de f\u00e9 diante da pergunta de Jesus: &#8216;Quem sou eu para ti&#8217;, ele, em nome da comunidade dos disc\u00edpulos, diz: &#8216;Tu \u00e9s o Filho de Deus&#8217;. E Jesus diz: &#8216;Essa tua profiss\u00e3o de f\u00e9, Pedro, \u00e9 a rocha firme sob a qual eu edificarei toda a minha Igreja&#8217;. Ent\u00e3o, se aqui estamos, \u00e9 por causa dessa rocha firme que foi profiss\u00e3o de f\u00e9 de Pedro. Esse foi o fundamento da Igreja&#8221;, ressaltou o celebrante.<\/p>\n<p>&nbsp;<\/p>\n<p>Para o frade, depois da ascens\u00e3o de Jesus aos c\u00e9us, Pedro, coordenando os disc\u00edpulos, liderando e animando a comunidade-m\u00e3e em Jerusal\u00e9m, a faz sob quatro esteios, quatro vigas-mestras. &#8220;Quem nos conta \u00e9 Lucas nos Atos dos Ap\u00f3stolos, cap\u00edtulo 2. Os crist\u00e3os da comunidade primitiva de Jerusal\u00e9m eram um s\u00f3 cora\u00e7\u00e3o, ficavam unidos em torno da doutrina de Jesus Cristo que veio atrav\u00e9s dos ap\u00f3stolos. Foi o primeiro esteio da comunidade que Pedro animou, a unidade, a firmeza em torno dos ensinamentos de Jesus&#8221;, recordou.<\/p>\n<p><img loading=\"lazy\" class=\"alignnone size-full wp-image-238839\" src=\"https:\/\/franciscanos.org.br\/noticias\/wp-content\/uploads\/2022\/07\/encerramento_0207_2.jpg\" alt=\"\" width=\"1280\" height=\"820\" srcset=\"https:\/\/franciscanos.org.br\/noticias\/wp-content\/uploads\/2022\/07\/encerramento_0207_2.jpg 1280w, https:\/\/franciscanos.org.br\/noticias\/wp-content\/uploads\/2022\/07\/encerramento_0207_2-450x288.jpg 450w, https:\/\/franciscanos.org.br\/noticias\/wp-content\/uploads\/2022\/07\/encerramento_0207_2-1024x656.jpg 1024w, https:\/\/franciscanos.org.br\/noticias\/wp-content\/uploads\/2022\/07\/encerramento_0207_2-768x492.jpg 768w, https:\/\/franciscanos.org.br\/noticias\/wp-content\/uploads\/2022\/07\/encerramento_0207_2-150x96.jpg 150w\" sizes=\"(max-width: 1280px) 100vw, 1280px\" \/><\/p>\n<p>O segundo esteio, conta Frei Aldolino, \u00e9 a ora\u00e7\u00e3o comunit\u00e1ria. &#8220;Os crist\u00e3os iam juntos ao templo rezar. Na \u00e9poca, isto foi uma grande novidade. Os judeus rezam individualmente no templo. Pedro anima a comunidade para rezar unidos&#8221;, enumera.<\/p>\n<p>Depois, no terceiro esteio est\u00e1 a Eucaristia. &#8220;Partiam o p\u00e3o nas casas e tomavam a comida com alegria e singeleza de cora\u00e7\u00e3o, louvando a Deus e cativando a simpatia de todo o povo. E \u00e9 t\u00e3o importante isso, quando o jornalista judeu leigo Fl\u00e1vio Jos\u00e9, fazendo uma reportagem para o imperador C\u00e9sar sobre os crist\u00e3os, escreve: &#8216;\u00c9 um grupo que segue o Nazareno, que foi crucificado, que eles dizem que ressuscitou e levantam de madrugada, no primeiro dia da semana, domingo para judeus, e celebram o que chamam de Eucaristia&#8217;. At\u00e9 um leigo judeu definia os crist\u00e3os pela Eucaristia&#8221;, observou o frade.<\/p>\n<p>Em quarto e \u00faltimo esteio, o s\u00edmbolo da comunidade: &#8220;Todos os fi\u00e9is viviam unidos e tinham tudo em comum. Vendiam as suas propriedades e os seus bens, e dividiam-nos por todos, segundo a necessidade de cada um. Vida em comunidade. Este \u00e9 Pedro, que funda sua comunidade, e partilha tudo, vive em comunh\u00e3o&#8221;.<\/p>\n<div id=\"attachment_238840\" style=\"width: 1290px\" class=\"wp-caption alignnone\"><img aria-describedby=\"caption-attachment-238840\" loading=\"lazy\" class=\"wp-image-238840 size-full\" src=\"https:\/\/franciscanos.org.br\/noticias\/wp-content\/uploads\/2022\/07\/encerramento_0207_7.jpg\" alt=\"\" width=\"1280\" height=\"853\" srcset=\"https:\/\/franciscanos.org.br\/noticias\/wp-content\/uploads\/2022\/07\/encerramento_0207_7.jpg 1280w, https:\/\/franciscanos.org.br\/noticias\/wp-content\/uploads\/2022\/07\/encerramento_0207_7-450x300.jpg 450w, https:\/\/franciscanos.org.br\/noticias\/wp-content\/uploads\/2022\/07\/encerramento_0207_7-1024x682.jpg 1024w, https:\/\/franciscanos.org.br\/noticias\/wp-content\/uploads\/2022\/07\/encerramento_0207_7-768x512.jpg 768w, https:\/\/franciscanos.org.br\/noticias\/wp-content\/uploads\/2022\/07\/encerramento_0207_7-150x100.jpg 150w\" sizes=\"(max-width: 1280px) 100vw, 1280px\" \/><p id=\"caption-attachment-238840\" class=\"wp-caption-text\"><em>A beleza da liturgia nas vozes da Fam\u00edlia de cantores<\/em><\/p><\/div>\n<p>S\u00e3o Francisco, segundo o tema de hoje, nos deixa o legado da pobreza a todos os irm\u00e3os. A busca da pobreza visa a se despojar de si para estar mais aberto ao Pai. S\u00e3o Francisco v\u00ea a pobreza como uma virtude e servi\u00e7o. &#8220;Para ele, tudo o que queria \u00e9 imitar o Cristo Jesus, pobre e crucificado. S\u00e3o Francisco n\u00e3o quer ter nada de bens materiais, n\u00e3o faz o culto do ego, para estar livre para doar-se, partilhar-se, servir aos irm\u00e3os e a Deus nosso Pai&#8221;, explicou o frade.<\/p>\n<p>&#8220;Celebrar o Padroeiro \u00e9 imitar suas virtudes. Vamos pedir, ent\u00e3o, a intercess\u00e3o de S\u00e3o Pedro, que nos d\u00ea aquela firmeza de f\u00e9, que nos fa\u00e7a afirmar que Jesus \u00e9 o Filho de Deus, nosso caminho, nossa verdade, nossa vida. E que esta profiss\u00e3o de nossa f\u00e9 seja agora a rocha firme que Jesus nos far\u00e1 seus disc\u00edpulos. Pe\u00e7amos a intercess\u00e3o de S\u00e3o Pedro para que vivamos em nossa comunidade, em nossa fam\u00edlia, esses quatro esteios da comunidade que ele animou&#8221;, concluiu.<\/p>\n<p>Neste domingo, 3 de julho, \u00e0s 9h, a tradicional Missa Solene com os Festeiros. No mesmo hor\u00e1rio, a Festa inicia com completo servi\u00e7o de bar e cozinha, roda da fortuna, pescaria, pinh\u00e3o, bingo e churrasco. A partir das 11h, o leil\u00e3o de gado e, finalizando a grandiosa festa, \u00e0s 19h, acontece a \u00faltima Missa em homenagem ao Padroeiro. A tradicional prociss\u00e3o n\u00e1utica pelo rio Itaja\u00ed-A\u00e7u n\u00e3o ser\u00e1 realizada este ano porque a comiss\u00e3o organizadora entendeu que o momento \u00e9 inadequado diante dos cuidados com a pandemia, que ainda n\u00e3o acabou.<\/p>\n<p><img loading=\"lazy\" class=\"alignnone size-full wp-image-238841\" src=\"https:\/\/franciscanos.org.br\/noticias\/wp-content\/uploads\/2022\/07\/encerramento_0207_5.jpg\" alt=\"\" width=\"1280\" height=\"853\" srcset=\"https:\/\/franciscanos.org.br\/noticias\/wp-content\/uploads\/2022\/07\/encerramento_0207_5.jpg 1280w, https:\/\/franciscanos.org.br\/noticias\/wp-content\/uploads\/2022\/07\/encerramento_0207_5-450x300.jpg 450w, https:\/\/franciscanos.org.br\/noticias\/wp-content\/uploads\/2022\/07\/encerramento_0207_5-1024x682.jpg 1024w, https:\/\/franciscanos.org.br\/noticias\/wp-content\/uploads\/2022\/07\/encerramento_0207_5-768x512.jpg 768w, https:\/\/franciscanos.org.br\/noticias\/wp-content\/uploads\/2022\/07\/encerramento_0207_5-150x100.jpg 150w\" sizes=\"(max-width: 1280px) 100vw, 1280px\" \/><\/p>\n<p><strong>MISSA DA CATEQUESE<\/strong><\/p>\n<p>Pais, m\u00e3es, catequistas e catequizandos lotaram a Matriz de Gaspar para a Missa da Catequese, \u00e0s 16 horas. Muitas pessoas tiveram que ficar do lado de fora da igreja. O presidente da Celebra\u00e7\u00e3o Eucar\u00edstica, o p\u00e1roco Frei Pedro da Silva, falou com emo\u00e7\u00e3o de ver a grande presen\u00e7a das crian\u00e7as e jovens na Missa, que vieram das 17 comunidades da Par\u00f3quia.<\/p>\n<p>&#8220;Um cora\u00e7\u00e3o que est\u00e1 feliz, alegre, ele sempre tem desejo de externar sentimentos, sobretudo quando esses sentimentos s\u00e3o de louvor a Deus. Por isso, meu sentimento \u00e9 de profunda gratid\u00e3o, alegria e emo\u00e7\u00e3o. Quero falar deste sentimento de gratid\u00e3o porque justamente estou completando meu quinto m\u00eas nesta Par\u00f3quia. J\u00e1 tivemos momentos t\u00e3o bonitos e significativos, mas este momento agora me parece que \u00e9 um dos grandes momentos que leva o cora\u00e7\u00e3o de um sacerdote, de um frade, bendizer e louvar a Deus. E desse louvor eu tenho certeza que n\u00e3o estou sozinho. Estamos todos juntos&#8221;, revelou o frade.<\/p>\n<p><img loading=\"lazy\" class=\"alignnone size-full wp-image-238842\" src=\"https:\/\/franciscanos.org.br\/noticias\/wp-content\/uploads\/2022\/07\/encerramento_0207_6.jpg\" alt=\"\" width=\"1280\" height=\"853\" srcset=\"https:\/\/franciscanos.org.br\/noticias\/wp-content\/uploads\/2022\/07\/encerramento_0207_6.jpg 1280w, https:\/\/franciscanos.org.br\/noticias\/wp-content\/uploads\/2022\/07\/encerramento_0207_6-450x300.jpg 450w, https:\/\/franciscanos.org.br\/noticias\/wp-content\/uploads\/2022\/07\/encerramento_0207_6-1024x682.jpg 1024w, https:\/\/franciscanos.org.br\/noticias\/wp-content\/uploads\/2022\/07\/encerramento_0207_6-768x512.jpg 768w, https:\/\/franciscanos.org.br\/noticias\/wp-content\/uploads\/2022\/07\/encerramento_0207_6-150x100.jpg 150w\" sizes=\"(max-width: 1280px) 100vw, 1280px\" \/><\/p>\n<p>Outro momento de gratid\u00e3o, Frei Pedro dirigiu-se, primeiramente, a Deus pelos catequistas. &#8220;Homens e mulheres que assumem a miss\u00e3o de evangelizar, de levar a Palavra de Deus. Catequista pela sua vida, pela sua miss\u00e3o, \u00e9 aquele que continua a fazer a voz de Jesus ecoar ao longo dos tempos at\u00e9 chegar no cora\u00e7\u00e3o de cada um. Jesus Cristo foi o primeiro grande catequista e depois Jesus confiou aos ap\u00f3stolos, que foram os primeiros catequistas e como n\u00e3o destacar o grande catequista S\u00e3o Pedro? O grande catequista S\u00e3o Paulo? A tal ponto que a nossa f\u00e9 \u00e9 chamada apost\u00f3lica&#8221;, lembrou.<\/p>\n<p>Depois, dirigiu seu agradecimento aos pais e m\u00e3es e toda fam\u00edlia. &#8220;S\u00e3o os segundos catequistas. Como n\u00f3s aprendemos as primeiras li\u00e7\u00f5es da catequese? Qual a primeira li\u00e7\u00e3o? N\u00e3o \u00e9 o sinal da cruz?\u00a0 Mas, primeiramente, a catequese come\u00e7a no cora\u00e7\u00e3o da m\u00e3e, no ventre materno, no seio da fam\u00edlia. Porque sabemos bem que a fam\u00edlia \u00e9 o ber\u00e7o da f\u00e9. Muito obrigado, pai e m\u00e3e, por poder continuar a miss\u00e3o da catequese de Jesus&#8221;, disse.<\/p>\n\n\t\t<style type=\"text\/css\">\n\t\t\t#gallery-1 {\n\t\t\t\tmargin: auto;\n\t\t\t}\n\t\t\t#gallery-1 .gallery-item {\n\t\t\t\tfloat: left;\n\t\t\t\tmargin-top: 10px;\n\t\t\t\ttext-align: center;\n\t\t\t\twidth: 16%;\n\t\t\t}\n\t\t\t#gallery-1 img {\n\t\t\t\tborder: 2px solid #cfcfcf;\n\t\t\t}\n\t\t\t#gallery-1 .gallery-caption {\n\t\t\t\tmargin-left: 0;\n\t\t\t}\n\t\t\t\/* see gallery_shortcode() in wp-includes\/media.php *\/\n\t\t<\/style>\n\t\t<div id='gallery-1' class='gallery galleryid-238836 gallery-columns-6 gallery-size-thumbnail'><dl class='gallery-item'>\n\t\t\t<dt class='gallery-icon landscape'>\n\t\t\t\t<a href='https:\/\/franciscanos.org.br\/noticias\/wp-content\/uploads\/2022\/07\/encerramento_0207_8.jpg'><img width=\"300\" height=\"300\" src=\"https:\/\/franciscanos.org.br\/noticias\/wp-content\/uploads\/2022\/07\/encerramento_0207_8-300x300.jpg\" class=\"attachment-thumbnail size-thumbnail\" alt=\"\" loading=\"lazy\" srcset=\"https:\/\/franciscanos.org.br\/noticias\/wp-content\/uploads\/2022\/07\/encerramento_0207_8-300x300.jpg 300w, https:\/\/franciscanos.org.br\/noticias\/wp-content\/uploads\/2022\/07\/encerramento_0207_8-100x100.jpg 100w\" sizes=\"(max-width: 300px) 100vw, 300px\" \/><\/a>\n\t\t\t<\/dt><\/dl><dl class='gallery-item'>\n\t\t\t<dt class='gallery-icon landscape'>\n\t\t\t\t<a href='https:\/\/franciscanos.org.br\/noticias\/wp-content\/uploads\/2022\/07\/encerramento_0207_9.jpg'><img width=\"300\" height=\"300\" src=\"https:\/\/franciscanos.org.br\/noticias\/wp-content\/uploads\/2022\/07\/encerramento_0207_9-300x300.jpg\" class=\"attachment-thumbnail size-thumbnail\" alt=\"\" loading=\"lazy\" srcset=\"https:\/\/franciscanos.org.br\/noticias\/wp-content\/uploads\/2022\/07\/encerramento_0207_9-300x300.jpg 300w, https:\/\/franciscanos.org.br\/noticias\/wp-content\/uploads\/2022\/07\/encerramento_0207_9-100x100.jpg 100w\" sizes=\"(max-width: 300px) 100vw, 300px\" \/><\/a>\n\t\t\t<\/dt><\/dl><dl class='gallery-item'>\n\t\t\t<dt class='gallery-icon landscape'>\n\t\t\t\t<a href='https:\/\/franciscanos.org.br\/noticias\/wp-content\/uploads\/2022\/07\/encerramento_0207_10.jpg'><img width=\"300\" height=\"300\" src=\"https:\/\/franciscanos.org.br\/noticias\/wp-content\/uploads\/2022\/07\/encerramento_0207_10-300x300.jpg\" class=\"attachment-thumbnail size-thumbnail\" alt=\"\" loading=\"lazy\" srcset=\"https:\/\/franciscanos.org.br\/noticias\/wp-content\/uploads\/2022\/07\/encerramento_0207_10-300x300.jpg 300w, https:\/\/franciscanos.org.br\/noticias\/wp-content\/uploads\/2022\/07\/encerramento_0207_10-100x100.jpg 100w\" sizes=\"(max-width: 300px) 100vw, 300px\" \/><\/a>\n\t\t\t<\/dt><\/dl><dl class='gallery-item'>\n\t\t\t<dt class='gallery-icon landscape'>\n\t\t\t\t<a href='https:\/\/franciscanos.org.br\/noticias\/wp-content\/uploads\/2022\/07\/encerramento_0207_11.jpg'><img width=\"300\" height=\"300\" src=\"https:\/\/franciscanos.org.br\/noticias\/wp-content\/uploads\/2022\/07\/encerramento_0207_11-300x300.jpg\" class=\"attachment-thumbnail size-thumbnail\" alt=\"\" loading=\"lazy\" srcset=\"https:\/\/franciscanos.org.br\/noticias\/wp-content\/uploads\/2022\/07\/encerramento_0207_11-300x300.jpg 300w, https:\/\/franciscanos.org.br\/noticias\/wp-content\/uploads\/2022\/07\/encerramento_0207_11-100x100.jpg 100w\" sizes=\"(max-width: 300px) 100vw, 300px\" \/><\/a>\n\t\t\t<\/dt><\/dl><dl class='gallery-item'>\n\t\t\t<dt class='gallery-icon landscape'>\n\t\t\t\t<a href='https:\/\/franciscanos.org.br\/noticias\/wp-content\/uploads\/2022\/07\/encerramento_0207_13.jpg'><img width=\"300\" height=\"300\" src=\"https:\/\/franciscanos.org.br\/noticias\/wp-content\/uploads\/2022\/07\/encerramento_0207_13-300x300.jpg\" class=\"attachment-thumbnail size-thumbnail\" alt=\"\" loading=\"lazy\" srcset=\"https:\/\/franciscanos.org.br\/noticias\/wp-content\/uploads\/2022\/07\/encerramento_0207_13-300x300.jpg 300w, https:\/\/franciscanos.org.br\/noticias\/wp-content\/uploads\/2022\/07\/encerramento_0207_13-100x100.jpg 100w\" sizes=\"(max-width: 300px) 100vw, 300px\" \/><\/a>\n\t\t\t<\/dt><\/dl><dl class='gallery-item'>\n\t\t\t<dt class='gallery-icon landscape'>\n\t\t\t\t<a href='https:\/\/franciscanos.org.br\/noticias\/wp-content\/uploads\/2022\/07\/encerramento_0207_14.jpg'><img width=\"300\" height=\"300\" src=\"https:\/\/franciscanos.org.br\/noticias\/wp-content\/uploads\/2022\/07\/encerramento_0207_14-300x300.jpg\" class=\"attachment-thumbnail size-thumbnail\" alt=\"\" loading=\"lazy\" srcset=\"https:\/\/franciscanos.org.br\/noticias\/wp-content\/uploads\/2022\/07\/encerramento_0207_14-300x300.jpg 300w, https:\/\/franciscanos.org.br\/noticias\/wp-content\/uploads\/2022\/07\/encerramento_0207_14-100x100.jpg 100w\" sizes=\"(max-width: 300px) 100vw, 300px\" \/><\/a>\n\t\t\t<\/dt><\/dl><br style=\"clear: both\" \/>\n\t\t<\/div>\n\n<p><em> \u00a0 \u00a0 \u00a0 (toque nas imagens para ampli\u00e1-las)<\/em><\/p>\n<p>Frei Pedro, ent\u00e3o falou da gratid\u00e3o \u00e0 comunidade: &#8220;\u00c9 na comunidade que n\u00f3s encontramos Jesus. N\u00f3s somos respons\u00e1veis na educa\u00e7\u00e3o da f\u00e9&#8221;.<\/p>\n<p>&#8220;E o quarto muito obrigado \u00e9 para voc\u00ea, querido catequizando, catequizanda. Esse \u00e9 o gesto mais importante de toda a miss\u00e3o da Igreja porque a Igreja diz que a catequese \u00e9 atividade fundamental da sua organiza\u00e7\u00e3o. \u00c9 o rosto da Igreja, que hoje a vejo alegre, sorridente, promissora. Como \u00e9 bonito ver essa igreja mais cheia. Acho que nem na sexta-feira Santa estava assim. Deus seja louvado!&#8221;, celebrou o frade.<\/p>\n<p>Frei Pedro concluiu que importante \u00e9 &#8220;que n\u00f3s possamos ensinar com o nosso exemplo e do testemunho de vida&#8221;.<\/p>\n<p>Terminada a Missa, as crian\u00e7as sa\u00edram em prociss\u00e3o pelo caminho da via-sacra no entorno da Matriz.<\/p>\n<h3><strong>Leil\u00e3o do Gado \u00e9 virtual na Festa de S\u00e3o Pedro<\/strong><\/h3>\n<p><img loading=\"lazy\" class=\"alignnone size-full wp-image-238849\" src=\"https:\/\/franciscanos.org.br\/noticias\/wp-content\/uploads\/2022\/07\/encerramento_0207.jpg\" alt=\"\" width=\"1280\" height=\"686\" srcset=\"https:\/\/franciscanos.org.br\/noticias\/wp-content\/uploads\/2022\/07\/encerramento_0207.jpg 1280w, https:\/\/franciscanos.org.br\/noticias\/wp-content\/uploads\/2022\/07\/encerramento_0207-450x241.jpg 450w, https:\/\/franciscanos.org.br\/noticias\/wp-content\/uploads\/2022\/07\/encerramento_0207-1024x549.jpg 1024w, https:\/\/franciscanos.org.br\/noticias\/wp-content\/uploads\/2022\/07\/encerramento_0207-768x412.jpg 768w, https:\/\/franciscanos.org.br\/noticias\/wp-content\/uploads\/2022\/07\/encerramento_0207-150x80.jpg 150w\" sizes=\"(max-width: 1280px) 100vw, 1280px\" \/><\/p>\n<p>A Festa de S\u00e3o Pedro Ap\u00f3stolo de Gaspar movimenta quase todos os espa\u00e7os do munic\u00edpio. \u00c9 com o Leil\u00e3o do Gado que a Festa congrega gente de perto e longe da Par\u00f3quia, especialmente do meio rural, e at\u00e9 de outros munic\u00edpios.<\/p>\n<p>Segundo Beto Tonioli, que h\u00e1 29 anos se juntou \u00e0 equipe de leiloeiros da Festa de S\u00e3o Pedro, j\u00e1 \u00e9 uma tradi\u00e7\u00e3o e uma atra\u00e7\u00e3o o leil\u00e3o no encerramento do dia solene do Padroeiro. &#8220;Desde o ano passado come\u00e7amos a fazer a roda de animais no s\u00e1bado que antecede ao grande dia, diminuindo o trabalho no domingo. Isso tem dado bastante certo&#8221;, informa Beto.<\/p>\n<p>Outra mudan\u00e7a que veio por necessidade devido \u00e0 pandemia. Nos outros anos, os animais vinham at\u00e9 o espa\u00e7o da Festa. &#8220;Mas no ano passado, fizemos uma experi\u00eancia de muito sucesso: n\u00e3o trazer os animais para a festa. Com a pandemia, precis\u00e1vamos evitar aglomera\u00e7\u00f5es e a gente fez um leil\u00e3o virtual. O que aconteceu? Filmamos todos os animais e conseguimos vender para toda a regi\u00e3o. O povo dava o lance de casa. Isso foi in\u00e9dito para a regi\u00e3o. Esse ano n\u00e3o vai ser 100% virtual, mas vamos continuar com o virtual. Ou seja, a pessoa de casa que se interessou por um animal, pode fazer um lance&#8221;, explicou.<\/p>\n<p>&#8220;N\u00e3o vamos fazer por telefone, mas quando a TV Gaspar estiver projetando na tela, alguns telefones podem receber o lance por WhatsApp, evitando delay&#8221;, acrescentou.<\/p>\n<p>Segundo ele, para realizar o Leil\u00e3o, o trabalho come\u00e7a bem antes e \u00e9 &#8220;\u00e1rduo&#8221; como disse. Junto com Frei Aldolino Bankhardt, Beto visitou agricultores e empres\u00e1rios de Gaspar para pedir as doa\u00e7\u00f5es de animais. &#8220;A gente tem um cuidado de sempre estar com o frade, que faz uma b\u00ean\u00e7\u00e3o em cada resid\u00eancia que visitamos&#8221;, diz o animador. O Leil\u00e3o do Gado hoje representa uma das maiores receitas da Festa de S\u00e3o Pedro e, a cada ano, mais pessoas participam do arremate ou da doa\u00e7\u00e3o dos animais.<\/p>\n<div id=\"attachment_238850\" style=\"width: 1290px\" class=\"wp-caption alignnone\"><img aria-describedby=\"caption-attachment-238850\" loading=\"lazy\" class=\"wp-image-238850 size-full\" src=\"https:\/\/franciscanos.org.br\/noticias\/wp-content\/uploads\/2022\/07\/encerramento_0207_1.jpg\" alt=\"\" width=\"1280\" height=\"803\" srcset=\"https:\/\/franciscanos.org.br\/noticias\/wp-content\/uploads\/2022\/07\/encerramento_0207_1.jpg 1280w, https:\/\/franciscanos.org.br\/noticias\/wp-content\/uploads\/2022\/07\/encerramento_0207_1-450x282.jpg 450w, https:\/\/franciscanos.org.br\/noticias\/wp-content\/uploads\/2022\/07\/encerramento_0207_1-1024x642.jpg 1024w, https:\/\/franciscanos.org.br\/noticias\/wp-content\/uploads\/2022\/07\/encerramento_0207_1-768x482.jpg 768w, https:\/\/franciscanos.org.br\/noticias\/wp-content\/uploads\/2022\/07\/encerramento_0207_1-150x94.jpg 150w\" sizes=\"(max-width: 1280px) 100vw, 1280px\" \/><p id=\"caption-attachment-238850\" class=\"wp-caption-text\"><em>Beto Tonioli, 29 anos de dedica\u00e7\u00e3o na Festa de S\u00e3o Pedro Ap\u00f3stolo<\/em><\/p><\/div>\n<p>Beto conta que assumiu a anima\u00e7\u00e3o do leil\u00e3o por acaso. &#8220;De certa forma eu j\u00e1 ajudava no CTG (Centro de Tradi\u00e7\u00f5es Ga\u00fachas), e minha participa\u00e7\u00e3o come\u00e7ou porque o radialista que fazia esse leil\u00e3o e que se chamava Carioca, n\u00e3o sei por que raz\u00e3o, n\u00e3o compareceu na Festa e me chamaram para pegar o microfone e fazer esse leil\u00e3o&#8221;, contou. Segundo ele, na \u00e9poca trabalhava em S\u00e3o Paulo e vinha especialmente para animar o leil\u00e3o no dia da Festa. H\u00e1 dez anos, Beto j\u00e1 n\u00e3o mora mais em S\u00e3o Paulo.<\/p>\n<p>Segundo Beto, para se ter ideia, podem contar com cerca de 100 doadores. E s\u00e3o doa\u00e7\u00f5es que variam. &#8220;Tem uma senhora que doou 50 reais. Ent\u00e3o, eu sempre digo: a doa\u00e7\u00e3o \u00e9 sempre bem-vinda, porque eu sei que ela vem de cora\u00e7\u00e3o. Ela vem de uma situa\u00e7\u00e3o de espontaneidade. Ent\u00e3o, isso \u00e9 sensacional. Tem pessoas que fazem doa\u00e7\u00f5es que podem ultrapassar 10 mil&#8221;, adianta.<\/p>\n<p>Para esta Festa, o grupo de leiloeiros conta com 23 bovinos e 14 animais de meio porte, como ovelhas, cabritos e porcos. &#8220;O nosso potencial \u00e9 em torno de 40 rodadas no leil\u00e3o. A gente, por acaso, ganhou alguns m\u00f3veis que ser\u00e3o colocados nas rodas, mas via de regra s\u00e3o animais o foco&#8221;, adiantou. Uma equipe \u00e9 dedicada \u00e0 roda dos animais e outra ao leil\u00e3o.<\/p>\n<p>Neste s\u00e1bado, 2 de junho, doadores e leiloeiros se encontraram para um almo\u00e7o de confraterniza\u00e7\u00e3o.<\/p>\n<hr \/>\n<p><em>Comunica\u00e7\u00e3o da Prov\u00edncia da Imaculada Concei\u00e7\u00e3o e Jo\u00e3o Guilherme Simon<\/em><\/p>\n<p><img loading=\"lazy\" class=\"alignnone size-full wp-image-238851\" src=\"https:\/\/franciscanos.org.br\/noticias\/wp-content\/uploads\/2022\/07\/encerramento_0207_12.jpg\" alt=\"\" width=\"1200\" height=\"1800\" srcset=\"https:\/\/franciscanos.org.br\/noticias\/wp-content\/uploads\/2022\/07\/encerramento_0207_12.jpg 720w, https:\/\/franciscanos.org.br\/noticias\/wp-content\/uploads\/2022\/07\/encerramento_0207_12-300x450.jpg 300w, https:\/\/franciscanos.org.br\/noticias\/wp-content\/uploads\/2022\/07\/encerramento_0207_12-683x1024.jpg 683w, https:\/\/franciscanos.org.br\/noticias\/wp-content\/uploads\/2022\/07\/encerramento_0207_12-768x1152.jpg 768w, https:\/\/franciscanos.org.br\/noticias\/wp-content\/uploads\/2022\/07\/encerramento_0207_12-1024x1536.jpg 1024w, https:\/\/franciscanos.org.br\/noticias\/wp-content\/uploads\/2022\/07\/encerramento_0207_12-150x225.jpg 150w\" sizes=\"(max-width: 1200px) 100vw, 1200px\" \/><\/p>\n","protected":false},"excerpt":{"rendered":"<p>172\u00aa Festa de S\u00e3o Pedro Ap\u00f3stolo de Gaspar<\/p>\n","protected":false},"author":3,"featured_media":238837,"comment_status":"open","ping_status":"open","sticky":false,"template":"","format":"standard","meta":[],"categories":[1],"tags":[2040],"acf":[],"yoast_head":"<!-- This site is optimized with the Yoast SEO plugin v19.2 - https:\/\/yoast.com\/wordpress\/plugins\/seo\/ -->\n<title>Encerramento do Tr\u00edduo: \u201cSe aqui estamos \u00e9 por causa dessa rocha firme\u201d, diz Frei Aldolino - Not\u00edcias - Franciscanos<\/title>\n<meta name=\"robots\" content=\"index, follow, max-snippet:-1, max-image-preview:large, max-video-preview:-1\" \/>\n<link rel=\"canonical\" href=\"https:\/\/franciscanos.org.br\/noticias\/encerramento-do-triduo-se-aqui-estamos-e-por-causa-dessa-rocha-firme-diz-frei-aldolino.html\" \/>\n<meta property=\"og:locale\" content=\"pt_BR\" \/>\n<meta property=\"og:type\" content=\"article\" \/>\n<meta property=\"og:title\" content=\"Encerramento do Tr\u00edduo: \u201cSe aqui estamos \u00e9 por causa dessa rocha firme\u201d, diz Frei Aldolino - Not\u00edcias - Franciscanos\" \/>\n<meta property=\"og:description\" content=\"172\u00aa Festa de S\u00e3o Pedro Ap\u00f3stolo de Gaspar\" \/>\n<meta property=\"og:url\" content=\"https:\/\/franciscanos.org.br\/noticias\/encerramento-do-triduo-se-aqui-estamos-e-por-causa-dessa-rocha-firme-diz-frei-aldolino.html\" \/>\n<meta property=\"og:site_name\" content=\"Not\u00edcias - Franciscanos\" \/>\n<meta property=\"article:published_time\" content=\"2022-07-03T02:10:53+00:00\" \/>\n<meta property=\"article:modified_time\" content=\"2023-01-03T16:36:15+00:00\" \/>\n<meta property=\"og:image\" content=\"https:\/\/franciscanos.org.br\/noticias\/wp-content\/uploads\/2022\/07\/encerramento_0207_4.jpg\" \/>\n\t<meta property=\"og:image:width\" content=\"1280\" \/>\n\t<meta property=\"og:image:height\" content=\"720\" \/>\n\t<meta property=\"og:image:type\" content=\"image\/jpeg\" \/>\n<meta name=\"author\" content=\"moacir\" \/>\n<meta name=\"twitter:card\" content=\"summary_large_image\" \/>\n<meta name=\"twitter:label1\" content=\"Escrito por\" \/>\n\t<meta name=\"twitter:data1\" content=\"moacir\" \/>\n\t<meta name=\"twitter:label2\" content=\"Est. tempo de leitura\" \/>\n\t<meta name=\"twitter:data2\" content=\"10 minutos\" \/>\n<script type=\"application\/ld+json\" class=\"yoast-schema-graph\">{\"@context\":\"https:\/\/schema.org\",\"@graph\":[{\"@type\":\"WebSite\",\"@id\":\"https:\/\/franciscanos.org.br\/noticias\/#website\",\"url\":\"https:\/\/franciscanos.org.br\/noticias\/\",\"name\":\"Not\u00edcias - Franciscanos\",\"description\":\"Prov\u00edncia Franciscana da Imaculada Concei\u00e7\u00e3o do Brasil - Ordem dos Frades Menores - OFM\",\"potentialAction\":[{\"@type\":\"SearchAction\",\"target\":{\"@type\":\"EntryPoint\",\"urlTemplate\":\"https:\/\/franciscanos.org.br\/noticias\/?s={search_term_string}\"},\"query-input\":\"required name=search_term_string\"}],\"inLanguage\":\"pt-BR\"},{\"@type\":\"ImageObject\",\"inLanguage\":\"pt-BR\",\"@id\":\"https:\/\/franciscanos.org.br\/noticias\/encerramento-do-triduo-se-aqui-estamos-e-por-causa-dessa-rocha-firme-diz-frei-aldolino.html#primaryimage\",\"url\":\"https:\/\/franciscanos.org.br\/noticias\/wp-content\/uploads\/2022\/07\/encerramento_0207_4.jpg\",\"contentUrl\":\"https:\/\/franciscanos.org.br\/noticias\/wp-content\/uploads\/2022\/07\/encerramento_0207_4.jpg\",\"width\":1280,\"height\":720},{\"@type\":\"WebPage\",\"@id\":\"https:\/\/franciscanos.org.br\/noticias\/encerramento-do-triduo-se-aqui-estamos-e-por-causa-dessa-rocha-firme-diz-frei-aldolino.html#webpage\",\"url\":\"https:\/\/franciscanos.org.br\/noticias\/encerramento-do-triduo-se-aqui-estamos-e-por-causa-dessa-rocha-firme-diz-frei-aldolino.html\",\"name\":\"Encerramento do Tr\u00edduo: \u201cSe aqui estamos \u00e9 por causa dessa rocha firme\u201d, diz Frei Aldolino - Not\u00edcias - Franciscanos\",\"isPartOf\":{\"@id\":\"https:\/\/franciscanos.org.br\/noticias\/#website\"},\"primaryImageOfPage\":{\"@id\":\"https:\/\/franciscanos.org.br\/noticias\/encerramento-do-triduo-se-aqui-estamos-e-por-causa-dessa-rocha-firme-diz-frei-aldolino.html#primaryimage\"},\"datePublished\":\"2022-07-03T02:10:53+00:00\",\"dateModified\":\"2023-01-03T16:36:15+00:00\",\"author\":{\"@id\":\"https:\/\/franciscanos.org.br\/noticias\/#\/schema\/person\/b5c8cba458c330ccff548b056e95a5d4\"},\"breadcrumb\":{\"@id\":\"https:\/\/franciscanos.org.br\/noticias\/encerramento-do-triduo-se-aqui-estamos-e-por-causa-dessa-rocha-firme-diz-frei-aldolino.html#breadcrumb\"},\"inLanguage\":\"pt-BR\",\"potentialAction\":[{\"@type\":\"ReadAction\",\"target\":[\"https:\/\/franciscanos.org.br\/noticias\/encerramento-do-triduo-se-aqui-estamos-e-por-causa-dessa-rocha-firme-diz-frei-aldolino.html\"]}]},{\"@type\":\"BreadcrumbList\",\"@id\":\"https:\/\/franciscanos.org.br\/noticias\/encerramento-do-triduo-se-aqui-estamos-e-por-causa-dessa-rocha-firme-diz-frei-aldolino.html#breadcrumb\",\"itemListElement\":[{\"@type\":\"ListItem\",\"position\":1,\"name\":\"Home\",\"item\":\"https:\/\/franciscanos.org.br\/noticias\"},{\"@type\":\"ListItem\",\"position\":2,\"name\":\"Encerramento do Tr\u00edduo: \u201cSe aqui estamos \u00e9 por causa dessa rocha firme\u201d, diz Frei Aldolino\"}]},{\"@type\":\"Person\",\"@id\":\"https:\/\/franciscanos.org.br\/noticias\/#\/schema\/person\/b5c8cba458c330ccff548b056e95a5d4\",\"name\":\"moacir\",\"image\":{\"@type\":\"ImageObject\",\"inLanguage\":\"pt-BR\",\"@id\":\"https:\/\/franciscanos.org.br\/noticias\/#\/schema\/person\/image\/\",\"url\":\"https:\/\/secure.gravatar.com\/avatar\/d08aa2ce4c8dd416d4479aa8536fcf64?s=96&d=mm&r=g\",\"contentUrl\":\"https:\/\/secure.gravatar.com\/avatar\/d08aa2ce4c8dd416d4479aa8536fcf64?s=96&d=mm&r=g\",\"caption\":\"moacir\"},\"url\":\"https:\/\/franciscanos.org.br\/noticias\/author\/moacir\"}]}<\/script>\n<!-- \/ Yoast SEO plugin. -->","yoast_head_json":{"title":"Encerramento do Tr\u00edduo: \u201cSe aqui estamos \u00e9 por causa dessa rocha firme\u201d, diz Frei Aldolino - Not\u00edcias - Franciscanos","robots":{"index":"index","follow":"follow","max-snippet":"max-snippet:-1","max-image-preview":"max-image-preview:large","max-video-preview":"max-video-preview:-1"},"canonical":"https:\/\/franciscanos.org.br\/noticias\/encerramento-do-triduo-se-aqui-estamos-e-por-causa-dessa-rocha-firme-diz-frei-aldolino.html","og_locale":"pt_BR","og_type":"article","og_title":"Encerramento do Tr\u00edduo: \u201cSe aqui estamos \u00e9 por causa dessa rocha firme\u201d, diz Frei Aldolino - Not\u00edcias - Franciscanos","og_description":"172\u00aa Festa de S\u00e3o Pedro Ap\u00f3stolo de Gaspar","og_url":"https:\/\/franciscanos.org.br\/noticias\/encerramento-do-triduo-se-aqui-estamos-e-por-causa-dessa-rocha-firme-diz-frei-aldolino.html","og_site_name":"Not\u00edcias - Franciscanos","article_published_time":"2022-07-03T02:10:53+00:00","article_modified_time":"2023-01-03T16:36:15+00:00","og_image":[{"width":1280,"height":720,"url":"https:\/\/franciscanos.org.br\/noticias\/wp-content\/uploads\/2022\/07\/encerramento_0207_4.jpg","type":"image\/jpeg"}],"author":"moacir","twitter_card":"summary_large_image","twitter_misc":{"Escrito por":"moacir","Est. tempo de leitura":"10 minutos"},"schema":{"@context":"https:\/\/schema.org","@graph":[{"@type":"WebSite","@id":"https:\/\/franciscanos.org.br\/noticias\/#website","url":"https:\/\/franciscanos.org.br\/noticias\/","name":"Not\u00edcias - Franciscanos","description":"Prov\u00edncia Franciscana da Imaculada Concei\u00e7\u00e3o do Brasil - Ordem dos Frades Menores - OFM","potentialAction":[{"@type":"SearchAction","target":{"@type":"EntryPoint","urlTemplate":"https:\/\/franciscanos.org.br\/noticias\/?s={search_term_string}"},"query-input":"required name=search_term_string"}],"inLanguage":"pt-BR"},{"@type":"ImageObject","inLanguage":"pt-BR","@id":"https:\/\/franciscanos.org.br\/noticias\/encerramento-do-triduo-se-aqui-estamos-e-por-causa-dessa-rocha-firme-diz-frei-aldolino.html#primaryimage","url":"https:\/\/franciscanos.org.br\/noticias\/wp-content\/uploads\/2022\/07\/encerramento_0207_4.jpg","contentUrl":"https:\/\/franciscanos.org.br\/noticias\/wp-content\/uploads\/2022\/07\/encerramento_0207_4.jpg","width":1280,"height":720},{"@type":"WebPage","@id":"https:\/\/franciscanos.org.br\/noticias\/encerramento-do-triduo-se-aqui-estamos-e-por-causa-dessa-rocha-firme-diz-frei-aldolino.html#webpage","url":"https:\/\/franciscanos.org.br\/noticias\/encerramento-do-triduo-se-aqui-estamos-e-por-causa-dessa-rocha-firme-diz-frei-aldolino.html","name":"Encerramento do Tr\u00edduo: \u201cSe aqui estamos \u00e9 por causa dessa rocha firme\u201d, diz Frei Aldolino - Not\u00edcias - Franciscanos","isPartOf":{"@id":"https:\/\/franciscanos.org.br\/noticias\/#website"},"primaryImageOfPage":{"@id":"https:\/\/franciscanos.org.br\/noticias\/encerramento-do-triduo-se-aqui-estamos-e-por-causa-dessa-rocha-firme-diz-frei-aldolino.html#primaryimage"},"datePublished":"2022-07-03T02:10:53+00:00","dateModified":"2023-01-03T16:36:15+00:00","author":{"@id":"https:\/\/franciscanos.org.br\/noticias\/#\/schema\/person\/b5c8cba458c330ccff548b056e95a5d4"},"breadcrumb":{"@id":"https:\/\/franciscanos.org.br\/noticias\/encerramento-do-triduo-se-aqui-estamos-e-por-causa-dessa-rocha-firme-diz-frei-aldolino.html#breadcrumb"},"inLanguage":"pt-BR","potentialAction":[{"@type":"ReadAction","target":["https:\/\/franciscanos.org.br\/noticias\/encerramento-do-triduo-se-aqui-estamos-e-por-causa-dessa-rocha-firme-diz-frei-aldolino.html"]}]},{"@type":"BreadcrumbList","@id":"https:\/\/franciscanos.org.br\/noticias\/encerramento-do-triduo-se-aqui-estamos-e-por-causa-dessa-rocha-firme-diz-frei-aldolino.html#breadcrumb","itemListElement":[{"@type":"ListItem","position":1,"name":"Home","item":"https:\/\/franciscanos.org.br\/noticias"},{"@type":"ListItem","position":2,"name":"Encerramento do Tr\u00edduo: \u201cSe aqui estamos \u00e9 por causa dessa rocha firme\u201d, diz Frei Aldolino"}]},{"@type":"Person","@id":"https:\/\/franciscanos.org.br\/noticias\/#\/schema\/person\/b5c8cba458c330ccff548b056e95a5d4","name":"moacir","image":{"@type":"ImageObject","inLanguage":"pt-BR","@id":"https:\/\/franciscanos.org.br\/noticias\/#\/schema\/person\/image\/","url":"https:\/\/secure.gravatar.com\/avatar\/d08aa2ce4c8dd416d4479aa8536fcf64?s=96&d=mm&r=g","contentUrl":"https:\/\/secure.gravatar.com\/avatar\/d08aa2ce4c8dd416d4479aa8536fcf64?s=96&d=mm&r=g","caption":"moacir"},"url":"https:\/\/franciscanos.org.br\/noticias\/author\/moacir"}]}},"_links":{"self":[{"href":"https:\/\/franciscanos.org.br\/noticias\/wp-json\/wp\/v2\/posts\/238836"}],"collection":[{"href":"https:\/\/franciscanos.org.br\/noticias\/wp-json\/wp\/v2\/posts"}],"about":[{"href":"https:\/\/franciscanos.org.br\/noticias\/wp-json\/wp\/v2\/types\/post"}],"author":[{"embeddable":true,"href":"https:\/\/franciscanos.org.br\/noticias\/wp-json\/wp\/v2\/users\/3"}],"replies":[{"embeddable":true,"href":"https:\/\/franciscanos.org.br\/noticias\/wp-json\/wp\/v2\/comments?post=238836"}],"version-history":[{"count":2,"href":"https:\/\/franciscanos.org.br\/noticias\/wp-json\/wp\/v2\/posts\/238836\/revisions"}],"predecessor-version":[{"id":241496,"href":"https:\/\/franciscanos.org.br\/noticias\/wp-json\/wp\/v2\/posts\/238836\/revisions\/241496"}],"wp:featuredmedia":[{"embeddable":true,"href":"https:\/\/franciscanos.org.br\/noticias\/wp-json\/wp\/v2\/media\/238837"}],"wp:attachment":[{"href":"https:\/\/franciscanos.org.br\/noticias\/wp-json\/wp\/v2\/media?parent=238836"}],"wp:term":[{"taxonomy":"category","embeddable":true,"href":"https:\/\/franciscanos.org.br\/noticias\/wp-json\/wp\/v2\/categories?post=238836"},{"taxonomy":"post_tag","embeddable":true,"href":"https:\/\/franciscanos.org.br\/noticias\/wp-json\/wp\/v2\/tags?post=238836"}],"curies":[{"name":"wp","href":"https:\/\/api.w.org\/{rel}","templated":true}]}}